{"id":633070,"date":"2019-03-25T17:51:00","date_gmt":"2019-03-25T15:51:00","guid":{"rendered":"http:\/\/devrri.freshlemon.ro\/aktuell\/nachrichten-25-03-2019-id633070.html"},"modified":"2019-03-25T17:51:00","modified_gmt":"2019-03-25T15:51:00","slug":"nachrichten-25-03-2019","status":"publish","type":"post","link":"https:\/\/www.rri.ro\/de\/aktuell\/newsflash-de\/nachrichten-25-03-2019-id633070.html","title":{"rendered":"Nachrichten 25.03.2019"},"content":{"rendered":"<p><strong>Bukarest:<\/strong> K\u00f6nig Abdullah II. von Jordanien hat seinen dreit\u00e4gigen Besuch in Rum\u00e4nien abgesagt. Der Besuch h\u00e4tte am Montag beginnen sollen. Die Entscheidung wurde getroffen, nachdem die rum\u00e4nische Premierministerin Viorica Dancila angek\u00fcndigt hatte, dass Rum\u00e4nien seine Botschaft in Israel von Tel Aviv nach Jerusalem verlegen werde. Pr\u00e4sident Klaus Iohannis hat erkl\u00e4rt, dass der Umzug erst nach Abschluss der derzeit durchgef\u00fchrten und noch nicht dem Pr\u00e4sidenten vorgelegten Analyse erfolgen werde. Die endg\u00fcltige Entscheidung liegt beim Pr\u00e4sidenten des Landes, der gem\u00e4\u00df der Verfassung derjenige ist, der die au\u00dfenpolitischen Entscheidungen Rum\u00e4niens trifft und Vertreter Rum\u00e4niens im Ausland ist, so eine Pressemitteilung des Pr\u00e4sidialamtes. Viorica Dancila k\u00fcndigte in Washington an, die rum\u00e4nische Botschaft in Israel werde von Tel Aviv nach Jerusalem verlegt. Beim Amerikanischen Israelischen Komitee f\u00fcr \u00f6ffentliche Angelegenheiten erkl\u00e4rte die rum\u00e4nische Premierministerin auch, dass ein Gesetz ausgearbeitet werde, das die rum\u00e4nische Staatsb\u00fcrgerschaft f\u00fcr Juden, die das Land w\u00e4hrend des kommunistischen Regimes verlassen hatten, und Renten f\u00fcr \u00dcberlebende des Holocaust vorsieht. Der israelische Premierminister Benjamin Netanyahu hat Frau Dancila f\u00fcr die Aussage gratuliert. Der Generalsekret\u00e4r der Pal\u00e4stinensischen Befreiungsorganisation Saeb Erekat hat dagegen die rum\u00e4nische Regierungschefin kritisiert und die EU aufgefordert, Ma\u00dfnahmen zu ergreifen. Im Oktober 2018 sandte das rum\u00e4nische Au\u00dfenministerium eine Analyse der Auswirkungen des Umzugs der rum\u00e4nischen Botschaft von Tel Aviv nach Jerusalem. Die Idee wurde Ende 2017 vom Vorsitzenden der Sozialdemokratischen Partei PSD Liviu Dragnea ins Leben gerufen. Als Antwort darauf rief die Pal\u00e4stinensische Autonomiebeh\u00f6rde ihren Botschafter in Bukarest vor\u00fcbergehend zur\u00fcck.<\/p>\n<p><\/p>\n<\/p>\n<p><strong class=cms-bold><br \/><\/strong><\/p>\n<p><strong class=cms-bold>Bukarest:<\/strong> Der&#13;<br \/>\napostolische Besuch von Papst Franziskus in Rum\u00e4nien findet zwischen dem 31.&#13;<br \/>\nMai und dem 2. Juni in Bukarest, Sumuleu Ciuc (Zentrum), Iasi (Nordosten) und&#13;<br \/>\nBlaj (Zentrum) statt, so die Pr\u00e4sidialverwaltung am Montag. Laut der zitierten&#13;<br \/>\nQuelle werden Pr\u00e4sident Klaus Iohannis und Papst Franziskus am 31. Mai&#13;<br \/>\nzusammenkommen. Geplant sind weitere Treffen mit den Vertretern  verschiedener Beh\u00f6rden, der Zivilgesellschaft&#13;<br \/>\nund des diplomatischen Korps. Am 31. Mai wird der Papst ein privates Treffen&#13;<br \/>\nmit dem Patriarchen der Rum\u00e4nischen Orthodoxen Kirche Daniel im&#13;<br \/>\nPatriarchalpalast haben. Der Staatsbesuch von Papst Franziskus findet auf&#13;<br \/>\nEinladung des Pr\u00e4sidenten Klaus Iohannis statt. Der Staatschef hat diese&#13;<br \/>\nEinladung im Mai 2015 anl\u00e4sslich des 25. Jahrestages der Wiederaufnahme der&#13;<br \/>\ndiplomatischen Beziehungen zwischen Rum\u00e4nien und dem Heiligen Stuhl zum ersten&#13;<br \/>\nMal eingereicht und in einem Brief, der im M\u00e4rz 2017 an Seine Heiligkeit&#13;<br \/>\ngesandt wurde, erneuert. Dies ist der zweite der Besuch eines Papstes in&#13;<br \/>\nRum\u00e4nien, einem mehrheitlich orthodoxen Land, nach jenem von Papst Johannes&#13;<br \/>\nPaul II. im Jahr 1999.<\/p>\n<p><\/p>\n<p>&#13;<br \/>\n&#13;<\/p>\n<p>&#13;<br \/>\n&#13;<\/p>\n<p><strong>Bukarest:<\/strong> Das nationale Exekutivkomitee der regierenden Sozialdemokratischen Partei ist am Montag in Bukarest zusammengetreten, um die Liste der Kandidaten f\u00fcr die Europawahlen vom 26. Mai festzulegen. Die Ministerin f\u00fcr europ\u00e4ische F\u00f6rdermittel Rovana Plumb er\u00f6ffnet die Liste der PSD-Kandidaten, gefolgt von der Journalistin Carmen Avram und dem Vizepr\u00e4sidenten des Senats Claudiu Manda. Einer k\u00fcrzlich durchgef\u00fchrten Umfrage zufolge liegen die PSD und PNL (rechtsgerichtet, in der Opposition) mit 26,9% bzw. 26,3% nahe. Es folgen die Allianz 2020 USR-PLUS (in der Opposition) mit 15,3%, ALDE mit 9,3% und Pro Romania (gebildet aus PSD-Dissidenten) mit 9,1%. Der Demokratische Ungarnverband UDMR w\u00fcrde mit 5% die Wahlschwelle \u00fcberschreiten.<\/p>\n<p>&#13;<br \/>\n&#13;<\/p>\n<p>&#13;<br \/>\n&#13;<\/p>\n<p><strong>Bukarest:<\/strong> Verkehrsminister und Staatssekret\u00e4re aus den EU-Mitgliedstaaten werden vom 26. bis 27. M\u00e4rz am informellen Treffen der Verkehrsminister in Bukarest im Rahmen der rum\u00e4nischen Pr\u00e4sidentschaft des EU-Rates teilnehmen. Die Teilnehmer werden unter anderem Themen diskutieren, die sich auf die Zukunft der Mobilit\u00e4t in der Europ\u00e4ischen Union und die St\u00e4rkung von Konnektivit\u00e4t und Zusammenhalt durch das TEN-T-Netzwerk beziehen. Laut einer Mitteilung der Verantstalter tr\u00e4gt die Verwirklichung eines transeurop\u00e4ischen Netzes mit umfassenden und vernetzten Verkehrsverbindungen zur St\u00e4rkung des territorialen Zusammenhalts, der Erreichbarkeit und der Anbindung aller Regionen der Union, einschlie\u00dflich der Randregionen, bei, was die Investitionen anregt und Entwicklungsl\u00fccken verringert.<\/p>\n<p><\/p>\n<\/p>\n<p><strong class=cms-bold>Bukarest:<\/strong> <span>Die EU-Kommissarin f\u00fcr regionale Entwicklung Corina&#13;<br \/>\nCre\u0163u hat auf einer vom Europ\u00e4ischen Ausschuss der Regionen am Montag in&#13;<br \/>\nKlausenburg organisierten Konferenz erkl\u00e4rt, dass Europa mehr Koh\u00e4sion brauche,&#13;<br \/>\nweil die EU-Regionen vor unterschiedlichen Herausforderungen stehen, die die&#13;<br \/>\nGesellschaft bestimmen werden. Sie wies darauf hin, dass Klimawandel,&#13;<br \/>\nGlobalisierung, Migration, Automatisierung und digitale Technologien&#13;<br \/>\nunterschiedliche Auswirkungen auf die Industrieregionen und -sektoren der EU&#13;<br \/>\nhaben. W\u00e4hrend einige Regionen und Unternehmen besser an Ver\u00e4nderungen&#13;<br \/>\nangepasst sind, haben andere Schwierigkeiten und Probleme. Die EU-Kommissarin&#13;<br \/>\nf\u00fcgte hinzu, Rum\u00e4nien habe Mittel in H\u00f6he von 30 Mrd. EUR aus dem&#13;<br \/>\nGemeinschaftshaushalt erhalten. Die H\u00e4lfte der \u00f6ffentlichen Investitionen, die&#13;<br \/>\nin den letzten 12 Jahren im Land erzielt wurden, wurde von der EU kofinanziert,&#13;<br \/>\nsagte Corina Cretu.<\/span><\/p>\n<p><\/p>\n<p>&#13;<br \/>\n&#13;<\/p>\n<p> <strong style=font-size: 1em;>Bukarest:<\/strong><span style=font-size: 1em;> Der Verband der rum\u00e4nischen Transporteure (FORT) k\u00fcndigte in einer Erkl\u00e4rung an, dass er am Mittwoch, dem 27. M\u00e4rz, in Stra\u00dfburg gegen das Mobilit\u00e4tspaket 1 zusammen mit anderen Arbeitgeberverb\u00e4nden aus Rum\u00e4nien und den \u00f6stlichen L\u00e4ndern protestieren wird. Die F\u00f6deration widersetzt sich unter anderem der R\u00fcckkehr der Fahrer zu Hause mindestens alle vier Wochen oder nach drei Wochen, wenn der Fahrer zwei reduzierte w\u00f6chentliche Pausen einlegt. FORT bittet auch um eine Neubewertung der normalen w\u00f6chentlichen Ruhezeit im F\u00fchrerhaus, und \u00e4u\u00dferte sich gegen die Anwendung der Entsendungsregeln f\u00fcr den Stra\u00dfentransport.<\/span><\/p>\n<p>&#13;<br \/>\n&#13;<\/p>\n<p>&#13;<br \/>\n&#13;<\/p>\n<p><strong>Washington:<\/strong> Der von US-Sonderermittler Robert Mueller vorgelegte Abschlussbericht enth\u00e4lt laut Justizministerium keine Beweise f\u00fcr eine Verschw\u00f6rung zwischen Donald Trumps Wahlkampfteam und Russland. Wie aus einer vierseitigen Zusammenfassung des Berichts an den Kongress weiter hervorgeht, wird Trump allerdings vom Vorwurf der Justizbehinderung nicht entlastet \u2013 aber der Vorwurf wird durch den Bericht auch nicht erh\u00e4rtet. In einer ersten Reaktion erkl\u00e4rte sich Pr\u00e4sident Trump f\u00fcr vollst\u00e4ndig entlastet. Die Demokraten bestehen auf der Ver\u00f6ffentlichung des gesamten Berichts von Mueller.<\/p>\n<p>&#13;<br \/>\n&#13;<\/p>\n<p>&#13;<br \/>\n&#13;<\/p>\n<p><strong>Wetter:<\/strong> In Rum\u00e4nien ist das Wetter sch\u00f6n und w\u00e4rmer als \u00fcblich f\u00fcr diese Jahreszeit, wird aber langsam instabil. Es regnet im Norden, Westen und Zentrum des Landes. Die Tagesh\u00f6chstwerte liegen zwischen 10 und 25 Grad Celsius. Am Mittag wurden in Bukarest 19 Grad gemessen.<\/p>\n<p>&#13;<\/p>\n","protected":false},"excerpt":{"rendered":"<p>Bukarest: K\u00f6nig Abdullah II. von Jordanien hat seinen dreit\u00e4gigen Besuch in Rum\u00e4nien abgesagt. Der Besuch h\u00e4tte am Montag beginnen sollen. Die Entscheidung wurde getroffen, nachdem die rum\u00e4nische Premierministerin Viorica Dancila angek\u00fcndigt hatte, dass Rum\u00e4nien seine Botschaft in Israel von Tel Aviv nach Jerusalem verlegen werde. Pr\u00e4sident Klaus Iohannis hat erkl\u00e4rt, dass der Umzug erst nach [&hellip;]<\/p>\n","protected":false},"author":113,"featured_media":460330,"comment_status":"closed","ping_status":"closed","sticky":false,"template":"","format":"standard","meta":{"_acf_changed":false,"footnotes":""},"categories":[116753],"tags":[31338,126867,29522,126866,126868,126864,104631,143777,102143,126865,104212,143776,149921,126869,101806],"coauthors":[],"class_list":["post-633070","post","type-post","status-publish","format-standard","has-post-thumbnail","hentry","category-newsflash-de","tag-alde","tag-allianz-2020-usr-plus","tag-corina-cretu","tag-generalsekretaer-der-palaestinensischen-befreiungsorganisation-saeb-erekat","tag-informellen-treffen-der-verkehrsminister","tag-koenig-abdullah-ii-von-jordanien","tag-papst","tag-pnl-de","tag-praesident-klaus-iohannis","tag-premierminister-benjamin-netanyahu","tag-premierministerin-viorica-dancila","tag-psd-de","tag-udmr-de","tag-verband-der-rumaenischen-transporteure-fort","tag-wetter"],"acf":[],"yoast_head":"<!-- This site is optimized with the Yoast SEO plugin v27.3 - https:\/\/yoast.com\/product\/yoast-seo-wordpress\/ -->\n<title>Nachrichten 25.03.2019 - Radio Rum\u00e4nien International<\/title>\n<meta name=\"robots\" content=\"index, follow, max-snippet:-1, max-image-preview:large, max-video-preview:-1\" \/>\n<link rel=\"canonical\" href=\"https:\/\/www.rri.ro\/de\/aktuell\/newsflash-de\/nachrichten-25-03-2019-id633070.html\" \/>\n<meta property=\"og:locale\" content=\"de_DE\" \/>\n<meta property=\"og:type\" content=\"article\" \/>\n<meta property=\"og:title\" content=\"Nachrichten 25.03.2019 - Radio Rum\u00e4nien International\" \/>\n<meta property=\"og:description\" content=\"Bukarest: K\u00f6nig Abdullah II. von Jordanien hat seinen dreit\u00e4gigen Besuch in Rum\u00e4nien abgesagt. Der Besuch h\u00e4tte am Montag beginnen sollen. Die Entscheidung wurde getroffen, nachdem die rum\u00e4nische Premierministerin Viorica Dancila angek\u00fcndigt hatte, dass Rum\u00e4nien seine Botschaft in Israel von Tel Aviv nach Jerusalem verlegen werde. Pr\u00e4sident Klaus Iohannis hat erkl\u00e4rt, dass der Umzug erst nach [&hellip;]\" \/>\n<meta property=\"og:url\" content=\"https:\/\/www.rri.ro\/de\/aktuell\/newsflash-de\/nachrichten-25-03-2019-id633070.html\" \/>\n<meta property=\"og:site_name\" content=\"Radio Rum\u00e4nien International\" \/>\n<meta property=\"article:published_time\" content=\"2019-03-25T15:51:00+00:00\" \/>\n<meta property=\"og:image\" content=\"https:\/\/www.rri.ro\/wp-content\/uploads\/2023\/10\/stiri-germana-ok2-2.png\" \/>\n\t<meta property=\"og:image:width\" content=\"640\" \/>\n\t<meta property=\"og:image:height\" content=\"427\" \/>\n\t<meta property=\"og:image:type\" content=\"image\/png\" \/>\n<meta name=\"author\" content=\"Newsroom\" \/>\n<meta name=\"twitter:card\" content=\"summary_large_image\" \/>\n<meta name=\"twitter:label1\" content=\"Verfasst von\" \/>\n\t<meta name=\"twitter:data1\" content=\"Newsroom\" \/>\n\t<meta name=\"twitter:label2\" content=\"Gesch\u00e4tzte Lesezeit\" \/>\n\t<meta name=\"twitter:data2\" content=\"5\u00a0Minuten\" \/>\n\t<meta name=\"twitter:label3\" content=\"Written by\" \/>\n\t<meta name=\"twitter:data3\" content=\"Newsroom\" \/>\n<script type=\"application\/ld+json\" class=\"yoast-schema-graph\">{\"@context\":\"https:\\\/\\\/schema.org\",\"@graph\":[{\"@type\":\"Article\",\"@id\":\"https:\\\/\\\/www.rri.ro\\\/de\\\/aktuell\\\/newsflash-de\\\/nachrichten-25-03-2019-id633070.html#article\",\"isPartOf\":{\"@id\":\"https:\\\/\\\/www.rri.ro\\\/de\\\/aktuell\\\/newsflash-de\\\/nachrichten-25-03-2019-id633070.html\"},\"author\":{\"name\":\"Newsroom\",\"@id\":\"https:\\\/\\\/www.rri.ro\\\/#\\\/schema\\\/person\\\/4a479940371b9fdefd194f561e8a7f88\"},\"headline\":\"Nachrichten 25.03.2019\",\"datePublished\":\"2019-03-25T15:51:00+00:00\",\"mainEntityOfPage\":{\"@id\":\"https:\\\/\\\/www.rri.ro\\\/de\\\/aktuell\\\/newsflash-de\\\/nachrichten-25-03-2019-id633070.html\"},\"wordCount\":1011,\"image\":{\"@id\":\"https:\\\/\\\/www.rri.ro\\\/de\\\/aktuell\\\/newsflash-de\\\/nachrichten-25-03-2019-id633070.html#primaryimage\"},\"thumbnailUrl\":\"https:\\\/\\\/www.rri.ro\\\/wp-content\\\/uploads\\\/2023\\\/10\\\/stiri-germana-ok2-2.png\",\"keywords\":[\"ALDE\",\"Allianz 2020 USR-PLUS\",\"Corina Cretu\",\"Generalsekret\u00e4r der Pal\u00e4stinensischen Befreiungsorganisation Saeb Erekat\",\"informellen Treffen der Verkehrsminister\",\"K\u00f6nig Abdullah II. von Jordanien\",\"Papst\",\"PNL\",\"Pr\u00e4sident Klaus Iohannis\",\"Premierminister Benjamin Netanyahu\",\"Premierministerin Viorica D\u0103ncil\u0103\",\"PSD\",\"UDMR\",\"Verband der rum\u00e4nischen Transporteure (FORT)\",\"Wetter\"],\"articleSection\":[\"Newsflash\"],\"inLanguage\":\"de\"},{\"@type\":\"WebPage\",\"@id\":\"https:\\\/\\\/www.rri.ro\\\/de\\\/aktuell\\\/newsflash-de\\\/nachrichten-25-03-2019-id633070.html\",\"url\":\"https:\\\/\\\/www.rri.ro\\\/de\\\/aktuell\\\/newsflash-de\\\/nachrichten-25-03-2019-id633070.html\",\"name\":\"Nachrichten 25.03.2019 - Radio Rum\u00e4nien International\",\"isPartOf\":{\"@id\":\"https:\\\/\\\/www.rri.ro\\\/#website\"},\"primaryImageOfPage\":{\"@id\":\"https:\\\/\\\/www.rri.ro\\\/de\\\/aktuell\\\/newsflash-de\\\/nachrichten-25-03-2019-id633070.html#primaryimage\"},\"image\":{\"@id\":\"https:\\\/\\\/www.rri.ro\\\/de\\\/aktuell\\\/newsflash-de\\\/nachrichten-25-03-2019-id633070.html#primaryimage\"},\"thumbnailUrl\":\"https:\\\/\\\/www.rri.ro\\\/wp-content\\\/uploads\\\/2023\\\/10\\\/stiri-germana-ok2-2.png\",\"datePublished\":\"2019-03-25T15:51:00+00:00\",\"author\":{\"@id\":\"https:\\\/\\\/www.rri.ro\\\/#\\\/schema\\\/person\\\/4a479940371b9fdefd194f561e8a7f88\"},\"breadcrumb\":{\"@id\":\"https:\\\/\\\/www.rri.ro\\\/de\\\/aktuell\\\/newsflash-de\\\/nachrichten-25-03-2019-id633070.html#breadcrumb\"},\"inLanguage\":\"de\",\"potentialAction\":[{\"@type\":\"ReadAction\",\"target\":[\"https:\\\/\\\/www.rri.ro\\\/de\\\/aktuell\\\/newsflash-de\\\/nachrichten-25-03-2019-id633070.html\"]}]},{\"@type\":\"ImageObject\",\"inLanguage\":\"de\",\"@id\":\"https:\\\/\\\/www.rri.ro\\\/de\\\/aktuell\\\/newsflash-de\\\/nachrichten-25-03-2019-id633070.html#primaryimage\",\"url\":\"https:\\\/\\\/www.rri.ro\\\/wp-content\\\/uploads\\\/2023\\\/10\\\/stiri-germana-ok2-2.png\",\"contentUrl\":\"https:\\\/\\\/www.rri.ro\\\/wp-content\\\/uploads\\\/2023\\\/10\\\/stiri-germana-ok2-2.png\",\"width\":640,\"height\":427},{\"@type\":\"BreadcrumbList\",\"@id\":\"https:\\\/\\\/www.rri.ro\\\/de\\\/aktuell\\\/newsflash-de\\\/nachrichten-25-03-2019-id633070.html#breadcrumb\",\"itemListElement\":[{\"@type\":\"ListItem\",\"position\":1,\"name\":\"Startseite\",\"item\":\"https:\\\/\\\/www.rri.ro\\\/de\"},{\"@type\":\"ListItem\",\"position\":2,\"name\":\"Aktuell\",\"item\":\"https:\\\/\\\/www.rri.ro\\\/de\\\/aktuell\"},{\"@type\":\"ListItem\",\"position\":3,\"name\":\"Newsflash\",\"item\":\"https:\\\/\\\/www.rri.ro\\\/de\\\/aktuell\\\/newsflash-de\"},{\"@type\":\"ListItem\",\"position\":4,\"name\":\"Nachrichten 25.03.2019\"}]},{\"@type\":\"WebSite\",\"@id\":\"https:\\\/\\\/www.rri.ro\\\/#website\",\"url\":\"https:\\\/\\\/www.rri.ro\\\/\",\"name\":\"Radio Rum\u00e4nien International\",\"description\":\"Totul despre Rom\u00e2nia \u015fi rom\u00e2ni, \u00een 13 limbi\\\/dialecte!\",\"inLanguage\":\"de\"},{\"@type\":\"Person\",\"@id\":\"https:\\\/\\\/www.rri.ro\\\/#\\\/schema\\\/person\\\/4a479940371b9fdefd194f561e8a7f88\",\"name\":\"Newsroom\",\"url\":\"https:\\\/\\\/www.rri.ro\\\/de\\\/author\\\/newsroom\"}]}<\/script>\n<!-- \/ Yoast SEO plugin. -->","yoast_head_json":{"title":"Nachrichten 25.03.2019 - Radio Rum\u00e4nien International","robots":{"index":"index","follow":"follow","max-snippet":"max-snippet:-1","max-image-preview":"max-image-preview:large","max-video-preview":"max-video-preview:-1"},"canonical":"https:\/\/www.rri.ro\/de\/aktuell\/newsflash-de\/nachrichten-25-03-2019-id633070.html","og_locale":"de_DE","og_type":"article","og_title":"Nachrichten 25.03.2019 - Radio Rum\u00e4nien International","og_description":"Bukarest: K\u00f6nig Abdullah II. von Jordanien hat seinen dreit\u00e4gigen Besuch in Rum\u00e4nien abgesagt. Der Besuch h\u00e4tte am Montag beginnen sollen. Die Entscheidung wurde getroffen, nachdem die rum\u00e4nische Premierministerin Viorica Dancila angek\u00fcndigt hatte, dass Rum\u00e4nien seine Botschaft in Israel von Tel Aviv nach Jerusalem verlegen werde. Pr\u00e4sident Klaus Iohannis hat erkl\u00e4rt, dass der Umzug erst nach [&hellip;]","og_url":"https:\/\/www.rri.ro\/de\/aktuell\/newsflash-de\/nachrichten-25-03-2019-id633070.html","og_site_name":"Radio Rum\u00e4nien International","article_published_time":"2019-03-25T15:51:00+00:00","og_image":[{"width":640,"height":427,"url":"https:\/\/www.rri.ro\/wp-content\/uploads\/2023\/10\/stiri-germana-ok2-2.png","type":"image\/png"}],"author":"Newsroom","twitter_card":"summary_large_image","twitter_misc":{"Verfasst von":"Newsroom","Gesch\u00e4tzte Lesezeit":"5\u00a0Minuten","Written by":"Newsroom"},"schema":{"@context":"https:\/\/schema.org","@graph":[{"@type":"Article","@id":"https:\/\/www.rri.ro\/de\/aktuell\/newsflash-de\/nachrichten-25-03-2019-id633070.html#article","isPartOf":{"@id":"https:\/\/www.rri.ro\/de\/aktuell\/newsflash-de\/nachrichten-25-03-2019-id633070.html"},"author":{"name":"Newsroom","@id":"https:\/\/www.rri.ro\/#\/schema\/person\/4a479940371b9fdefd194f561e8a7f88"},"headline":"Nachrichten 25.03.2019","datePublished":"2019-03-25T15:51:00+00:00","mainEntityOfPage":{"@id":"https:\/\/www.rri.ro\/de\/aktuell\/newsflash-de\/nachrichten-25-03-2019-id633070.html"},"wordCount":1011,"image":{"@id":"https:\/\/www.rri.ro\/de\/aktuell\/newsflash-de\/nachrichten-25-03-2019-id633070.html#primaryimage"},"thumbnailUrl":"https:\/\/www.rri.ro\/wp-content\/uploads\/2023\/10\/stiri-germana-ok2-2.png","keywords":["ALDE","Allianz 2020 USR-PLUS","Corina Cretu","Generalsekret\u00e4r der Pal\u00e4stinensischen Befreiungsorganisation Saeb Erekat","informellen Treffen der Verkehrsminister","K\u00f6nig Abdullah II. von Jordanien","Papst","PNL","Pr\u00e4sident Klaus Iohannis","Premierminister Benjamin Netanyahu","Premierministerin Viorica D\u0103ncil\u0103","PSD","UDMR","Verband der rum\u00e4nischen Transporteure (FORT)","Wetter"],"articleSection":["Newsflash"],"inLanguage":"de"},{"@type":"WebPage","@id":"https:\/\/www.rri.ro\/de\/aktuell\/newsflash-de\/nachrichten-25-03-2019-id633070.html","url":"https:\/\/www.rri.ro\/de\/aktuell\/newsflash-de\/nachrichten-25-03-2019-id633070.html","name":"Nachrichten 25.03.2019 - Radio Rum\u00e4nien International","isPartOf":{"@id":"https:\/\/www.rri.ro\/#website"},"primaryImageOfPage":{"@id":"https:\/\/www.rri.ro\/de\/aktuell\/newsflash-de\/nachrichten-25-03-2019-id633070.html#primaryimage"},"image":{"@id":"https:\/\/www.rri.ro\/de\/aktuell\/newsflash-de\/nachrichten-25-03-2019-id633070.html#primaryimage"},"thumbnailUrl":"https:\/\/www.rri.ro\/wp-content\/uploads\/2023\/10\/stiri-germana-ok2-2.png","datePublished":"2019-03-25T15:51:00+00:00","author":{"@id":"https:\/\/www.rri.ro\/#\/schema\/person\/4a479940371b9fdefd194f561e8a7f88"},"breadcrumb":{"@id":"https:\/\/www.rri.ro\/de\/aktuell\/newsflash-de\/nachrichten-25-03-2019-id633070.html#breadcrumb"},"inLanguage":"de","potentialAction":[{"@type":"ReadAction","target":["https:\/\/www.rri.ro\/de\/aktuell\/newsflash-de\/nachrichten-25-03-2019-id633070.html"]}]},{"@type":"ImageObject","inLanguage":"de","@id":"https:\/\/www.rri.ro\/de\/aktuell\/newsflash-de\/nachrichten-25-03-2019-id633070.html#primaryimage","url":"https:\/\/www.rri.ro\/wp-content\/uploads\/2023\/10\/stiri-germana-ok2-2.png","contentUrl":"https:\/\/www.rri.ro\/wp-content\/uploads\/2023\/10\/stiri-germana-ok2-2.png","width":640,"height":427},{"@type":"BreadcrumbList","@id":"https:\/\/www.rri.ro\/de\/aktuell\/newsflash-de\/nachrichten-25-03-2019-id633070.html#breadcrumb","itemListElement":[{"@type":"ListItem","position":1,"name":"Startseite","item":"https:\/\/www.rri.ro\/de"},{"@type":"ListItem","position":2,"name":"Aktuell","item":"https:\/\/www.rri.ro\/de\/aktuell"},{"@type":"ListItem","position":3,"name":"Newsflash","item":"https:\/\/www.rri.ro\/de\/aktuell\/newsflash-de"},{"@type":"ListItem","position":4,"name":"Nachrichten 25.03.2019"}]},{"@type":"WebSite","@id":"https:\/\/www.rri.ro\/#website","url":"https:\/\/www.rri.ro\/","name":"Radio Rum\u00e4nien International","description":"Totul despre Rom\u00e2nia \u015fi rom\u00e2ni, \u00een 13 limbi\/dialecte!","inLanguage":"de"},{"@type":"Person","@id":"https:\/\/www.rri.ro\/#\/schema\/person\/4a479940371b9fdefd194f561e8a7f88","name":"Newsroom","url":"https:\/\/www.rri.ro\/de\/author\/newsroom"}]}},"_links":{"self":[{"href":"https:\/\/www.rri.ro\/de\/wp-json\/wp\/v2\/posts\/633070","targetHints":{"allow":["GET"]}}],"collection":[{"href":"https:\/\/www.rri.ro\/de\/wp-json\/wp\/v2\/posts"}],"about":[{"href":"https:\/\/www.rri.ro\/de\/wp-json\/wp\/v2\/types\/post"}],"author":[{"embeddable":true,"href":"https:\/\/www.rri.ro\/de\/wp-json\/wp\/v2\/users\/113"}],"replies":[{"embeddable":true,"href":"https:\/\/www.rri.ro\/de\/wp-json\/wp\/v2\/comments?post=633070"}],"version-history":[{"count":0,"href":"https:\/\/www.rri.ro\/de\/wp-json\/wp\/v2\/posts\/633070\/revisions"}],"wp:featuredmedia":[{"embeddable":true,"href":"https:\/\/www.rri.ro\/de\/wp-json\/wp\/v2\/media\/460330"}],"wp:attachment":[{"href":"https:\/\/www.rri.ro\/de\/wp-json\/wp\/v2\/media?parent=633070"}],"wp:term":[{"taxonomy":"category","embeddable":true,"href":"https:\/\/www.rri.ro\/de\/wp-json\/wp\/v2\/categories?post=633070"},{"taxonomy":"post_tag","embeddable":true,"href":"https:\/\/www.rri.ro\/de\/wp-json\/wp\/v2\/tags?post=633070"},{"taxonomy":"author","embeddable":true,"href":"https:\/\/www.rri.ro\/de\/wp-json\/wp\/v2\/coauthors?post=633070"}],"curies":[{"name":"wp","href":"https:\/\/api.w.org\/{rel}","templated":true}]}}