{"id":633073,"date":"2019-03-28T20:27:00","date_gmt":"2019-03-28T18:27:00","guid":{"rendered":"http:\/\/devrri.freshlemon.ro\/aktuell\/nachrichten-28-03-2019-id633073.html"},"modified":"2019-03-28T20:27:00","modified_gmt":"2019-03-28T18:27:00","slug":"nachrichten-28-03-2019","status":"publish","type":"post","link":"https:\/\/www.rri.ro\/de\/aktuell\/newsflash-de\/nachrichten-28-03-2019-id633073.html","title":{"rendered":"Nachrichten 28.03.2019"},"content":{"rendered":"<p>Der rum\u00e4nische Pr\u00e4sident Klaus Iohannis hat am Donnerstag angek\u00fcndigt, dass er gleichzeitig mit den Wahlen zum Europ\u00e4ischen Parlament ein Referendum am 26. Mai fordern wird. Er gab nicht an, welche Fragen die W\u00e4hler beantworten sollten, kritisierte jedoch die PSD-ALDE-Regierung hart, weil sie Notverordnungen erlassen hatte, und verletzte damit die gesetzgebenden Befugnisse des Parlaments. Der Pr\u00e4sident sagte auch, dass die PSD den Angriff auf die Justiz fortsetzt und dass sozialdemokratische Regierungsf\u00fchrung &#8222;ein bedauerlicher Unfall der Demokratie&#8220; ist. W\u00e4hrend der Woche diskutierte der Staatschef mit Vertretern der Justiz- und Berufsverb\u00e4nde von Richtern sowie Vertretern der Zivilgesellschaft. Einige von ihnen kritisieren die Organisation eines Referendums am selben Tag wie die Europawahlen und glauben, dass eine solche Konsultation nicht dazu benutzt werden kann, das Ergebnis der Wahlen zu beeinflussen. Andere wiederum bekr\u00e4ftigten ihre uneingeschr\u00e4nkte Unterst\u00fctzung f\u00fcr die Forderung nach dem Referendum.<\/p>\n<p>&#13;<br \/>\n&#13;<\/p>\n<p>&#13;<br \/>\n&#13;<\/p>\n<p>Donnerstag, der 28. M\u00e4rz, warder letzte Tag, an dem sich Parteien, politische Allianzen oder unabh\u00e4ngige Kandidaten in Rum\u00e4nien noch f\u00fcr die Wahlen zum Europ\u00e4ischen Parlament am 26. Mai bewerben konnten. Die Listen wurden dem Zentralen Wahlb\u00fcro vorgelegt, mit 200.000 Unterschriften f\u00fcr Parteien und 100.000 f\u00fcr unabh\u00e4ngige Kandidaten. Bis zum 6. April muss das Zentrale Wahlb\u00fcro \u00fcber die Zulassung oder Ablehnung von Kandidaturen entscheiden, und Beschwerden k\u00f6nnen bis zum 12. April eingereicht werden. Die Reihenfolge auf den Stimmzetteln wird dann ausgelost. Der Wahlkampf beginnt am 27. April und endet am Morgen des 25. Mai. Mehr zu diesem Thema nach den Nachrichten.<\/p>\n<p>&#13;<br \/>\n&#13;<\/p>\n<p>&#13;<br \/>\n&#13;<\/p>\n<p>Der rum\u00e4nische Verkehrsminister, R\u0103zvan Cuc, und die EU-Verkehrskommissarin Violeta Bulc haben in Bukarest diskutiert, wie die Donau zu einem attraktiveren europ\u00e4ischen Korridor werden k\u00f6nnte. In diesem Zusammenhang sagte R\u0103zvan Cuc, das rum\u00e4nische Verkehrsministerium werde eine Ausschreibung f\u00fcr den Erwerb eines modernen Systems veranstalten, damit das Baggern nicht nur von Drittunternehmen, sondern auch vom Verkehrsministerium durchgef\u00fchrt werden kann. Nach der Optimierung der Sicherheitstiefen werde der G\u00fctertransport auf dem Wasserweg sicherlich steigen, so Verkehrsminister Razvan Cuc. Die f\u00fcr Verkehr zust\u00e4ndige EU-Kommissarin Violeta Bulc erkl\u00e4rte wiederum, dass die Donau ein gro\u200e\u00dfes Potenzial f\u00fcr den G\u00fcterverkehr habe, und betonte, dass die Binnenwasserstra\u200e\u00dfen in einigen EU-Mitgliedstaaten gut genutzt werden. Rum\u00e4nien m\u00fcsse den Hafen von Constanta (S\u00fcdosten) weiterentwickeln, weil qualitativ hochwertige Stra\u200e\u00dfen- und Schieneninfrastruktur fehlen, sagte noch Violeta Bulc.<\/p>\n<p>&#13;<br \/>\n&#13;<\/p>\n<p>&#13;<br \/>\n&#13;<\/p>\n<p>Die zweite Verhandlungsrunde zwischen Vertretern des Rates der Europ\u00e4ischen Union und Vertretern des Europ\u00e4ischen Parlaments \u00fcber die Ernennung des Europ\u00e4ischen Generalstaatsanwalts ist ohne Ergebnis zu Ende gegangen, meldeten europ\u00e4ische Quellen, zitiert vom Radio Romania Korrespondenten in Br\u00fcssel. Es gibt zwei Kandidaten f\u00fcr diese Position: die Rum\u00e4nin Laura Codru\u0163a K\u00f6vesi,ehemalige Leiterin der AntikorruptionsbehOrde DNA, die vom Europ\u00e4ischen Parlament unterst\u00fctzt wird, und der Franzose Jean-Fran\u00e7ois Bohnert, der vom EU-Rat unterst\u00fctzt wird. Die folgenden Verhandlungstermine sind der 4. und der 10. April. Der k\u00fcnftige Europ\u00e4ische Generalstaatsanwalt muss vom EU-Rat und vom Europ\u00e4ischen Parlament einvernehmlich f\u00fcr sieben Jahre ernannt werden. Es ist zu hoffen, dass die Europ\u00e4ische Staatsanwaltschaft sp\u00e4testens Ende 2020 ihre Arbeit aufnimmt. Die EU-Staatsanwaltschaft ist ein unabh\u00e4ngiges B\u00fcro, das f\u00fcr die Untersuchung, Verfolgung und Verurteilung der Verbrechen gegen den EU-Haushalt zust\u00e4ndig ist.<\/p>\n<p>&#13;<br \/>\n&#13;<\/p>\n<p>&#13;<br \/>\n&#13;<\/p>\n<p>In Rum\u00e4nien ist die Arbeitslosenquote im letzten Quartal 2018 auf 4,1% gestiegen, das istein Anstieg um 0,2 Prozentpunkte gegen\u00fcber dem Vorquartal. Nach Angaben des Nationalen Institut f\u00fcr Statistik wurde der h\u00f6chste Anteil mit \u00fcber 16% bei jungen Menschen zwischen 15 und 24 Jahren verzeichnet. Gleichzeitig betrug die Besch\u00e4ftigungsquote der Bev\u00f6lkerung im erwerbsf\u00e4higen Alter (15-64 Jahre) im untersuchten Zeitraum 64,5% und war somit niedriger als im vorangegangenen Quartal. Die Besch\u00e4ftigungsquote war h\u00f6her f\u00fcr M\u00e4nner und Menschen in st\u00e4dtischen Gebieten. Laut dem Nationalen Institut f\u00fcr Statistik betrug die aktive Bev\u00f6lkerung Rum\u00e4niens im letzten Quartal des vergangenen Jahres etwa 9 Millionen arbeitsf\u00e4hige Personen; davon waren 8,5 Millionen erwerbst\u00e4tig und 368.000 arbeitslos.<\/p>\n<p>&#13;<br \/>\n&#13;<\/p>\n<p>&#13;<br \/>\n&#13;<\/p>\n<p>Die jungen Menschen sind die Zukunft Rum\u00e4niens und die strategische Ressource des Landes. Durch Ma\u200e\u00dfnahmen und Strategien gew\u00e4hrt das Regierungsprogramm den jungen Rum\u00e4nen eine grundlegende Rolle, um ihre Ehrgeiz, Professionalit\u00e4t und Begeisterung zu verwerten. Dies erkl\u00e4rte die rum\u00e4nische Premierministerin Viorica D\u0103ncil\u0103 in einer Botschaft im Rahmen der EU-Jugendkonferenz in Bukarest. Die Botschaft wurde von der Vize-Premi<em>e<\/em>rministerin Ana Birchall pr\u00e4sentiert, die am Donnerstag an der Veranstaltung &#8222;Jugend im Dialog mit Beh\u00f6rden: Die Rolle der Jugend in der Zukunft der Europ\u00e4ischen Union\u201c teilgenommen hat. Besagte Veranstaltung findet am Rande der EU-Jugendkonferenz statt. Die Konferenz ist die wichtigste Jugendveranstaltung jeder turnusm\u00e4\u200e\u00dfigen EU-Ratspr\u00e4sidentschaft, die den jungen Menschen innnerhalb und au\u200e\u00dferhalb der Europ\u00e4ischen Union gewidmet ist. An den dreit\u00e4gigen Debatten beteiligen sich Vertreter von Ministerien, von europ\u00e4ischen und internationalen Jugend- und Arbeitsmarktinstitutionen sowie Vertreter von Jugendlichen aus den EU-Mitgliedstaaten.<\/p>\n<p>&#13;<br \/>\n&#13;<\/p>\n<p>&#13;<br \/>\n&#13;<\/p>\n<p>Die Saison Rum\u00e4nien-Frankreich, die am 18. April im Rahmen des International Spotlight Festival er\u00f6ffnet wird, umfasst Ausstellungen, Theater- und Filmfestivals und  Konzerte, die in mehr als 30 St\u00e4dten Rum\u00e4niens veranstaltet werden. Dies wurde am Dponnerstag in Bukarest w\u00e4hrend einer Pr\u00e4sentationsveranstaltung bekanntgegeben. Die franz\u00f6sische Botschafterin in Bukarest, Mich\u00e8le Ramis, sagte, dass die in mehr als 100 franz\u00f6sischen St\u00e4dten organisierte Frankreich-Rum\u00e4nien-Saison einen gro\u200e\u00dfen Erfolg hatte; dabei konnten die Franzosen Rum\u00e4nien und seine K\u00fcnstler wiederentdeckten. Am 16. April endet die Frankreich-Rum\u00e4nien-Saison in Paris; ab 18. April beginnt in Bukarest die Rum\u00e4nien-Frankreich-Saison, die bis 14. Juli l\u00e4uft.<\/p>\n<p>&#13;<\/p>\n","protected":false},"excerpt":{"rendered":"<p>Die wichtigsten Meldungen des Tages im \u00dcberblick<\/p>\n","protected":false},"author":113,"featured_media":460330,"comment_status":"closed","ping_status":"closed","sticky":false,"template":"","format":"standard","meta":{"_acf_changed":false,"footnotes":""},"categories":[116753],"tags":[101106,126876,101081,155287,100101],"coauthors":[],"class_list":["post-633073","post","type-post","status-publish","format-standard","has-post-thumbnail","hentry","category-newsflash-de","tag-arbeitslosenquote","tag-europaeische-generalstaatsanwaltschaft","tag-europawahlen","tag-referendum-de","tag-verkehr"],"acf":[],"yoast_head":"<!-- This site is optimized with the Yoast SEO plugin v27.3 - https:\/\/yoast.com\/product\/yoast-seo-wordpress\/ -->\n<title>Nachrichten 28.03.2019 - Radio Rum\u00e4nien International<\/title>\n<meta name=\"robots\" content=\"index, follow, max-snippet:-1, max-image-preview:large, max-video-preview:-1\" \/>\n<link rel=\"canonical\" href=\"https:\/\/www.rri.ro\/de\/aktuell\/newsflash-de\/nachrichten-28-03-2019-id633073.html\" \/>\n<meta property=\"og:locale\" content=\"de_DE\" \/>\n<meta property=\"og:type\" content=\"article\" \/>\n<meta property=\"og:title\" content=\"Nachrichten 28.03.2019 - Radio Rum\u00e4nien International\" \/>\n<meta property=\"og:description\" content=\"Die wichtigsten Meldungen des Tages im \u00dcberblick\" \/>\n<meta property=\"og:url\" content=\"https:\/\/www.rri.ro\/de\/aktuell\/newsflash-de\/nachrichten-28-03-2019-id633073.html\" \/>\n<meta property=\"og:site_name\" content=\"Radio Rum\u00e4nien International\" \/>\n<meta property=\"article:published_time\" content=\"2019-03-28T18:27:00+00:00\" \/>\n<meta property=\"og:image\" content=\"https:\/\/www.rri.ro\/wp-content\/uploads\/2023\/10\/stiri-germana-ok2-2.png\" \/>\n\t<meta property=\"og:image:width\" content=\"640\" \/>\n\t<meta property=\"og:image:height\" content=\"427\" \/>\n\t<meta property=\"og:image:type\" content=\"image\/png\" \/>\n<meta name=\"author\" content=\"Newsroom\" \/>\n<meta name=\"twitter:card\" content=\"summary_large_image\" \/>\n<meta name=\"twitter:label1\" content=\"Verfasst von\" \/>\n\t<meta name=\"twitter:data1\" content=\"Newsroom\" \/>\n\t<meta name=\"twitter:label2\" content=\"Gesch\u00e4tzte Lesezeit\" \/>\n\t<meta name=\"twitter:data2\" content=\"5\u00a0Minuten\" \/>\n\t<meta name=\"twitter:label3\" content=\"Written by\" \/>\n\t<meta name=\"twitter:data3\" content=\"Newsroom\" \/>\n<script type=\"application\/ld+json\" class=\"yoast-schema-graph\">{\"@context\":\"https:\\\/\\\/schema.org\",\"@graph\":[{\"@type\":\"Article\",\"@id\":\"https:\\\/\\\/www.rri.ro\\\/de\\\/aktuell\\\/newsflash-de\\\/nachrichten-28-03-2019-id633073.html#article\",\"isPartOf\":{\"@id\":\"https:\\\/\\\/www.rri.ro\\\/de\\\/aktuell\\\/newsflash-de\\\/nachrichten-28-03-2019-id633073.html\"},\"author\":{\"name\":\"Newsroom\",\"@id\":\"https:\\\/\\\/www.rri.ro\\\/#\\\/schema\\\/person\\\/4a479940371b9fdefd194f561e8a7f88\"},\"headline\":\"Nachrichten 28.03.2019\",\"datePublished\":\"2019-03-28T18:27:00+00:00\",\"mainEntityOfPage\":{\"@id\":\"https:\\\/\\\/www.rri.ro\\\/de\\\/aktuell\\\/newsflash-de\\\/nachrichten-28-03-2019-id633073.html\"},\"wordCount\":917,\"image\":{\"@id\":\"https:\\\/\\\/www.rri.ro\\\/de\\\/aktuell\\\/newsflash-de\\\/nachrichten-28-03-2019-id633073.html#primaryimage\"},\"thumbnailUrl\":\"https:\\\/\\\/www.rri.ro\\\/wp-content\\\/uploads\\\/2023\\\/10\\\/stiri-germana-ok2-2.png\",\"keywords\":[\"Arbeitslosenquote\",\"Europ\u00e4ische Generalstaatsanwaltschaft\",\"Europawahlen\",\"referendum\",\"Verkehr\"],\"articleSection\":[\"Newsflash\"],\"inLanguage\":\"de\"},{\"@type\":\"WebPage\",\"@id\":\"https:\\\/\\\/www.rri.ro\\\/de\\\/aktuell\\\/newsflash-de\\\/nachrichten-28-03-2019-id633073.html\",\"url\":\"https:\\\/\\\/www.rri.ro\\\/de\\\/aktuell\\\/newsflash-de\\\/nachrichten-28-03-2019-id633073.html\",\"name\":\"Nachrichten 28.03.2019 - Radio Rum\u00e4nien International\",\"isPartOf\":{\"@id\":\"https:\\\/\\\/www.rri.ro\\\/#website\"},\"primaryImageOfPage\":{\"@id\":\"https:\\\/\\\/www.rri.ro\\\/de\\\/aktuell\\\/newsflash-de\\\/nachrichten-28-03-2019-id633073.html#primaryimage\"},\"image\":{\"@id\":\"https:\\\/\\\/www.rri.ro\\\/de\\\/aktuell\\\/newsflash-de\\\/nachrichten-28-03-2019-id633073.html#primaryimage\"},\"thumbnailUrl\":\"https:\\\/\\\/www.rri.ro\\\/wp-content\\\/uploads\\\/2023\\\/10\\\/stiri-germana-ok2-2.png\",\"datePublished\":\"2019-03-28T18:27:00+00:00\",\"author\":{\"@id\":\"https:\\\/\\\/www.rri.ro\\\/#\\\/schema\\\/person\\\/4a479940371b9fdefd194f561e8a7f88\"},\"breadcrumb\":{\"@id\":\"https:\\\/\\\/www.rri.ro\\\/de\\\/aktuell\\\/newsflash-de\\\/nachrichten-28-03-2019-id633073.html#breadcrumb\"},\"inLanguage\":\"de\",\"potentialAction\":[{\"@type\":\"ReadAction\",\"target\":[\"https:\\\/\\\/www.rri.ro\\\/de\\\/aktuell\\\/newsflash-de\\\/nachrichten-28-03-2019-id633073.html\"]}]},{\"@type\":\"ImageObject\",\"inLanguage\":\"de\",\"@id\":\"https:\\\/\\\/www.rri.ro\\\/de\\\/aktuell\\\/newsflash-de\\\/nachrichten-28-03-2019-id633073.html#primaryimage\",\"url\":\"https:\\\/\\\/www.rri.ro\\\/wp-content\\\/uploads\\\/2023\\\/10\\\/stiri-germana-ok2-2.png\",\"contentUrl\":\"https:\\\/\\\/www.rri.ro\\\/wp-content\\\/uploads\\\/2023\\\/10\\\/stiri-germana-ok2-2.png\",\"width\":640,\"height\":427},{\"@type\":\"BreadcrumbList\",\"@id\":\"https:\\\/\\\/www.rri.ro\\\/de\\\/aktuell\\\/newsflash-de\\\/nachrichten-28-03-2019-id633073.html#breadcrumb\",\"itemListElement\":[{\"@type\":\"ListItem\",\"position\":1,\"name\":\"Startseite\",\"item\":\"https:\\\/\\\/www.rri.ro\\\/de\"},{\"@type\":\"ListItem\",\"position\":2,\"name\":\"Aktuell\",\"item\":\"https:\\\/\\\/www.rri.ro\\\/de\\\/aktuell\"},{\"@type\":\"ListItem\",\"position\":3,\"name\":\"Newsflash\",\"item\":\"https:\\\/\\\/www.rri.ro\\\/de\\\/aktuell\\\/newsflash-de\"},{\"@type\":\"ListItem\",\"position\":4,\"name\":\"Nachrichten 28.03.2019\"}]},{\"@type\":\"WebSite\",\"@id\":\"https:\\\/\\\/www.rri.ro\\\/#website\",\"url\":\"https:\\\/\\\/www.rri.ro\\\/\",\"name\":\"Radio Rum\u00e4nien International\",\"description\":\"Totul despre Rom\u00e2nia \u015fi rom\u00e2ni, \u00een 13 limbi\\\/dialecte!\",\"inLanguage\":\"de\"},{\"@type\":\"Person\",\"@id\":\"https:\\\/\\\/www.rri.ro\\\/#\\\/schema\\\/person\\\/4a479940371b9fdefd194f561e8a7f88\",\"name\":\"Newsroom\",\"url\":\"https:\\\/\\\/www.rri.ro\\\/de\\\/author\\\/newsroom\"}]}<\/script>\n<!-- \/ Yoast SEO plugin. -->","yoast_head_json":{"title":"Nachrichten 28.03.2019 - Radio Rum\u00e4nien International","robots":{"index":"index","follow":"follow","max-snippet":"max-snippet:-1","max-image-preview":"max-image-preview:large","max-video-preview":"max-video-preview:-1"},"canonical":"https:\/\/www.rri.ro\/de\/aktuell\/newsflash-de\/nachrichten-28-03-2019-id633073.html","og_locale":"de_DE","og_type":"article","og_title":"Nachrichten 28.03.2019 - Radio Rum\u00e4nien International","og_description":"Die wichtigsten Meldungen des Tages im \u00dcberblick","og_url":"https:\/\/www.rri.ro\/de\/aktuell\/newsflash-de\/nachrichten-28-03-2019-id633073.html","og_site_name":"Radio Rum\u00e4nien International","article_published_time":"2019-03-28T18:27:00+00:00","og_image":[{"width":640,"height":427,"url":"https:\/\/www.rri.ro\/wp-content\/uploads\/2023\/10\/stiri-germana-ok2-2.png","type":"image\/png"}],"author":"Newsroom","twitter_card":"summary_large_image","twitter_misc":{"Verfasst von":"Newsroom","Gesch\u00e4tzte Lesezeit":"5\u00a0Minuten","Written by":"Newsroom"},"schema":{"@context":"https:\/\/schema.org","@graph":[{"@type":"Article","@id":"https:\/\/www.rri.ro\/de\/aktuell\/newsflash-de\/nachrichten-28-03-2019-id633073.html#article","isPartOf":{"@id":"https:\/\/www.rri.ro\/de\/aktuell\/newsflash-de\/nachrichten-28-03-2019-id633073.html"},"author":{"name":"Newsroom","@id":"https:\/\/www.rri.ro\/#\/schema\/person\/4a479940371b9fdefd194f561e8a7f88"},"headline":"Nachrichten 28.03.2019","datePublished":"2019-03-28T18:27:00+00:00","mainEntityOfPage":{"@id":"https:\/\/www.rri.ro\/de\/aktuell\/newsflash-de\/nachrichten-28-03-2019-id633073.html"},"wordCount":917,"image":{"@id":"https:\/\/www.rri.ro\/de\/aktuell\/newsflash-de\/nachrichten-28-03-2019-id633073.html#primaryimage"},"thumbnailUrl":"https:\/\/www.rri.ro\/wp-content\/uploads\/2023\/10\/stiri-germana-ok2-2.png","keywords":["Arbeitslosenquote","Europ\u00e4ische Generalstaatsanwaltschaft","Europawahlen","referendum","Verkehr"],"articleSection":["Newsflash"],"inLanguage":"de"},{"@type":"WebPage","@id":"https:\/\/www.rri.ro\/de\/aktuell\/newsflash-de\/nachrichten-28-03-2019-id633073.html","url":"https:\/\/www.rri.ro\/de\/aktuell\/newsflash-de\/nachrichten-28-03-2019-id633073.html","name":"Nachrichten 28.03.2019 - Radio Rum\u00e4nien International","isPartOf":{"@id":"https:\/\/www.rri.ro\/#website"},"primaryImageOfPage":{"@id":"https:\/\/www.rri.ro\/de\/aktuell\/newsflash-de\/nachrichten-28-03-2019-id633073.html#primaryimage"},"image":{"@id":"https:\/\/www.rri.ro\/de\/aktuell\/newsflash-de\/nachrichten-28-03-2019-id633073.html#primaryimage"},"thumbnailUrl":"https:\/\/www.rri.ro\/wp-content\/uploads\/2023\/10\/stiri-germana-ok2-2.png","datePublished":"2019-03-28T18:27:00+00:00","author":{"@id":"https:\/\/www.rri.ro\/#\/schema\/person\/4a479940371b9fdefd194f561e8a7f88"},"breadcrumb":{"@id":"https:\/\/www.rri.ro\/de\/aktuell\/newsflash-de\/nachrichten-28-03-2019-id633073.html#breadcrumb"},"inLanguage":"de","potentialAction":[{"@type":"ReadAction","target":["https:\/\/www.rri.ro\/de\/aktuell\/newsflash-de\/nachrichten-28-03-2019-id633073.html"]}]},{"@type":"ImageObject","inLanguage":"de","@id":"https:\/\/www.rri.ro\/de\/aktuell\/newsflash-de\/nachrichten-28-03-2019-id633073.html#primaryimage","url":"https:\/\/www.rri.ro\/wp-content\/uploads\/2023\/10\/stiri-germana-ok2-2.png","contentUrl":"https:\/\/www.rri.ro\/wp-content\/uploads\/2023\/10\/stiri-germana-ok2-2.png","width":640,"height":427},{"@type":"BreadcrumbList","@id":"https:\/\/www.rri.ro\/de\/aktuell\/newsflash-de\/nachrichten-28-03-2019-id633073.html#breadcrumb","itemListElement":[{"@type":"ListItem","position":1,"name":"Startseite","item":"https:\/\/www.rri.ro\/de"},{"@type":"ListItem","position":2,"name":"Aktuell","item":"https:\/\/www.rri.ro\/de\/aktuell"},{"@type":"ListItem","position":3,"name":"Newsflash","item":"https:\/\/www.rri.ro\/de\/aktuell\/newsflash-de"},{"@type":"ListItem","position":4,"name":"Nachrichten 28.03.2019"}]},{"@type":"WebSite","@id":"https:\/\/www.rri.ro\/#website","url":"https:\/\/www.rri.ro\/","name":"Radio Rum\u00e4nien International","description":"Totul despre Rom\u00e2nia \u015fi rom\u00e2ni, \u00een 13 limbi\/dialecte!","inLanguage":"de"},{"@type":"Person","@id":"https:\/\/www.rri.ro\/#\/schema\/person\/4a479940371b9fdefd194f561e8a7f88","name":"Newsroom","url":"https:\/\/www.rri.ro\/de\/author\/newsroom"}]}},"_links":{"self":[{"href":"https:\/\/www.rri.ro\/de\/wp-json\/wp\/v2\/posts\/633073","targetHints":{"allow":["GET"]}}],"collection":[{"href":"https:\/\/www.rri.ro\/de\/wp-json\/wp\/v2\/posts"}],"about":[{"href":"https:\/\/www.rri.ro\/de\/wp-json\/wp\/v2\/types\/post"}],"author":[{"embeddable":true,"href":"https:\/\/www.rri.ro\/de\/wp-json\/wp\/v2\/users\/113"}],"replies":[{"embeddable":true,"href":"https:\/\/www.rri.ro\/de\/wp-json\/wp\/v2\/comments?post=633073"}],"version-history":[{"count":0,"href":"https:\/\/www.rri.ro\/de\/wp-json\/wp\/v2\/posts\/633073\/revisions"}],"wp:featuredmedia":[{"embeddable":true,"href":"https:\/\/www.rri.ro\/de\/wp-json\/wp\/v2\/media\/460330"}],"wp:attachment":[{"href":"https:\/\/www.rri.ro\/de\/wp-json\/wp\/v2\/media?parent=633073"}],"wp:term":[{"taxonomy":"category","embeddable":true,"href":"https:\/\/www.rri.ro\/de\/wp-json\/wp\/v2\/categories?post=633073"},{"taxonomy":"post_tag","embeddable":true,"href":"https:\/\/www.rri.ro\/de\/wp-json\/wp\/v2\/tags?post=633073"},{"taxonomy":"author","embeddable":true,"href":"https:\/\/www.rri.ro\/de\/wp-json\/wp\/v2\/coauthors?post=633073"}],"curies":[{"name":"wp","href":"https:\/\/api.w.org\/{rel}","templated":true}]}}