{"id":633107,"date":"2019-04-29T14:25:00","date_gmt":"2019-04-29T11:25:00","guid":{"rendered":"http:\/\/devrri.freshlemon.ro\/aktuell\/nachrichten-29-04-2019-id633107.html"},"modified":"2019-04-29T14:25:00","modified_gmt":"2019-04-29T11:25:00","slug":"nachrichten-29-04-2019","status":"publish","type":"post","link":"https:\/\/www.rri.ro\/de\/aktuell\/newsflash-de\/nachrichten-29-04-2019-id633107.html","title":{"rendered":"Nachrichten 29.04.2019"},"content":{"rendered":"<p><strong>Bukarest:<\/strong> Eine Woche nach den r\u00f6misch-katholischen und den evangelischen Christen feiern die orthodoxen Christen weltweit das Osterfest. Die orthodoxen Christen in Rum\u00e4nien und in aller Welt haben am Sonntag die Auferstehung Jesu Christi gefeiert. Eine Delegation der Rum\u00e4nischen Patriarchie ist nach Jerusalem gereist, um das Heilige Licht zu empfangen und hat es um Mitternacht beim Osternachtgottesdienst an die Gl\u00e4ubigen in Rum\u00e4nien verteilt. Der Patriarch der Rum\u00e4nischen Orthodoxen Kirche Daniel sagte dass durch Wort und gute Tat Freude und Licht in die Seelen der Waisen, der Kranken, der Alten,der Trauernden und der Einsamen bringen k\u00f6nnen.  Wir sollen die Rum\u00e4nen, die unter Fremden leben nicht vergessen, wir sollen f\u00fcr ihre Gesundheit und Erl\u00f6sung beten, so der Patriarch.<\/p>\n<p>&#13;<br \/>\n&#13;<\/p>\n<p>&#13;<br \/>\n&#13;<\/p>\n<p><strong>Bukarest:<\/strong> Der rum\u00e4nische Pr\u00e4sident Klaus Iohannis hat am Montag anl\u00e4sslich des Veteranentages eine Botschaft ausgesendet. Die rum\u00e4nische Armee hat dem Land im Unabh\u00e4ngigkeitskrieg und bei den beiden Weltkriegen ihre Pflicht getan, und unsere Soldaten setzten ihre Leben nach 1990 in den Einsatzgebieten in Afghanistan, im Irak und in den westlichen Balkanstaaten in Gefahr. \u2013 so der rum\u00e4nische Staatschef. Als Zeichen der Dankbarkeit und der moralischen Belohnung gab der Pr\u00e4sident au\u00dferdem bekannt, dass er einige Veteranen zum n\u00e4chsten Grad vorger\u00fcckt und den Grad des Brigadegenerals im R\u00fcckzug zugestanden habe. Verteidigungsminister Gabriel Le\u015f sandte auch eine Botschaft, in der es hei\u00dft: Wir haben die Pflicht, diejenigen zu respektieren, die f\u00fcr uns gek\u00e4mpft haben, so dass wir  in einem freien und unabh\u00e4ngigen Land leben, ihre Patriotismuslektionen zu lernen und sie an zuk\u00fcnftige Generationen weiterzugeben\u201c. In Rum\u00e4nien leben heute noch etwa 700.000 Kriegsveteranen.<\/p>\n<p>&#13;<br \/>\n&#13;<\/p>\n<p>&#13;<br \/>\n&#13;<\/p>\n<p><strong>Br\u00fcssel:<\/strong> Die Europ\u00e4ische Kommission und die Europ\u00e4ische Investitionsbank (EIB) haben am Montag ein gemeinsames Programm zur Finanzierung von Darlehen in H\u00f6he von 1 Milliarde Euro f\u00fcr Junglandwirte aufgelegt, hei\u00dft es in einem europ\u00e4ischen Exekutivbericht. Dieses Programm, das vollst\u00e4ndig von der Europ\u00e4ischen Investitionsbank finanziert wird, sollte von den teilnehmenden Banken in jedem Mitgliedstaat abgeschlossen werden, wodurch sich der verf\u00fcgbare Gesamtbetrag auf 2 Mrd. Euro erh\u00f6hen k\u00f6nnte. Die Kredite sollen f\u00fcr maximal 15 Jahre zu niedrigeren Zinss\u00e4tzen als am Markt gew\u00e4hrt werden. Die Entscheidung wurde getroffen, als mehr als ein Viertel der Kreditantr\u00e4ge der EU-Junglandwirte abgelehnt wurde (27%), verglichen zu den Landwirten im allgemeinen, die 9% entsprachen. Die Europ\u00e4ische Kommission w\u00fcnsche  eine Erneuerung der Generationen in der Landwirtschaft.<\/p>\n<p>&#13;<\/p>\n","protected":false},"excerpt":{"rendered":"<p>Bukarest: Eine Woche nach den r\u00f6misch-katholischen und den evangelischen Christen feiern die orthodoxen Christen weltweit das Osterfest. Die orthodoxen Christen in Rum\u00e4nien und in aller Welt haben am Sonntag die Auferstehung Jesu Christi gefeiert. Eine Delegation der Rum\u00e4nischen Patriarchie ist nach Jerusalem gereist, um das Heilige Licht zu empfangen und hat es um Mitternacht beim [&hellip;]<\/p>\n","protected":false},"author":113,"featured_media":460330,"comment_status":"closed","ping_status":"closed","sticky":false,"template":"","format":"standard","meta":{"_acf_changed":false,"footnotes":""},"categories":[116753],"tags":[103949,137226,99709,102515,126040,126952],"coauthors":[],"class_list":["post-633107","post","type-post","status-publish","format-standard","has-post-thumbnail","hentry","category-newsflash-de","tag-europaeische-investitionsbank","tag-klaus-iohannis-de","tag-landwirte","tag-ostern","tag-verteidigungsminister-gabriel-les","tag-veteranentag"],"acf":[],"yoast_head":"<!-- This site is optimized with the Yoast SEO plugin v27.3 - https:\/\/yoast.com\/product\/yoast-seo-wordpress\/ -->\n<title>Nachrichten 29.04.2019 - Radio Rum\u00e4nien International<\/title>\n<meta name=\"robots\" content=\"index, follow, max-snippet:-1, max-image-preview:large, max-video-preview:-1\" \/>\n<link rel=\"canonical\" href=\"https:\/\/www.rri.ro\/de\/aktuell\/newsflash-de\/nachrichten-29-04-2019-id633107.html\" \/>\n<meta property=\"og:locale\" content=\"de_DE\" \/>\n<meta property=\"og:type\" content=\"article\" \/>\n<meta property=\"og:title\" content=\"Nachrichten 29.04.2019 - Radio Rum\u00e4nien International\" \/>\n<meta property=\"og:description\" content=\"Bukarest: Eine Woche nach den r\u00f6misch-katholischen und den evangelischen Christen feiern die orthodoxen Christen weltweit das Osterfest. Die orthodoxen Christen in Rum\u00e4nien und in aller Welt haben am Sonntag die Auferstehung Jesu Christi gefeiert. Eine Delegation der Rum\u00e4nischen Patriarchie ist nach Jerusalem gereist, um das Heilige Licht zu empfangen und hat es um Mitternacht beim [&hellip;]\" \/>\n<meta property=\"og:url\" content=\"https:\/\/www.rri.ro\/de\/aktuell\/newsflash-de\/nachrichten-29-04-2019-id633107.html\" \/>\n<meta property=\"og:site_name\" content=\"Radio Rum\u00e4nien International\" \/>\n<meta property=\"article:published_time\" content=\"2019-04-29T11:25:00+00:00\" \/>\n<meta property=\"og:image\" content=\"https:\/\/www.rri.ro\/wp-content\/uploads\/2023\/10\/stiri-germana-ok2-2.png\" \/>\n\t<meta property=\"og:image:width\" content=\"640\" \/>\n\t<meta property=\"og:image:height\" content=\"427\" \/>\n\t<meta property=\"og:image:type\" content=\"image\/png\" \/>\n<meta name=\"author\" content=\"Newsroom\" \/>\n<meta name=\"twitter:card\" content=\"summary_large_image\" \/>\n<meta name=\"twitter:label1\" content=\"Verfasst von\" \/>\n\t<meta name=\"twitter:data1\" content=\"Newsroom\" \/>\n\t<meta name=\"twitter:label2\" content=\"Gesch\u00e4tzte Lesezeit\" \/>\n\t<meta name=\"twitter:data2\" content=\"2\u00a0Minuten\" \/>\n\t<meta name=\"twitter:label3\" content=\"Written by\" \/>\n\t<meta name=\"twitter:data3\" content=\"Newsroom\" \/>\n<script type=\"application\/ld+json\" class=\"yoast-schema-graph\">{\"@context\":\"https:\\\/\\\/schema.org\",\"@graph\":[{\"@type\":\"Article\",\"@id\":\"https:\\\/\\\/www.rri.ro\\\/de\\\/aktuell\\\/newsflash-de\\\/nachrichten-29-04-2019-id633107.html#article\",\"isPartOf\":{\"@id\":\"https:\\\/\\\/www.rri.ro\\\/de\\\/aktuell\\\/newsflash-de\\\/nachrichten-29-04-2019-id633107.html\"},\"author\":{\"name\":\"Newsroom\",\"@id\":\"https:\\\/\\\/www.rri.ro\\\/#\\\/schema\\\/person\\\/4a479940371b9fdefd194f561e8a7f88\"},\"headline\":\"Nachrichten 29.04.2019\",\"datePublished\":\"2019-04-29T11:25:00+00:00\",\"mainEntityOfPage\":{\"@id\":\"https:\\\/\\\/www.rri.ro\\\/de\\\/aktuell\\\/newsflash-de\\\/nachrichten-29-04-2019-id633107.html\"},\"wordCount\":409,\"image\":{\"@id\":\"https:\\\/\\\/www.rri.ro\\\/de\\\/aktuell\\\/newsflash-de\\\/nachrichten-29-04-2019-id633107.html#primaryimage\"},\"thumbnailUrl\":\"https:\\\/\\\/www.rri.ro\\\/wp-content\\\/uploads\\\/2023\\\/10\\\/stiri-germana-ok2-2.png\",\"keywords\":[\"Europ\u00e4ische Investitionsbank\",\"Klaus Iohannis\",\"Landwirte\",\"Ostern\",\"Verteidigungsminister Gabriel Le\u015f\",\"Veteranentag\"],\"articleSection\":[\"Newsflash\"],\"inLanguage\":\"de\"},{\"@type\":\"WebPage\",\"@id\":\"https:\\\/\\\/www.rri.ro\\\/de\\\/aktuell\\\/newsflash-de\\\/nachrichten-29-04-2019-id633107.html\",\"url\":\"https:\\\/\\\/www.rri.ro\\\/de\\\/aktuell\\\/newsflash-de\\\/nachrichten-29-04-2019-id633107.html\",\"name\":\"Nachrichten 29.04.2019 - Radio Rum\u00e4nien International\",\"isPartOf\":{\"@id\":\"https:\\\/\\\/www.rri.ro\\\/#website\"},\"primaryImageOfPage\":{\"@id\":\"https:\\\/\\\/www.rri.ro\\\/de\\\/aktuell\\\/newsflash-de\\\/nachrichten-29-04-2019-id633107.html#primaryimage\"},\"image\":{\"@id\":\"https:\\\/\\\/www.rri.ro\\\/de\\\/aktuell\\\/newsflash-de\\\/nachrichten-29-04-2019-id633107.html#primaryimage\"},\"thumbnailUrl\":\"https:\\\/\\\/www.rri.ro\\\/wp-content\\\/uploads\\\/2023\\\/10\\\/stiri-germana-ok2-2.png\",\"datePublished\":\"2019-04-29T11:25:00+00:00\",\"author\":{\"@id\":\"https:\\\/\\\/www.rri.ro\\\/#\\\/schema\\\/person\\\/4a479940371b9fdefd194f561e8a7f88\"},\"breadcrumb\":{\"@id\":\"https:\\\/\\\/www.rri.ro\\\/de\\\/aktuell\\\/newsflash-de\\\/nachrichten-29-04-2019-id633107.html#breadcrumb\"},\"inLanguage\":\"de\",\"potentialAction\":[{\"@type\":\"ReadAction\",\"target\":[\"https:\\\/\\\/www.rri.ro\\\/de\\\/aktuell\\\/newsflash-de\\\/nachrichten-29-04-2019-id633107.html\"]}]},{\"@type\":\"ImageObject\",\"inLanguage\":\"de\",\"@id\":\"https:\\\/\\\/www.rri.ro\\\/de\\\/aktuell\\\/newsflash-de\\\/nachrichten-29-04-2019-id633107.html#primaryimage\",\"url\":\"https:\\\/\\\/www.rri.ro\\\/wp-content\\\/uploads\\\/2023\\\/10\\\/stiri-germana-ok2-2.png\",\"contentUrl\":\"https:\\\/\\\/www.rri.ro\\\/wp-content\\\/uploads\\\/2023\\\/10\\\/stiri-germana-ok2-2.png\",\"width\":640,\"height\":427},{\"@type\":\"BreadcrumbList\",\"@id\":\"https:\\\/\\\/www.rri.ro\\\/de\\\/aktuell\\\/newsflash-de\\\/nachrichten-29-04-2019-id633107.html#breadcrumb\",\"itemListElement\":[{\"@type\":\"ListItem\",\"position\":1,\"name\":\"Startseite\",\"item\":\"https:\\\/\\\/www.rri.ro\\\/de\"},{\"@type\":\"ListItem\",\"position\":2,\"name\":\"Aktuell\",\"item\":\"https:\\\/\\\/www.rri.ro\\\/de\\\/aktuell\"},{\"@type\":\"ListItem\",\"position\":3,\"name\":\"Newsflash\",\"item\":\"https:\\\/\\\/www.rri.ro\\\/de\\\/aktuell\\\/newsflash-de\"},{\"@type\":\"ListItem\",\"position\":4,\"name\":\"Nachrichten 29.04.2019\"}]},{\"@type\":\"WebSite\",\"@id\":\"https:\\\/\\\/www.rri.ro\\\/#website\",\"url\":\"https:\\\/\\\/www.rri.ro\\\/\",\"name\":\"Radio Rum\u00e4nien International\",\"description\":\"Totul despre Rom\u00e2nia \u015fi rom\u00e2ni, \u00een 13 limbi\\\/dialecte!\",\"inLanguage\":\"de\"},{\"@type\":\"Person\",\"@id\":\"https:\\\/\\\/www.rri.ro\\\/#\\\/schema\\\/person\\\/4a479940371b9fdefd194f561e8a7f88\",\"name\":\"Newsroom\",\"url\":\"https:\\\/\\\/www.rri.ro\\\/de\\\/author\\\/newsroom\"}]}<\/script>\n<!-- \/ Yoast SEO plugin. -->","yoast_head_json":{"title":"Nachrichten 29.04.2019 - Radio Rum\u00e4nien International","robots":{"index":"index","follow":"follow","max-snippet":"max-snippet:-1","max-image-preview":"max-image-preview:large","max-video-preview":"max-video-preview:-1"},"canonical":"https:\/\/www.rri.ro\/de\/aktuell\/newsflash-de\/nachrichten-29-04-2019-id633107.html","og_locale":"de_DE","og_type":"article","og_title":"Nachrichten 29.04.2019 - Radio Rum\u00e4nien International","og_description":"Bukarest: Eine Woche nach den r\u00f6misch-katholischen und den evangelischen Christen feiern die orthodoxen Christen weltweit das Osterfest. Die orthodoxen Christen in Rum\u00e4nien und in aller Welt haben am Sonntag die Auferstehung Jesu Christi gefeiert. Eine Delegation der Rum\u00e4nischen Patriarchie ist nach Jerusalem gereist, um das Heilige Licht zu empfangen und hat es um Mitternacht beim [&hellip;]","og_url":"https:\/\/www.rri.ro\/de\/aktuell\/newsflash-de\/nachrichten-29-04-2019-id633107.html","og_site_name":"Radio Rum\u00e4nien International","article_published_time":"2019-04-29T11:25:00+00:00","og_image":[{"width":640,"height":427,"url":"https:\/\/www.rri.ro\/wp-content\/uploads\/2023\/10\/stiri-germana-ok2-2.png","type":"image\/png"}],"author":"Newsroom","twitter_card":"summary_large_image","twitter_misc":{"Verfasst von":"Newsroom","Gesch\u00e4tzte Lesezeit":"2\u00a0Minuten","Written by":"Newsroom"},"schema":{"@context":"https:\/\/schema.org","@graph":[{"@type":"Article","@id":"https:\/\/www.rri.ro\/de\/aktuell\/newsflash-de\/nachrichten-29-04-2019-id633107.html#article","isPartOf":{"@id":"https:\/\/www.rri.ro\/de\/aktuell\/newsflash-de\/nachrichten-29-04-2019-id633107.html"},"author":{"name":"Newsroom","@id":"https:\/\/www.rri.ro\/#\/schema\/person\/4a479940371b9fdefd194f561e8a7f88"},"headline":"Nachrichten 29.04.2019","datePublished":"2019-04-29T11:25:00+00:00","mainEntityOfPage":{"@id":"https:\/\/www.rri.ro\/de\/aktuell\/newsflash-de\/nachrichten-29-04-2019-id633107.html"},"wordCount":409,"image":{"@id":"https:\/\/www.rri.ro\/de\/aktuell\/newsflash-de\/nachrichten-29-04-2019-id633107.html#primaryimage"},"thumbnailUrl":"https:\/\/www.rri.ro\/wp-content\/uploads\/2023\/10\/stiri-germana-ok2-2.png","keywords":["Europ\u00e4ische Investitionsbank","Klaus Iohannis","Landwirte","Ostern","Verteidigungsminister Gabriel Le\u015f","Veteranentag"],"articleSection":["Newsflash"],"inLanguage":"de"},{"@type":"WebPage","@id":"https:\/\/www.rri.ro\/de\/aktuell\/newsflash-de\/nachrichten-29-04-2019-id633107.html","url":"https:\/\/www.rri.ro\/de\/aktuell\/newsflash-de\/nachrichten-29-04-2019-id633107.html","name":"Nachrichten 29.04.2019 - Radio Rum\u00e4nien International","isPartOf":{"@id":"https:\/\/www.rri.ro\/#website"},"primaryImageOfPage":{"@id":"https:\/\/www.rri.ro\/de\/aktuell\/newsflash-de\/nachrichten-29-04-2019-id633107.html#primaryimage"},"image":{"@id":"https:\/\/www.rri.ro\/de\/aktuell\/newsflash-de\/nachrichten-29-04-2019-id633107.html#primaryimage"},"thumbnailUrl":"https:\/\/www.rri.ro\/wp-content\/uploads\/2023\/10\/stiri-germana-ok2-2.png","datePublished":"2019-04-29T11:25:00+00:00","author":{"@id":"https:\/\/www.rri.ro\/#\/schema\/person\/4a479940371b9fdefd194f561e8a7f88"},"breadcrumb":{"@id":"https:\/\/www.rri.ro\/de\/aktuell\/newsflash-de\/nachrichten-29-04-2019-id633107.html#breadcrumb"},"inLanguage":"de","potentialAction":[{"@type":"ReadAction","target":["https:\/\/www.rri.ro\/de\/aktuell\/newsflash-de\/nachrichten-29-04-2019-id633107.html"]}]},{"@type":"ImageObject","inLanguage":"de","@id":"https:\/\/www.rri.ro\/de\/aktuell\/newsflash-de\/nachrichten-29-04-2019-id633107.html#primaryimage","url":"https:\/\/www.rri.ro\/wp-content\/uploads\/2023\/10\/stiri-germana-ok2-2.png","contentUrl":"https:\/\/www.rri.ro\/wp-content\/uploads\/2023\/10\/stiri-germana-ok2-2.png","width":640,"height":427},{"@type":"BreadcrumbList","@id":"https:\/\/www.rri.ro\/de\/aktuell\/newsflash-de\/nachrichten-29-04-2019-id633107.html#breadcrumb","itemListElement":[{"@type":"ListItem","position":1,"name":"Startseite","item":"https:\/\/www.rri.ro\/de"},{"@type":"ListItem","position":2,"name":"Aktuell","item":"https:\/\/www.rri.ro\/de\/aktuell"},{"@type":"ListItem","position":3,"name":"Newsflash","item":"https:\/\/www.rri.ro\/de\/aktuell\/newsflash-de"},{"@type":"ListItem","position":4,"name":"Nachrichten 29.04.2019"}]},{"@type":"WebSite","@id":"https:\/\/www.rri.ro\/#website","url":"https:\/\/www.rri.ro\/","name":"Radio Rum\u00e4nien International","description":"Totul despre Rom\u00e2nia \u015fi rom\u00e2ni, \u00een 13 limbi\/dialecte!","inLanguage":"de"},{"@type":"Person","@id":"https:\/\/www.rri.ro\/#\/schema\/person\/4a479940371b9fdefd194f561e8a7f88","name":"Newsroom","url":"https:\/\/www.rri.ro\/de\/author\/newsroom"}]}},"_links":{"self":[{"href":"https:\/\/www.rri.ro\/de\/wp-json\/wp\/v2\/posts\/633107","targetHints":{"allow":["GET"]}}],"collection":[{"href":"https:\/\/www.rri.ro\/de\/wp-json\/wp\/v2\/posts"}],"about":[{"href":"https:\/\/www.rri.ro\/de\/wp-json\/wp\/v2\/types\/post"}],"author":[{"embeddable":true,"href":"https:\/\/www.rri.ro\/de\/wp-json\/wp\/v2\/users\/113"}],"replies":[{"embeddable":true,"href":"https:\/\/www.rri.ro\/de\/wp-json\/wp\/v2\/comments?post=633107"}],"version-history":[{"count":0,"href":"https:\/\/www.rri.ro\/de\/wp-json\/wp\/v2\/posts\/633107\/revisions"}],"wp:featuredmedia":[{"embeddable":true,"href":"https:\/\/www.rri.ro\/de\/wp-json\/wp\/v2\/media\/460330"}],"wp:attachment":[{"href":"https:\/\/www.rri.ro\/de\/wp-json\/wp\/v2\/media?parent=633107"}],"wp:term":[{"taxonomy":"category","embeddable":true,"href":"https:\/\/www.rri.ro\/de\/wp-json\/wp\/v2\/categories?post=633107"},{"taxonomy":"post_tag","embeddable":true,"href":"https:\/\/www.rri.ro\/de\/wp-json\/wp\/v2\/tags?post=633107"},{"taxonomy":"author","embeddable":true,"href":"https:\/\/www.rri.ro\/de\/wp-json\/wp\/v2\/coauthors?post=633107"}],"curies":[{"name":"wp","href":"https:\/\/api.w.org\/{rel}","templated":true}]}}