{"id":633108,"date":"2019-04-30T17:28:00","date_gmt":"2019-04-30T14:28:00","guid":{"rendered":"http:\/\/devrri.freshlemon.ro\/aktuell\/nachrichten-30-04-2019-id633108.html"},"modified":"2019-04-30T17:28:00","modified_gmt":"2019-04-30T14:28:00","slug":"nachrichten-30-04-2019","status":"publish","type":"post","link":"https:\/\/www.rri.ro\/de\/aktuell\/newsflash-de\/nachrichten-30-04-2019-id633108.html","title":{"rendered":"Nachrichten 30.04.2019"},"content":{"rendered":"<p><strong>Bukarest:<\/strong> Vor genau 162 Jahren ist in der rum\u00e4nischen Haupsttadt  die \u00f6ffentliche Beleuchtung mit Kerosinlampen eingef\u00fchrt worden &#8211; am 30. April 1857 wurde Bukarest zur ersten Stadt der Welt mit einer solchen Beleuchtung. Historikern zufolge wurde das Kerosin in der ersten industriellen Raffinerie, der Gasfabrik in Ploiesti, hergestellt. 14 Jahre sp\u00e4ter, 1871, hatte Bukarest \u00fcber 785 Kerosinlampen. Zu Beginn des 20. Jahrhunderts hatte die Stadt \u00fcber 3.000 Kerosinlampen, 990 Mineral\u00f6llampen, 400 Erdgaslampen und 200 elektrische Lampen.<\/p>\n<p>&#13;<br \/>\n&#13;<\/p>\n<p>&#13;<br \/>\n&#13;<\/p>\n<p><strong>Bukarest:<\/strong> Hunderttausende Rum\u00e4nen haben sich online registriert, um an den Messen teilzunehmen, die Papst Franziskus bei seinem Besuch zelebrieren wird. Erwartet werden Gl\u00e4ubige aus dem benachbarten Ungarn, Serbien und der Ukraine, au\u00dferdem Pilger aus L\u00e4ndern wie Pakistan, Ruanda, S\u00fcdafrika, Niger, Madagaskar, Australien, Israel, Kanada oder Namibia. Papst Franziskus wird einen dreit\u00e4gigen apostolischen Besuch unternehmen, der am 31. Mai beginnt. Er wurde von Pr\u00e4sident Klaus Iohannis und der hiesige katholischen Kirche eingeladen. Der Papst besucht Iasi, eine Gro\u00dfstadt mit einer bedeutenden r\u00f6misch-katholischen Bev\u00f6lkerung, sowie Blaj, die spirituelle Hauptstadt der rum\u00e4nischen griechischen Katholiken. Dort wird der Papst sieben Bisch\u00f6fe seligsprechen, die in kommunistischen politischen Gef\u00e4ngnissen ums Leben kamen. Der Papst wird zudem das Franziskanische Heiligtum in der mehrheitlich ungarischen Ortschaft Sumuleu Ciuc weihen. 1999 war Rum\u00e4nien das erste Land mit einer orthodoxen Mehrheit, das von einem Papst \u2013 damals Johannes Paul dem 2. &#8211; besucht wurde.<\/p>\n<p>&#13;<br \/>\n&#13;<\/p>\n<p>&#13;<br \/>\n&#13;<\/p>\n<p><strong>Bukarest:<\/strong> Die stellvertretende Premierministerin und kommissarische Justizministerin Ana Birchall hat das Verfahren zur Auswahl eines neuen Generalstaatsanwalts in Rum\u00e4nien sowie das Verfahren zur Auswahl des stellvertretenden Staatsanwalt bei Eurojust ausgesetzt. Sie sagte, dass die Verfahren bald wieder aufgenommen werden. Am 10. April k\u00fcndigte der damalige Justizminister ein neues Auswahlverfahren f\u00fcr das Amt des Generalstaatsanwalts an, nachdem er alle vier Kandidaten abgelehnt hatte. Laut Gesetz leitet der Minister die Vorschl\u00e4ge f\u00fcr Generalstaatsanw\u00e4lte weiter, diese sind dann vom Obersten Magistratenrat und von Pr\u00e4sident Iohannis zu genehmigen.<\/p>\n<p>&#13;<br \/>\n&#13;<\/p>\n<p>&#13;<br \/>\n&#13;<\/p>\n<p><strong>Bukarest:<\/strong> In Rum\u00e4nien geht der Wahlkampf f\u00fcr das Europ\u00e4ische Parlament weiter. 13 parlamentarische und au\u00dferparlamentarische Parteien sowie 3 parteifreie Kandidaten sind im Rennen. Die gr\u00f6\u00dften Chancen haben die Kr\u00e4fte der Regierungskoalition \u2013 die Sozialdemokratische Partei und die Allianz Liberale und Demokraten. Gut aufgestellt sind auch die Nationale Liberale Partei sowie die Allianz zwischen der Union Rettet Rum\u00e4nien und der Partei PLUS. Rum\u00e4nien wird 33 Europaabgeordnete nach Br\u00fcssel schicken, doch der 33. Abgeordnete kann sein Amt erst nach Inkrafttreten des Brexits \u00fcbernehmen. Rum\u00e4nen im Ausland d\u00fcrfen in 441 Wahllokalen abstimmen,  die meisten davon sind in Italien, Spanien und in der Rep. Moldau eingerichtet worden. Am selben Tag soll die rum\u00e4nischen B\u00fcrger bei einem Referendum \u00fcber die Justizpolitik abstimmen, das von Pr\u00e4sident Klaus Iohannis einberufen wurde.<\/p>\n<p>&#13;<br \/>\n&#13;<\/p>\n<p>&#13;<br \/>\n&#13;<\/p>\n<p><strong>Sport:<\/strong> Die rum\u00e4nische Tennisspielerin Ana Bogdan hat sich f\u00fcr das Achtelfinale des WTA-Turniers in der marokkanischen Hauptstadt Rabat mit einem Preisgeld von insgesamt einer Viertelmillion Dollar qualifiziert. Sie besiegte die franz\u00f6sische Spielerin Alize Cornet. Ihre n\u00e4chste Gegnerin sind die Britin Johanna Konta und gegenbenenfalls die Chinesin Yafan Wang.<\/p>\n<p>&#13;<\/p>\n","protected":false},"excerpt":{"rendered":"<p>Bukarest: Vor genau 162 Jahren ist in der rum\u00e4nischen Haupsttadt die \u00f6ffentliche Beleuchtung mit Kerosinlampen eingef\u00fchrt worden &#8211; am 30. April 1857 wurde Bukarest zur ersten Stadt der Welt mit einer solchen Beleuchtung. Historikern zufolge wurde das Kerosin in der ersten industriellen Raffinerie, der Gasfabrik in Ploiesti, hergestellt. 14 Jahre sp\u00e4ter, 1871, hatte Bukarest \u00fcber [&hellip;]<\/p>\n","protected":false},"author":113,"featured_media":460330,"comment_status":"closed","ping_status":"closed","sticky":false,"template":"","format":"standard","meta":{"_acf_changed":false,"footnotes":""},"categories":[116753],"tags":[104621,126954,126953,100773,126955,101299],"coauthors":[],"class_list":["post-633108","post","type-post","status-publish","format-standard","has-post-thumbnail","hentry","category-newsflash-de","tag-europaeische-parlament","tag-generalstaatsanwaelte","tag-oeffeana-birchalntliche-beleuchtung","tag-papst-franziskus","tag-tennisspielerin-ana-bogdan","tag-wahlkampf"],"acf":[],"yoast_head":"<!-- This site is optimized with the Yoast SEO plugin v27.3 - https:\/\/yoast.com\/product\/yoast-seo-wordpress\/ -->\n<title>Nachrichten 30.04.2019 - Radio Rum\u00e4nien International<\/title>\n<meta name=\"robots\" content=\"index, follow, max-snippet:-1, max-image-preview:large, max-video-preview:-1\" \/>\n<link rel=\"canonical\" href=\"https:\/\/www.rri.ro\/de\/aktuell\/newsflash-de\/nachrichten-30-04-2019-id633108.html\" \/>\n<meta property=\"og:locale\" content=\"de_DE\" \/>\n<meta property=\"og:type\" content=\"article\" \/>\n<meta property=\"og:title\" content=\"Nachrichten 30.04.2019 - Radio Rum\u00e4nien International\" \/>\n<meta property=\"og:description\" content=\"Bukarest: Vor genau 162 Jahren ist in der rum\u00e4nischen Haupsttadt die \u00f6ffentliche Beleuchtung mit Kerosinlampen eingef\u00fchrt worden &#8211; am 30. April 1857 wurde Bukarest zur ersten Stadt der Welt mit einer solchen Beleuchtung. Historikern zufolge wurde das Kerosin in der ersten industriellen Raffinerie, der Gasfabrik in Ploiesti, hergestellt. 14 Jahre sp\u00e4ter, 1871, hatte Bukarest \u00fcber [&hellip;]\" \/>\n<meta property=\"og:url\" content=\"https:\/\/www.rri.ro\/de\/aktuell\/newsflash-de\/nachrichten-30-04-2019-id633108.html\" \/>\n<meta property=\"og:site_name\" content=\"Radio Rum\u00e4nien International\" \/>\n<meta property=\"article:published_time\" content=\"2019-04-30T14:28:00+00:00\" \/>\n<meta property=\"og:image\" content=\"https:\/\/www.rri.ro\/wp-content\/uploads\/2023\/10\/stiri-germana-ok2-2.png\" \/>\n\t<meta property=\"og:image:width\" content=\"640\" \/>\n\t<meta property=\"og:image:height\" content=\"427\" \/>\n\t<meta property=\"og:image:type\" content=\"image\/png\" \/>\n<meta name=\"author\" content=\"Newsroom\" \/>\n<meta name=\"twitter:card\" content=\"summary_large_image\" \/>\n<meta name=\"twitter:label1\" content=\"Verfasst von\" \/>\n\t<meta name=\"twitter:data1\" content=\"Newsroom\" \/>\n\t<meta name=\"twitter:label2\" content=\"Gesch\u00e4tzte Lesezeit\" \/>\n\t<meta name=\"twitter:data2\" content=\"2\u00a0Minuten\" \/>\n\t<meta name=\"twitter:label3\" content=\"Written by\" \/>\n\t<meta name=\"twitter:data3\" content=\"Newsroom\" \/>\n<script type=\"application\/ld+json\" class=\"yoast-schema-graph\">{\"@context\":\"https:\\\/\\\/schema.org\",\"@graph\":[{\"@type\":\"Article\",\"@id\":\"https:\\\/\\\/www.rri.ro\\\/de\\\/aktuell\\\/newsflash-de\\\/nachrichten-30-04-2019-id633108.html#article\",\"isPartOf\":{\"@id\":\"https:\\\/\\\/www.rri.ro\\\/de\\\/aktuell\\\/newsflash-de\\\/nachrichten-30-04-2019-id633108.html\"},\"author\":{\"name\":\"Newsroom\",\"@id\":\"https:\\\/\\\/www.rri.ro\\\/#\\\/schema\\\/person\\\/4a479940371b9fdefd194f561e8a7f88\"},\"headline\":\"Nachrichten 30.04.2019\",\"datePublished\":\"2019-04-30T14:28:00+00:00\",\"mainEntityOfPage\":{\"@id\":\"https:\\\/\\\/www.rri.ro\\\/de\\\/aktuell\\\/newsflash-de\\\/nachrichten-30-04-2019-id633108.html\"},\"wordCount\":498,\"image\":{\"@id\":\"https:\\\/\\\/www.rri.ro\\\/de\\\/aktuell\\\/newsflash-de\\\/nachrichten-30-04-2019-id633108.html#primaryimage\"},\"thumbnailUrl\":\"https:\\\/\\\/www.rri.ro\\\/wp-content\\\/uploads\\\/2023\\\/10\\\/stiri-germana-ok2-2.png\",\"keywords\":[\"Europ\u00e4ische Parlament\",\"Generalstaatsanw\u00e4lte\",\"\u00f6ffeAna Birchalntliche Beleuchtung\",\"Papst Franziskus\",\"Tennisspielerin Ana Bogdan\",\"Wahlkampf\"],\"articleSection\":[\"Newsflash\"],\"inLanguage\":\"de\"},{\"@type\":\"WebPage\",\"@id\":\"https:\\\/\\\/www.rri.ro\\\/de\\\/aktuell\\\/newsflash-de\\\/nachrichten-30-04-2019-id633108.html\",\"url\":\"https:\\\/\\\/www.rri.ro\\\/de\\\/aktuell\\\/newsflash-de\\\/nachrichten-30-04-2019-id633108.html\",\"name\":\"Nachrichten 30.04.2019 - Radio Rum\u00e4nien International\",\"isPartOf\":{\"@id\":\"https:\\\/\\\/www.rri.ro\\\/#website\"},\"primaryImageOfPage\":{\"@id\":\"https:\\\/\\\/www.rri.ro\\\/de\\\/aktuell\\\/newsflash-de\\\/nachrichten-30-04-2019-id633108.html#primaryimage\"},\"image\":{\"@id\":\"https:\\\/\\\/www.rri.ro\\\/de\\\/aktuell\\\/newsflash-de\\\/nachrichten-30-04-2019-id633108.html#primaryimage\"},\"thumbnailUrl\":\"https:\\\/\\\/www.rri.ro\\\/wp-content\\\/uploads\\\/2023\\\/10\\\/stiri-germana-ok2-2.png\",\"datePublished\":\"2019-04-30T14:28:00+00:00\",\"author\":{\"@id\":\"https:\\\/\\\/www.rri.ro\\\/#\\\/schema\\\/person\\\/4a479940371b9fdefd194f561e8a7f88\"},\"breadcrumb\":{\"@id\":\"https:\\\/\\\/www.rri.ro\\\/de\\\/aktuell\\\/newsflash-de\\\/nachrichten-30-04-2019-id633108.html#breadcrumb\"},\"inLanguage\":\"de\",\"potentialAction\":[{\"@type\":\"ReadAction\",\"target\":[\"https:\\\/\\\/www.rri.ro\\\/de\\\/aktuell\\\/newsflash-de\\\/nachrichten-30-04-2019-id633108.html\"]}]},{\"@type\":\"ImageObject\",\"inLanguage\":\"de\",\"@id\":\"https:\\\/\\\/www.rri.ro\\\/de\\\/aktuell\\\/newsflash-de\\\/nachrichten-30-04-2019-id633108.html#primaryimage\",\"url\":\"https:\\\/\\\/www.rri.ro\\\/wp-content\\\/uploads\\\/2023\\\/10\\\/stiri-germana-ok2-2.png\",\"contentUrl\":\"https:\\\/\\\/www.rri.ro\\\/wp-content\\\/uploads\\\/2023\\\/10\\\/stiri-germana-ok2-2.png\",\"width\":640,\"height\":427},{\"@type\":\"BreadcrumbList\",\"@id\":\"https:\\\/\\\/www.rri.ro\\\/de\\\/aktuell\\\/newsflash-de\\\/nachrichten-30-04-2019-id633108.html#breadcrumb\",\"itemListElement\":[{\"@type\":\"ListItem\",\"position\":1,\"name\":\"Startseite\",\"item\":\"https:\\\/\\\/www.rri.ro\\\/de\"},{\"@type\":\"ListItem\",\"position\":2,\"name\":\"Aktuell\",\"item\":\"https:\\\/\\\/www.rri.ro\\\/de\\\/aktuell\"},{\"@type\":\"ListItem\",\"position\":3,\"name\":\"Newsflash\",\"item\":\"https:\\\/\\\/www.rri.ro\\\/de\\\/aktuell\\\/newsflash-de\"},{\"@type\":\"ListItem\",\"position\":4,\"name\":\"Nachrichten 30.04.2019\"}]},{\"@type\":\"WebSite\",\"@id\":\"https:\\\/\\\/www.rri.ro\\\/#website\",\"url\":\"https:\\\/\\\/www.rri.ro\\\/\",\"name\":\"Radio Rum\u00e4nien International\",\"description\":\"Totul despre Rom\u00e2nia \u015fi rom\u00e2ni, \u00een 13 limbi\\\/dialecte!\",\"inLanguage\":\"de\"},{\"@type\":\"Person\",\"@id\":\"https:\\\/\\\/www.rri.ro\\\/#\\\/schema\\\/person\\\/4a479940371b9fdefd194f561e8a7f88\",\"name\":\"Newsroom\",\"url\":\"https:\\\/\\\/www.rri.ro\\\/de\\\/author\\\/newsroom\"}]}<\/script>\n<!-- \/ Yoast SEO plugin. -->","yoast_head_json":{"title":"Nachrichten 30.04.2019 - Radio Rum\u00e4nien International","robots":{"index":"index","follow":"follow","max-snippet":"max-snippet:-1","max-image-preview":"max-image-preview:large","max-video-preview":"max-video-preview:-1"},"canonical":"https:\/\/www.rri.ro\/de\/aktuell\/newsflash-de\/nachrichten-30-04-2019-id633108.html","og_locale":"de_DE","og_type":"article","og_title":"Nachrichten 30.04.2019 - Radio Rum\u00e4nien International","og_description":"Bukarest: Vor genau 162 Jahren ist in der rum\u00e4nischen Haupsttadt die \u00f6ffentliche Beleuchtung mit Kerosinlampen eingef\u00fchrt worden &#8211; am 30. April 1857 wurde Bukarest zur ersten Stadt der Welt mit einer solchen Beleuchtung. Historikern zufolge wurde das Kerosin in der ersten industriellen Raffinerie, der Gasfabrik in Ploiesti, hergestellt. 14 Jahre sp\u00e4ter, 1871, hatte Bukarest \u00fcber [&hellip;]","og_url":"https:\/\/www.rri.ro\/de\/aktuell\/newsflash-de\/nachrichten-30-04-2019-id633108.html","og_site_name":"Radio Rum\u00e4nien International","article_published_time":"2019-04-30T14:28:00+00:00","og_image":[{"width":640,"height":427,"url":"https:\/\/www.rri.ro\/wp-content\/uploads\/2023\/10\/stiri-germana-ok2-2.png","type":"image\/png"}],"author":"Newsroom","twitter_card":"summary_large_image","twitter_misc":{"Verfasst von":"Newsroom","Gesch\u00e4tzte Lesezeit":"2\u00a0Minuten","Written by":"Newsroom"},"schema":{"@context":"https:\/\/schema.org","@graph":[{"@type":"Article","@id":"https:\/\/www.rri.ro\/de\/aktuell\/newsflash-de\/nachrichten-30-04-2019-id633108.html#article","isPartOf":{"@id":"https:\/\/www.rri.ro\/de\/aktuell\/newsflash-de\/nachrichten-30-04-2019-id633108.html"},"author":{"name":"Newsroom","@id":"https:\/\/www.rri.ro\/#\/schema\/person\/4a479940371b9fdefd194f561e8a7f88"},"headline":"Nachrichten 30.04.2019","datePublished":"2019-04-30T14:28:00+00:00","mainEntityOfPage":{"@id":"https:\/\/www.rri.ro\/de\/aktuell\/newsflash-de\/nachrichten-30-04-2019-id633108.html"},"wordCount":498,"image":{"@id":"https:\/\/www.rri.ro\/de\/aktuell\/newsflash-de\/nachrichten-30-04-2019-id633108.html#primaryimage"},"thumbnailUrl":"https:\/\/www.rri.ro\/wp-content\/uploads\/2023\/10\/stiri-germana-ok2-2.png","keywords":["Europ\u00e4ische Parlament","Generalstaatsanw\u00e4lte","\u00f6ffeAna Birchalntliche Beleuchtung","Papst Franziskus","Tennisspielerin Ana Bogdan","Wahlkampf"],"articleSection":["Newsflash"],"inLanguage":"de"},{"@type":"WebPage","@id":"https:\/\/www.rri.ro\/de\/aktuell\/newsflash-de\/nachrichten-30-04-2019-id633108.html","url":"https:\/\/www.rri.ro\/de\/aktuell\/newsflash-de\/nachrichten-30-04-2019-id633108.html","name":"Nachrichten 30.04.2019 - Radio Rum\u00e4nien International","isPartOf":{"@id":"https:\/\/www.rri.ro\/#website"},"primaryImageOfPage":{"@id":"https:\/\/www.rri.ro\/de\/aktuell\/newsflash-de\/nachrichten-30-04-2019-id633108.html#primaryimage"},"image":{"@id":"https:\/\/www.rri.ro\/de\/aktuell\/newsflash-de\/nachrichten-30-04-2019-id633108.html#primaryimage"},"thumbnailUrl":"https:\/\/www.rri.ro\/wp-content\/uploads\/2023\/10\/stiri-germana-ok2-2.png","datePublished":"2019-04-30T14:28:00+00:00","author":{"@id":"https:\/\/www.rri.ro\/#\/schema\/person\/4a479940371b9fdefd194f561e8a7f88"},"breadcrumb":{"@id":"https:\/\/www.rri.ro\/de\/aktuell\/newsflash-de\/nachrichten-30-04-2019-id633108.html#breadcrumb"},"inLanguage":"de","potentialAction":[{"@type":"ReadAction","target":["https:\/\/www.rri.ro\/de\/aktuell\/newsflash-de\/nachrichten-30-04-2019-id633108.html"]}]},{"@type":"ImageObject","inLanguage":"de","@id":"https:\/\/www.rri.ro\/de\/aktuell\/newsflash-de\/nachrichten-30-04-2019-id633108.html#primaryimage","url":"https:\/\/www.rri.ro\/wp-content\/uploads\/2023\/10\/stiri-germana-ok2-2.png","contentUrl":"https:\/\/www.rri.ro\/wp-content\/uploads\/2023\/10\/stiri-germana-ok2-2.png","width":640,"height":427},{"@type":"BreadcrumbList","@id":"https:\/\/www.rri.ro\/de\/aktuell\/newsflash-de\/nachrichten-30-04-2019-id633108.html#breadcrumb","itemListElement":[{"@type":"ListItem","position":1,"name":"Startseite","item":"https:\/\/www.rri.ro\/de"},{"@type":"ListItem","position":2,"name":"Aktuell","item":"https:\/\/www.rri.ro\/de\/aktuell"},{"@type":"ListItem","position":3,"name":"Newsflash","item":"https:\/\/www.rri.ro\/de\/aktuell\/newsflash-de"},{"@type":"ListItem","position":4,"name":"Nachrichten 30.04.2019"}]},{"@type":"WebSite","@id":"https:\/\/www.rri.ro\/#website","url":"https:\/\/www.rri.ro\/","name":"Radio Rum\u00e4nien International","description":"Totul despre Rom\u00e2nia \u015fi rom\u00e2ni, \u00een 13 limbi\/dialecte!","inLanguage":"de"},{"@type":"Person","@id":"https:\/\/www.rri.ro\/#\/schema\/person\/4a479940371b9fdefd194f561e8a7f88","name":"Newsroom","url":"https:\/\/www.rri.ro\/de\/author\/newsroom"}]}},"_links":{"self":[{"href":"https:\/\/www.rri.ro\/de\/wp-json\/wp\/v2\/posts\/633108","targetHints":{"allow":["GET"]}}],"collection":[{"href":"https:\/\/www.rri.ro\/de\/wp-json\/wp\/v2\/posts"}],"about":[{"href":"https:\/\/www.rri.ro\/de\/wp-json\/wp\/v2\/types\/post"}],"author":[{"embeddable":true,"href":"https:\/\/www.rri.ro\/de\/wp-json\/wp\/v2\/users\/113"}],"replies":[{"embeddable":true,"href":"https:\/\/www.rri.ro\/de\/wp-json\/wp\/v2\/comments?post=633108"}],"version-history":[{"count":0,"href":"https:\/\/www.rri.ro\/de\/wp-json\/wp\/v2\/posts\/633108\/revisions"}],"wp:featuredmedia":[{"embeddable":true,"href":"https:\/\/www.rri.ro\/de\/wp-json\/wp\/v2\/media\/460330"}],"wp:attachment":[{"href":"https:\/\/www.rri.ro\/de\/wp-json\/wp\/v2\/media?parent=633108"}],"wp:term":[{"taxonomy":"category","embeddable":true,"href":"https:\/\/www.rri.ro\/de\/wp-json\/wp\/v2\/categories?post=633108"},{"taxonomy":"post_tag","embeddable":true,"href":"https:\/\/www.rri.ro\/de\/wp-json\/wp\/v2\/tags?post=633108"},{"taxonomy":"author","embeddable":true,"href":"https:\/\/www.rri.ro\/de\/wp-json\/wp\/v2\/coauthors?post=633108"}],"curies":[{"name":"wp","href":"https:\/\/api.w.org\/{rel}","templated":true}]}}