{"id":633110,"date":"2019-05-01T16:42:00","date_gmt":"2019-05-01T13:42:00","guid":{"rendered":"http:\/\/devrri.freshlemon.ro\/aktuell\/nachrichten-01-05-2019-id633110.html"},"modified":"2019-05-01T16:42:00","modified_gmt":"2019-05-01T13:42:00","slug":"nachrichten-01-05-2019","status":"publish","type":"post","link":"https:\/\/www.rri.ro\/de\/aktuell\/newsflash-de\/nachrichten-01-05-2019-id633110.html","title":{"rendered":"Nachrichten 01.05.2019"},"content":{"rendered":"<p>Unmittelbar nach den orthodoxen Ostern stehen in Rum\u00e4nien wieder einige freie Tage an: der 1. Mai ist der Internationale Tag der Arbeit und viele haben deshalb dienstfrei. Wer clever plante, konnte sich so einen Urlaub von etwa 10 Tagen basteln. F\u00fcr diese Miniferien \u00fcber die Osterfeiertage und den 1. Mai fahren Menschen an die Schwarzmeerk\u00fcste, ins Donaudelta, ins Gebirge aber auch ins Ausland. Leider spielte das Wetter nicht \u00fcberall mit: Acht Landkreise im S\u00fcden des Landes und die Hauptstadt Bukarest wurden am Dienstag von St\u00fcrmen und sintflutartigen Regenf\u00e4llen heimgesucht. Mehr als 1.000 Feuerwehrleute wurden eingesetzt, um der Bev\u00f6lkerung und den \u00f6rtlichen Beh\u00f6rden zu helfen, indem sie das Wasser aus den Kellern \u00f6ffentlicher Geb\u00e4ude und Privath\u00e4user pumpen und die vom Wind niedergerissenen Strommasten und B\u00e4ume entfernen. Im Kreis Calarasi, im S\u00fcden, kippte bei einem Tornado mittlerer Intensit\u00e4t ein Bus um und st\u00fcrzte in ein nahes Feld. 12 Personen wurden verletzt. Auch die D\u00e4cher von rund 20 H\u00e4usern wurden abgerissen. Am Mittwoch wurde Windwarnung Stufe gelb in 18 Kreisen und in Bukarest ausgegeben.<\/p>\n<p>&#13;<br \/>\n&#13;<\/p>\n<p>&#13;<br \/>\n&#13;<\/p>\n<p>Die rum\u00e4nische Premierministerin Viorica Dancila befindet sich auf einem zweit\u00e4gigen Besuch in Polen. Sie nimmt an einer Konferenz der Regierungschefs der mittel- und osteurop\u00e4ischen Staaten teil, die der Europ\u00e4ischen Union nach 2004 beigetreten sind, n\u00e4mlich Bulgarien, Tschechien, Kroatien, Estland, Lettland, Litauen, Malta, Rum\u00e4nien, Slowakei und Ungarn. Am Donnerstag nimmt Dancila am Internationalen Marsch des Lebens teil, einer j\u00e4hrlichen Bildungsveranstaltung mit einem Gang von Auschwitz nach Birkenau, zwei nationalsozialistischen Vernichtungslagern. In Birkenau wird Viorica Dancila zusammen mit anderen internationalen F\u00fchrungskr\u00e4ften, Regierungsvertretern und Vertretern von Konfessionen, Studentenorganisationen und Kindern an einer Gedenkveranstaltung teilnehmen.<\/p>\n<p>&#13;<br \/>\n&#13;<\/p>\n<p>&#13;<br \/>\n&#13;<\/p>\n<p>Am Freitag ist der rum\u00e4nische Pr\u00e4sident Klaus Iohannis als Ehrengast zu der vom Europ\u00e4ischen Hochschulinstitut in Florenz organisierten Konferenz zur Lage der EU eingeladen. Seine Teilnahme steht im Zusammenhang mit der \u00dcbernahme der Pr\u00e4sidentschaft des Rates der Europ\u00e4ischen Union durch Rum\u00e4nien. Das Thema der diesj\u00e4hrigen Konferenz ist die Demokratie in Europa im 21. Jahrhundert angesichts der bevorstehenden Wahlen zum Europ\u00e4ischen Parlament. In Florenz wird Pr\u00e4sident Iohannis auch mit dem italienischen Ministerpr\u00e4sidenten Giuseppe Conte zusammentreffen.<\/p>\n<p>&#13;<br \/>\n&#13;<\/p>\n<p>&#13;<br \/>\n&#13;<\/p>\n<p>Die Bewahrerin der rum\u00e4nischen Krone, Margareta, hat Kaiser Naruhito zu seiner Thronfolge in Japan gratuliert und ihm viel Erfolg bei seiner wichtigen Mission im Dienste seines Volkes gew\u00fcnscht. Prinzessin Margareta hat Kaiser Naruhito in den letzten 15 Jahren dreimal getroffen. Rum\u00e4nien und Japan nahmen diplomatische Beziehungen  1917 auf, w\u00e4hrend der Herrschaft von K\u00f6nig Ferdinand I. bzw Kaiser Yoshihito. Der erste k\u00f6nigliche Besuch Rum\u00e4niens in Japan fand 1920 statt, als Kronprinz Carol Tokio besuchte. Japans neuer Kaiser, Naruhito, 59 Jahre alt, bestieg am 1. Mai den Thron, nachdem sein Vater Akihito, 85 Jahre alt, einen Tag zuvor abgedankt war. Naruhito ist der 126. Kaiser in der Geschichte Japans und markiert den Beginn einer neuen Reiwa-\u00c4ra. Japan ist die \u00e4lteste noch bestehende Erbmonarchie der Welt, die 2.600 Jahre alt ist.<\/p>\n<p>&#13;<br \/>\n&#13;<\/p>\n<p>&#13;<br \/>\n&#13;<\/p>\n<p>Hunderttausende Rum\u00e4nen haben sich online registriert, um an den Messen teilzunehmen, die Papst Franziskus bei seinem Besuch zelebrieren wird. Die Registrierungsfrist wurde bis zum 15. Mai verl\u00e4ngert. Allein in Bukarest werden zur Messe im Josefsdom rund 40.000 Menschen erwartet. Papst Franziskus wird einen dreit\u00e4gigen apostolischen Besuch unternehmen, der am 31. Mai beginnt. Der Papst besucht au\u200e\u00dfer Bukarest noch Iasi, eine Gro\u200e\u00dfstadt mit einer bedeutenden r\u00f6misch-katholischen Bev\u00f6lkerung, sowie Blaj, die spirituelle Hauptstadt der rum\u00e4nischen griechischen Katholiken. Dort wird der Papst sieben Bisch\u00f6fe seligsprechen, die in kommunistischen politischen Gef\u00e4ngnissen ums Leben kamen. Der Papst wird zudem das Franziskanische Heiligtum in der mehrheitlich ungarischen bewohnte Ortschaft Sumuleu Ciuc in Siebenb\u00fcrgen weihen. 1999 war Rum\u00e4nien das erste Land mit einer orthodoxen Mehrheit, das von einem Papst &#8212; damals Johannes Paul dem 2. &#8211; besucht wurde.<\/p>\n<p>&#13;<br \/>\n&#13;<\/p>\n<p>&#13;<br \/>\n&#13;<\/p>\n<p>&#13;<br \/>\n&#13;<\/p>\n<p>&#13;<\/p>\n","protected":false},"excerpt":{"rendered":"<p>Die wichtigsten Meldungen im \u00dcberblick<\/p>\n","protected":false},"author":113,"featured_media":460330,"comment_status":"closed","ping_status":"closed","sticky":false,"template":"","format":"standard","meta":{"_acf_changed":false,"footnotes":""},"categories":[116753],"tags":[103047,85517,104631,99802,102114,104317,99589],"coauthors":[],"class_list":["post-633110","post","type-post","status-publish","format-standard","has-post-thumbnail","hentry","category-newsflash-de","tag-ferien","tag-monarchie","tag-papst","tag-polen","tag-praesident","tag-premierministerin","tag-rumaenien"],"acf":[],"yoast_head":"<!-- This site is optimized with the Yoast SEO plugin v27.5 - https:\/\/yoast.com\/product\/yoast-seo-wordpress\/ -->\n<title>Nachrichten 01.05.2019 - Radio Rum\u00e4nien International<\/title>\n<meta name=\"robots\" content=\"index, follow, max-snippet:-1, max-image-preview:large, max-video-preview:-1\" \/>\n<link rel=\"canonical\" href=\"https:\/\/www.rri.ro\/de\/aktuell\/newsflash-de\/nachrichten-01-05-2019-id633110.html\" \/>\n<meta property=\"og:locale\" content=\"de_DE\" \/>\n<meta property=\"og:type\" content=\"article\" \/>\n<meta property=\"og:title\" content=\"Nachrichten 01.05.2019 - Radio Rum\u00e4nien International\" \/>\n<meta property=\"og:description\" content=\"Die wichtigsten Meldungen im \u00dcberblick\" \/>\n<meta property=\"og:url\" content=\"https:\/\/www.rri.ro\/de\/aktuell\/newsflash-de\/nachrichten-01-05-2019-id633110.html\" \/>\n<meta property=\"og:site_name\" content=\"Radio Rum\u00e4nien International\" \/>\n<meta property=\"article:published_time\" content=\"2019-05-01T13:42:00+00:00\" \/>\n<meta property=\"og:image\" content=\"https:\/\/www.rri.ro\/wp-content\/uploads\/2023\/10\/stiri-germana-ok2-2.png\" \/>\n\t<meta property=\"og:image:width\" content=\"640\" \/>\n\t<meta property=\"og:image:height\" content=\"427\" \/>\n\t<meta property=\"og:image:type\" content=\"image\/png\" \/>\n<meta name=\"author\" content=\"Newsroom\" \/>\n<meta name=\"twitter:card\" content=\"summary_large_image\" \/>\n<meta name=\"twitter:label1\" content=\"Verfasst von\" \/>\n\t<meta name=\"twitter:data1\" content=\"Newsroom\" \/>\n\t<meta name=\"twitter:label2\" content=\"Gesch\u00e4tzte Lesezeit\" \/>\n\t<meta name=\"twitter:data2\" content=\"3\u00a0Minuten\" \/>\n\t<meta name=\"twitter:label3\" content=\"Written by\" \/>\n\t<meta name=\"twitter:data3\" content=\"Newsroom\" \/>\n<script type=\"application\/ld+json\" class=\"yoast-schema-graph\">{\"@context\":\"https:\\\/\\\/schema.org\",\"@graph\":[{\"@type\":\"Article\",\"@id\":\"https:\\\/\\\/www.rri.ro\\\/de\\\/aktuell\\\/newsflash-de\\\/nachrichten-01-05-2019-id633110.html#article\",\"isPartOf\":{\"@id\":\"https:\\\/\\\/www.rri.ro\\\/de\\\/aktuell\\\/newsflash-de\\\/nachrichten-01-05-2019-id633110.html\"},\"author\":{\"name\":\"Newsroom\",\"@id\":\"https:\\\/\\\/www.rri.ro\\\/#\\\/schema\\\/person\\\/4a479940371b9fdefd194f561e8a7f88\"},\"headline\":\"Nachrichten 01.05.2019\",\"datePublished\":\"2019-05-01T13:42:00+00:00\",\"mainEntityOfPage\":{\"@id\":\"https:\\\/\\\/www.rri.ro\\\/de\\\/aktuell\\\/newsflash-de\\\/nachrichten-01-05-2019-id633110.html\"},\"wordCount\":629,\"image\":{\"@id\":\"https:\\\/\\\/www.rri.ro\\\/de\\\/aktuell\\\/newsflash-de\\\/nachrichten-01-05-2019-id633110.html#primaryimage\"},\"thumbnailUrl\":\"https:\\\/\\\/www.rri.ro\\\/wp-content\\\/uploads\\\/2023\\\/10\\\/stiri-germana-ok2-2.png\",\"keywords\":[\"Ferien\",\"Monarchie\",\"Papst\",\"Polen\",\"Pr\u00e4sident\",\"Premierministerin\",\"Rum\u00e4nien\"],\"articleSection\":[\"Newsflash\"],\"inLanguage\":\"de\"},{\"@type\":\"WebPage\",\"@id\":\"https:\\\/\\\/www.rri.ro\\\/de\\\/aktuell\\\/newsflash-de\\\/nachrichten-01-05-2019-id633110.html\",\"url\":\"https:\\\/\\\/www.rri.ro\\\/de\\\/aktuell\\\/newsflash-de\\\/nachrichten-01-05-2019-id633110.html\",\"name\":\"Nachrichten 01.05.2019 - Radio Rum\u00e4nien International\",\"isPartOf\":{\"@id\":\"https:\\\/\\\/www.rri.ro\\\/#website\"},\"primaryImageOfPage\":{\"@id\":\"https:\\\/\\\/www.rri.ro\\\/de\\\/aktuell\\\/newsflash-de\\\/nachrichten-01-05-2019-id633110.html#primaryimage\"},\"image\":{\"@id\":\"https:\\\/\\\/www.rri.ro\\\/de\\\/aktuell\\\/newsflash-de\\\/nachrichten-01-05-2019-id633110.html#primaryimage\"},\"thumbnailUrl\":\"https:\\\/\\\/www.rri.ro\\\/wp-content\\\/uploads\\\/2023\\\/10\\\/stiri-germana-ok2-2.png\",\"datePublished\":\"2019-05-01T13:42:00+00:00\",\"author\":{\"@id\":\"https:\\\/\\\/www.rri.ro\\\/#\\\/schema\\\/person\\\/4a479940371b9fdefd194f561e8a7f88\"},\"breadcrumb\":{\"@id\":\"https:\\\/\\\/www.rri.ro\\\/de\\\/aktuell\\\/newsflash-de\\\/nachrichten-01-05-2019-id633110.html#breadcrumb\"},\"inLanguage\":\"de\",\"potentialAction\":[{\"@type\":\"ReadAction\",\"target\":[\"https:\\\/\\\/www.rri.ro\\\/de\\\/aktuell\\\/newsflash-de\\\/nachrichten-01-05-2019-id633110.html\"]}]},{\"@type\":\"ImageObject\",\"inLanguage\":\"de\",\"@id\":\"https:\\\/\\\/www.rri.ro\\\/de\\\/aktuell\\\/newsflash-de\\\/nachrichten-01-05-2019-id633110.html#primaryimage\",\"url\":\"https:\\\/\\\/www.rri.ro\\\/wp-content\\\/uploads\\\/2023\\\/10\\\/stiri-germana-ok2-2.png\",\"contentUrl\":\"https:\\\/\\\/www.rri.ro\\\/wp-content\\\/uploads\\\/2023\\\/10\\\/stiri-germana-ok2-2.png\",\"width\":640,\"height\":427},{\"@type\":\"BreadcrumbList\",\"@id\":\"https:\\\/\\\/www.rri.ro\\\/de\\\/aktuell\\\/newsflash-de\\\/nachrichten-01-05-2019-id633110.html#breadcrumb\",\"itemListElement\":[{\"@type\":\"ListItem\",\"position\":1,\"name\":\"Startseite\",\"item\":\"https:\\\/\\\/www.rri.ro\\\/de\"},{\"@type\":\"ListItem\",\"position\":2,\"name\":\"Aktuell\",\"item\":\"https:\\\/\\\/www.rri.ro\\\/de\\\/aktuell\"},{\"@type\":\"ListItem\",\"position\":3,\"name\":\"Newsflash\",\"item\":\"https:\\\/\\\/www.rri.ro\\\/de\\\/aktuell\\\/newsflash-de\"},{\"@type\":\"ListItem\",\"position\":4,\"name\":\"Nachrichten 01.05.2019\"}]},{\"@type\":\"WebSite\",\"@id\":\"https:\\\/\\\/www.rri.ro\\\/#website\",\"url\":\"https:\\\/\\\/www.rri.ro\\\/\",\"name\":\"Radio Rum\u00e4nien International\",\"description\":\"Totul despre Rom\u00e2nia \u015fi rom\u00e2ni, \u00een 13 limbi\\\/dialecte!\",\"inLanguage\":\"de\"},{\"@type\":\"Person\",\"@id\":\"https:\\\/\\\/www.rri.ro\\\/#\\\/schema\\\/person\\\/4a479940371b9fdefd194f561e8a7f88\",\"name\":\"Newsroom\",\"url\":\"https:\\\/\\\/www.rri.ro\\\/de\\\/author\\\/newsroom\"}]}<\/script>\n<!-- \/ Yoast SEO plugin. -->","yoast_head_json":{"title":"Nachrichten 01.05.2019 - Radio Rum\u00e4nien International","robots":{"index":"index","follow":"follow","max-snippet":"max-snippet:-1","max-image-preview":"max-image-preview:large","max-video-preview":"max-video-preview:-1"},"canonical":"https:\/\/www.rri.ro\/de\/aktuell\/newsflash-de\/nachrichten-01-05-2019-id633110.html","og_locale":"de_DE","og_type":"article","og_title":"Nachrichten 01.05.2019 - Radio Rum\u00e4nien International","og_description":"Die wichtigsten Meldungen im \u00dcberblick","og_url":"https:\/\/www.rri.ro\/de\/aktuell\/newsflash-de\/nachrichten-01-05-2019-id633110.html","og_site_name":"Radio Rum\u00e4nien International","article_published_time":"2019-05-01T13:42:00+00:00","og_image":[{"width":640,"height":427,"url":"https:\/\/www.rri.ro\/wp-content\/uploads\/2023\/10\/stiri-germana-ok2-2.png","type":"image\/png"}],"author":"Newsroom","twitter_card":"summary_large_image","twitter_misc":{"Verfasst von":"Newsroom","Gesch\u00e4tzte Lesezeit":"3\u00a0Minuten","Written by":"Newsroom"},"schema":{"@context":"https:\/\/schema.org","@graph":[{"@type":"Article","@id":"https:\/\/www.rri.ro\/de\/aktuell\/newsflash-de\/nachrichten-01-05-2019-id633110.html#article","isPartOf":{"@id":"https:\/\/www.rri.ro\/de\/aktuell\/newsflash-de\/nachrichten-01-05-2019-id633110.html"},"author":{"name":"Newsroom","@id":"https:\/\/www.rri.ro\/#\/schema\/person\/4a479940371b9fdefd194f561e8a7f88"},"headline":"Nachrichten 01.05.2019","datePublished":"2019-05-01T13:42:00+00:00","mainEntityOfPage":{"@id":"https:\/\/www.rri.ro\/de\/aktuell\/newsflash-de\/nachrichten-01-05-2019-id633110.html"},"wordCount":629,"image":{"@id":"https:\/\/www.rri.ro\/de\/aktuell\/newsflash-de\/nachrichten-01-05-2019-id633110.html#primaryimage"},"thumbnailUrl":"https:\/\/www.rri.ro\/wp-content\/uploads\/2023\/10\/stiri-germana-ok2-2.png","keywords":["Ferien","Monarchie","Papst","Polen","Pr\u00e4sident","Premierministerin","Rum\u00e4nien"],"articleSection":["Newsflash"],"inLanguage":"de"},{"@type":"WebPage","@id":"https:\/\/www.rri.ro\/de\/aktuell\/newsflash-de\/nachrichten-01-05-2019-id633110.html","url":"https:\/\/www.rri.ro\/de\/aktuell\/newsflash-de\/nachrichten-01-05-2019-id633110.html","name":"Nachrichten 01.05.2019 - Radio Rum\u00e4nien International","isPartOf":{"@id":"https:\/\/www.rri.ro\/#website"},"primaryImageOfPage":{"@id":"https:\/\/www.rri.ro\/de\/aktuell\/newsflash-de\/nachrichten-01-05-2019-id633110.html#primaryimage"},"image":{"@id":"https:\/\/www.rri.ro\/de\/aktuell\/newsflash-de\/nachrichten-01-05-2019-id633110.html#primaryimage"},"thumbnailUrl":"https:\/\/www.rri.ro\/wp-content\/uploads\/2023\/10\/stiri-germana-ok2-2.png","datePublished":"2019-05-01T13:42:00+00:00","author":{"@id":"https:\/\/www.rri.ro\/#\/schema\/person\/4a479940371b9fdefd194f561e8a7f88"},"breadcrumb":{"@id":"https:\/\/www.rri.ro\/de\/aktuell\/newsflash-de\/nachrichten-01-05-2019-id633110.html#breadcrumb"},"inLanguage":"de","potentialAction":[{"@type":"ReadAction","target":["https:\/\/www.rri.ro\/de\/aktuell\/newsflash-de\/nachrichten-01-05-2019-id633110.html"]}]},{"@type":"ImageObject","inLanguage":"de","@id":"https:\/\/www.rri.ro\/de\/aktuell\/newsflash-de\/nachrichten-01-05-2019-id633110.html#primaryimage","url":"https:\/\/www.rri.ro\/wp-content\/uploads\/2023\/10\/stiri-germana-ok2-2.png","contentUrl":"https:\/\/www.rri.ro\/wp-content\/uploads\/2023\/10\/stiri-germana-ok2-2.png","width":640,"height":427},{"@type":"BreadcrumbList","@id":"https:\/\/www.rri.ro\/de\/aktuell\/newsflash-de\/nachrichten-01-05-2019-id633110.html#breadcrumb","itemListElement":[{"@type":"ListItem","position":1,"name":"Startseite","item":"https:\/\/www.rri.ro\/de"},{"@type":"ListItem","position":2,"name":"Aktuell","item":"https:\/\/www.rri.ro\/de\/aktuell"},{"@type":"ListItem","position":3,"name":"Newsflash","item":"https:\/\/www.rri.ro\/de\/aktuell\/newsflash-de"},{"@type":"ListItem","position":4,"name":"Nachrichten 01.05.2019"}]},{"@type":"WebSite","@id":"https:\/\/www.rri.ro\/#website","url":"https:\/\/www.rri.ro\/","name":"Radio Rum\u00e4nien International","description":"Totul despre Rom\u00e2nia \u015fi rom\u00e2ni, \u00een 13 limbi\/dialecte!","inLanguage":"de"},{"@type":"Person","@id":"https:\/\/www.rri.ro\/#\/schema\/person\/4a479940371b9fdefd194f561e8a7f88","name":"Newsroom","url":"https:\/\/www.rri.ro\/de\/author\/newsroom"}]}},"_links":{"self":[{"href":"https:\/\/www.rri.ro\/de\/wp-json\/wp\/v2\/posts\/633110","targetHints":{"allow":["GET"]}}],"collection":[{"href":"https:\/\/www.rri.ro\/de\/wp-json\/wp\/v2\/posts"}],"about":[{"href":"https:\/\/www.rri.ro\/de\/wp-json\/wp\/v2\/types\/post"}],"author":[{"embeddable":true,"href":"https:\/\/www.rri.ro\/de\/wp-json\/wp\/v2\/users\/113"}],"replies":[{"embeddable":true,"href":"https:\/\/www.rri.ro\/de\/wp-json\/wp\/v2\/comments?post=633110"}],"version-history":[{"count":0,"href":"https:\/\/www.rri.ro\/de\/wp-json\/wp\/v2\/posts\/633110\/revisions"}],"wp:featuredmedia":[{"embeddable":true,"href":"https:\/\/www.rri.ro\/de\/wp-json\/wp\/v2\/media\/460330"}],"wp:attachment":[{"href":"https:\/\/www.rri.ro\/de\/wp-json\/wp\/v2\/media?parent=633110"}],"wp:term":[{"taxonomy":"category","embeddable":true,"href":"https:\/\/www.rri.ro\/de\/wp-json\/wp\/v2\/categories?post=633110"},{"taxonomy":"post_tag","embeddable":true,"href":"https:\/\/www.rri.ro\/de\/wp-json\/wp\/v2\/tags?post=633110"},{"taxonomy":"author","embeddable":true,"href":"https:\/\/www.rri.ro\/de\/wp-json\/wp\/v2\/coauthors?post=633110"}],"curies":[{"name":"wp","href":"https:\/\/api.w.org\/{rel}","templated":true}]}}