{"id":633127,"date":"2019-05-21T18:14:00","date_gmt":"2019-05-21T15:14:00","guid":{"rendered":"http:\/\/devrri.freshlemon.ro\/aktuell\/nachrichten-21-05-2019-id633127.html"},"modified":"2019-05-21T18:14:00","modified_gmt":"2019-05-21T15:14:00","slug":"nachrichten-21-05-2019","status":"publish","type":"post","link":"https:\/\/www.rri.ro\/de\/aktuell\/newsflash-de\/nachrichten-21-05-2019-id633127.html","title":{"rendered":"Nachrichten 21.05.2019"},"content":{"rendered":"<p><strong>Bukarest:<\/strong> Bukarest ist am Dienstag Veranstaltungsort f\u00fcr ein Ministertreffen zur gemeinsamen maritimen Agenda f\u00fcr das Schwarze Meer, eine Veranstaltung, die gemeinsam vom rum\u00e4nischen Au\u00dfenministerium und der Europ\u00e4ischen Kommission veranstaltet wird, gewesen. Ziel der Konferenz war, Vertreter der Anrainerl\u00e4nder Bulgarien, Georgien, Rum\u00e4nien, der Russischen F\u00f6deration, der T\u00fcrkei, der Ukraine und der Republik Moldau zusammenzubringen, die die gemeinsame maritime Agenda des Schwarzen Meeres unterst\u00fctzen sollen. Das mit Unterst\u00fctzung der Europ\u00e4ischen Kommission ausgehandelte Dokument konzentrierte sich auf T\u00e4tigkeitsbereiche, die zur nachhaltigen wirtschaftlichen Entwicklung der Region beitragen k\u00f6nnten, wobei der Schwerpunkt auf den K\u00fcstengebieten in mehreren Bereichen wie Fischerei und Aquakultur, Forschung und Innovation, Konnektivit\u00e4t, Umweltschutz, Tourismus, Bildung, Schaffung und Entwicklung von spezifischen Kompetenzen f\u00fcr die Seewirtschaft lag.<\/p>\n<p>&#13;<br \/>\n&#13;<\/p>\n<p>&#13;<br \/>\n&#13;<\/p>\n<p><strong>Bukarest:<\/strong> Eine Gelbwetterwarnung wurde f\u00fcr 24 Bezirke in Rum\u00e4nien ausgesprochen, die haupts\u00e4chlich Regenschauer, Gewitter, Orkanb\u00f6en und sogar Hagel sehen. Die maximalen Temperaturen liegen zwischen 16 und 25 Grad Celsius. 25 St\u00e4dte und D\u00f6rfer im S\u00fcden, Zentrum und Nordosten des Landes, einschlie\u00dflich der Hauptstadt Bukarest, wurden am Montagabend von den starken Regenf\u00e4llen und dem starken Wind heimgesucht. Feuerwehrleute mit den Notfallinspektionen wurden in den betroffenen Gebieten eingesetzt, um das Wasser aus den \u00fcberfluteten Gebieten zu pumpen und die umgest\u00fcrzten B\u00e4ume zu entfernen. Der Stra\u00dfenverkehr wurde in den letzten 24 Stunden durch die zerbrochenen B\u00e4ume und Erdrutsche gest\u00f6rt.<\/p>\n<p>&#13;<br \/>\n&#13;<\/p>\n<p>&#13;<br \/>\n&#13;<\/p>\n<p><strong>Bukarest:<\/strong> Im Rahmen der rum\u00e4nischen EU-Ratspr\u00e4sidentschaft hat am 20. und 21. Mai in Bukarest das informelle Treffen der Umweltminister der EU-Staaten stattgefunden. Angegangen wurden die auf europ\u00e4ischer und internationaler Ebene zu treffenden Ma\u00dfnahmen zur Schaffung des notwendigen Rahmens f\u00fcr die Reduzierung der Treibhausgasemissionen. Vorrangig ist daher die Reduzierung des Energieverbrauchs. EU-Kommissar f\u00fcr Umwelt, Fischerei und maritime Angelegenheiten Karmenu Vella gab bekannt,  dass die Europ\u00e4ische Kommission neue Leitlinien f\u00fcr die Integration der Dienste von \u00d6kosystemen in der  Verabschiedung der Entscheidungen und der gr\u00fcnen Infrastruktur billigen wird. D<em>i<\/em>e wiederverbrauchbare Wirtschaft muss abgekurbelt und eine nachhaltige Agrarpolitik gef\u00f6rdert werden. Der Kommissar erkl\u00e4rte, dass die Union durch die Zusammenarbeit zwischen den zust\u00e4ndigen Ministern wirksame Fortschritte im Umweltbereich erzielen werde. Das Thema Biodiversit\u00e4t wurde ebenfalls angesprochen, wobei Diskussionen hervorhoben, wie wichtig es ist, die Ziele der Biodiversit\u00e4t in relevante sektoralen Politiken und Strategien zu integrieren.<\/p>\n<p>&#13;<br \/>\n&#13;<\/p>\n<p>&#13;<br \/>\n<strong>Bukarest:<\/strong> Mehr als 12 hundert rum\u00e4nische und ausl\u00e4ndische Truppen haben sich an Steadfast Cobalt 2019, der gr\u00f6\u00dften NATO-Kommunikationseinheit, die in Otopeni, nahe der Hauptstadt Bukarest, durchgef\u00fchrt wurde, beteiligt. Die \u00dcbung zielte auf die gemeinsame Ausbildung der Truppen ab, um multinationale Unterst\u00fctzung bei NATO-Operationen sowie bei der Anwendung von Standardverfahren zur Interoperabilit\u00e4t der menschlichen und technischen Ressourcen leisten zu k\u00f6nnen. Die \u00dcbung soll am 2. Juni enden.<\/p>\n<p>&#13;<br \/>\n&#13;<\/p>\n<p>&#13;<br \/>\n&#13;<\/p>\n<p><strong>Kiew:<\/strong> Die stellvertretende Ministerpr\u00e4sidentin Rum\u00e4niens Ana Birchall hat am Montag in Kiew an einer Zeremonie zum Amtsantritt des gew\u00e4hlten Pr\u00e4sidenten der Ukraine Volodimir Zelenski teilgenommen. Laut einer Regierungserkl\u00e4rung hatte Ana Birchall ein bilaterales Treffen mit dem F\u00fchrer in Kiew, bei welcher Gelegenheit sie eine starke Unterst\u00fctzung f\u00fcr die Unabh\u00e4ngigkeit, Souver\u00e4nit\u00e4t und territoriale Integrit\u00e4t der Ukraine in ihren international anerkannten Grenzen bekr\u00e4ftigte. Die St\u00e4rkung der Sicherheit in der Schwarzmeerregion sei ein gemeinsames Ziel, sagte Ana Birchall. Sie sprach auch die Situation der Rechte der Personen an, die der rum\u00e4nischen Minderheit in der Ukraine angeh\u00f6ren. Die Rolle der Minderheiten sei Br\u00fccken zwischen den beiden L\u00e4ndern zu bauen. Die beiden Beamten betonten, wie wichtig es sei, L\u00f6sungen f\u00fcr die Rechte der rum\u00e4nischen Minderheit in der Ukraine zu finden. Fast 500.000 ethnische Rum\u00e4nen leben im Nachbarstaat, die meisten davon auf den von der ehemaligen Sowjetunion 1940 annektierten und 1991 von der Ukraine als Nachfolgestaat \u00fcbernommenen rum\u00e4nischen Gebieten.<\/p>\n<p>&#13;<\/p>\n","protected":false},"excerpt":{"rendered":"<p>Bukarest: Bukarest ist am Dienstag Veranstaltungsort f\u00fcr ein Ministertreffen zur gemeinsamen maritimen Agenda f\u00fcr das Schwarze Meer, eine Veranstaltung, die gemeinsam vom rum\u00e4nischen Au\u00dfenministerium und der Europ\u00e4ischen Kommission veranstaltet wird, gewesen. Ziel der Konferenz war, Vertreter der Anrainerl\u00e4nder Bulgarien, Georgien, Rum\u00e4nien, der Russischen F\u00f6deration, der T\u00fcrkei, der Ukraine und der Republik Moldau zusammenzubringen, die die [&hellip;]<\/p>\n","protected":false},"author":113,"featured_media":460330,"comment_status":"closed","ping_status":"closed","sticky":false,"template":"","format":"standard","meta":{"_acf_changed":false,"footnotes":""},"categories":[116753],"tags":[29893,127000,44530,117205,127001,100113,99963,99721,47747,103572],"coauthors":[],"class_list":["post-633127","post","type-post","status-publish","format-standard","has-post-thumbnail","hentry","category-newsflash-de","tag-ana-birchall","tag-informelles-treffen-der-umweltminister","tag-karmenu-vella","tag-ministertreffen","tag-nato-operationen","tag-schwarzes-meer","tag-truppen","tag-unwetter","tag-volodimir-zelenski","tag-warnung"],"acf":[],"yoast_head":"<!-- This site is optimized with the Yoast SEO plugin v27.3 - https:\/\/yoast.com\/product\/yoast-seo-wordpress\/ -->\n<title>Nachrichten 21.05.2019 - Radio Rum\u00e4nien International<\/title>\n<meta name=\"robots\" content=\"index, follow, max-snippet:-1, max-image-preview:large, max-video-preview:-1\" \/>\n<link rel=\"canonical\" href=\"https:\/\/www.rri.ro\/de\/aktuell\/newsflash-de\/nachrichten-21-05-2019-id633127.html\" \/>\n<meta property=\"og:locale\" content=\"de_DE\" \/>\n<meta property=\"og:type\" content=\"article\" \/>\n<meta property=\"og:title\" content=\"Nachrichten 21.05.2019 - Radio Rum\u00e4nien International\" \/>\n<meta property=\"og:description\" content=\"Bukarest: Bukarest ist am Dienstag Veranstaltungsort f\u00fcr ein Ministertreffen zur gemeinsamen maritimen Agenda f\u00fcr das Schwarze Meer, eine Veranstaltung, die gemeinsam vom rum\u00e4nischen Au\u00dfenministerium und der Europ\u00e4ischen Kommission veranstaltet wird, gewesen. Ziel der Konferenz war, Vertreter der Anrainerl\u00e4nder Bulgarien, Georgien, Rum\u00e4nien, der Russischen F\u00f6deration, der T\u00fcrkei, der Ukraine und der Republik Moldau zusammenzubringen, die die [&hellip;]\" \/>\n<meta property=\"og:url\" content=\"https:\/\/www.rri.ro\/de\/aktuell\/newsflash-de\/nachrichten-21-05-2019-id633127.html\" \/>\n<meta property=\"og:site_name\" content=\"Radio Rum\u00e4nien International\" \/>\n<meta property=\"article:published_time\" content=\"2019-05-21T15:14:00+00:00\" \/>\n<meta property=\"og:image\" content=\"https:\/\/www.rri.ro\/wp-content\/uploads\/2023\/10\/stiri-germana-ok2-2.png\" \/>\n\t<meta property=\"og:image:width\" content=\"640\" \/>\n\t<meta property=\"og:image:height\" content=\"427\" \/>\n\t<meta property=\"og:image:type\" content=\"image\/png\" \/>\n<meta name=\"author\" content=\"Newsroom\" \/>\n<meta name=\"twitter:card\" content=\"summary_large_image\" \/>\n<meta name=\"twitter:label1\" content=\"Verfasst von\" \/>\n\t<meta name=\"twitter:data1\" content=\"Newsroom\" \/>\n\t<meta name=\"twitter:label2\" content=\"Gesch\u00e4tzte Lesezeit\" \/>\n\t<meta name=\"twitter:data2\" content=\"3\u00a0Minuten\" \/>\n\t<meta name=\"twitter:label3\" content=\"Written by\" \/>\n\t<meta name=\"twitter:data3\" content=\"Newsroom\" \/>\n<script type=\"application\/ld+json\" class=\"yoast-schema-graph\">{\"@context\":\"https:\\\/\\\/schema.org\",\"@graph\":[{\"@type\":\"Article\",\"@id\":\"https:\\\/\\\/www.rri.ro\\\/de\\\/aktuell\\\/newsflash-de\\\/nachrichten-21-05-2019-id633127.html#article\",\"isPartOf\":{\"@id\":\"https:\\\/\\\/www.rri.ro\\\/de\\\/aktuell\\\/newsflash-de\\\/nachrichten-21-05-2019-id633127.html\"},\"author\":{\"name\":\"Newsroom\",\"@id\":\"https:\\\/\\\/www.rri.ro\\\/#\\\/schema\\\/person\\\/4a479940371b9fdefd194f561e8a7f88\"},\"headline\":\"Nachrichten 21.05.2019\",\"datePublished\":\"2019-05-21T15:14:00+00:00\",\"mainEntityOfPage\":{\"@id\":\"https:\\\/\\\/www.rri.ro\\\/de\\\/aktuell\\\/newsflash-de\\\/nachrichten-21-05-2019-id633127.html\"},\"wordCount\":632,\"image\":{\"@id\":\"https:\\\/\\\/www.rri.ro\\\/de\\\/aktuell\\\/newsflash-de\\\/nachrichten-21-05-2019-id633127.html#primaryimage\"},\"thumbnailUrl\":\"https:\\\/\\\/www.rri.ro\\\/wp-content\\\/uploads\\\/2023\\\/10\\\/stiri-germana-ok2-2.png\",\"keywords\":[\"Ana Birchall\",\"informelles Treffen der Umweltminister\",\"Karmenu Vella\",\"Ministertreffen\",\"NATO-Operationen\",\"Schwarzes Meer\",\"Truppen\",\"Unwetter\",\"Volodimir Zelenski\",\"Warnung\"],\"articleSection\":[\"Newsflash\"],\"inLanguage\":\"de\"},{\"@type\":\"WebPage\",\"@id\":\"https:\\\/\\\/www.rri.ro\\\/de\\\/aktuell\\\/newsflash-de\\\/nachrichten-21-05-2019-id633127.html\",\"url\":\"https:\\\/\\\/www.rri.ro\\\/de\\\/aktuell\\\/newsflash-de\\\/nachrichten-21-05-2019-id633127.html\",\"name\":\"Nachrichten 21.05.2019 - Radio Rum\u00e4nien International\",\"isPartOf\":{\"@id\":\"https:\\\/\\\/www.rri.ro\\\/#website\"},\"primaryImageOfPage\":{\"@id\":\"https:\\\/\\\/www.rri.ro\\\/de\\\/aktuell\\\/newsflash-de\\\/nachrichten-21-05-2019-id633127.html#primaryimage\"},\"image\":{\"@id\":\"https:\\\/\\\/www.rri.ro\\\/de\\\/aktuell\\\/newsflash-de\\\/nachrichten-21-05-2019-id633127.html#primaryimage\"},\"thumbnailUrl\":\"https:\\\/\\\/www.rri.ro\\\/wp-content\\\/uploads\\\/2023\\\/10\\\/stiri-germana-ok2-2.png\",\"datePublished\":\"2019-05-21T15:14:00+00:00\",\"author\":{\"@id\":\"https:\\\/\\\/www.rri.ro\\\/#\\\/schema\\\/person\\\/4a479940371b9fdefd194f561e8a7f88\"},\"breadcrumb\":{\"@id\":\"https:\\\/\\\/www.rri.ro\\\/de\\\/aktuell\\\/newsflash-de\\\/nachrichten-21-05-2019-id633127.html#breadcrumb\"},\"inLanguage\":\"de\",\"potentialAction\":[{\"@type\":\"ReadAction\",\"target\":[\"https:\\\/\\\/www.rri.ro\\\/de\\\/aktuell\\\/newsflash-de\\\/nachrichten-21-05-2019-id633127.html\"]}]},{\"@type\":\"ImageObject\",\"inLanguage\":\"de\",\"@id\":\"https:\\\/\\\/www.rri.ro\\\/de\\\/aktuell\\\/newsflash-de\\\/nachrichten-21-05-2019-id633127.html#primaryimage\",\"url\":\"https:\\\/\\\/www.rri.ro\\\/wp-content\\\/uploads\\\/2023\\\/10\\\/stiri-germana-ok2-2.png\",\"contentUrl\":\"https:\\\/\\\/www.rri.ro\\\/wp-content\\\/uploads\\\/2023\\\/10\\\/stiri-germana-ok2-2.png\",\"width\":640,\"height\":427},{\"@type\":\"BreadcrumbList\",\"@id\":\"https:\\\/\\\/www.rri.ro\\\/de\\\/aktuell\\\/newsflash-de\\\/nachrichten-21-05-2019-id633127.html#breadcrumb\",\"itemListElement\":[{\"@type\":\"ListItem\",\"position\":1,\"name\":\"Startseite\",\"item\":\"https:\\\/\\\/www.rri.ro\\\/de\"},{\"@type\":\"ListItem\",\"position\":2,\"name\":\"Aktuell\",\"item\":\"https:\\\/\\\/www.rri.ro\\\/de\\\/aktuell\"},{\"@type\":\"ListItem\",\"position\":3,\"name\":\"Newsflash\",\"item\":\"https:\\\/\\\/www.rri.ro\\\/de\\\/aktuell\\\/newsflash-de\"},{\"@type\":\"ListItem\",\"position\":4,\"name\":\"Nachrichten 21.05.2019\"}]},{\"@type\":\"WebSite\",\"@id\":\"https:\\\/\\\/www.rri.ro\\\/#website\",\"url\":\"https:\\\/\\\/www.rri.ro\\\/\",\"name\":\"Radio Rum\u00e4nien International\",\"description\":\"Totul despre Rom\u00e2nia \u015fi rom\u00e2ni, \u00een 13 limbi\\\/dialecte!\",\"inLanguage\":\"de\"},{\"@type\":\"Person\",\"@id\":\"https:\\\/\\\/www.rri.ro\\\/#\\\/schema\\\/person\\\/4a479940371b9fdefd194f561e8a7f88\",\"name\":\"Newsroom\",\"url\":\"https:\\\/\\\/www.rri.ro\\\/de\\\/author\\\/newsroom\"}]}<\/script>\n<!-- \/ Yoast SEO plugin. -->","yoast_head_json":{"title":"Nachrichten 21.05.2019 - Radio Rum\u00e4nien International","robots":{"index":"index","follow":"follow","max-snippet":"max-snippet:-1","max-image-preview":"max-image-preview:large","max-video-preview":"max-video-preview:-1"},"canonical":"https:\/\/www.rri.ro\/de\/aktuell\/newsflash-de\/nachrichten-21-05-2019-id633127.html","og_locale":"de_DE","og_type":"article","og_title":"Nachrichten 21.05.2019 - Radio Rum\u00e4nien International","og_description":"Bukarest: Bukarest ist am Dienstag Veranstaltungsort f\u00fcr ein Ministertreffen zur gemeinsamen maritimen Agenda f\u00fcr das Schwarze Meer, eine Veranstaltung, die gemeinsam vom rum\u00e4nischen Au\u00dfenministerium und der Europ\u00e4ischen Kommission veranstaltet wird, gewesen. Ziel der Konferenz war, Vertreter der Anrainerl\u00e4nder Bulgarien, Georgien, Rum\u00e4nien, der Russischen F\u00f6deration, der T\u00fcrkei, der Ukraine und der Republik Moldau zusammenzubringen, die die [&hellip;]","og_url":"https:\/\/www.rri.ro\/de\/aktuell\/newsflash-de\/nachrichten-21-05-2019-id633127.html","og_site_name":"Radio Rum\u00e4nien International","article_published_time":"2019-05-21T15:14:00+00:00","og_image":[{"width":640,"height":427,"url":"https:\/\/www.rri.ro\/wp-content\/uploads\/2023\/10\/stiri-germana-ok2-2.png","type":"image\/png"}],"author":"Newsroom","twitter_card":"summary_large_image","twitter_misc":{"Verfasst von":"Newsroom","Gesch\u00e4tzte Lesezeit":"3\u00a0Minuten","Written by":"Newsroom"},"schema":{"@context":"https:\/\/schema.org","@graph":[{"@type":"Article","@id":"https:\/\/www.rri.ro\/de\/aktuell\/newsflash-de\/nachrichten-21-05-2019-id633127.html#article","isPartOf":{"@id":"https:\/\/www.rri.ro\/de\/aktuell\/newsflash-de\/nachrichten-21-05-2019-id633127.html"},"author":{"name":"Newsroom","@id":"https:\/\/www.rri.ro\/#\/schema\/person\/4a479940371b9fdefd194f561e8a7f88"},"headline":"Nachrichten 21.05.2019","datePublished":"2019-05-21T15:14:00+00:00","mainEntityOfPage":{"@id":"https:\/\/www.rri.ro\/de\/aktuell\/newsflash-de\/nachrichten-21-05-2019-id633127.html"},"wordCount":632,"image":{"@id":"https:\/\/www.rri.ro\/de\/aktuell\/newsflash-de\/nachrichten-21-05-2019-id633127.html#primaryimage"},"thumbnailUrl":"https:\/\/www.rri.ro\/wp-content\/uploads\/2023\/10\/stiri-germana-ok2-2.png","keywords":["Ana Birchall","informelles Treffen der Umweltminister","Karmenu Vella","Ministertreffen","NATO-Operationen","Schwarzes Meer","Truppen","Unwetter","Volodimir Zelenski","Warnung"],"articleSection":["Newsflash"],"inLanguage":"de"},{"@type":"WebPage","@id":"https:\/\/www.rri.ro\/de\/aktuell\/newsflash-de\/nachrichten-21-05-2019-id633127.html","url":"https:\/\/www.rri.ro\/de\/aktuell\/newsflash-de\/nachrichten-21-05-2019-id633127.html","name":"Nachrichten 21.05.2019 - Radio Rum\u00e4nien International","isPartOf":{"@id":"https:\/\/www.rri.ro\/#website"},"primaryImageOfPage":{"@id":"https:\/\/www.rri.ro\/de\/aktuell\/newsflash-de\/nachrichten-21-05-2019-id633127.html#primaryimage"},"image":{"@id":"https:\/\/www.rri.ro\/de\/aktuell\/newsflash-de\/nachrichten-21-05-2019-id633127.html#primaryimage"},"thumbnailUrl":"https:\/\/www.rri.ro\/wp-content\/uploads\/2023\/10\/stiri-germana-ok2-2.png","datePublished":"2019-05-21T15:14:00+00:00","author":{"@id":"https:\/\/www.rri.ro\/#\/schema\/person\/4a479940371b9fdefd194f561e8a7f88"},"breadcrumb":{"@id":"https:\/\/www.rri.ro\/de\/aktuell\/newsflash-de\/nachrichten-21-05-2019-id633127.html#breadcrumb"},"inLanguage":"de","potentialAction":[{"@type":"ReadAction","target":["https:\/\/www.rri.ro\/de\/aktuell\/newsflash-de\/nachrichten-21-05-2019-id633127.html"]}]},{"@type":"ImageObject","inLanguage":"de","@id":"https:\/\/www.rri.ro\/de\/aktuell\/newsflash-de\/nachrichten-21-05-2019-id633127.html#primaryimage","url":"https:\/\/www.rri.ro\/wp-content\/uploads\/2023\/10\/stiri-germana-ok2-2.png","contentUrl":"https:\/\/www.rri.ro\/wp-content\/uploads\/2023\/10\/stiri-germana-ok2-2.png","width":640,"height":427},{"@type":"BreadcrumbList","@id":"https:\/\/www.rri.ro\/de\/aktuell\/newsflash-de\/nachrichten-21-05-2019-id633127.html#breadcrumb","itemListElement":[{"@type":"ListItem","position":1,"name":"Startseite","item":"https:\/\/www.rri.ro\/de"},{"@type":"ListItem","position":2,"name":"Aktuell","item":"https:\/\/www.rri.ro\/de\/aktuell"},{"@type":"ListItem","position":3,"name":"Newsflash","item":"https:\/\/www.rri.ro\/de\/aktuell\/newsflash-de"},{"@type":"ListItem","position":4,"name":"Nachrichten 21.05.2019"}]},{"@type":"WebSite","@id":"https:\/\/www.rri.ro\/#website","url":"https:\/\/www.rri.ro\/","name":"Radio Rum\u00e4nien International","description":"Totul despre Rom\u00e2nia \u015fi rom\u00e2ni, \u00een 13 limbi\/dialecte!","inLanguage":"de"},{"@type":"Person","@id":"https:\/\/www.rri.ro\/#\/schema\/person\/4a479940371b9fdefd194f561e8a7f88","name":"Newsroom","url":"https:\/\/www.rri.ro\/de\/author\/newsroom"}]}},"_links":{"self":[{"href":"https:\/\/www.rri.ro\/de\/wp-json\/wp\/v2\/posts\/633127","targetHints":{"allow":["GET"]}}],"collection":[{"href":"https:\/\/www.rri.ro\/de\/wp-json\/wp\/v2\/posts"}],"about":[{"href":"https:\/\/www.rri.ro\/de\/wp-json\/wp\/v2\/types\/post"}],"author":[{"embeddable":true,"href":"https:\/\/www.rri.ro\/de\/wp-json\/wp\/v2\/users\/113"}],"replies":[{"embeddable":true,"href":"https:\/\/www.rri.ro\/de\/wp-json\/wp\/v2\/comments?post=633127"}],"version-history":[{"count":0,"href":"https:\/\/www.rri.ro\/de\/wp-json\/wp\/v2\/posts\/633127\/revisions"}],"wp:featuredmedia":[{"embeddable":true,"href":"https:\/\/www.rri.ro\/de\/wp-json\/wp\/v2\/media\/460330"}],"wp:attachment":[{"href":"https:\/\/www.rri.ro\/de\/wp-json\/wp\/v2\/media?parent=633127"}],"wp:term":[{"taxonomy":"category","embeddable":true,"href":"https:\/\/www.rri.ro\/de\/wp-json\/wp\/v2\/categories?post=633127"},{"taxonomy":"post_tag","embeddable":true,"href":"https:\/\/www.rri.ro\/de\/wp-json\/wp\/v2\/tags?post=633127"},{"taxonomy":"author","embeddable":true,"href":"https:\/\/www.rri.ro\/de\/wp-json\/wp\/v2\/coauthors?post=633127"}],"curies":[{"name":"wp","href":"https:\/\/api.w.org\/{rel}","templated":true}]}}