{"id":633139,"date":"2019-06-01T17:07:00","date_gmt":"2019-06-01T14:07:00","guid":{"rendered":"http:\/\/devrri.freshlemon.ro\/aktuell\/nachrichten-01-06-2019-id633139.html"},"modified":"2019-06-01T17:07:00","modified_gmt":"2019-06-01T14:07:00","slug":"nachrichten-01-06-2019","status":"publish","type":"post","link":"https:\/\/www.rri.ro\/de\/aktuell\/newsflash-de\/nachrichten-01-06-2019-id633139.html","title":{"rendered":"Nachrichten 01.06.2019"},"content":{"rendered":"<\/p>\n<p>Papst&#13;<br \/>\nFranziskus ist am zweiten Tag seines Rum\u00e4nienbesuchs nach Iasi, im Nordosten, einer Stadt, in der&#13;<br \/>\nsich eine bedeutende rum\u00e4nische katholische Gemeinde befindet, gereist.Der Papst besuchte die katholische Kathedrale Maria K\u00f6nigin, hat&#13;<br \/>\n800 Alte und Kranken gesegnet  und hatte&#13;<br \/>\neine Marianische Begegnung mit Jugendlichen und Familien vor dem Kulturpalast.Papst Franziskus hat eine P\u00e4pstliche Messe im&#13;<br \/>\nMarienheiligtum von Sumuleu Ciuc abgehalten. Die Pilgerfahrt von Sumuleu Ciuc&#13;<br \/>\ngeh\u00f6rt zum siebenb\u00fcrgischen Erbe, aber sie w\u00fcrdigt die rum\u00e4nischen und&#13;<br \/>\nungarischen Traditionen gleicherma\u00dfen und ist ein Symbol f\u00fcr Dialog, Einheit&#13;<br \/>\nund Br\u00fcderlichkeit, sagte der Papst. Pr\u00e4sent waren 85.000 Pilger. Die&#13;<br \/>\nrum\u00e4nische Ministerpr\u00e4sidentin Viorica D\u0103ncil\u0103 und der ungarische Pr\u00e4sident&#13;<br \/>\nAder Janos waren ebenfalls in Sumuleu Ciuc anwesend. <\/p>\n<p>&#13;<br \/>\n&#13;<\/p>\n<p>Papst&#13;<br \/>\nFranziskus hat am Freitag einen dreit\u00e4gigen staatlichen und apostolischen&#13;<br \/>\nBesuch in Rum\u00e4nien angetreten. Der Besuch, dessen Motto Lasst uns&#13;<br \/>\nzusammen gehen! lautet, findet 20 Jahre nachdem Johannes Paul II. der&#13;<br \/>\nerste Papst war, der in dieses \u00fcberwiegend orthodoxe Land kam, statt. Papst Franziskus wurde von den Rum\u00e4nen mit Begeisterung&#13;<br \/>\nempfangen. Mehr als 150.000 Personen beteiligten sich an den Veranstaltungen in&#13;<br \/>\nBukarest. Papst Franziskus wurde von dem Staatspr\u00e4sidenten Klaus Iohannis&#13;<br \/>\nempfangen und kam mit der Ministerpr\u00e4sidentin Viorica D\u0103ncil\u0103 zusammen. Seine Heiligkeit hat am Freitag in Bukarest erkl\u00e4rt, allen Widrigkeiten zum&#13;<br \/>\nTrotz, habe Rum\u00e4nien in den letzten 30 Jahren viele Schritte in Richtung&#13;<br \/>\nDemokratie unternommen. Der Papst besuchte auch die neue orthodoxe Kathedrale.&#13;<br \/>\nDer Patriarch der Orthodoxen Rum\u00e4nischen Kirche Daniel dankte der Katholischen Kirche f\u00fcr die Art und Weise in der sie die&#13;<br \/>\nrum\u00e4nischen Gemeinschaften in Europa unterst\u00fctzt.  Im Katholischen Dom St. Joseph&#13;<br \/>\nwurde eine Liturgie durchgef\u00fchrt. Bis zu 50.000 Gl\u00e4ubigen waren in und um die&#13;<br \/>\nKathedrale herum anwesend, auf Leinw\u00e4nde verfolgten die Menschen die Zeremonie,&#13;<br \/>\ndie vom Papst auf Lateinisch durchgef\u00fchrt wurde. <\/p>\n<p>&#13;<br \/>\n&#13;<\/p>\n<p>Am&#13;<br \/>\nSonntag wird Seine Heiligkeit in Blaj in Mittelsiebenb\u00fcrgen, der geistlichen&#13;<br \/>\nHauptstadt der rum\u00e4nischen griechischen Katholiken, erwartet, wo er sieben griechisch-katholische&#13;<br \/>\nBisch\u00f6fe selig sprechen wird, die w\u00e4hrend des kommunistischen Regimes f\u00fcr ihren&#13;<br \/>\nGlauben gestorben sind. Die rum\u00e4nische griechisch-katholische Kirche wurde kurz&#13;<br \/>\nnach der Machtergreifung der Kommunisten ge\u00e4chtet und ihres Verm\u00f6gens beraubt,&#13;<br \/>\nund viele Geistliche und Gl\u00e4ubige wurden inhaftiert. Ebenfalls in Blaj wird der&#13;<br \/>\nPapst mit Mitgliedern der lokalen Roma-Gemeinschaft zusammenkommen. <\/p>\n<\/p>\n<p>&#13;<br \/>\n&#13;<\/p>\n<p>&#13;<br \/>\n&#13;<\/p>\n<p>Die Bukarester Beh\u00f6rden haben angek\u00fcndigt, dass die meteorologischen und hydrologischen Ph\u00e4nomene Dutzende von Orten in 15 Landkreisen Rum\u00e4niens getroffen haben. Die schlimmste Situation ereignete sich im Landkreis Prahova im S\u00fcden, wo 3 der 4 Kinder einer Familie nach einer \u00dcberschwemmung ertrunken aufgefunden wurden. Das vierte Kind ist noch nicht gefunden worden. Die Mutter der Minderj\u00e4hrigen wurde gerettet. Meteorologen haben die Warnstufe Gelb und Orange wegen Niederschlag und atmosph\u00e4rische Instabilit\u00e4t ausgerufen, die bis Sonntagmorgen g\u00fcltig sind. In vier Landkreisen im Nordosten des Landes ist die Warnstufe Orange g\u00fcltig, wo rei\u00dfender Platzregen fallen wird. Elektrische Entladungen, Windintensit\u00e4t und m\u00f6glicherweise Hagel von mittleren und gro\u00dfen Dimensionen werden die Lage verschlechtern. Im Nordwesten und Osten, im H\u00fcgelland und Gebirge werden Blitzschlag, Hagel, starker Wind sogar St\u00fcrme verzeichnet. Die Wassermengen \u00fcberschreiten 25 l \/ m\u00b2 und in einigen Gebieten 40 &#8230; 50 l \/ m\u00b2. Die Ausnahme bilden der S\u00fcdosten und der S\u00fcden des Landes. Die H\u00f6chsttemperaturen liegen zwischen 19 und 28 Grad.<\/p>\n<p>&#13;<br \/>\n&#13;<\/p>\n<p>&#13;<br \/>\n&#13;<\/p>\n<p>Einer der f\u00fcnf rum\u00e4nischen Soldaten, die k\u00fcrzlich in Afghanistan verletzt wurden, ist am Samstag zur weiteren Untersuchung und Behandlung in ein deutsches medizinisches Zentrum gebracht worden, teilte das rum\u00e4nische Verteidigungsministerium mit. Der Gesundheitszustand des rum\u00e4nischen Milit\u00e4rs sei stabil, hie\u00df es desweiteren. Die anderen vier verwundeten Soldaten wurden aus dem Krankenhaus entlassen und setzen ihre Behandlung und Genesung in ihren Einheiten fort. Die Streitkr\u00e4fte sind Teil des Bataillons 300 Der Heilige Andreas. Sie wurden am 24. Mai bei einer gemeinsamen Patrouillenmission mit amerikanischen Soldaten in Afghanistans verletzt.<\/p>\n<p>&#13;<\/p>\n","protected":false},"excerpt":{"rendered":"<p>Papst&#13; Franziskus ist am zweiten Tag seines Rum\u00e4nienbesuchs nach Iasi, im Nordosten, einer Stadt, in der&#13; sich eine bedeutende rum\u00e4nische katholische Gemeinde befindet, gereist.Der Papst besuchte die katholische Kathedrale Maria K\u00f6nigin, hat&#13; 800 Alte und Kranken gesegnet und hatte&#13; eine Marianische Begegnung mit Jugendlichen und Familien vor dem Kulturpalast.Papst Franziskus hat eine P\u00e4pstliche Messe im&#13; [&hellip;]<\/p>\n","protected":false},"author":113,"featured_media":460330,"comment_status":"closed","ping_status":"closed","sticky":false,"template":"","format":"standard","meta":{"_acf_changed":false,"footnotes":""},"categories":[116753],"tags":[28908,33515,99587,137226,100773,100123,36781,99721,33035,125380],"coauthors":[],"class_list":["post-633139","post","type-post","status-publish","format-standard","has-post-thumbnail","hentry","category-newsflash-de","tag-afghanistan","tag-blaj","tag-bukarest","tag-klaus-iohannis-de","tag-papst-franziskus","tag-soldaten","tag-sumuleu-ciuc","tag-unwetter","tag-viorica-dancila","tag-warnstufe-orange"],"acf":[],"yoast_head":"<!-- This site is optimized with the Yoast SEO plugin v27.3 - https:\/\/yoast.com\/product\/yoast-seo-wordpress\/ -->\n<title>Nachrichten 01.06.2019 - Radio Rum\u00e4nien International<\/title>\n<meta name=\"robots\" content=\"index, follow, max-snippet:-1, max-image-preview:large, max-video-preview:-1\" \/>\n<link rel=\"canonical\" href=\"https:\/\/www.rri.ro\/de\/aktuell\/newsflash-de\/nachrichten-01-06-2019-id633139.html\" \/>\n<meta property=\"og:locale\" content=\"de_DE\" \/>\n<meta property=\"og:type\" content=\"article\" \/>\n<meta property=\"og:title\" content=\"Nachrichten 01.06.2019 - Radio Rum\u00e4nien International\" \/>\n<meta property=\"og:description\" content=\"Papst&#013; Franziskus ist am zweiten Tag seines Rum\u00e4nienbesuchs nach Iasi, im Nordosten, einer Stadt, in der&#013; sich eine bedeutende rum\u00e4nische katholische Gemeinde befindet, gereist.Der Papst besuchte die katholische Kathedrale Maria K\u00f6nigin, hat&#013; 800 Alte und Kranken gesegnet und hatte&#013; eine Marianische Begegnung mit Jugendlichen und Familien vor dem Kulturpalast.Papst Franziskus hat eine P\u00e4pstliche Messe im&#013; [&hellip;]\" \/>\n<meta property=\"og:url\" content=\"https:\/\/www.rri.ro\/de\/aktuell\/newsflash-de\/nachrichten-01-06-2019-id633139.html\" \/>\n<meta property=\"og:site_name\" content=\"Radio Rum\u00e4nien International\" \/>\n<meta property=\"article:published_time\" content=\"2019-06-01T14:07:00+00:00\" \/>\n<meta property=\"og:image\" content=\"https:\/\/www.rri.ro\/wp-content\/uploads\/2023\/10\/stiri-germana-ok2-2.png\" \/>\n\t<meta property=\"og:image:width\" content=\"640\" \/>\n\t<meta property=\"og:image:height\" content=\"427\" \/>\n\t<meta property=\"og:image:type\" content=\"image\/png\" \/>\n<meta name=\"author\" content=\"Newsroom\" \/>\n<meta name=\"twitter:card\" content=\"summary_large_image\" \/>\n<meta name=\"twitter:label1\" content=\"Verfasst von\" \/>\n\t<meta name=\"twitter:data1\" content=\"Newsroom\" \/>\n\t<meta name=\"twitter:label2\" content=\"Gesch\u00e4tzte Lesezeit\" \/>\n\t<meta name=\"twitter:data2\" content=\"3\u00a0Minuten\" \/>\n\t<meta name=\"twitter:label3\" content=\"Written by\" \/>\n\t<meta name=\"twitter:data3\" content=\"Newsroom\" \/>\n<script type=\"application\/ld+json\" class=\"yoast-schema-graph\">{\"@context\":\"https:\\\/\\\/schema.org\",\"@graph\":[{\"@type\":\"Article\",\"@id\":\"https:\\\/\\\/www.rri.ro\\\/de\\\/aktuell\\\/newsflash-de\\\/nachrichten-01-06-2019-id633139.html#article\",\"isPartOf\":{\"@id\":\"https:\\\/\\\/www.rri.ro\\\/de\\\/aktuell\\\/newsflash-de\\\/nachrichten-01-06-2019-id633139.html\"},\"author\":{\"name\":\"Newsroom\",\"@id\":\"https:\\\/\\\/www.rri.ro\\\/#\\\/schema\\\/person\\\/4a479940371b9fdefd194f561e8a7f88\"},\"headline\":\"Nachrichten 01.06.2019\",\"datePublished\":\"2019-06-01T14:07:00+00:00\",\"mainEntityOfPage\":{\"@id\":\"https:\\\/\\\/www.rri.ro\\\/de\\\/aktuell\\\/newsflash-de\\\/nachrichten-01-06-2019-id633139.html\"},\"wordCount\":648,\"image\":{\"@id\":\"https:\\\/\\\/www.rri.ro\\\/de\\\/aktuell\\\/newsflash-de\\\/nachrichten-01-06-2019-id633139.html#primaryimage\"},\"thumbnailUrl\":\"https:\\\/\\\/www.rri.ro\\\/wp-content\\\/uploads\\\/2023\\\/10\\\/stiri-germana-ok2-2.png\",\"keywords\":[\"Afghanistan\",\"Blaj\",\"Bukarest\",\"Klaus Iohannis\",\"Papst Franziskus\",\"Soldaten\",\"Sumuleu Ciuc\",\"Unwetter\",\"viorica dancila\",\"Warnstufe Orange\"],\"articleSection\":[\"Newsflash\"],\"inLanguage\":\"de\"},{\"@type\":\"WebPage\",\"@id\":\"https:\\\/\\\/www.rri.ro\\\/de\\\/aktuell\\\/newsflash-de\\\/nachrichten-01-06-2019-id633139.html\",\"url\":\"https:\\\/\\\/www.rri.ro\\\/de\\\/aktuell\\\/newsflash-de\\\/nachrichten-01-06-2019-id633139.html\",\"name\":\"Nachrichten 01.06.2019 - Radio Rum\u00e4nien International\",\"isPartOf\":{\"@id\":\"https:\\\/\\\/www.rri.ro\\\/#website\"},\"primaryImageOfPage\":{\"@id\":\"https:\\\/\\\/www.rri.ro\\\/de\\\/aktuell\\\/newsflash-de\\\/nachrichten-01-06-2019-id633139.html#primaryimage\"},\"image\":{\"@id\":\"https:\\\/\\\/www.rri.ro\\\/de\\\/aktuell\\\/newsflash-de\\\/nachrichten-01-06-2019-id633139.html#primaryimage\"},\"thumbnailUrl\":\"https:\\\/\\\/www.rri.ro\\\/wp-content\\\/uploads\\\/2023\\\/10\\\/stiri-germana-ok2-2.png\",\"datePublished\":\"2019-06-01T14:07:00+00:00\",\"author\":{\"@id\":\"https:\\\/\\\/www.rri.ro\\\/#\\\/schema\\\/person\\\/4a479940371b9fdefd194f561e8a7f88\"},\"breadcrumb\":{\"@id\":\"https:\\\/\\\/www.rri.ro\\\/de\\\/aktuell\\\/newsflash-de\\\/nachrichten-01-06-2019-id633139.html#breadcrumb\"},\"inLanguage\":\"de\",\"potentialAction\":[{\"@type\":\"ReadAction\",\"target\":[\"https:\\\/\\\/www.rri.ro\\\/de\\\/aktuell\\\/newsflash-de\\\/nachrichten-01-06-2019-id633139.html\"]}]},{\"@type\":\"ImageObject\",\"inLanguage\":\"de\",\"@id\":\"https:\\\/\\\/www.rri.ro\\\/de\\\/aktuell\\\/newsflash-de\\\/nachrichten-01-06-2019-id633139.html#primaryimage\",\"url\":\"https:\\\/\\\/www.rri.ro\\\/wp-content\\\/uploads\\\/2023\\\/10\\\/stiri-germana-ok2-2.png\",\"contentUrl\":\"https:\\\/\\\/www.rri.ro\\\/wp-content\\\/uploads\\\/2023\\\/10\\\/stiri-germana-ok2-2.png\",\"width\":640,\"height\":427},{\"@type\":\"BreadcrumbList\",\"@id\":\"https:\\\/\\\/www.rri.ro\\\/de\\\/aktuell\\\/newsflash-de\\\/nachrichten-01-06-2019-id633139.html#breadcrumb\",\"itemListElement\":[{\"@type\":\"ListItem\",\"position\":1,\"name\":\"Startseite\",\"item\":\"https:\\\/\\\/www.rri.ro\\\/de\"},{\"@type\":\"ListItem\",\"position\":2,\"name\":\"Aktuell\",\"item\":\"https:\\\/\\\/www.rri.ro\\\/de\\\/aktuell\"},{\"@type\":\"ListItem\",\"position\":3,\"name\":\"Newsflash\",\"item\":\"https:\\\/\\\/www.rri.ro\\\/de\\\/aktuell\\\/newsflash-de\"},{\"@type\":\"ListItem\",\"position\":4,\"name\":\"Nachrichten 01.06.2019\"}]},{\"@type\":\"WebSite\",\"@id\":\"https:\\\/\\\/www.rri.ro\\\/#website\",\"url\":\"https:\\\/\\\/www.rri.ro\\\/\",\"name\":\"Radio Rum\u00e4nien International\",\"description\":\"Totul despre Rom\u00e2nia \u015fi rom\u00e2ni, \u00een 13 limbi\\\/dialecte!\",\"inLanguage\":\"de\"},{\"@type\":\"Person\",\"@id\":\"https:\\\/\\\/www.rri.ro\\\/#\\\/schema\\\/person\\\/4a479940371b9fdefd194f561e8a7f88\",\"name\":\"Newsroom\",\"url\":\"https:\\\/\\\/www.rri.ro\\\/de\\\/author\\\/newsroom\"}]}<\/script>\n<!-- \/ Yoast SEO plugin. -->","yoast_head_json":{"title":"Nachrichten 01.06.2019 - Radio Rum\u00e4nien International","robots":{"index":"index","follow":"follow","max-snippet":"max-snippet:-1","max-image-preview":"max-image-preview:large","max-video-preview":"max-video-preview:-1"},"canonical":"https:\/\/www.rri.ro\/de\/aktuell\/newsflash-de\/nachrichten-01-06-2019-id633139.html","og_locale":"de_DE","og_type":"article","og_title":"Nachrichten 01.06.2019 - Radio Rum\u00e4nien International","og_description":"Papst&#13; Franziskus ist am zweiten Tag seines Rum\u00e4nienbesuchs nach Iasi, im Nordosten, einer Stadt, in der&#13; sich eine bedeutende rum\u00e4nische katholische Gemeinde befindet, gereist.Der Papst besuchte die katholische Kathedrale Maria K\u00f6nigin, hat&#13; 800 Alte und Kranken gesegnet und hatte&#13; eine Marianische Begegnung mit Jugendlichen und Familien vor dem Kulturpalast.Papst Franziskus hat eine P\u00e4pstliche Messe im&#13; [&hellip;]","og_url":"https:\/\/www.rri.ro\/de\/aktuell\/newsflash-de\/nachrichten-01-06-2019-id633139.html","og_site_name":"Radio Rum\u00e4nien International","article_published_time":"2019-06-01T14:07:00+00:00","og_image":[{"width":640,"height":427,"url":"https:\/\/www.rri.ro\/wp-content\/uploads\/2023\/10\/stiri-germana-ok2-2.png","type":"image\/png"}],"author":"Newsroom","twitter_card":"summary_large_image","twitter_misc":{"Verfasst von":"Newsroom","Gesch\u00e4tzte Lesezeit":"3\u00a0Minuten","Written by":"Newsroom"},"schema":{"@context":"https:\/\/schema.org","@graph":[{"@type":"Article","@id":"https:\/\/www.rri.ro\/de\/aktuell\/newsflash-de\/nachrichten-01-06-2019-id633139.html#article","isPartOf":{"@id":"https:\/\/www.rri.ro\/de\/aktuell\/newsflash-de\/nachrichten-01-06-2019-id633139.html"},"author":{"name":"Newsroom","@id":"https:\/\/www.rri.ro\/#\/schema\/person\/4a479940371b9fdefd194f561e8a7f88"},"headline":"Nachrichten 01.06.2019","datePublished":"2019-06-01T14:07:00+00:00","mainEntityOfPage":{"@id":"https:\/\/www.rri.ro\/de\/aktuell\/newsflash-de\/nachrichten-01-06-2019-id633139.html"},"wordCount":648,"image":{"@id":"https:\/\/www.rri.ro\/de\/aktuell\/newsflash-de\/nachrichten-01-06-2019-id633139.html#primaryimage"},"thumbnailUrl":"https:\/\/www.rri.ro\/wp-content\/uploads\/2023\/10\/stiri-germana-ok2-2.png","keywords":["Afghanistan","Blaj","Bukarest","Klaus Iohannis","Papst Franziskus","Soldaten","Sumuleu Ciuc","Unwetter","viorica dancila","Warnstufe Orange"],"articleSection":["Newsflash"],"inLanguage":"de"},{"@type":"WebPage","@id":"https:\/\/www.rri.ro\/de\/aktuell\/newsflash-de\/nachrichten-01-06-2019-id633139.html","url":"https:\/\/www.rri.ro\/de\/aktuell\/newsflash-de\/nachrichten-01-06-2019-id633139.html","name":"Nachrichten 01.06.2019 - Radio Rum\u00e4nien International","isPartOf":{"@id":"https:\/\/www.rri.ro\/#website"},"primaryImageOfPage":{"@id":"https:\/\/www.rri.ro\/de\/aktuell\/newsflash-de\/nachrichten-01-06-2019-id633139.html#primaryimage"},"image":{"@id":"https:\/\/www.rri.ro\/de\/aktuell\/newsflash-de\/nachrichten-01-06-2019-id633139.html#primaryimage"},"thumbnailUrl":"https:\/\/www.rri.ro\/wp-content\/uploads\/2023\/10\/stiri-germana-ok2-2.png","datePublished":"2019-06-01T14:07:00+00:00","author":{"@id":"https:\/\/www.rri.ro\/#\/schema\/person\/4a479940371b9fdefd194f561e8a7f88"},"breadcrumb":{"@id":"https:\/\/www.rri.ro\/de\/aktuell\/newsflash-de\/nachrichten-01-06-2019-id633139.html#breadcrumb"},"inLanguage":"de","potentialAction":[{"@type":"ReadAction","target":["https:\/\/www.rri.ro\/de\/aktuell\/newsflash-de\/nachrichten-01-06-2019-id633139.html"]}]},{"@type":"ImageObject","inLanguage":"de","@id":"https:\/\/www.rri.ro\/de\/aktuell\/newsflash-de\/nachrichten-01-06-2019-id633139.html#primaryimage","url":"https:\/\/www.rri.ro\/wp-content\/uploads\/2023\/10\/stiri-germana-ok2-2.png","contentUrl":"https:\/\/www.rri.ro\/wp-content\/uploads\/2023\/10\/stiri-germana-ok2-2.png","width":640,"height":427},{"@type":"BreadcrumbList","@id":"https:\/\/www.rri.ro\/de\/aktuell\/newsflash-de\/nachrichten-01-06-2019-id633139.html#breadcrumb","itemListElement":[{"@type":"ListItem","position":1,"name":"Startseite","item":"https:\/\/www.rri.ro\/de"},{"@type":"ListItem","position":2,"name":"Aktuell","item":"https:\/\/www.rri.ro\/de\/aktuell"},{"@type":"ListItem","position":3,"name":"Newsflash","item":"https:\/\/www.rri.ro\/de\/aktuell\/newsflash-de"},{"@type":"ListItem","position":4,"name":"Nachrichten 01.06.2019"}]},{"@type":"WebSite","@id":"https:\/\/www.rri.ro\/#website","url":"https:\/\/www.rri.ro\/","name":"Radio Rum\u00e4nien International","description":"Totul despre Rom\u00e2nia \u015fi rom\u00e2ni, \u00een 13 limbi\/dialecte!","inLanguage":"de"},{"@type":"Person","@id":"https:\/\/www.rri.ro\/#\/schema\/person\/4a479940371b9fdefd194f561e8a7f88","name":"Newsroom","url":"https:\/\/www.rri.ro\/de\/author\/newsroom"}]}},"_links":{"self":[{"href":"https:\/\/www.rri.ro\/de\/wp-json\/wp\/v2\/posts\/633139","targetHints":{"allow":["GET"]}}],"collection":[{"href":"https:\/\/www.rri.ro\/de\/wp-json\/wp\/v2\/posts"}],"about":[{"href":"https:\/\/www.rri.ro\/de\/wp-json\/wp\/v2\/types\/post"}],"author":[{"embeddable":true,"href":"https:\/\/www.rri.ro\/de\/wp-json\/wp\/v2\/users\/113"}],"replies":[{"embeddable":true,"href":"https:\/\/www.rri.ro\/de\/wp-json\/wp\/v2\/comments?post=633139"}],"version-history":[{"count":0,"href":"https:\/\/www.rri.ro\/de\/wp-json\/wp\/v2\/posts\/633139\/revisions"}],"wp:featuredmedia":[{"embeddable":true,"href":"https:\/\/www.rri.ro\/de\/wp-json\/wp\/v2\/media\/460330"}],"wp:attachment":[{"href":"https:\/\/www.rri.ro\/de\/wp-json\/wp\/v2\/media?parent=633139"}],"wp:term":[{"taxonomy":"category","embeddable":true,"href":"https:\/\/www.rri.ro\/de\/wp-json\/wp\/v2\/categories?post=633139"},{"taxonomy":"post_tag","embeddable":true,"href":"https:\/\/www.rri.ro\/de\/wp-json\/wp\/v2\/tags?post=633139"},{"taxonomy":"author","embeddable":true,"href":"https:\/\/www.rri.ro\/de\/wp-json\/wp\/v2\/coauthors?post=633139"}],"curies":[{"name":"wp","href":"https:\/\/api.w.org\/{rel}","templated":true}]}}