{"id":633144,"date":"2019-06-06T19:35:00","date_gmt":"2019-06-06T16:35:00","guid":{"rendered":"http:\/\/devrri.freshlemon.ro\/aktuell\/nachrichten-06-06-2019-id633144.html"},"modified":"2019-06-06T19:35:00","modified_gmt":"2019-06-06T16:35:00","slug":"nachrichten-06-06-2019","status":"publish","type":"post","link":"https:\/\/www.rri.ro\/de\/aktuell\/newsflash-de\/nachrichten-06-06-2019-id633144.html","title":{"rendered":"Nachrichten 06.06.2019"},"content":{"rendered":"<p><strong>Bukarest:<\/strong>       Premierministerin Viorica D\u0103ncil\u0103 ist am Donnerstag mit einer IWF-Delegation zusammengetroffen. Jaewoo Lee, Leiter der IWF-Emiss\u00e4re f\u00fcr Rum\u00e4nien und Bulgarien, traf mit einem Expertenteam in Bukarest ein, um zusammen mit der rum\u00e4nischen Exekutive die makr\u00f6konomische Situation des Landes zu er\u00f6rtern. Konsultationen dieser Art finden periodisch statt. Laut einer Regierungsverlautbarung habe Rum\u00e4nien in den letzten Jahren ein stetiges Wirtschaftswachstum registriert, das auf EU-Ebene zu den h\u00f6chsten z\u00e4hlt. F\u00fcr 2019 wird ein Wirtschaftswachstum in H\u00f6he von 5,5% des BIP prognostiziert, wenn allerdings die Landwirtschaft von Unwettern verschont bleibt und die Bereiche Dienstleistungen und Investionen weiter angespornt werden, hei\u200e\u00dft es noch in der Mitteilung der rum\u00e4nischen Regierung.<\/p>\n<p>&#13;<br \/>\n&#13;<\/p>\n<p>&#13;<br \/>\n&#13;<\/p>\n<p><strong>Ljubljana:   <\/strong>    Der rum\u00e4nische Pr\u00e4sident Klaus Iohannis hat am Donnerstag in Ljubljana die Best\u00e4tigung der bereits letztes Jahr in Rum\u00e4nien vereinbarten Priorit\u00e4ten auch beim diesj\u00e4hrigen Gipfeltreffen der sogenannten Drei-Meere-Initiative begr\u00fc\u200e\u00dft. Rum\u00e4nien beteilige sich dabei auch an der Einrichtung eines Fonds der Initiative. Das wirtschaftliche Engagement der USA im Gebiet sei ein echter Beschleuniger der Kooperation und von strategischem Wert, betonte Iohannis. Slowenien ist derzeit Gastgeber der vierten Ausgabe des Gipfels  der Initiative &#8212; einer politischen Plattform auf pr\u00e4sidialer Ebene, an der die 12 EU-Mitgliedstaaten zwischen Ostsee, Adria und Schwarzem Meer teilnehmen. Einen Schwerpunkt des Gipfels stellen die M\u00f6glichkeiten dar, den Investitionsfonds der Initiative voll funktionsf\u00e4hig zu machen, sowie die Vernetzung der Handelskammern der Region. Ein Wirtschaftsforum der Initiative am Rande des Gipfels wird sich auf Investitionen in Wirtschaft, Verkehrsverbindungen, Energieinfrastruktur, Umweltschutz und digitale Kommunikation konzentrieren. <\/p>\n<p>&#13;<br \/>\n&#13;<\/p>\n<p>&#13;<br \/>\n&#13;<\/p>\n<p><strong>Bukarest:  <\/strong>     Orthodoxe und griechisch-katholische Christen haben am Donnerstag Christi Himmelfahrt gefeiert. Seit 1920 gedenken Rum\u00e4nen an diesem Tag auch ihren Helden. Im ganzen Land wurden zu diesem Anlass Gottesdienste und Milit\u00e4rparaden veranstaltet. In einer Donnerstag \u00fcbermittelten Botschaft hat Premierministerin Viorica Dancil\u0103 erkl\u00e4rt, dass der Heldentag nicht nur denen gewidmet ist, die in den Kriegen der letzten Jahrhunderte gefallen sind, sondern auch den rum\u00e4nischen Soldaten, die in verschiedenen Einsatzgebieten der letzten Jahre auf der ganzen Welt im Dienst fielen, sowie den Menschen, die auf andere Weise ihr Leben ihrem Land und dem Volk geopfert haben &#8212; den Helden der kommunistischen Gef\u00e4ngnisse und jenen, die im Kampf gegen das kommunistische Regime in Rum\u00e4nien, in der antikommunistischen Revolution vom Dezember 1989 gestorben sind.<\/p>\n<p>&#13;<br \/>\n&#13;<\/p>\n<p>&#13;<br \/>\n&#13;<\/p>\n<p><strong>Sport:  <\/strong>          Die rum\u00e4nische Fu\u200e\u00dfball-Nationalmannschaft befindet sich bereits in Norwegen, wo sie am Freitag in einem Spiel f\u00fcr die Gruppe F der EM-Vorbereitung gegen die Elf des Gastgeberlandes antritt. Am Montag treten die rum\u00e4nischen Kicker auch ein Ausw\u00e4rtsspiel gegen Malta an. Rum\u00e4nien verlor im M\u00e4rz in Stockholm gegen Schweden mit 1:2 und siegte zu Hause 4:1 gegen die F\u00e4r\u00f6er-Inseln. Die ersten beiden Mannschaften der Gruppe F qualifizieren sich f\u00fcr das Endspiel. Am 30. November werden in Bukarest die Lose f\u00fcr die Europameisterschaften  2020 vergeben. In Rum\u00e4nien werden vier Partien der Endrunde ausgetragen, drei in der Gruppenphase und eine in der Runde des Sechszehntel-Finals.<\/p>\n<p>&#13;<br \/>\n&#13;<\/p>\n<p>&#13;<br \/>\n&#13;<\/p>\n<p><strong>Wetter:<\/strong>          Von Donnerstag Abend bis Freitag Abend wird in ganz Rum\u00e4nien wechselhaftes Wetter mit Gewittern, Regenschauern, Hagel und heftigen Windb\u00f6en erwartet. Die Regenmenge kann in einigen Regionen 30-40 L\/qm erreichen, warnen die Meteorologen. F\u00fcr die gesamte Donauebene wurde wegen m\u00f6glicher \u00dcberschwemmungen Hochwasser-Alarm verh\u00e4ngt. Dasselbe gilt f\u00fcr mehrere Fl\u00fcsse in insgesamt 26 Landkreisen in der Mitte, im S\u00fcden, Osten und Westen des Landes. In den folgenden 24 Stunden wird mit Maximaltemperaturen zwischen 23 und 30 Grad Celsius gerechnet.<\/p>\n<p>&#13;<\/p>\n","protected":false},"excerpt":{"rendered":"<p>Die wichtigsten Meldungen des Tages im \u00dcberblick<\/p>\n","protected":false},"author":113,"featured_media":460330,"comment_status":"closed","ping_status":"closed","sticky":false,"template":"","format":"standard","meta":{"_acf_changed":false,"footnotes":""},"categories":[116753],"tags":[104346,127033,104439,127031,99773,104347,127032,99590,32834,137226,42259,127030,100527,99589,99721,33035,99620],"coauthors":[],"class_list":["post-633144","post","type-post","status-publish","format-standard","has-post-thumbnail","hentry","category-newsflash-de","tag-christi-himmelfahrt","tag-donauebene","tag-drei-meere-initiative","tag-em-vorbereitung","tag-fussball","tag-heldentag","tag-hochwasser-alarm","tag-iwf","tag-jaewoo-lee","tag-klaus-iohannis-de","tag-ljubljana","tag-makrooeknomie","tag-norwegen","tag-rumaenien","tag-unwetter","tag-viorica-dancila","tag-wirtschaftswachstum"],"acf":[],"yoast_head":"<!-- This site is optimized with the Yoast SEO plugin v27.3 - https:\/\/yoast.com\/product\/yoast-seo-wordpress\/ -->\n<title>Nachrichten 06.06.2019 - Radio Rum\u00e4nien International<\/title>\n<meta name=\"robots\" content=\"index, follow, max-snippet:-1, max-image-preview:large, max-video-preview:-1\" \/>\n<link rel=\"canonical\" href=\"https:\/\/www.rri.ro\/de\/aktuell\/newsflash-de\/nachrichten-06-06-2019-id633144.html\" \/>\n<meta property=\"og:locale\" content=\"de_DE\" \/>\n<meta property=\"og:type\" content=\"article\" \/>\n<meta property=\"og:title\" content=\"Nachrichten 06.06.2019 - Radio Rum\u00e4nien International\" \/>\n<meta property=\"og:description\" content=\"Die wichtigsten Meldungen des Tages im \u00dcberblick\" \/>\n<meta property=\"og:url\" content=\"https:\/\/www.rri.ro\/de\/aktuell\/newsflash-de\/nachrichten-06-06-2019-id633144.html\" \/>\n<meta property=\"og:site_name\" content=\"Radio Rum\u00e4nien International\" \/>\n<meta property=\"article:published_time\" content=\"2019-06-06T16:35:00+00:00\" \/>\n<meta property=\"og:image\" content=\"https:\/\/www.rri.ro\/wp-content\/uploads\/2023\/10\/stiri-germana-ok2-2.png\" \/>\n\t<meta property=\"og:image:width\" content=\"640\" \/>\n\t<meta property=\"og:image:height\" content=\"427\" \/>\n\t<meta property=\"og:image:type\" content=\"image\/png\" \/>\n<meta name=\"author\" content=\"Newsroom\" \/>\n<meta name=\"twitter:card\" content=\"summary_large_image\" \/>\n<meta name=\"twitter:label1\" content=\"Verfasst von\" \/>\n\t<meta name=\"twitter:data1\" content=\"Newsroom\" \/>\n\t<meta name=\"twitter:label2\" content=\"Gesch\u00e4tzte Lesezeit\" \/>\n\t<meta name=\"twitter:data2\" content=\"3\u00a0Minuten\" \/>\n\t<meta name=\"twitter:label3\" content=\"Written by\" \/>\n\t<meta name=\"twitter:data3\" content=\"Newsroom\" \/>\n<script type=\"application\/ld+json\" class=\"yoast-schema-graph\">{\"@context\":\"https:\\\/\\\/schema.org\",\"@graph\":[{\"@type\":\"Article\",\"@id\":\"https:\\\/\\\/www.rri.ro\\\/de\\\/aktuell\\\/newsflash-de\\\/nachrichten-06-06-2019-id633144.html#article\",\"isPartOf\":{\"@id\":\"https:\\\/\\\/www.rri.ro\\\/de\\\/aktuell\\\/newsflash-de\\\/nachrichten-06-06-2019-id633144.html\"},\"author\":{\"name\":\"Newsroom\",\"@id\":\"https:\\\/\\\/www.rri.ro\\\/#\\\/schema\\\/person\\\/4a479940371b9fdefd194f561e8a7f88\"},\"headline\":\"Nachrichten 06.06.2019\",\"datePublished\":\"2019-06-06T16:35:00+00:00\",\"mainEntityOfPage\":{\"@id\":\"https:\\\/\\\/www.rri.ro\\\/de\\\/aktuell\\\/newsflash-de\\\/nachrichten-06-06-2019-id633144.html\"},\"wordCount\":577,\"image\":{\"@id\":\"https:\\\/\\\/www.rri.ro\\\/de\\\/aktuell\\\/newsflash-de\\\/nachrichten-06-06-2019-id633144.html#primaryimage\"},\"thumbnailUrl\":\"https:\\\/\\\/www.rri.ro\\\/wp-content\\\/uploads\\\/2023\\\/10\\\/stiri-germana-ok2-2.png\",\"keywords\":[\"Christi Himmelfahrt\",\"Donauebene\",\"drei Meere-Initiative\",\"EM-Vorbereitung\",\"Fu\u00dfball\",\"Heldentag\",\"Hochwasser-Alarm\",\"IWF\",\"Jaewoo Lee\",\"Klaus Iohannis\",\"Ljubljana\",\"Makro\u00f6knomie\",\"Norwegen\",\"Rum\u00e4nien\",\"Unwetter\",\"viorica dancila\",\"Wirtschaftswachstum\"],\"articleSection\":[\"Newsflash\"],\"inLanguage\":\"de\"},{\"@type\":\"WebPage\",\"@id\":\"https:\\\/\\\/www.rri.ro\\\/de\\\/aktuell\\\/newsflash-de\\\/nachrichten-06-06-2019-id633144.html\",\"url\":\"https:\\\/\\\/www.rri.ro\\\/de\\\/aktuell\\\/newsflash-de\\\/nachrichten-06-06-2019-id633144.html\",\"name\":\"Nachrichten 06.06.2019 - Radio Rum\u00e4nien International\",\"isPartOf\":{\"@id\":\"https:\\\/\\\/www.rri.ro\\\/#website\"},\"primaryImageOfPage\":{\"@id\":\"https:\\\/\\\/www.rri.ro\\\/de\\\/aktuell\\\/newsflash-de\\\/nachrichten-06-06-2019-id633144.html#primaryimage\"},\"image\":{\"@id\":\"https:\\\/\\\/www.rri.ro\\\/de\\\/aktuell\\\/newsflash-de\\\/nachrichten-06-06-2019-id633144.html#primaryimage\"},\"thumbnailUrl\":\"https:\\\/\\\/www.rri.ro\\\/wp-content\\\/uploads\\\/2023\\\/10\\\/stiri-germana-ok2-2.png\",\"datePublished\":\"2019-06-06T16:35:00+00:00\",\"author\":{\"@id\":\"https:\\\/\\\/www.rri.ro\\\/#\\\/schema\\\/person\\\/4a479940371b9fdefd194f561e8a7f88\"},\"breadcrumb\":{\"@id\":\"https:\\\/\\\/www.rri.ro\\\/de\\\/aktuell\\\/newsflash-de\\\/nachrichten-06-06-2019-id633144.html#breadcrumb\"},\"inLanguage\":\"de\",\"potentialAction\":[{\"@type\":\"ReadAction\",\"target\":[\"https:\\\/\\\/www.rri.ro\\\/de\\\/aktuell\\\/newsflash-de\\\/nachrichten-06-06-2019-id633144.html\"]}]},{\"@type\":\"ImageObject\",\"inLanguage\":\"de\",\"@id\":\"https:\\\/\\\/www.rri.ro\\\/de\\\/aktuell\\\/newsflash-de\\\/nachrichten-06-06-2019-id633144.html#primaryimage\",\"url\":\"https:\\\/\\\/www.rri.ro\\\/wp-content\\\/uploads\\\/2023\\\/10\\\/stiri-germana-ok2-2.png\",\"contentUrl\":\"https:\\\/\\\/www.rri.ro\\\/wp-content\\\/uploads\\\/2023\\\/10\\\/stiri-germana-ok2-2.png\",\"width\":640,\"height\":427},{\"@type\":\"BreadcrumbList\",\"@id\":\"https:\\\/\\\/www.rri.ro\\\/de\\\/aktuell\\\/newsflash-de\\\/nachrichten-06-06-2019-id633144.html#breadcrumb\",\"itemListElement\":[{\"@type\":\"ListItem\",\"position\":1,\"name\":\"Startseite\",\"item\":\"https:\\\/\\\/www.rri.ro\\\/de\"},{\"@type\":\"ListItem\",\"position\":2,\"name\":\"Aktuell\",\"item\":\"https:\\\/\\\/www.rri.ro\\\/de\\\/aktuell\"},{\"@type\":\"ListItem\",\"position\":3,\"name\":\"Newsflash\",\"item\":\"https:\\\/\\\/www.rri.ro\\\/de\\\/aktuell\\\/newsflash-de\"},{\"@type\":\"ListItem\",\"position\":4,\"name\":\"Nachrichten 06.06.2019\"}]},{\"@type\":\"WebSite\",\"@id\":\"https:\\\/\\\/www.rri.ro\\\/#website\",\"url\":\"https:\\\/\\\/www.rri.ro\\\/\",\"name\":\"Radio Rum\u00e4nien International\",\"description\":\"Totul despre Rom\u00e2nia \u015fi rom\u00e2ni, \u00een 13 limbi\\\/dialecte!\",\"inLanguage\":\"de\"},{\"@type\":\"Person\",\"@id\":\"https:\\\/\\\/www.rri.ro\\\/#\\\/schema\\\/person\\\/4a479940371b9fdefd194f561e8a7f88\",\"name\":\"Newsroom\",\"url\":\"https:\\\/\\\/www.rri.ro\\\/de\\\/author\\\/newsroom\"}]}<\/script>\n<!-- \/ Yoast SEO plugin. -->","yoast_head_json":{"title":"Nachrichten 06.06.2019 - Radio Rum\u00e4nien International","robots":{"index":"index","follow":"follow","max-snippet":"max-snippet:-1","max-image-preview":"max-image-preview:large","max-video-preview":"max-video-preview:-1"},"canonical":"https:\/\/www.rri.ro\/de\/aktuell\/newsflash-de\/nachrichten-06-06-2019-id633144.html","og_locale":"de_DE","og_type":"article","og_title":"Nachrichten 06.06.2019 - Radio Rum\u00e4nien International","og_description":"Die wichtigsten Meldungen des Tages im \u00dcberblick","og_url":"https:\/\/www.rri.ro\/de\/aktuell\/newsflash-de\/nachrichten-06-06-2019-id633144.html","og_site_name":"Radio Rum\u00e4nien International","article_published_time":"2019-06-06T16:35:00+00:00","og_image":[{"width":640,"height":427,"url":"https:\/\/www.rri.ro\/wp-content\/uploads\/2023\/10\/stiri-germana-ok2-2.png","type":"image\/png"}],"author":"Newsroom","twitter_card":"summary_large_image","twitter_misc":{"Verfasst von":"Newsroom","Gesch\u00e4tzte Lesezeit":"3\u00a0Minuten","Written by":"Newsroom"},"schema":{"@context":"https:\/\/schema.org","@graph":[{"@type":"Article","@id":"https:\/\/www.rri.ro\/de\/aktuell\/newsflash-de\/nachrichten-06-06-2019-id633144.html#article","isPartOf":{"@id":"https:\/\/www.rri.ro\/de\/aktuell\/newsflash-de\/nachrichten-06-06-2019-id633144.html"},"author":{"name":"Newsroom","@id":"https:\/\/www.rri.ro\/#\/schema\/person\/4a479940371b9fdefd194f561e8a7f88"},"headline":"Nachrichten 06.06.2019","datePublished":"2019-06-06T16:35:00+00:00","mainEntityOfPage":{"@id":"https:\/\/www.rri.ro\/de\/aktuell\/newsflash-de\/nachrichten-06-06-2019-id633144.html"},"wordCount":577,"image":{"@id":"https:\/\/www.rri.ro\/de\/aktuell\/newsflash-de\/nachrichten-06-06-2019-id633144.html#primaryimage"},"thumbnailUrl":"https:\/\/www.rri.ro\/wp-content\/uploads\/2023\/10\/stiri-germana-ok2-2.png","keywords":["Christi Himmelfahrt","Donauebene","drei Meere-Initiative","EM-Vorbereitung","Fu\u00dfball","Heldentag","Hochwasser-Alarm","IWF","Jaewoo Lee","Klaus Iohannis","Ljubljana","Makro\u00f6knomie","Norwegen","Rum\u00e4nien","Unwetter","viorica dancila","Wirtschaftswachstum"],"articleSection":["Newsflash"],"inLanguage":"de"},{"@type":"WebPage","@id":"https:\/\/www.rri.ro\/de\/aktuell\/newsflash-de\/nachrichten-06-06-2019-id633144.html","url":"https:\/\/www.rri.ro\/de\/aktuell\/newsflash-de\/nachrichten-06-06-2019-id633144.html","name":"Nachrichten 06.06.2019 - Radio Rum\u00e4nien International","isPartOf":{"@id":"https:\/\/www.rri.ro\/#website"},"primaryImageOfPage":{"@id":"https:\/\/www.rri.ro\/de\/aktuell\/newsflash-de\/nachrichten-06-06-2019-id633144.html#primaryimage"},"image":{"@id":"https:\/\/www.rri.ro\/de\/aktuell\/newsflash-de\/nachrichten-06-06-2019-id633144.html#primaryimage"},"thumbnailUrl":"https:\/\/www.rri.ro\/wp-content\/uploads\/2023\/10\/stiri-germana-ok2-2.png","datePublished":"2019-06-06T16:35:00+00:00","author":{"@id":"https:\/\/www.rri.ro\/#\/schema\/person\/4a479940371b9fdefd194f561e8a7f88"},"breadcrumb":{"@id":"https:\/\/www.rri.ro\/de\/aktuell\/newsflash-de\/nachrichten-06-06-2019-id633144.html#breadcrumb"},"inLanguage":"de","potentialAction":[{"@type":"ReadAction","target":["https:\/\/www.rri.ro\/de\/aktuell\/newsflash-de\/nachrichten-06-06-2019-id633144.html"]}]},{"@type":"ImageObject","inLanguage":"de","@id":"https:\/\/www.rri.ro\/de\/aktuell\/newsflash-de\/nachrichten-06-06-2019-id633144.html#primaryimage","url":"https:\/\/www.rri.ro\/wp-content\/uploads\/2023\/10\/stiri-germana-ok2-2.png","contentUrl":"https:\/\/www.rri.ro\/wp-content\/uploads\/2023\/10\/stiri-germana-ok2-2.png","width":640,"height":427},{"@type":"BreadcrumbList","@id":"https:\/\/www.rri.ro\/de\/aktuell\/newsflash-de\/nachrichten-06-06-2019-id633144.html#breadcrumb","itemListElement":[{"@type":"ListItem","position":1,"name":"Startseite","item":"https:\/\/www.rri.ro\/de"},{"@type":"ListItem","position":2,"name":"Aktuell","item":"https:\/\/www.rri.ro\/de\/aktuell"},{"@type":"ListItem","position":3,"name":"Newsflash","item":"https:\/\/www.rri.ro\/de\/aktuell\/newsflash-de"},{"@type":"ListItem","position":4,"name":"Nachrichten 06.06.2019"}]},{"@type":"WebSite","@id":"https:\/\/www.rri.ro\/#website","url":"https:\/\/www.rri.ro\/","name":"Radio Rum\u00e4nien International","description":"Totul despre Rom\u00e2nia \u015fi rom\u00e2ni, \u00een 13 limbi\/dialecte!","inLanguage":"de"},{"@type":"Person","@id":"https:\/\/www.rri.ro\/#\/schema\/person\/4a479940371b9fdefd194f561e8a7f88","name":"Newsroom","url":"https:\/\/www.rri.ro\/de\/author\/newsroom"}]}},"_links":{"self":[{"href":"https:\/\/www.rri.ro\/de\/wp-json\/wp\/v2\/posts\/633144","targetHints":{"allow":["GET"]}}],"collection":[{"href":"https:\/\/www.rri.ro\/de\/wp-json\/wp\/v2\/posts"}],"about":[{"href":"https:\/\/www.rri.ro\/de\/wp-json\/wp\/v2\/types\/post"}],"author":[{"embeddable":true,"href":"https:\/\/www.rri.ro\/de\/wp-json\/wp\/v2\/users\/113"}],"replies":[{"embeddable":true,"href":"https:\/\/www.rri.ro\/de\/wp-json\/wp\/v2\/comments?post=633144"}],"version-history":[{"count":0,"href":"https:\/\/www.rri.ro\/de\/wp-json\/wp\/v2\/posts\/633144\/revisions"}],"wp:featuredmedia":[{"embeddable":true,"href":"https:\/\/www.rri.ro\/de\/wp-json\/wp\/v2\/media\/460330"}],"wp:attachment":[{"href":"https:\/\/www.rri.ro\/de\/wp-json\/wp\/v2\/media?parent=633144"}],"wp:term":[{"taxonomy":"category","embeddable":true,"href":"https:\/\/www.rri.ro\/de\/wp-json\/wp\/v2\/categories?post=633144"},{"taxonomy":"post_tag","embeddable":true,"href":"https:\/\/www.rri.ro\/de\/wp-json\/wp\/v2\/tags?post=633144"},{"taxonomy":"author","embeddable":true,"href":"https:\/\/www.rri.ro\/de\/wp-json\/wp\/v2\/coauthors?post=633144"}],"curies":[{"name":"wp","href":"https:\/\/api.w.org\/{rel}","templated":true}]}}