{"id":633243,"date":"2019-09-13T18:29:00","date_gmt":"2019-09-13T15:29:00","guid":{"rendered":"http:\/\/devrri.freshlemon.ro\/aktuell\/nachrichten-13-09-2019-id633243.html"},"modified":"2019-09-13T18:29:00","modified_gmt":"2019-09-13T15:29:00","slug":"nachrichten-13-09-2019","status":"publish","type":"post","link":"https:\/\/www.rri.ro\/de\/aktuell\/newsflash-de\/nachrichten-13-09-2019-id633243.html","title":{"rendered":"Nachrichten 13.09.2019"},"content":{"rendered":"<p>Die St\u00e4ndige Wahlbeh\u00f6rde hat einen Entwurf des Leitfadens mit den Regeln f\u00fcr die Finanzierung des Pr\u00e4sidentschaftswahlkampfes ausgearbeitet und zur \u00f6ffentlichen Diskussion gestellt. Zudem genehmigte die rum\u00e4nische Regierung am Donnerstag einen von der St\u00e4ndigen Wahlbeh\u00f6rde vorgelegten Entwurf eines Beschlusses, wonach die Registrierungsfrist f\u00fcr die im Ausland lebenden rum\u00e4nischen B\u00fcrger als W\u00e4hler bis Sonntag, den 15. September, verl\u00e4ngert wurde. Au\u00dferdem haben die diplomatischen Vertretungen bis zum 19. Oktober Zeit, dem Au\u00dfenministerium die Er\u00f6ffnung neuer Wahllokale im Ausland vorzuschlagen. Die erste Runde der Pr\u00e4sidentschaftswahlen in Rum\u00e4nien findet am 10. November und die zweite am 24. November statt.<\/p>\n<p>&#13;<br \/>\n&#13;<\/p>\n<p>&#13;<br \/>\n&#13;<\/p>\n<p>Nach dem Regierungswechsel im Juni 2019 hat die Republik Moldau die Umsetzung wichtiger Reformen zur Bek\u00e4mpfung der Verschlechterung der demokratischen Standards und der Rechtsstaatlichkeit entschlossen vorangetrieben, damit die B\u00fcrger in vollem Umfang vom Assoziierungsabkommen EU-Moldau profitieren k\u00f6nnen. Das sagte die Europ\u00e4ische Kommission in dem am Donnerstag ver\u00f6ffentlichten Bericht \u00fcber die Umsetzung des Abkommens. Der f\u00fcr die Europ\u00e4ische Nachbarschaftspolitik und die Erweiterungsverhandlungen zust\u00e4ndige Kommissar Johannes Hahn hat erkl\u00e4rt, dass die Kommission bereits im Juli 2019 die Budgethilfezahlungen wieder aufgenommen und auch mit den Finanzierungsabkommen der Regierung \u00fcber nachhaltige lokale Entwicklung und Rechtsstaatlichkeit unterzeichnet hat, die die Durchf\u00fchrung von Programmen erm\u00f6glichen werden, die den Menschen in Moldawien greifbare Ergebnisse bringen. Wir sind bereit, unsere finanzielle Unterst\u00fctzung und Beratung als Reaktion auf die solide Reformagenda der Regierung weiter zu verst\u00e4rken, sagte Kommissar Hahn ebenfalls.<\/p>\n<p>&#13;<br \/>\n&#13;<\/p>\n<p>&#13;<br \/>\n&#13;<\/p>\n<p>Die Stadt Paris wurde heute durch einen Streik des Verkehrsnetzes (RATP) aus Protest gegen die Pl\u00e4ne zur Reform des Rentensystems gel\u00e4hmt. Den Menschen wurde geraten, ihre Reisen heute auf ein Minimum zu beschr\u00e4nken. Der Streik ist der erste in einer Reihe von Aktionen, die aus Protest gegen die geplante Reform des franz\u00f6sischen Rentensystems geplant sind.  Die Reformen w\u00fcrden das derzeitige System vereinfachen, mit einem einheitlichen Rentensystem und nicht mit den derzeit 42 verschiedenen. Transportarbeiter, die \u00fcber bestimmte Ausnahmen f\u00fcr den Vorruhestand verf\u00fcgen, w\u00e4ren von den \u00c4nderungen besonders betroffen. Das f\u00fcr RATP-Arbeitnehmer spezifische Rentensystem erm\u00f6glicht es Lokf\u00fchrern und anderen Mitarbeitern, die unter Tage arbeiten, mit 52 Jahren, ein Jahrzehnt fr\u00fcher als das normale gesetzliche Rentenalter, in den Ruhestand zu gehen und eine vollst\u00e4ndige \u00f6ffentliche Rente zu erhalten.<\/p>\n<p>&#13;<br \/>\n&#13;<\/p>\n<p>&#13;<br \/>\n&#13;<\/p>\n<p>Der Radiosaal in Bukarest hat am Freitag Abend ein Konzert aus der 21st Century Music Series des George Enescu Festivals veranstaltet. Auf der B\u00fchne stand die George Enescu Philharmonik unter der Leitung von Peter Rundel. Auch heute, im rum\u00e4nischen Athenaeum, hat das Publikum die M\u00f6glichkeit, das Orchester der Kremerata Baltica, bestehend aus lettischen, litauischen und estnischen Musikern, unter der Leitung des Geigers Gidon Kremer zu h\u00f6ren. Das George Enescu International Festival findet zwischen dem 31. August und dem 22. September statt und versammelt mehr als 2.500 der gr\u00f6\u00dften Musiker der Welt in 84 verschiedenen Konzerten und Rezitalen. Veranstaltungen im Rahmen des Festivals finden in der Hauptstadt Bukarest und anderen St\u00e4dten Rum\u00e4niens sowie in Deutschland, Frankreich, Italien, Kanada und der Republik Moldau statt.<\/p>\n<p>&#13;<br \/>\n&#13;<\/p>\n<p>&#13;<br \/>\n&#13;<\/p>\n<p>Die rum\u00e4nische Volleyball-Nationalmannschaft spielt heute gegen Bulgarien in Montpellier, Frankreich. Dies ist das zweite Spiel der Rum\u00e4nen in der Gruppe A der Europameisterschaft. Am Donnerstag, im ersten Spiel, wurde Rum\u00e4nien im Spiel gegen Frankreich mit 3-0 besiegt.  Der Europameister von 2015, Frankreich, brauchte nur 64 Minuten, um die rum\u00e4nische Mannschaft zu schlagen. Mit 12 Punkten war Robert Adrian Aciobanitei der beste Spieler der rum\u00e4nischen Mannschaft, der nach 24 Jahren sein Comeback im Wettbewerb feierte. In den anderen Spielen der Gruppe besiegte Bulgarien Griechenland mit 3:0, w\u00e4hrend Italien auch gegen Portugal mit 3:0 gewann.<\/p>\n<p>&#13;<\/p>\n","protected":false},"excerpt":{"rendered":"<p>Die St\u00e4ndige Wahlbeh\u00f6rde hat einen Entwurf des Leitfadens mit den Regeln f\u00fcr die Finanzierung des Pr\u00e4sidentschaftswahlkampfes ausgearbeitet und zur \u00f6ffentlichen Diskussion gestellt. Zudem genehmigte die rum\u00e4nische Regierung am Donnerstag einen von der St\u00e4ndigen Wahlbeh\u00f6rde vorgelegten Entwurf eines Beschlusses, wonach die Registrierungsfrist f\u00fcr die im Ausland lebenden rum\u00e4nischen B\u00fcrger als W\u00e4hler bis Sonntag, den 15. September, [&hellip;]<\/p>\n","protected":false},"author":113,"featured_media":460330,"comment_status":"closed","ping_status":"closed","sticky":false,"template":"","format":"standard","meta":{"_acf_changed":false,"footnotes":""},"categories":[116753],"tags":[162063,144362,104768,127207,104353,100115,101821,100373,102118],"coauthors":[],"class_list":["post-633243","post","type-post","status-publish","format-standard","has-post-thumbnail","hentry","category-newsflash-de","tag-george-enescu-festival-de","tag-paris-de","tag-praesidentschaftswahlkampf","tag-radiosaal","tag-rentensystem","tag-republik-moldau","tag-staendige-wahlbehoerde","tag-streik","tag-wahllokale"],"acf":[],"yoast_head":"<!-- This site is optimized with the Yoast SEO plugin v27.3 - https:\/\/yoast.com\/product\/yoast-seo-wordpress\/ -->\n<title>Nachrichten 13.09.2019 - Radio Rum\u00e4nien International<\/title>\n<meta name=\"robots\" content=\"index, follow, max-snippet:-1, max-image-preview:large, max-video-preview:-1\" \/>\n<link rel=\"canonical\" href=\"https:\/\/www.rri.ro\/de\/aktuell\/newsflash-de\/nachrichten-13-09-2019-id633243.html\" \/>\n<meta property=\"og:locale\" content=\"de_DE\" \/>\n<meta property=\"og:type\" content=\"article\" \/>\n<meta property=\"og:title\" content=\"Nachrichten 13.09.2019 - Radio Rum\u00e4nien International\" \/>\n<meta property=\"og:description\" content=\"Die St\u00e4ndige Wahlbeh\u00f6rde hat einen Entwurf des Leitfadens mit den Regeln f\u00fcr die Finanzierung des Pr\u00e4sidentschaftswahlkampfes ausgearbeitet und zur \u00f6ffentlichen Diskussion gestellt. Zudem genehmigte die rum\u00e4nische Regierung am Donnerstag einen von der St\u00e4ndigen Wahlbeh\u00f6rde vorgelegten Entwurf eines Beschlusses, wonach die Registrierungsfrist f\u00fcr die im Ausland lebenden rum\u00e4nischen B\u00fcrger als W\u00e4hler bis Sonntag, den 15. September, [&hellip;]\" \/>\n<meta property=\"og:url\" content=\"https:\/\/www.rri.ro\/de\/aktuell\/newsflash-de\/nachrichten-13-09-2019-id633243.html\" \/>\n<meta property=\"og:site_name\" content=\"Radio Rum\u00e4nien International\" \/>\n<meta property=\"article:published_time\" content=\"2019-09-13T15:29:00+00:00\" \/>\n<meta property=\"og:image\" content=\"https:\/\/www.rri.ro\/wp-content\/uploads\/2023\/10\/stiri-germana-ok2-2.png\" \/>\n\t<meta property=\"og:image:width\" content=\"640\" \/>\n\t<meta property=\"og:image:height\" content=\"427\" \/>\n\t<meta property=\"og:image:type\" content=\"image\/png\" \/>\n<meta name=\"author\" content=\"Newsroom\" \/>\n<meta name=\"twitter:card\" content=\"summary_large_image\" \/>\n<meta name=\"twitter:label1\" content=\"Verfasst von\" \/>\n\t<meta name=\"twitter:data1\" content=\"Newsroom\" \/>\n\t<meta name=\"twitter:label2\" content=\"Gesch\u00e4tzte Lesezeit\" \/>\n\t<meta name=\"twitter:data2\" content=\"3\u00a0Minuten\" \/>\n\t<meta name=\"twitter:label3\" content=\"Written by\" \/>\n\t<meta name=\"twitter:data3\" content=\"Newsroom\" \/>\n<script type=\"application\/ld+json\" class=\"yoast-schema-graph\">{\"@context\":\"https:\\\/\\\/schema.org\",\"@graph\":[{\"@type\":\"Article\",\"@id\":\"https:\\\/\\\/www.rri.ro\\\/de\\\/aktuell\\\/newsflash-de\\\/nachrichten-13-09-2019-id633243.html#article\",\"isPartOf\":{\"@id\":\"https:\\\/\\\/www.rri.ro\\\/de\\\/aktuell\\\/newsflash-de\\\/nachrichten-13-09-2019-id633243.html\"},\"author\":{\"name\":\"Newsroom\",\"@id\":\"https:\\\/\\\/www.rri.ro\\\/#\\\/schema\\\/person\\\/4a479940371b9fdefd194f561e8a7f88\"},\"headline\":\"Nachrichten 13.09.2019\",\"datePublished\":\"2019-09-13T15:29:00+00:00\",\"mainEntityOfPage\":{\"@id\":\"https:\\\/\\\/www.rri.ro\\\/de\\\/aktuell\\\/newsflash-de\\\/nachrichten-13-09-2019-id633243.html\"},\"wordCount\":605,\"image\":{\"@id\":\"https:\\\/\\\/www.rri.ro\\\/de\\\/aktuell\\\/newsflash-de\\\/nachrichten-13-09-2019-id633243.html#primaryimage\"},\"thumbnailUrl\":\"https:\\\/\\\/www.rri.ro\\\/wp-content\\\/uploads\\\/2023\\\/10\\\/stiri-germana-ok2-2.png\",\"keywords\":[\"George Enescu Festival\",\"Paris\",\"Pr\u00e4sidentschaftswahlkampf\",\"Radiosaal\",\"Rentensystem\",\"Republik Moldau\",\"St\u00e4ndige Wahlbeh\u00f6rde\",\"Streik\",\"Wahllokale\"],\"articleSection\":[\"Newsflash\"],\"inLanguage\":\"de\"},{\"@type\":\"WebPage\",\"@id\":\"https:\\\/\\\/www.rri.ro\\\/de\\\/aktuell\\\/newsflash-de\\\/nachrichten-13-09-2019-id633243.html\",\"url\":\"https:\\\/\\\/www.rri.ro\\\/de\\\/aktuell\\\/newsflash-de\\\/nachrichten-13-09-2019-id633243.html\",\"name\":\"Nachrichten 13.09.2019 - Radio Rum\u00e4nien International\",\"isPartOf\":{\"@id\":\"https:\\\/\\\/www.rri.ro\\\/#website\"},\"primaryImageOfPage\":{\"@id\":\"https:\\\/\\\/www.rri.ro\\\/de\\\/aktuell\\\/newsflash-de\\\/nachrichten-13-09-2019-id633243.html#primaryimage\"},\"image\":{\"@id\":\"https:\\\/\\\/www.rri.ro\\\/de\\\/aktuell\\\/newsflash-de\\\/nachrichten-13-09-2019-id633243.html#primaryimage\"},\"thumbnailUrl\":\"https:\\\/\\\/www.rri.ro\\\/wp-content\\\/uploads\\\/2023\\\/10\\\/stiri-germana-ok2-2.png\",\"datePublished\":\"2019-09-13T15:29:00+00:00\",\"author\":{\"@id\":\"https:\\\/\\\/www.rri.ro\\\/#\\\/schema\\\/person\\\/4a479940371b9fdefd194f561e8a7f88\"},\"breadcrumb\":{\"@id\":\"https:\\\/\\\/www.rri.ro\\\/de\\\/aktuell\\\/newsflash-de\\\/nachrichten-13-09-2019-id633243.html#breadcrumb\"},\"inLanguage\":\"de\",\"potentialAction\":[{\"@type\":\"ReadAction\",\"target\":[\"https:\\\/\\\/www.rri.ro\\\/de\\\/aktuell\\\/newsflash-de\\\/nachrichten-13-09-2019-id633243.html\"]}]},{\"@type\":\"ImageObject\",\"inLanguage\":\"de\",\"@id\":\"https:\\\/\\\/www.rri.ro\\\/de\\\/aktuell\\\/newsflash-de\\\/nachrichten-13-09-2019-id633243.html#primaryimage\",\"url\":\"https:\\\/\\\/www.rri.ro\\\/wp-content\\\/uploads\\\/2023\\\/10\\\/stiri-germana-ok2-2.png\",\"contentUrl\":\"https:\\\/\\\/www.rri.ro\\\/wp-content\\\/uploads\\\/2023\\\/10\\\/stiri-germana-ok2-2.png\",\"width\":640,\"height\":427},{\"@type\":\"BreadcrumbList\",\"@id\":\"https:\\\/\\\/www.rri.ro\\\/de\\\/aktuell\\\/newsflash-de\\\/nachrichten-13-09-2019-id633243.html#breadcrumb\",\"itemListElement\":[{\"@type\":\"ListItem\",\"position\":1,\"name\":\"Startseite\",\"item\":\"https:\\\/\\\/www.rri.ro\\\/de\"},{\"@type\":\"ListItem\",\"position\":2,\"name\":\"Aktuell\",\"item\":\"https:\\\/\\\/www.rri.ro\\\/de\\\/aktuell\"},{\"@type\":\"ListItem\",\"position\":3,\"name\":\"Newsflash\",\"item\":\"https:\\\/\\\/www.rri.ro\\\/de\\\/aktuell\\\/newsflash-de\"},{\"@type\":\"ListItem\",\"position\":4,\"name\":\"Nachrichten 13.09.2019\"}]},{\"@type\":\"WebSite\",\"@id\":\"https:\\\/\\\/www.rri.ro\\\/#website\",\"url\":\"https:\\\/\\\/www.rri.ro\\\/\",\"name\":\"Radio Rum\u00e4nien International\",\"description\":\"Totul despre Rom\u00e2nia \u015fi rom\u00e2ni, \u00een 13 limbi\\\/dialecte!\",\"inLanguage\":\"de\"},{\"@type\":\"Person\",\"@id\":\"https:\\\/\\\/www.rri.ro\\\/#\\\/schema\\\/person\\\/4a479940371b9fdefd194f561e8a7f88\",\"name\":\"Newsroom\",\"url\":\"https:\\\/\\\/www.rri.ro\\\/de\\\/author\\\/newsroom\"}]}<\/script>\n<!-- \/ Yoast SEO plugin. -->","yoast_head_json":{"title":"Nachrichten 13.09.2019 - Radio Rum\u00e4nien International","robots":{"index":"index","follow":"follow","max-snippet":"max-snippet:-1","max-image-preview":"max-image-preview:large","max-video-preview":"max-video-preview:-1"},"canonical":"https:\/\/www.rri.ro\/de\/aktuell\/newsflash-de\/nachrichten-13-09-2019-id633243.html","og_locale":"de_DE","og_type":"article","og_title":"Nachrichten 13.09.2019 - Radio Rum\u00e4nien International","og_description":"Die St\u00e4ndige Wahlbeh\u00f6rde hat einen Entwurf des Leitfadens mit den Regeln f\u00fcr die Finanzierung des Pr\u00e4sidentschaftswahlkampfes ausgearbeitet und zur \u00f6ffentlichen Diskussion gestellt. Zudem genehmigte die rum\u00e4nische Regierung am Donnerstag einen von der St\u00e4ndigen Wahlbeh\u00f6rde vorgelegten Entwurf eines Beschlusses, wonach die Registrierungsfrist f\u00fcr die im Ausland lebenden rum\u00e4nischen B\u00fcrger als W\u00e4hler bis Sonntag, den 15. September, [&hellip;]","og_url":"https:\/\/www.rri.ro\/de\/aktuell\/newsflash-de\/nachrichten-13-09-2019-id633243.html","og_site_name":"Radio Rum\u00e4nien International","article_published_time":"2019-09-13T15:29:00+00:00","og_image":[{"width":640,"height":427,"url":"https:\/\/www.rri.ro\/wp-content\/uploads\/2023\/10\/stiri-germana-ok2-2.png","type":"image\/png"}],"author":"Newsroom","twitter_card":"summary_large_image","twitter_misc":{"Verfasst von":"Newsroom","Gesch\u00e4tzte Lesezeit":"3\u00a0Minuten","Written by":"Newsroom"},"schema":{"@context":"https:\/\/schema.org","@graph":[{"@type":"Article","@id":"https:\/\/www.rri.ro\/de\/aktuell\/newsflash-de\/nachrichten-13-09-2019-id633243.html#article","isPartOf":{"@id":"https:\/\/www.rri.ro\/de\/aktuell\/newsflash-de\/nachrichten-13-09-2019-id633243.html"},"author":{"name":"Newsroom","@id":"https:\/\/www.rri.ro\/#\/schema\/person\/4a479940371b9fdefd194f561e8a7f88"},"headline":"Nachrichten 13.09.2019","datePublished":"2019-09-13T15:29:00+00:00","mainEntityOfPage":{"@id":"https:\/\/www.rri.ro\/de\/aktuell\/newsflash-de\/nachrichten-13-09-2019-id633243.html"},"wordCount":605,"image":{"@id":"https:\/\/www.rri.ro\/de\/aktuell\/newsflash-de\/nachrichten-13-09-2019-id633243.html#primaryimage"},"thumbnailUrl":"https:\/\/www.rri.ro\/wp-content\/uploads\/2023\/10\/stiri-germana-ok2-2.png","keywords":["George Enescu Festival","Paris","Pr\u00e4sidentschaftswahlkampf","Radiosaal","Rentensystem","Republik Moldau","St\u00e4ndige Wahlbeh\u00f6rde","Streik","Wahllokale"],"articleSection":["Newsflash"],"inLanguage":"de"},{"@type":"WebPage","@id":"https:\/\/www.rri.ro\/de\/aktuell\/newsflash-de\/nachrichten-13-09-2019-id633243.html","url":"https:\/\/www.rri.ro\/de\/aktuell\/newsflash-de\/nachrichten-13-09-2019-id633243.html","name":"Nachrichten 13.09.2019 - Radio Rum\u00e4nien International","isPartOf":{"@id":"https:\/\/www.rri.ro\/#website"},"primaryImageOfPage":{"@id":"https:\/\/www.rri.ro\/de\/aktuell\/newsflash-de\/nachrichten-13-09-2019-id633243.html#primaryimage"},"image":{"@id":"https:\/\/www.rri.ro\/de\/aktuell\/newsflash-de\/nachrichten-13-09-2019-id633243.html#primaryimage"},"thumbnailUrl":"https:\/\/www.rri.ro\/wp-content\/uploads\/2023\/10\/stiri-germana-ok2-2.png","datePublished":"2019-09-13T15:29:00+00:00","author":{"@id":"https:\/\/www.rri.ro\/#\/schema\/person\/4a479940371b9fdefd194f561e8a7f88"},"breadcrumb":{"@id":"https:\/\/www.rri.ro\/de\/aktuell\/newsflash-de\/nachrichten-13-09-2019-id633243.html#breadcrumb"},"inLanguage":"de","potentialAction":[{"@type":"ReadAction","target":["https:\/\/www.rri.ro\/de\/aktuell\/newsflash-de\/nachrichten-13-09-2019-id633243.html"]}]},{"@type":"ImageObject","inLanguage":"de","@id":"https:\/\/www.rri.ro\/de\/aktuell\/newsflash-de\/nachrichten-13-09-2019-id633243.html#primaryimage","url":"https:\/\/www.rri.ro\/wp-content\/uploads\/2023\/10\/stiri-germana-ok2-2.png","contentUrl":"https:\/\/www.rri.ro\/wp-content\/uploads\/2023\/10\/stiri-germana-ok2-2.png","width":640,"height":427},{"@type":"BreadcrumbList","@id":"https:\/\/www.rri.ro\/de\/aktuell\/newsflash-de\/nachrichten-13-09-2019-id633243.html#breadcrumb","itemListElement":[{"@type":"ListItem","position":1,"name":"Startseite","item":"https:\/\/www.rri.ro\/de"},{"@type":"ListItem","position":2,"name":"Aktuell","item":"https:\/\/www.rri.ro\/de\/aktuell"},{"@type":"ListItem","position":3,"name":"Newsflash","item":"https:\/\/www.rri.ro\/de\/aktuell\/newsflash-de"},{"@type":"ListItem","position":4,"name":"Nachrichten 13.09.2019"}]},{"@type":"WebSite","@id":"https:\/\/www.rri.ro\/#website","url":"https:\/\/www.rri.ro\/","name":"Radio Rum\u00e4nien International","description":"Totul despre Rom\u00e2nia \u015fi rom\u00e2ni, \u00een 13 limbi\/dialecte!","inLanguage":"de"},{"@type":"Person","@id":"https:\/\/www.rri.ro\/#\/schema\/person\/4a479940371b9fdefd194f561e8a7f88","name":"Newsroom","url":"https:\/\/www.rri.ro\/de\/author\/newsroom"}]}},"_links":{"self":[{"href":"https:\/\/www.rri.ro\/de\/wp-json\/wp\/v2\/posts\/633243","targetHints":{"allow":["GET"]}}],"collection":[{"href":"https:\/\/www.rri.ro\/de\/wp-json\/wp\/v2\/posts"}],"about":[{"href":"https:\/\/www.rri.ro\/de\/wp-json\/wp\/v2\/types\/post"}],"author":[{"embeddable":true,"href":"https:\/\/www.rri.ro\/de\/wp-json\/wp\/v2\/users\/113"}],"replies":[{"embeddable":true,"href":"https:\/\/www.rri.ro\/de\/wp-json\/wp\/v2\/comments?post=633243"}],"version-history":[{"count":0,"href":"https:\/\/www.rri.ro\/de\/wp-json\/wp\/v2\/posts\/633243\/revisions"}],"wp:featuredmedia":[{"embeddable":true,"href":"https:\/\/www.rri.ro\/de\/wp-json\/wp\/v2\/media\/460330"}],"wp:attachment":[{"href":"https:\/\/www.rri.ro\/de\/wp-json\/wp\/v2\/media?parent=633243"}],"wp:term":[{"taxonomy":"category","embeddable":true,"href":"https:\/\/www.rri.ro\/de\/wp-json\/wp\/v2\/categories?post=633243"},{"taxonomy":"post_tag","embeddable":true,"href":"https:\/\/www.rri.ro\/de\/wp-json\/wp\/v2\/tags?post=633243"},{"taxonomy":"author","embeddable":true,"href":"https:\/\/www.rri.ro\/de\/wp-json\/wp\/v2\/coauthors?post=633243"}],"curies":[{"name":"wp","href":"https:\/\/api.w.org\/{rel}","templated":true}]}}