{"id":633253,"date":"2019-09-23T17:35:00","date_gmt":"2019-09-23T14:35:00","guid":{"rendered":"http:\/\/devrri.freshlemon.ro\/aktuell\/nachrichten-23-09-2019-id633253.html"},"modified":"2019-09-23T17:35:00","modified_gmt":"2019-09-23T14:35:00","slug":"nachrichten-23-09-2019","status":"publish","type":"post","link":"https:\/\/www.rri.ro\/de\/aktuell\/newsflash-de\/nachrichten-23-09-2019-id633253.html","title":{"rendered":"Nachrichten 23.09.2019"},"content":{"rendered":"<p>Die Anmeldefrist f\u00fcr die Pr\u00e4sidentschaftswahlen in Rum\u00e4nien, die im November stattfinden werden, ist am Sonntag um Mitternacht abgelaufen. Die offizielle Kandidatenliste wurde am Montag bekanntgegeben. Anfechtungen k\u00f6nnen bis Mittwoch beim Verfassungsgericht eingereicht werden, w\u00e4hrend die endg\u00fcltige Liste am Freitag ver\u00f6ffentlicht wird. Unter anderem haben sich der amtierende Pr\u00e4sident Klaus Iohannis und Premierministerin Viorica Dancila f\u00fcr das Rennen angemeldet.<\/p>\n<p>&#13;<br \/>\n&#13;<\/p>\n<p>&#13;<br \/>\n&#13;<\/p>\n<p>Pr\u00e4sident Klaus Iohannis nimmt an der Sitzung der UN-Generalversammlung in New York teil. Auf der Tagesordnung der 74. Sitzung stehen Themen wie verst\u00e4rkte Bem\u00fchungen zur Beseitigung der Armut, qualitativ hochwertige Bildung, Klimaschutzma\u00df und Integration. Der rum\u00e4nische Pr\u00e4sident wird eine Rede vor der UN-Generalversammlung halten und an dem politischen Forum teilnehmen, das sich auf die Beschleunigung der Umsetzung der Agenda f\u00fcr nachhaltige Entwicklung im Jahr 2030 konzentrieren wird. Die Agenda 2030 ist ein vor vier Jahren verabschiedetes globales Aktionsprogramm, das wirtschaftliche, soziale und umweltbezogene Herausforderungen angeht. Die Beseitigung von Armut, Hunger, bessere Gesundheitsversorgung und Wohlstand, sauberes Wasser, menschenw\u00fcrdige Arbeit und Wirtschaftswachstum sind nur einige der Ziele, die die Staats- und Regierungschefs der Vereinten Nationen bis 2030 weltweit erreichen wollen. Am Rande der Sitzung der UN-Generalversammlung wird Pr\u00e4sident Iohannis auch eine Reihe von bilateralen Treffen haben und am Empfang des US-Pr\u00e4sidenten Donald Trump teilnehmen.<\/p>\n<p><\/p>\n<\/p>\n<p>Der Nationale Museumskomplex&#13;<br \/>\nAstra in Sibiu ist mit dem Luigi Micheletti Preis der&#13;<br \/>\nEurop\u00e4ischen Museumsakademie f\u00fcr die Beteiligung an der Verbindung&#13;<br \/>\nverschiedener Minderheiten und ihrer Geschichte sowie f\u00fcr den erheblichen&#13;<br \/>\nAufwand bei der Fertigstellung durch die Organisierung von Festivals und&#13;<br \/>\nVeranstaltungen belohnt worden. Die europ\u00e4ische Jury sch\u00e4tzte besonders das&#13;<br \/>\nOpen Heritage &#8211; Projekt, das in den letzten Jahren vom Astra-Museum&#13;<br \/>\ndurchgef\u00fchrt wurde. 19 europ\u00e4ische Museen, von denen drei aus Rum\u00e4nien, haben&#13;<br \/>\nsich bei der Ausgabe 2019 f\u00fcr die Verleihung der Preise der Europ\u00e4ischen&#13;<br \/>\nAkademie der Museen beworben.  Die&#13;<br \/>\nLeistung des Museums in Sibiu ist eine Premiere f\u00fcr Rum\u00e4nien. Die&#13;<br \/>\nPreisverleihung fand Ende letzter Woche in der slowenischen Hauptstadt&#13;<br \/>\nLjubljana statt.<\/p>\n<p><\/p>\n<p>&#13;<br \/>\n&#13;<\/p>\n<p> <span style=font-size: 1em;>Diese Woche befindet sich Rum\u00e4niens Premierministerin Viorica Dancila auf einem einw\u00f6chigen Arbeitsbesuch in den Vereinigten Staaten. Sie wird von Verteidigungsminister Gabriel Les und Finanzminister Eugen Teodorovici begleitet. Die Premierministerin k\u00fcndigte am Sonntag an, dass sie Gespr\u00e4che mit Vizepr\u00e4sident Mike Pence f\u00fchren und an einem Treffen zur Terrorismusbek\u00e4mpfung teilnehmen werde. Die rum\u00e4nische Vertreterin sagte auch, dass ein Memorandum \u00fcber Energie sowie ein Dokument im Gesundheitsbereich mit der Weltbank unterzeichnet werden sollen. Auf dem Programm des Besuchs stehen auch Treffen mit amerikanischen Gesch\u00e4ftsleuten. Die Premierministerin hat desgleichen erkl\u00e4rt, dass sie vorhat mit Vertretern der rum\u00e4nischen Gemeinschaft in den Vereinigten Staaten zusammenzukommen.<\/span><\/p>\n<p>&#13;<br \/>\n&#13;<\/p>\n<p>&#13;<br \/>\n&#13;<\/p>\n<p>Der rum\u00e4nische Minister f\u00fcr Landwirtschaft und l\u00e4ndliche Entwicklung Petre Daea nimmt ab Montag an der informellen Sitzung des Rates Landwirtschaft und Fischerei der EU teil, die von Helsinki ausgerichtet wird. Zur Zeit hat Finnland die Pr\u00e4sidentschaft des Rates der Europ\u00e4ischen Union inne. Auf der Tagesordnung der Sitzung stehen die F\u00f6rderung des Managements zum besseren Schutz der Bodenressourcen sowie die F\u00f6rderung einer nachhaltigen Landwirtschaft. Rum\u00e4nien bef\u00fcrwortet Ma\u00dfnahmen zur F\u00f6rderung einer nachhaltigen landwirtschaftlichen Entwicklung durch die Bindung von Bodenkohlenstoff als Teil seines nationalen Strategieplans, das auf die Gemeinsamen Agrarpolitik 2021-2027 zugeschnitten ist.<\/p>\n<p>&#13;<br \/>\n&#13;<\/p>\n<p>&#13;<br \/>\n&#13;<\/p>\n<p>Rum\u00e4nien befindet sich, mit 25 Euro pro Kopf, auf der 4. Letzten Stelle in der EU, was die staatlichen Zuwendungen f\u00fcr Freizeit und Sport  betrifft. Der europ\u00e4ische Durchschnitt leiegt bei 100 Euro pro Einwohner, geht aus den Daten f\u00fcr das Jahr 2017 von Eurostat hervor. Auf den letzten Pl\u00e4tzen leigen au\u00dferdem Kroatien,  mit 13 euro pro Einwohner, Bulgarien, mit 16 Euro und die Slovakei, mit 23 Euro. An der Spitze der Listen befinden sich Luxemburg, das im Jahre 2017 f\u00fcr Sport und Freizeit 500 Euro pro Einwohner bereitgestellt hat, gefolgt von Schweden und Finnalnd.<\/p>\n<p>&#13;<br \/>\n&#13;<\/p>\n<p>&#13;<br \/>\n&#13;<\/p>\n<p>Das Internationale George Enescu Musik-Festival ist am Sonntag zu Ende gegangen. An dem Festival nahmen ber\u00fchmte Musiker und Orchester aus der ganzen Welt teil. Der rum\u00e4nische Geiger Alexandru Tomescu gab ein Rezital in Toronto, w\u00e4hrend das rum\u00e4nische Athenaeum in Bukarest Gastgeber von Mozarts Don Giovanni mit dem Kammerorchester Basel war. Ebenfalls in Bukarest gab das Royal Concertgebouw Orchestra aus Amsterdam ein Konzert. Radio Rum\u00e4nien war Koproduzent des Enescu-Festivals, das 1958 zu Ehren des gro\u00dfen rum\u00e4nischen Komponisten und Geigers George Enescu ins Leben gerufen wurde. Vom 31. August bis 22. September traten \u00fcber 2.500 der weltweit renommiertesten Musiker in Bukarest, anderen St\u00e4dten in Rum\u00e4nien sowie in Deutschland, Frankreich, Italien, Kanada und der Republik Moldau auf.<\/p>\n<p>&#13;<\/p>\n","protected":false},"excerpt":{"rendered":"<p>Die Anmeldefrist f\u00fcr die Pr\u00e4sidentschaftswahlen in Rum\u00e4nien, die im November stattfinden werden, ist am Sonntag um Mitternacht abgelaufen. Die offizielle Kandidatenliste wurde am Montag bekanntgegeben. Anfechtungen k\u00f6nnen bis Mittwoch beim Verfassungsgericht eingereicht werden, w\u00e4hrend die endg\u00fcltige Liste am Freitag ver\u00f6ffentlicht wird. Unter anderem haben sich der amtierende Pr\u00e4sident Klaus Iohannis und Premierministerin Viorica Dancila f\u00fcr [&hellip;]<\/p>\n","protected":false},"author":113,"featured_media":460330,"comment_status":"closed","ping_status":"closed","sticky":false,"template":"","format":"standard","meta":{"_acf_changed":false,"footnotes":""},"categories":[116753],"tags":[35054,100133,127224,127223,102143,100864,104212,30492,101947,104708,126040,99592],"coauthors":[],"class_list":["post-633253","post","type-post","status-publish","format-standard","has-post-thumbnail","hentry","category-newsflash-de","tag-astra-museum","tag-gemeinsame-agrarpolitik","tag-internationale-george-enescu-musik-festival","tag-minister-fuer-landwirtschaft-und-laendliche-entwicklung-petre-daea","tag-praesident-klaus-iohannis","tag-praesidentschaftswahlen","tag-premierministerin-viorica-dancila","tag-sibiu","tag-un-generalversammlung","tag-us-praesident-donald-trump","tag-verteidigungsminister-gabriel-les","tag-weltbank"],"acf":[],"yoast_head":"<!-- This site is optimized with the Yoast SEO plugin v27.5 - https:\/\/yoast.com\/product\/yoast-seo-wordpress\/ -->\n<title>Nachrichten 23.09.2019 - Radio Rum\u00e4nien International<\/title>\n<meta name=\"robots\" content=\"index, follow, max-snippet:-1, max-image-preview:large, max-video-preview:-1\" \/>\n<link rel=\"canonical\" href=\"https:\/\/www.rri.ro\/de\/aktuell\/newsflash-de\/nachrichten-23-09-2019-id633253.html\" \/>\n<meta property=\"og:locale\" content=\"de_DE\" \/>\n<meta property=\"og:type\" content=\"article\" \/>\n<meta property=\"og:title\" content=\"Nachrichten 23.09.2019 - Radio Rum\u00e4nien International\" \/>\n<meta property=\"og:description\" content=\"Die Anmeldefrist f\u00fcr die Pr\u00e4sidentschaftswahlen in Rum\u00e4nien, die im November stattfinden werden, ist am Sonntag um Mitternacht abgelaufen. Die offizielle Kandidatenliste wurde am Montag bekanntgegeben. Anfechtungen k\u00f6nnen bis Mittwoch beim Verfassungsgericht eingereicht werden, w\u00e4hrend die endg\u00fcltige Liste am Freitag ver\u00f6ffentlicht wird. Unter anderem haben sich der amtierende Pr\u00e4sident Klaus Iohannis und Premierministerin Viorica Dancila f\u00fcr [&hellip;]\" \/>\n<meta property=\"og:url\" content=\"https:\/\/www.rri.ro\/de\/aktuell\/newsflash-de\/nachrichten-23-09-2019-id633253.html\" \/>\n<meta property=\"og:site_name\" content=\"Radio Rum\u00e4nien International\" \/>\n<meta property=\"article:published_time\" content=\"2019-09-23T14:35:00+00:00\" \/>\n<meta property=\"og:image\" content=\"https:\/\/www.rri.ro\/wp-content\/uploads\/2023\/10\/stiri-germana-ok2-2.png\" \/>\n\t<meta property=\"og:image:width\" content=\"640\" \/>\n\t<meta property=\"og:image:height\" content=\"427\" \/>\n\t<meta property=\"og:image:type\" content=\"image\/png\" \/>\n<meta name=\"author\" content=\"Newsroom\" \/>\n<meta name=\"twitter:card\" content=\"summary_large_image\" \/>\n<meta name=\"twitter:label1\" content=\"Verfasst von\" \/>\n\t<meta name=\"twitter:data1\" content=\"Newsroom\" \/>\n\t<meta name=\"twitter:label2\" content=\"Gesch\u00e4tzte Lesezeit\" \/>\n\t<meta name=\"twitter:data2\" content=\"4\u00a0Minuten\" \/>\n\t<meta name=\"twitter:label3\" content=\"Written by\" \/>\n\t<meta name=\"twitter:data3\" content=\"Newsroom\" \/>\n<script type=\"application\/ld+json\" class=\"yoast-schema-graph\">{\"@context\":\"https:\\\/\\\/schema.org\",\"@graph\":[{\"@type\":\"Article\",\"@id\":\"https:\\\/\\\/www.rri.ro\\\/de\\\/aktuell\\\/newsflash-de\\\/nachrichten-23-09-2019-id633253.html#article\",\"isPartOf\":{\"@id\":\"https:\\\/\\\/www.rri.ro\\\/de\\\/aktuell\\\/newsflash-de\\\/nachrichten-23-09-2019-id633253.html\"},\"author\":{\"name\":\"Newsroom\",\"@id\":\"https:\\\/\\\/www.rri.ro\\\/#\\\/schema\\\/person\\\/4a479940371b9fdefd194f561e8a7f88\"},\"headline\":\"Nachrichten 23.09.2019\",\"datePublished\":\"2019-09-23T14:35:00+00:00\",\"mainEntityOfPage\":{\"@id\":\"https:\\\/\\\/www.rri.ro\\\/de\\\/aktuell\\\/newsflash-de\\\/nachrichten-23-09-2019-id633253.html\"},\"wordCount\":757,\"image\":{\"@id\":\"https:\\\/\\\/www.rri.ro\\\/de\\\/aktuell\\\/newsflash-de\\\/nachrichten-23-09-2019-id633253.html#primaryimage\"},\"thumbnailUrl\":\"https:\\\/\\\/www.rri.ro\\\/wp-content\\\/uploads\\\/2023\\\/10\\\/stiri-germana-ok2-2.png\",\"keywords\":[\"ASTRA Museum\",\"gemeinsame Agrarpolitik\",\"Internationale George Enescu Musik-Festival\",\"Minister f\u00fcr Landwirtschaft und l\u00e4ndliche Entwicklung Petre Daea\",\"Pr\u00e4sident Klaus Iohannis\",\"Pr\u00e4sidentschaftswahlen\",\"Premierministerin Viorica D\u0103ncil\u0103\",\"Sibiu\",\"UN-Generalversammlung\",\"US-Pr\u00e4sident Donald Trump\",\"Verteidigungsminister Gabriel Le\u015f\",\"Weltbank\"],\"articleSection\":[\"Newsflash\"],\"inLanguage\":\"de\"},{\"@type\":\"WebPage\",\"@id\":\"https:\\\/\\\/www.rri.ro\\\/de\\\/aktuell\\\/newsflash-de\\\/nachrichten-23-09-2019-id633253.html\",\"url\":\"https:\\\/\\\/www.rri.ro\\\/de\\\/aktuell\\\/newsflash-de\\\/nachrichten-23-09-2019-id633253.html\",\"name\":\"Nachrichten 23.09.2019 - Radio Rum\u00e4nien International\",\"isPartOf\":{\"@id\":\"https:\\\/\\\/www.rri.ro\\\/#website\"},\"primaryImageOfPage\":{\"@id\":\"https:\\\/\\\/www.rri.ro\\\/de\\\/aktuell\\\/newsflash-de\\\/nachrichten-23-09-2019-id633253.html#primaryimage\"},\"image\":{\"@id\":\"https:\\\/\\\/www.rri.ro\\\/de\\\/aktuell\\\/newsflash-de\\\/nachrichten-23-09-2019-id633253.html#primaryimage\"},\"thumbnailUrl\":\"https:\\\/\\\/www.rri.ro\\\/wp-content\\\/uploads\\\/2023\\\/10\\\/stiri-germana-ok2-2.png\",\"datePublished\":\"2019-09-23T14:35:00+00:00\",\"author\":{\"@id\":\"https:\\\/\\\/www.rri.ro\\\/#\\\/schema\\\/person\\\/4a479940371b9fdefd194f561e8a7f88\"},\"breadcrumb\":{\"@id\":\"https:\\\/\\\/www.rri.ro\\\/de\\\/aktuell\\\/newsflash-de\\\/nachrichten-23-09-2019-id633253.html#breadcrumb\"},\"inLanguage\":\"de\",\"potentialAction\":[{\"@type\":\"ReadAction\",\"target\":[\"https:\\\/\\\/www.rri.ro\\\/de\\\/aktuell\\\/newsflash-de\\\/nachrichten-23-09-2019-id633253.html\"]}]},{\"@type\":\"ImageObject\",\"inLanguage\":\"de\",\"@id\":\"https:\\\/\\\/www.rri.ro\\\/de\\\/aktuell\\\/newsflash-de\\\/nachrichten-23-09-2019-id633253.html#primaryimage\",\"url\":\"https:\\\/\\\/www.rri.ro\\\/wp-content\\\/uploads\\\/2023\\\/10\\\/stiri-germana-ok2-2.png\",\"contentUrl\":\"https:\\\/\\\/www.rri.ro\\\/wp-content\\\/uploads\\\/2023\\\/10\\\/stiri-germana-ok2-2.png\",\"width\":640,\"height\":427},{\"@type\":\"BreadcrumbList\",\"@id\":\"https:\\\/\\\/www.rri.ro\\\/de\\\/aktuell\\\/newsflash-de\\\/nachrichten-23-09-2019-id633253.html#breadcrumb\",\"itemListElement\":[{\"@type\":\"ListItem\",\"position\":1,\"name\":\"Startseite\",\"item\":\"https:\\\/\\\/www.rri.ro\\\/de\"},{\"@type\":\"ListItem\",\"position\":2,\"name\":\"Aktuell\",\"item\":\"https:\\\/\\\/www.rri.ro\\\/de\\\/aktuell\"},{\"@type\":\"ListItem\",\"position\":3,\"name\":\"Newsflash\",\"item\":\"https:\\\/\\\/www.rri.ro\\\/de\\\/aktuell\\\/newsflash-de\"},{\"@type\":\"ListItem\",\"position\":4,\"name\":\"Nachrichten 23.09.2019\"}]},{\"@type\":\"WebSite\",\"@id\":\"https:\\\/\\\/www.rri.ro\\\/#website\",\"url\":\"https:\\\/\\\/www.rri.ro\\\/\",\"name\":\"Radio Rum\u00e4nien International\",\"description\":\"Totul despre Rom\u00e2nia \u015fi rom\u00e2ni, \u00een 13 limbi\\\/dialecte!\",\"inLanguage\":\"de\"},{\"@type\":\"Person\",\"@id\":\"https:\\\/\\\/www.rri.ro\\\/#\\\/schema\\\/person\\\/4a479940371b9fdefd194f561e8a7f88\",\"name\":\"Newsroom\",\"url\":\"https:\\\/\\\/www.rri.ro\\\/de\\\/author\\\/newsroom\"}]}<\/script>\n<!-- \/ Yoast SEO plugin. -->","yoast_head_json":{"title":"Nachrichten 23.09.2019 - Radio Rum\u00e4nien International","robots":{"index":"index","follow":"follow","max-snippet":"max-snippet:-1","max-image-preview":"max-image-preview:large","max-video-preview":"max-video-preview:-1"},"canonical":"https:\/\/www.rri.ro\/de\/aktuell\/newsflash-de\/nachrichten-23-09-2019-id633253.html","og_locale":"de_DE","og_type":"article","og_title":"Nachrichten 23.09.2019 - Radio Rum\u00e4nien International","og_description":"Die Anmeldefrist f\u00fcr die Pr\u00e4sidentschaftswahlen in Rum\u00e4nien, die im November stattfinden werden, ist am Sonntag um Mitternacht abgelaufen. Die offizielle Kandidatenliste wurde am Montag bekanntgegeben. Anfechtungen k\u00f6nnen bis Mittwoch beim Verfassungsgericht eingereicht werden, w\u00e4hrend die endg\u00fcltige Liste am Freitag ver\u00f6ffentlicht wird. Unter anderem haben sich der amtierende Pr\u00e4sident Klaus Iohannis und Premierministerin Viorica Dancila f\u00fcr [&hellip;]","og_url":"https:\/\/www.rri.ro\/de\/aktuell\/newsflash-de\/nachrichten-23-09-2019-id633253.html","og_site_name":"Radio Rum\u00e4nien International","article_published_time":"2019-09-23T14:35:00+00:00","og_image":[{"width":640,"height":427,"url":"https:\/\/www.rri.ro\/wp-content\/uploads\/2023\/10\/stiri-germana-ok2-2.png","type":"image\/png"}],"author":"Newsroom","twitter_card":"summary_large_image","twitter_misc":{"Verfasst von":"Newsroom","Gesch\u00e4tzte Lesezeit":"4\u00a0Minuten","Written by":"Newsroom"},"schema":{"@context":"https:\/\/schema.org","@graph":[{"@type":"Article","@id":"https:\/\/www.rri.ro\/de\/aktuell\/newsflash-de\/nachrichten-23-09-2019-id633253.html#article","isPartOf":{"@id":"https:\/\/www.rri.ro\/de\/aktuell\/newsflash-de\/nachrichten-23-09-2019-id633253.html"},"author":{"name":"Newsroom","@id":"https:\/\/www.rri.ro\/#\/schema\/person\/4a479940371b9fdefd194f561e8a7f88"},"headline":"Nachrichten 23.09.2019","datePublished":"2019-09-23T14:35:00+00:00","mainEntityOfPage":{"@id":"https:\/\/www.rri.ro\/de\/aktuell\/newsflash-de\/nachrichten-23-09-2019-id633253.html"},"wordCount":757,"image":{"@id":"https:\/\/www.rri.ro\/de\/aktuell\/newsflash-de\/nachrichten-23-09-2019-id633253.html#primaryimage"},"thumbnailUrl":"https:\/\/www.rri.ro\/wp-content\/uploads\/2023\/10\/stiri-germana-ok2-2.png","keywords":["ASTRA Museum","gemeinsame Agrarpolitik","Internationale George Enescu Musik-Festival","Minister f\u00fcr Landwirtschaft und l\u00e4ndliche Entwicklung Petre Daea","Pr\u00e4sident Klaus Iohannis","Pr\u00e4sidentschaftswahlen","Premierministerin Viorica D\u0103ncil\u0103","Sibiu","UN-Generalversammlung","US-Pr\u00e4sident Donald Trump","Verteidigungsminister Gabriel Le\u015f","Weltbank"],"articleSection":["Newsflash"],"inLanguage":"de"},{"@type":"WebPage","@id":"https:\/\/www.rri.ro\/de\/aktuell\/newsflash-de\/nachrichten-23-09-2019-id633253.html","url":"https:\/\/www.rri.ro\/de\/aktuell\/newsflash-de\/nachrichten-23-09-2019-id633253.html","name":"Nachrichten 23.09.2019 - Radio Rum\u00e4nien International","isPartOf":{"@id":"https:\/\/www.rri.ro\/#website"},"primaryImageOfPage":{"@id":"https:\/\/www.rri.ro\/de\/aktuell\/newsflash-de\/nachrichten-23-09-2019-id633253.html#primaryimage"},"image":{"@id":"https:\/\/www.rri.ro\/de\/aktuell\/newsflash-de\/nachrichten-23-09-2019-id633253.html#primaryimage"},"thumbnailUrl":"https:\/\/www.rri.ro\/wp-content\/uploads\/2023\/10\/stiri-germana-ok2-2.png","datePublished":"2019-09-23T14:35:00+00:00","author":{"@id":"https:\/\/www.rri.ro\/#\/schema\/person\/4a479940371b9fdefd194f561e8a7f88"},"breadcrumb":{"@id":"https:\/\/www.rri.ro\/de\/aktuell\/newsflash-de\/nachrichten-23-09-2019-id633253.html#breadcrumb"},"inLanguage":"de","potentialAction":[{"@type":"ReadAction","target":["https:\/\/www.rri.ro\/de\/aktuell\/newsflash-de\/nachrichten-23-09-2019-id633253.html"]}]},{"@type":"ImageObject","inLanguage":"de","@id":"https:\/\/www.rri.ro\/de\/aktuell\/newsflash-de\/nachrichten-23-09-2019-id633253.html#primaryimage","url":"https:\/\/www.rri.ro\/wp-content\/uploads\/2023\/10\/stiri-germana-ok2-2.png","contentUrl":"https:\/\/www.rri.ro\/wp-content\/uploads\/2023\/10\/stiri-germana-ok2-2.png","width":640,"height":427},{"@type":"BreadcrumbList","@id":"https:\/\/www.rri.ro\/de\/aktuell\/newsflash-de\/nachrichten-23-09-2019-id633253.html#breadcrumb","itemListElement":[{"@type":"ListItem","position":1,"name":"Startseite","item":"https:\/\/www.rri.ro\/de"},{"@type":"ListItem","position":2,"name":"Aktuell","item":"https:\/\/www.rri.ro\/de\/aktuell"},{"@type":"ListItem","position":3,"name":"Newsflash","item":"https:\/\/www.rri.ro\/de\/aktuell\/newsflash-de"},{"@type":"ListItem","position":4,"name":"Nachrichten 23.09.2019"}]},{"@type":"WebSite","@id":"https:\/\/www.rri.ro\/#website","url":"https:\/\/www.rri.ro\/","name":"Radio Rum\u00e4nien International","description":"Totul despre Rom\u00e2nia \u015fi rom\u00e2ni, \u00een 13 limbi\/dialecte!","inLanguage":"de"},{"@type":"Person","@id":"https:\/\/www.rri.ro\/#\/schema\/person\/4a479940371b9fdefd194f561e8a7f88","name":"Newsroom","url":"https:\/\/www.rri.ro\/de\/author\/newsroom"}]}},"_links":{"self":[{"href":"https:\/\/www.rri.ro\/de\/wp-json\/wp\/v2\/posts\/633253","targetHints":{"allow":["GET"]}}],"collection":[{"href":"https:\/\/www.rri.ro\/de\/wp-json\/wp\/v2\/posts"}],"about":[{"href":"https:\/\/www.rri.ro\/de\/wp-json\/wp\/v2\/types\/post"}],"author":[{"embeddable":true,"href":"https:\/\/www.rri.ro\/de\/wp-json\/wp\/v2\/users\/113"}],"replies":[{"embeddable":true,"href":"https:\/\/www.rri.ro\/de\/wp-json\/wp\/v2\/comments?post=633253"}],"version-history":[{"count":0,"href":"https:\/\/www.rri.ro\/de\/wp-json\/wp\/v2\/posts\/633253\/revisions"}],"wp:featuredmedia":[{"embeddable":true,"href":"https:\/\/www.rri.ro\/de\/wp-json\/wp\/v2\/media\/460330"}],"wp:attachment":[{"href":"https:\/\/www.rri.ro\/de\/wp-json\/wp\/v2\/media?parent=633253"}],"wp:term":[{"taxonomy":"category","embeddable":true,"href":"https:\/\/www.rri.ro\/de\/wp-json\/wp\/v2\/categories?post=633253"},{"taxonomy":"post_tag","embeddable":true,"href":"https:\/\/www.rri.ro\/de\/wp-json\/wp\/v2\/tags?post=633253"},{"taxonomy":"author","embeddable":true,"href":"https:\/\/www.rri.ro\/de\/wp-json\/wp\/v2\/coauthors?post=633253"}],"curies":[{"name":"wp","href":"https:\/\/api.w.org\/{rel}","templated":true}]}}