{"id":633271,"date":"2019-10-11T19:21:00","date_gmt":"2019-10-11T16:21:00","guid":{"rendered":"http:\/\/devrri.freshlemon.ro\/aktuell\/nachrichten-11-10-2019-id633271.html"},"modified":"2019-10-11T19:21:00","modified_gmt":"2019-10-11T16:21:00","slug":"nachrichten-11-10-2019","status":"publish","type":"post","link":"https:\/\/www.rri.ro\/de\/aktuell\/newsflash-de\/nachrichten-11-10-2019-id633271.html","title":{"rendered":"Nachrichten 11.10.2019"},"content":{"rendered":"<p>In Bukarest hat Pr\u00e4sident Klaus Iohannis am Freitag eine erste Konsultationsrunde mit den Fraktionen durchgef\u00fchrt, nachdem das sozialdemokratische Kabinett von Frau Dancila durch ein Misstrauensvotum im Parlament entlassen wurde. Die ersten, die mit dem Pr\u00e4sidenten sprachen, waren die Liberalen. Nach den Diskussionen sagte der liberale F\u00fchrer Ludovic Orban, dass die Nationalliberale Partei vorgezogene Wahlen bevorzugen w\u00fcrde, dass sie aber bereit sei, die Macht zu \u00fcbernehmen. Die Union Rettet Rum\u00e4nien, die zweite zu der Pr\u00e4sidentschaft eingeladene Partei, teilte mit, sie m\u00f6chte vorgezogene Wahlen, die nach Ansicht der Partei die politische Krise beenden w\u00fcrden. Der Vorsitzende der Demokratischen Union der ethnischen Ungarn, Kelemen Hunor, unterbreitete den Vorschlag eines Premierministers aus seiner eigenen Partei und bot die Alternativen eines unabh\u00e4ngigen Premierministers aus dem Finanzsektor oder einer Regierung unter der Leitung des liberalen F\u00fchrers an. Der Vorsitzende der Partei der Volksbewegung, Eugen Tomac, \u00e4u\u00dferte mangelndes Vertrauen in das Szenario der vorgezogenen Wahlen und forderte den Pr\u00e4sidenten auf, die Ernennung eines Premierministers der Volksbewegung zu pr\u00fcfen. Die Sozialdemokraten, die am Freitag als letzte Iohannis treffen sollten, k\u00fcndigten an, dass sie der Einladung nicht gefolgt seien. Der Pr\u00e4sident sagte, er wolle ein Kabinett mit einer klar definierten Mission, um eine verantwortungsbewusste und effiziente Regierungsf\u00fchrung bis zu den bevorstehenden Parlamentswahlen zu gew\u00e4hrleisten, unabh\u00e4ngig von deren Datum. <\/p>\n<p>&#13;<br \/>\n&#13;<\/p>\n<p>&#13;<br \/>\n&#13;<\/p>\n<p>Die rum\u00e4nische Jugendnationalmannschaft besiegte die Ukraine am Donnerstagabend zu Hause mit 3:0 in einem Spiel der Gruppe 8 der Qualifikation f\u00fcr die Euro 2021. Am Montag sollen die Rum\u00e4nen gegen Nordirland antreten, auch auf heimischem Boden. Im vergangenen Monat verlor Rum\u00e4nien sein erstes Qualifikationsspiel, das mit 1:2 gegen D\u00e4nemark ausw\u00e4rts ausgetragen wurde. Zur Gruppe geh\u00f6ren auch Finnland und Malta. Im Juni qualifizierte sich die rum\u00e4nische U21-Mannschaft erstmals f\u00fcr das Halbfinale des kontinentalen Turniers in Italien und San Marino und sicherte sich damit ihre Tickets f\u00fcr die Olympischen Spiele in Tokio im n\u00e4chsten Jahr. Die Nationalmannschaft spielt am Samstag gegen die F\u00e4r\u00f6er ausw\u00e4rts und am Dienstag gegen Norwegen zu Hause in der Gruppe F der Europameisterschaft im n\u00e4chsten Jahr. Die Gruppenauslosung f\u00fcr die Euro 2020 findet am 30. November in Bukarest statt. In der rum\u00e4nischen Hauptstadt werden auch 4 Spiele im Endspiel, 3 in der Gruppenphase und eines in der Runde der 16 ausgetragen.<\/p>\n<p>&#13;<br \/>\n&#13;<\/p>\n<p>&#13;<br \/>\n&#13;<\/p>\n<p>In Rum\u00e4nien beginnt der Wahlkampf f\u00fcr die Pr\u00e4sidentschaftswahlen im November offiziell am Samstag mit 14 Kandidaten, darunter der amtierende Pr\u00e4sident Klaus Iohannis, unterst\u00fctzt von den Liberalen der Opposition, der amtierende Premierminister Viorica D\u0103ncil\u0103, Unterst\u00fctzt von der Sozialdemokratischen Partei, Dan Barna, unterst\u00fctzt von der USR-PLUS-Allianz, Theodor Paleologu (Partei der Volksbewegung), Mircea Diaconu, unterst\u00fctzt von ALDE und Pro Rum\u00e4nien, und Kelemen Hunor von der Demokratischen Union der ethnischen Ungarn in Rum\u00e4nien. C\u0103t\u0103lin Ivan, Ninel Peia, Sebastian-Constantin Popescu, John-Ion Banu, Ramona-Ioana Bruynseels und Viorel Cataram\u0103 vertreten politische Parteien von au\u00dferhalb des Parlaments, w\u00e4hrend Bogdan Stanoevici und Alexandru Cump\u0103na\u015fu als nicht angeschlossene Kandidaten auftreten. Der erste Wahlgang der Pr\u00e4sidentschaftswahlen findet am 10. November statt, der zweite am 24. November. Gem\u00e4\u00df einer Regierungsverordnung k\u00f6nnen die im Ausland lebenden Rum\u00e4nen in der ersten Runde zwischen dem 8. und 10. November und in der zweiten Runde wieder f\u00fcr 3 Tage, vom 22. bis 24. November, w\u00e4hlen.<\/p>\n<p>&#13;<br \/>\n&#13;<\/p>\n<p>&#13;<br \/>\n&#13;<\/p>\n<p>Die nationale Gastransportgesellschaft Transgaz SA und die russische Gazprom Export haben vereinbart, ihren Erdgastransportvertrag um weitere drei Monate bis zum 31. Dezember zu verl\u00e4ngern. Laut Transgaz gew\u00e4hrleistet diese Erweiterung die Kontinuit\u00e4t des Erdgastransports von Russland in die T\u00fcrkei, nach Griechenland und in andere s\u00fcdosteurop\u00e4ische L\u00e4nder. Transgaz SA ist der technische Betreiber des Nationalen Transportsystems f\u00fcr Erdgas und sorgt f\u00fcr die effiziente, transparente, sichere, faire und wettbewerbsf\u00e4hige Umsetzung der nationalen Strategie f\u00fcr den nationalen und internationalen Erdgastransport sowie f\u00fcr Forschung und Design im Erdgassektor.<\/p>\n<p>&#13;<br \/>\n&#13;<\/p>\n<p>&#13;<br \/>\n&#13;<\/p>\n<p>Der \u00e4thiopische Ministerpr\u00e4sident Abiy Ahmed ist mit dem Friedensnobelpreis 2019 ausgezeichnet worden, f\u00fcr seine Bem\u00fchungen um Frieden und internationale Zusammenarbeit, insbesondere f\u00fcr seine entscheidende Initiative zur L\u00f6sung des Grenzkonflikts mit dem benachbarten Eritrea\u201c. \u00c4thiopien und Eritrea, die zwischen 1998 und 2000 in einen Krieg um das umstrittene Grenzgebiet verwickelt waren, nahmen im Juli 2018 nach Jahren der Feindseligkeit die offiziellen Beziehungen wieder auf. Am Donnerstag wurde der Literaturnobelpreis 2018 an die polnische Schriftstellerin Olga Tokarczuk verliehen, nachdem die durch den Sexualangriffsskandal an der Schwedischen Akademie ausgel\u00f6ste Verschiebung verschoben wurde, und der Preis 2019 an den \u00d6sterreicher Peter Handke. Der letzte Nobelpreis in diesem Jahr ist der f\u00fcr Wirtschaft, der am Montag vergeben wird.<\/p>\n<p>&#13;<\/p>\n","protected":false},"excerpt":{"rendered":"<p>In Bukarest hat Pr\u00e4sident Klaus Iohannis am Freitag eine erste Konsultationsrunde mit den Fraktionen durchgef\u00fchrt, nachdem das sozialdemokratische Kabinett von Frau Dancila durch ein Misstrauensvotum im Parlament entlassen wurde. Die ersten, die mit dem Pr\u00e4sidenten sprachen, waren die Liberalen. Nach den Diskussionen sagte der liberale F\u00fchrer Ludovic Orban, dass die Nationalliberale Partei vorgezogene Wahlen bevorzugen [&hellip;]<\/p>\n","protected":false},"author":113,"featured_media":460330,"comment_status":"closed","ping_status":"closed","sticky":false,"template":"","format":"standard","meta":{"_acf_changed":false,"footnotes":""},"categories":[116753],"tags":[127249,127248,30168,102143,100864,101299],"coauthors":[],"class_list":["post-633271","post","type-post","status-publish","format-standard","has-post-thumbnail","hentry","category-newsflash-de","tag-abiy-ahmed","tag-gastransportgesellschaft-transgaz-sa","tag-ludovic-orban","tag-praesident-klaus-iohannis","tag-praesidentschaftswahlen","tag-wahlkampf"],"acf":[],"yoast_head":"<!-- This site is optimized with the Yoast SEO plugin v27.3 - https:\/\/yoast.com\/product\/yoast-seo-wordpress\/ -->\n<title>Nachrichten 11.10.2019 - Radio Rum\u00e4nien International<\/title>\n<meta name=\"robots\" content=\"index, follow, max-snippet:-1, max-image-preview:large, max-video-preview:-1\" \/>\n<link rel=\"canonical\" href=\"https:\/\/www.rri.ro\/de\/aktuell\/newsflash-de\/nachrichten-11-10-2019-id633271.html\" \/>\n<meta property=\"og:locale\" content=\"de_DE\" \/>\n<meta property=\"og:type\" content=\"article\" \/>\n<meta property=\"og:title\" content=\"Nachrichten 11.10.2019 - Radio Rum\u00e4nien International\" \/>\n<meta property=\"og:description\" content=\"In Bukarest hat Pr\u00e4sident Klaus Iohannis am Freitag eine erste Konsultationsrunde mit den Fraktionen durchgef\u00fchrt, nachdem das sozialdemokratische Kabinett von Frau Dancila durch ein Misstrauensvotum im Parlament entlassen wurde. Die ersten, die mit dem Pr\u00e4sidenten sprachen, waren die Liberalen. Nach den Diskussionen sagte der liberale F\u00fchrer Ludovic Orban, dass die Nationalliberale Partei vorgezogene Wahlen bevorzugen [&hellip;]\" \/>\n<meta property=\"og:url\" content=\"https:\/\/www.rri.ro\/de\/aktuell\/newsflash-de\/nachrichten-11-10-2019-id633271.html\" \/>\n<meta property=\"og:site_name\" content=\"Radio Rum\u00e4nien International\" \/>\n<meta property=\"article:published_time\" content=\"2019-10-11T16:21:00+00:00\" \/>\n<meta property=\"og:image\" content=\"https:\/\/www.rri.ro\/wp-content\/uploads\/2023\/10\/stiri-germana-ok2-2.png\" \/>\n\t<meta property=\"og:image:width\" content=\"640\" \/>\n\t<meta property=\"og:image:height\" content=\"427\" \/>\n\t<meta property=\"og:image:type\" content=\"image\/png\" \/>\n<meta name=\"author\" content=\"Newsroom\" \/>\n<meta name=\"twitter:card\" content=\"summary_large_image\" \/>\n<meta name=\"twitter:label1\" content=\"Verfasst von\" \/>\n\t<meta name=\"twitter:data1\" content=\"Newsroom\" \/>\n\t<meta name=\"twitter:label2\" content=\"Gesch\u00e4tzte Lesezeit\" \/>\n\t<meta name=\"twitter:data2\" content=\"4\u00a0Minuten\" \/>\n\t<meta name=\"twitter:label3\" content=\"Written by\" \/>\n\t<meta name=\"twitter:data3\" content=\"Newsroom\" \/>\n<script type=\"application\/ld+json\" class=\"yoast-schema-graph\">{\"@context\":\"https:\\\/\\\/schema.org\",\"@graph\":[{\"@type\":\"Article\",\"@id\":\"https:\\\/\\\/www.rri.ro\\\/de\\\/aktuell\\\/newsflash-de\\\/nachrichten-11-10-2019-id633271.html#article\",\"isPartOf\":{\"@id\":\"https:\\\/\\\/www.rri.ro\\\/de\\\/aktuell\\\/newsflash-de\\\/nachrichten-11-10-2019-id633271.html\"},\"author\":{\"name\":\"Newsroom\",\"@id\":\"https:\\\/\\\/www.rri.ro\\\/#\\\/schema\\\/person\\\/4a479940371b9fdefd194f561e8a7f88\"},\"headline\":\"Nachrichten 11.10.2019\",\"datePublished\":\"2019-10-11T16:21:00+00:00\",\"mainEntityOfPage\":{\"@id\":\"https:\\\/\\\/www.rri.ro\\\/de\\\/aktuell\\\/newsflash-de\\\/nachrichten-11-10-2019-id633271.html\"},\"wordCount\":762,\"image\":{\"@id\":\"https:\\\/\\\/www.rri.ro\\\/de\\\/aktuell\\\/newsflash-de\\\/nachrichten-11-10-2019-id633271.html#primaryimage\"},\"thumbnailUrl\":\"https:\\\/\\\/www.rri.ro\\\/wp-content\\\/uploads\\\/2023\\\/10\\\/stiri-germana-ok2-2.png\",\"keywords\":[\"Abiy Ahmed\",\"Gastransportgesellschaft Transgaz SA\",\"Ludovic Orban\",\"Pr\u00e4sident Klaus Iohannis\",\"Pr\u00e4sidentschaftswahlen\",\"Wahlkampf\"],\"articleSection\":[\"Newsflash\"],\"inLanguage\":\"de\"},{\"@type\":\"WebPage\",\"@id\":\"https:\\\/\\\/www.rri.ro\\\/de\\\/aktuell\\\/newsflash-de\\\/nachrichten-11-10-2019-id633271.html\",\"url\":\"https:\\\/\\\/www.rri.ro\\\/de\\\/aktuell\\\/newsflash-de\\\/nachrichten-11-10-2019-id633271.html\",\"name\":\"Nachrichten 11.10.2019 - Radio Rum\u00e4nien International\",\"isPartOf\":{\"@id\":\"https:\\\/\\\/www.rri.ro\\\/#website\"},\"primaryImageOfPage\":{\"@id\":\"https:\\\/\\\/www.rri.ro\\\/de\\\/aktuell\\\/newsflash-de\\\/nachrichten-11-10-2019-id633271.html#primaryimage\"},\"image\":{\"@id\":\"https:\\\/\\\/www.rri.ro\\\/de\\\/aktuell\\\/newsflash-de\\\/nachrichten-11-10-2019-id633271.html#primaryimage\"},\"thumbnailUrl\":\"https:\\\/\\\/www.rri.ro\\\/wp-content\\\/uploads\\\/2023\\\/10\\\/stiri-germana-ok2-2.png\",\"datePublished\":\"2019-10-11T16:21:00+00:00\",\"author\":{\"@id\":\"https:\\\/\\\/www.rri.ro\\\/#\\\/schema\\\/person\\\/4a479940371b9fdefd194f561e8a7f88\"},\"breadcrumb\":{\"@id\":\"https:\\\/\\\/www.rri.ro\\\/de\\\/aktuell\\\/newsflash-de\\\/nachrichten-11-10-2019-id633271.html#breadcrumb\"},\"inLanguage\":\"de\",\"potentialAction\":[{\"@type\":\"ReadAction\",\"target\":[\"https:\\\/\\\/www.rri.ro\\\/de\\\/aktuell\\\/newsflash-de\\\/nachrichten-11-10-2019-id633271.html\"]}]},{\"@type\":\"ImageObject\",\"inLanguage\":\"de\",\"@id\":\"https:\\\/\\\/www.rri.ro\\\/de\\\/aktuell\\\/newsflash-de\\\/nachrichten-11-10-2019-id633271.html#primaryimage\",\"url\":\"https:\\\/\\\/www.rri.ro\\\/wp-content\\\/uploads\\\/2023\\\/10\\\/stiri-germana-ok2-2.png\",\"contentUrl\":\"https:\\\/\\\/www.rri.ro\\\/wp-content\\\/uploads\\\/2023\\\/10\\\/stiri-germana-ok2-2.png\",\"width\":640,\"height\":427},{\"@type\":\"BreadcrumbList\",\"@id\":\"https:\\\/\\\/www.rri.ro\\\/de\\\/aktuell\\\/newsflash-de\\\/nachrichten-11-10-2019-id633271.html#breadcrumb\",\"itemListElement\":[{\"@type\":\"ListItem\",\"position\":1,\"name\":\"Startseite\",\"item\":\"https:\\\/\\\/www.rri.ro\\\/de\"},{\"@type\":\"ListItem\",\"position\":2,\"name\":\"Aktuell\",\"item\":\"https:\\\/\\\/www.rri.ro\\\/de\\\/aktuell\"},{\"@type\":\"ListItem\",\"position\":3,\"name\":\"Newsflash\",\"item\":\"https:\\\/\\\/www.rri.ro\\\/de\\\/aktuell\\\/newsflash-de\"},{\"@type\":\"ListItem\",\"position\":4,\"name\":\"Nachrichten 11.10.2019\"}]},{\"@type\":\"WebSite\",\"@id\":\"https:\\\/\\\/www.rri.ro\\\/#website\",\"url\":\"https:\\\/\\\/www.rri.ro\\\/\",\"name\":\"Radio Rum\u00e4nien International\",\"description\":\"Totul despre Rom\u00e2nia \u015fi rom\u00e2ni, \u00een 13 limbi\\\/dialecte!\",\"inLanguage\":\"de\"},{\"@type\":\"Person\",\"@id\":\"https:\\\/\\\/www.rri.ro\\\/#\\\/schema\\\/person\\\/4a479940371b9fdefd194f561e8a7f88\",\"name\":\"Newsroom\",\"url\":\"https:\\\/\\\/www.rri.ro\\\/de\\\/author\\\/newsroom\"}]}<\/script>\n<!-- \/ Yoast SEO plugin. -->","yoast_head_json":{"title":"Nachrichten 11.10.2019 - Radio Rum\u00e4nien International","robots":{"index":"index","follow":"follow","max-snippet":"max-snippet:-1","max-image-preview":"max-image-preview:large","max-video-preview":"max-video-preview:-1"},"canonical":"https:\/\/www.rri.ro\/de\/aktuell\/newsflash-de\/nachrichten-11-10-2019-id633271.html","og_locale":"de_DE","og_type":"article","og_title":"Nachrichten 11.10.2019 - Radio Rum\u00e4nien International","og_description":"In Bukarest hat Pr\u00e4sident Klaus Iohannis am Freitag eine erste Konsultationsrunde mit den Fraktionen durchgef\u00fchrt, nachdem das sozialdemokratische Kabinett von Frau Dancila durch ein Misstrauensvotum im Parlament entlassen wurde. Die ersten, die mit dem Pr\u00e4sidenten sprachen, waren die Liberalen. Nach den Diskussionen sagte der liberale F\u00fchrer Ludovic Orban, dass die Nationalliberale Partei vorgezogene Wahlen bevorzugen [&hellip;]","og_url":"https:\/\/www.rri.ro\/de\/aktuell\/newsflash-de\/nachrichten-11-10-2019-id633271.html","og_site_name":"Radio Rum\u00e4nien International","article_published_time":"2019-10-11T16:21:00+00:00","og_image":[{"width":640,"height":427,"url":"https:\/\/www.rri.ro\/wp-content\/uploads\/2023\/10\/stiri-germana-ok2-2.png","type":"image\/png"}],"author":"Newsroom","twitter_card":"summary_large_image","twitter_misc":{"Verfasst von":"Newsroom","Gesch\u00e4tzte Lesezeit":"4\u00a0Minuten","Written by":"Newsroom"},"schema":{"@context":"https:\/\/schema.org","@graph":[{"@type":"Article","@id":"https:\/\/www.rri.ro\/de\/aktuell\/newsflash-de\/nachrichten-11-10-2019-id633271.html#article","isPartOf":{"@id":"https:\/\/www.rri.ro\/de\/aktuell\/newsflash-de\/nachrichten-11-10-2019-id633271.html"},"author":{"name":"Newsroom","@id":"https:\/\/www.rri.ro\/#\/schema\/person\/4a479940371b9fdefd194f561e8a7f88"},"headline":"Nachrichten 11.10.2019","datePublished":"2019-10-11T16:21:00+00:00","mainEntityOfPage":{"@id":"https:\/\/www.rri.ro\/de\/aktuell\/newsflash-de\/nachrichten-11-10-2019-id633271.html"},"wordCount":762,"image":{"@id":"https:\/\/www.rri.ro\/de\/aktuell\/newsflash-de\/nachrichten-11-10-2019-id633271.html#primaryimage"},"thumbnailUrl":"https:\/\/www.rri.ro\/wp-content\/uploads\/2023\/10\/stiri-germana-ok2-2.png","keywords":["Abiy Ahmed","Gastransportgesellschaft Transgaz SA","Ludovic Orban","Pr\u00e4sident Klaus Iohannis","Pr\u00e4sidentschaftswahlen","Wahlkampf"],"articleSection":["Newsflash"],"inLanguage":"de"},{"@type":"WebPage","@id":"https:\/\/www.rri.ro\/de\/aktuell\/newsflash-de\/nachrichten-11-10-2019-id633271.html","url":"https:\/\/www.rri.ro\/de\/aktuell\/newsflash-de\/nachrichten-11-10-2019-id633271.html","name":"Nachrichten 11.10.2019 - Radio Rum\u00e4nien International","isPartOf":{"@id":"https:\/\/www.rri.ro\/#website"},"primaryImageOfPage":{"@id":"https:\/\/www.rri.ro\/de\/aktuell\/newsflash-de\/nachrichten-11-10-2019-id633271.html#primaryimage"},"image":{"@id":"https:\/\/www.rri.ro\/de\/aktuell\/newsflash-de\/nachrichten-11-10-2019-id633271.html#primaryimage"},"thumbnailUrl":"https:\/\/www.rri.ro\/wp-content\/uploads\/2023\/10\/stiri-germana-ok2-2.png","datePublished":"2019-10-11T16:21:00+00:00","author":{"@id":"https:\/\/www.rri.ro\/#\/schema\/person\/4a479940371b9fdefd194f561e8a7f88"},"breadcrumb":{"@id":"https:\/\/www.rri.ro\/de\/aktuell\/newsflash-de\/nachrichten-11-10-2019-id633271.html#breadcrumb"},"inLanguage":"de","potentialAction":[{"@type":"ReadAction","target":["https:\/\/www.rri.ro\/de\/aktuell\/newsflash-de\/nachrichten-11-10-2019-id633271.html"]}]},{"@type":"ImageObject","inLanguage":"de","@id":"https:\/\/www.rri.ro\/de\/aktuell\/newsflash-de\/nachrichten-11-10-2019-id633271.html#primaryimage","url":"https:\/\/www.rri.ro\/wp-content\/uploads\/2023\/10\/stiri-germana-ok2-2.png","contentUrl":"https:\/\/www.rri.ro\/wp-content\/uploads\/2023\/10\/stiri-germana-ok2-2.png","width":640,"height":427},{"@type":"BreadcrumbList","@id":"https:\/\/www.rri.ro\/de\/aktuell\/newsflash-de\/nachrichten-11-10-2019-id633271.html#breadcrumb","itemListElement":[{"@type":"ListItem","position":1,"name":"Startseite","item":"https:\/\/www.rri.ro\/de"},{"@type":"ListItem","position":2,"name":"Aktuell","item":"https:\/\/www.rri.ro\/de\/aktuell"},{"@type":"ListItem","position":3,"name":"Newsflash","item":"https:\/\/www.rri.ro\/de\/aktuell\/newsflash-de"},{"@type":"ListItem","position":4,"name":"Nachrichten 11.10.2019"}]},{"@type":"WebSite","@id":"https:\/\/www.rri.ro\/#website","url":"https:\/\/www.rri.ro\/","name":"Radio Rum\u00e4nien International","description":"Totul despre Rom\u00e2nia \u015fi rom\u00e2ni, \u00een 13 limbi\/dialecte!","inLanguage":"de"},{"@type":"Person","@id":"https:\/\/www.rri.ro\/#\/schema\/person\/4a479940371b9fdefd194f561e8a7f88","name":"Newsroom","url":"https:\/\/www.rri.ro\/de\/author\/newsroom"}]}},"_links":{"self":[{"href":"https:\/\/www.rri.ro\/de\/wp-json\/wp\/v2\/posts\/633271","targetHints":{"allow":["GET"]}}],"collection":[{"href":"https:\/\/www.rri.ro\/de\/wp-json\/wp\/v2\/posts"}],"about":[{"href":"https:\/\/www.rri.ro\/de\/wp-json\/wp\/v2\/types\/post"}],"author":[{"embeddable":true,"href":"https:\/\/www.rri.ro\/de\/wp-json\/wp\/v2\/users\/113"}],"replies":[{"embeddable":true,"href":"https:\/\/www.rri.ro\/de\/wp-json\/wp\/v2\/comments?post=633271"}],"version-history":[{"count":0,"href":"https:\/\/www.rri.ro\/de\/wp-json\/wp\/v2\/posts\/633271\/revisions"}],"wp:featuredmedia":[{"embeddable":true,"href":"https:\/\/www.rri.ro\/de\/wp-json\/wp\/v2\/media\/460330"}],"wp:attachment":[{"href":"https:\/\/www.rri.ro\/de\/wp-json\/wp\/v2\/media?parent=633271"}],"wp:term":[{"taxonomy":"category","embeddable":true,"href":"https:\/\/www.rri.ro\/de\/wp-json\/wp\/v2\/categories?post=633271"},{"taxonomy":"post_tag","embeddable":true,"href":"https:\/\/www.rri.ro\/de\/wp-json\/wp\/v2\/tags?post=633271"},{"taxonomy":"author","embeddable":true,"href":"https:\/\/www.rri.ro\/de\/wp-json\/wp\/v2\/coauthors?post=633271"}],"curies":[{"name":"wp","href":"https:\/\/api.w.org\/{rel}","templated":true}]}}