{"id":633283,"date":"2019-10-23T17:44:00","date_gmt":"2019-10-23T14:44:00","guid":{"rendered":"http:\/\/devrri.freshlemon.ro\/aktuell\/nachrichten-23-10-2019-id633283.html"},"modified":"2019-10-23T17:44:00","modified_gmt":"2019-10-23T14:44:00","slug":"nachrichten-23-10-2019","status":"publish","type":"post","link":"https:\/\/www.rri.ro\/de\/aktuell\/newsflash-de\/nachrichten-23-10-2019-id633283.html","title":{"rendered":"Nachrichten 23.10.2019"},"content":{"rendered":"<p>Das Politische B\u00fcro der Nationalliberalen Partei wird am Donnerstag zusammenkommen, um \u00fcber die Liste der Minister im zuk\u00fcnftigen Orban-Kabinett und \u00fcber das Regierungsprogramm abzustimmen. Der designierte Premierminister Ludovic Orban wird die Dokumente anschlie\u00dfend dem Parlament vorlegen. Am Mittwoch schloss Orban eine neue Gespr\u00e4chsrunde mit Parlamentsfraktionen ab, die f\u00fcr den Misstrauensantrag vom 10. Oktober stimmten, der die sozialdemokratische Regierung unter der Leitung von Viorica Dancila verdr\u00e4ngte. Orban zeigte sich zuversichtlich, dass das neue Kabinett die erforderliche Anzahl von Stimmen im Parlament erhalten wird.<\/p>\n<p>&#13;<br \/>\n&#13;<\/p>\n<p>&#13;<br \/>\n&#13;<\/p>\n<p>Die Kaufkraft pro Kopf in Rum\u00e4nien liegt bei 5.881 Euro, verglichen mit der durchschnittlichen Summe von 14.739 Euro, die Europ\u00e4er ausgeben und sparen, wie eine aktuelle Studie der Gfk zeigt. Rum\u00e4nien liegt in der Rangliste der europ\u00e4ischen L\u00e4nder bei der Kaufkraft pro Kopf auf Platz 32 und damit 60% unter dem europ\u00e4ischen Durchschnitt. Auf nationaler Ebene hat Bukarest die h\u00f6chste Kaufkraft, n\u00e4mlich 10.452 Euro pro Kopf, gefolgt vom Kreis Timis mit 7.564 Euro und dem Kreis Cluj mit 7.457 Euro. Schlusslicht ist Landkreis Vaslui mit einer durchschnittlichen Kaufkraft pro Kopf von 3.706 Euro. Die Kaufkraft ist ein Indikator f\u00fcr das Nettoeinkommen nach Steuern minus Spenden und staatliche Leistungen.<\/p>\n<p>&#13;<br \/>\n&#13;<\/p>\n<p>&#13;<br \/>\n&#13;<\/p>\n<p>Die gr\u00f6\u00dfte milit\u00e4rische \u00dcbung seit dem Ende des Kalten Krieges wird im n\u00e4chsten Jahr in Europa stattfinden. Am Defender Europe 2020 sollen rund 37.000 Soldaten teilnehmen, davon 29.000 Amerikaner. Der Beitrag Rum\u00e4niens zur \u00dcbung wird erheblich sein, sagte der rum\u00e4nische Generalstabschef, General Nicolae Ciuca, f\u00fcr Radio Romania. Die \u00dcbung wird in mehreren L\u00e4ndern durchgef\u00fchrt, wobei Deutschland und Polen die Haupt\u00fcbungen durchf\u00fchren werden. Defender Europe 2020 wird zwischen Februar-August 2020 stattfinden. W\u00e4hrend des Kalten Krieges waren gro\u00df angelegte \u00dcbungen mit dem Schwerpunkt auf dem schnellen Einsatz einer gro\u00dfen Anzahl von Truppen in Europa von zentraler Bedeutung f\u00fcr die Ausbildung f\u00fcr einen m\u00f6glichen Krieg mit der Sowjetunion. W\u00e4hrend der milit\u00e4rische Schwerpunkt der USA in den letzten zwei Jahrzehnten auf dem Nahen Osten lag, haben die russischen Angriffe in der Ukraine im Jahr 2014 das Pentagon veranlasst, sich wieder auf die europ\u00e4ische Verteidigung und die M\u00f6glichkeiten der \u00dcberf\u00fchrung von US-Truppen nach \u00dcbersee zu konzentrieren, um auf verschiedene Konflikte zu reagieren.<\/p>\n<p>&#13;<br \/>\n&#13;<\/p>\n<p>&#13;<br \/>\n&#13;<\/p>\n<p>Das j\u00e4hrliche NATO-Waffen der Massenvernichtung R\u00fcstungskontrolle, Abr\u00fcstung und Nichtverbreitung Treffen wird heute in Br\u00fcssel fortgesetzt, wobei Rum\u00e4nien durch Staatssekret\u00e4r Dan Neculaescu vertreten ist. In seiner gestrigen Rede ging der rum\u00e4nische Beamte auf globale Sicherheitsbedenken ein, die durch die Entwicklung ballistischer Raketen sowie den Transfer aller damit verbundenen Technologien an staatliche und nichtstaatliche Akteure ausgel\u00f6st wurden. Neculaescu konzentrierte sich auch auf die Bem\u00fchungen und Erfahrungen, die Rum\u00e4nien im Bereich der Nichtverbreitung von Massenvernichtungswaffen bieten kann. Am Rande der Konferenz traf Dan Neculaescu mit dem stellvertretenden NATO-Generalsekret\u00e4r Mircea Geoana zusammen und er\u00f6rterte die Bem\u00fchungen der Verb\u00fcndeten zur Konsolidierung der Verteidigung und Abschreckung an der Ostflanke der NATO. Die beiden Beamten f\u00fchrten auch einen Meinungsaustausch \u00fcber den bevorstehenden NATO-Gipfel im Dezember 2019 in London.<\/p>\n<p>&#13;<\/p>\n","protected":false},"excerpt":{"rendered":"<p>Das Politische B\u00fcro der Nationalliberalen Partei wird am Donnerstag zusammenkommen, um \u00fcber die Liste der Minister im zuk\u00fcnftigen Orban-Kabinett und \u00fcber das Regierungsprogramm abzustimmen. Der designierte Premierminister Ludovic Orban wird die Dokumente anschlie\u00dfend dem Parlament vorlegen. Am Mittwoch schloss Orban eine neue Gespr\u00e4chsrunde mit Parlamentsfraktionen ab, die f\u00fcr den Misstrauensantrag vom 10. Oktober stimmten, der [&hellip;]<\/p>\n","protected":false},"author":113,"featured_media":460330,"comment_status":"closed","ping_status":"closed","sticky":false,"template":"","format":"standard","meta":{"_acf_changed":false,"footnotes":""},"categories":[116753],"tags":[127263,103150,126152,101493,127262,127261,127264],"coauthors":[],"class_list":["post-633283","post","type-post","status-publish","format-standard","has-post-thumbnail","hentry","category-newsflash-de","tag-abruestung-und-nichtverbreitung-treffen","tag-kaufkraft","tag-militaerische-uebung","tag-nationalliberale-partei","tag-nato-waffen-der-massenvernichtung-ruestungskontrolle","tag-orban-kabinett","tag-stellvertretender-nato-generalsekretaer-mircea-geoana"],"acf":[],"yoast_head":"<!-- This site is optimized with the Yoast SEO plugin v27.3 - https:\/\/yoast.com\/product\/yoast-seo-wordpress\/ -->\n<title>Nachrichten 23.10.2019 - Radio Rum\u00e4nien International<\/title>\n<meta name=\"robots\" content=\"index, follow, max-snippet:-1, max-image-preview:large, max-video-preview:-1\" \/>\n<link rel=\"canonical\" href=\"https:\/\/www.rri.ro\/de\/aktuell\/newsflash-de\/nachrichten-23-10-2019-id633283.html\" \/>\n<meta property=\"og:locale\" content=\"de_DE\" \/>\n<meta property=\"og:type\" content=\"article\" \/>\n<meta property=\"og:title\" content=\"Nachrichten 23.10.2019 - Radio Rum\u00e4nien International\" \/>\n<meta property=\"og:description\" content=\"Das Politische B\u00fcro der Nationalliberalen Partei wird am Donnerstag zusammenkommen, um \u00fcber die Liste der Minister im zuk\u00fcnftigen Orban-Kabinett und \u00fcber das Regierungsprogramm abzustimmen. Der designierte Premierminister Ludovic Orban wird die Dokumente anschlie\u00dfend dem Parlament vorlegen. Am Mittwoch schloss Orban eine neue Gespr\u00e4chsrunde mit Parlamentsfraktionen ab, die f\u00fcr den Misstrauensantrag vom 10. Oktober stimmten, der [&hellip;]\" \/>\n<meta property=\"og:url\" content=\"https:\/\/www.rri.ro\/de\/aktuell\/newsflash-de\/nachrichten-23-10-2019-id633283.html\" \/>\n<meta property=\"og:site_name\" content=\"Radio Rum\u00e4nien International\" \/>\n<meta property=\"article:published_time\" content=\"2019-10-23T14:44:00+00:00\" \/>\n<meta property=\"og:image\" content=\"https:\/\/www.rri.ro\/wp-content\/uploads\/2023\/10\/stiri-germana-ok2-2.png\" \/>\n\t<meta property=\"og:image:width\" content=\"640\" \/>\n\t<meta property=\"og:image:height\" content=\"427\" \/>\n\t<meta property=\"og:image:type\" content=\"image\/png\" \/>\n<meta name=\"author\" content=\"Newsroom\" \/>\n<meta name=\"twitter:card\" content=\"summary_large_image\" \/>\n<meta name=\"twitter:label1\" content=\"Verfasst von\" \/>\n\t<meta name=\"twitter:data1\" content=\"Newsroom\" \/>\n\t<meta name=\"twitter:label2\" content=\"Gesch\u00e4tzte Lesezeit\" \/>\n\t<meta name=\"twitter:data2\" content=\"3\u00a0Minuten\" \/>\n\t<meta name=\"twitter:label3\" content=\"Written by\" \/>\n\t<meta name=\"twitter:data3\" content=\"Newsroom\" \/>\n<script type=\"application\/ld+json\" class=\"yoast-schema-graph\">{\"@context\":\"https:\\\/\\\/schema.org\",\"@graph\":[{\"@type\":\"Article\",\"@id\":\"https:\\\/\\\/www.rri.ro\\\/de\\\/aktuell\\\/newsflash-de\\\/nachrichten-23-10-2019-id633283.html#article\",\"isPartOf\":{\"@id\":\"https:\\\/\\\/www.rri.ro\\\/de\\\/aktuell\\\/newsflash-de\\\/nachrichten-23-10-2019-id633283.html\"},\"author\":{\"name\":\"Newsroom\",\"@id\":\"https:\\\/\\\/www.rri.ro\\\/#\\\/schema\\\/person\\\/4a479940371b9fdefd194f561e8a7f88\"},\"headline\":\"Nachrichten 23.10.2019\",\"datePublished\":\"2019-10-23T14:44:00+00:00\",\"mainEntityOfPage\":{\"@id\":\"https:\\\/\\\/www.rri.ro\\\/de\\\/aktuell\\\/newsflash-de\\\/nachrichten-23-10-2019-id633283.html\"},\"wordCount\":503,\"image\":{\"@id\":\"https:\\\/\\\/www.rri.ro\\\/de\\\/aktuell\\\/newsflash-de\\\/nachrichten-23-10-2019-id633283.html#primaryimage\"},\"thumbnailUrl\":\"https:\\\/\\\/www.rri.ro\\\/wp-content\\\/uploads\\\/2023\\\/10\\\/stiri-germana-ok2-2.png\",\"keywords\":[\"Abr\u00fcstung und Nichtverbreitung Treffen\",\"Kaufkraft\",\"milit\u00e4rische \u00dcbung\",\"Nationalliberale Partei\",\"NATO-Waffen der Massenvernichtung R\u00fcstungskontrolle\",\"Orban-Kabinett\",\"stellvertretender NATO-Generalsekret\u00e4r Mircea Geoana\"],\"articleSection\":[\"Newsflash\"],\"inLanguage\":\"de\"},{\"@type\":\"WebPage\",\"@id\":\"https:\\\/\\\/www.rri.ro\\\/de\\\/aktuell\\\/newsflash-de\\\/nachrichten-23-10-2019-id633283.html\",\"url\":\"https:\\\/\\\/www.rri.ro\\\/de\\\/aktuell\\\/newsflash-de\\\/nachrichten-23-10-2019-id633283.html\",\"name\":\"Nachrichten 23.10.2019 - Radio Rum\u00e4nien International\",\"isPartOf\":{\"@id\":\"https:\\\/\\\/www.rri.ro\\\/#website\"},\"primaryImageOfPage\":{\"@id\":\"https:\\\/\\\/www.rri.ro\\\/de\\\/aktuell\\\/newsflash-de\\\/nachrichten-23-10-2019-id633283.html#primaryimage\"},\"image\":{\"@id\":\"https:\\\/\\\/www.rri.ro\\\/de\\\/aktuell\\\/newsflash-de\\\/nachrichten-23-10-2019-id633283.html#primaryimage\"},\"thumbnailUrl\":\"https:\\\/\\\/www.rri.ro\\\/wp-content\\\/uploads\\\/2023\\\/10\\\/stiri-germana-ok2-2.png\",\"datePublished\":\"2019-10-23T14:44:00+00:00\",\"author\":{\"@id\":\"https:\\\/\\\/www.rri.ro\\\/#\\\/schema\\\/person\\\/4a479940371b9fdefd194f561e8a7f88\"},\"breadcrumb\":{\"@id\":\"https:\\\/\\\/www.rri.ro\\\/de\\\/aktuell\\\/newsflash-de\\\/nachrichten-23-10-2019-id633283.html#breadcrumb\"},\"inLanguage\":\"de\",\"potentialAction\":[{\"@type\":\"ReadAction\",\"target\":[\"https:\\\/\\\/www.rri.ro\\\/de\\\/aktuell\\\/newsflash-de\\\/nachrichten-23-10-2019-id633283.html\"]}]},{\"@type\":\"ImageObject\",\"inLanguage\":\"de\",\"@id\":\"https:\\\/\\\/www.rri.ro\\\/de\\\/aktuell\\\/newsflash-de\\\/nachrichten-23-10-2019-id633283.html#primaryimage\",\"url\":\"https:\\\/\\\/www.rri.ro\\\/wp-content\\\/uploads\\\/2023\\\/10\\\/stiri-germana-ok2-2.png\",\"contentUrl\":\"https:\\\/\\\/www.rri.ro\\\/wp-content\\\/uploads\\\/2023\\\/10\\\/stiri-germana-ok2-2.png\",\"width\":640,\"height\":427},{\"@type\":\"BreadcrumbList\",\"@id\":\"https:\\\/\\\/www.rri.ro\\\/de\\\/aktuell\\\/newsflash-de\\\/nachrichten-23-10-2019-id633283.html#breadcrumb\",\"itemListElement\":[{\"@type\":\"ListItem\",\"position\":1,\"name\":\"Startseite\",\"item\":\"https:\\\/\\\/www.rri.ro\\\/de\"},{\"@type\":\"ListItem\",\"position\":2,\"name\":\"Aktuell\",\"item\":\"https:\\\/\\\/www.rri.ro\\\/de\\\/aktuell\"},{\"@type\":\"ListItem\",\"position\":3,\"name\":\"Newsflash\",\"item\":\"https:\\\/\\\/www.rri.ro\\\/de\\\/aktuell\\\/newsflash-de\"},{\"@type\":\"ListItem\",\"position\":4,\"name\":\"Nachrichten 23.10.2019\"}]},{\"@type\":\"WebSite\",\"@id\":\"https:\\\/\\\/www.rri.ro\\\/#website\",\"url\":\"https:\\\/\\\/www.rri.ro\\\/\",\"name\":\"Radio Rum\u00e4nien International\",\"description\":\"Totul despre Rom\u00e2nia \u015fi rom\u00e2ni, \u00een 13 limbi\\\/dialecte!\",\"inLanguage\":\"de\"},{\"@type\":\"Person\",\"@id\":\"https:\\\/\\\/www.rri.ro\\\/#\\\/schema\\\/person\\\/4a479940371b9fdefd194f561e8a7f88\",\"name\":\"Newsroom\",\"url\":\"https:\\\/\\\/www.rri.ro\\\/de\\\/author\\\/newsroom\"}]}<\/script>\n<!-- \/ Yoast SEO plugin. -->","yoast_head_json":{"title":"Nachrichten 23.10.2019 - Radio Rum\u00e4nien International","robots":{"index":"index","follow":"follow","max-snippet":"max-snippet:-1","max-image-preview":"max-image-preview:large","max-video-preview":"max-video-preview:-1"},"canonical":"https:\/\/www.rri.ro\/de\/aktuell\/newsflash-de\/nachrichten-23-10-2019-id633283.html","og_locale":"de_DE","og_type":"article","og_title":"Nachrichten 23.10.2019 - Radio Rum\u00e4nien International","og_description":"Das Politische B\u00fcro der Nationalliberalen Partei wird am Donnerstag zusammenkommen, um \u00fcber die Liste der Minister im zuk\u00fcnftigen Orban-Kabinett und \u00fcber das Regierungsprogramm abzustimmen. Der designierte Premierminister Ludovic Orban wird die Dokumente anschlie\u00dfend dem Parlament vorlegen. Am Mittwoch schloss Orban eine neue Gespr\u00e4chsrunde mit Parlamentsfraktionen ab, die f\u00fcr den Misstrauensantrag vom 10. Oktober stimmten, der [&hellip;]","og_url":"https:\/\/www.rri.ro\/de\/aktuell\/newsflash-de\/nachrichten-23-10-2019-id633283.html","og_site_name":"Radio Rum\u00e4nien International","article_published_time":"2019-10-23T14:44:00+00:00","og_image":[{"width":640,"height":427,"url":"https:\/\/www.rri.ro\/wp-content\/uploads\/2023\/10\/stiri-germana-ok2-2.png","type":"image\/png"}],"author":"Newsroom","twitter_card":"summary_large_image","twitter_misc":{"Verfasst von":"Newsroom","Gesch\u00e4tzte Lesezeit":"3\u00a0Minuten","Written by":"Newsroom"},"schema":{"@context":"https:\/\/schema.org","@graph":[{"@type":"Article","@id":"https:\/\/www.rri.ro\/de\/aktuell\/newsflash-de\/nachrichten-23-10-2019-id633283.html#article","isPartOf":{"@id":"https:\/\/www.rri.ro\/de\/aktuell\/newsflash-de\/nachrichten-23-10-2019-id633283.html"},"author":{"name":"Newsroom","@id":"https:\/\/www.rri.ro\/#\/schema\/person\/4a479940371b9fdefd194f561e8a7f88"},"headline":"Nachrichten 23.10.2019","datePublished":"2019-10-23T14:44:00+00:00","mainEntityOfPage":{"@id":"https:\/\/www.rri.ro\/de\/aktuell\/newsflash-de\/nachrichten-23-10-2019-id633283.html"},"wordCount":503,"image":{"@id":"https:\/\/www.rri.ro\/de\/aktuell\/newsflash-de\/nachrichten-23-10-2019-id633283.html#primaryimage"},"thumbnailUrl":"https:\/\/www.rri.ro\/wp-content\/uploads\/2023\/10\/stiri-germana-ok2-2.png","keywords":["Abr\u00fcstung und Nichtverbreitung Treffen","Kaufkraft","milit\u00e4rische \u00dcbung","Nationalliberale Partei","NATO-Waffen der Massenvernichtung R\u00fcstungskontrolle","Orban-Kabinett","stellvertretender NATO-Generalsekret\u00e4r Mircea Geoana"],"articleSection":["Newsflash"],"inLanguage":"de"},{"@type":"WebPage","@id":"https:\/\/www.rri.ro\/de\/aktuell\/newsflash-de\/nachrichten-23-10-2019-id633283.html","url":"https:\/\/www.rri.ro\/de\/aktuell\/newsflash-de\/nachrichten-23-10-2019-id633283.html","name":"Nachrichten 23.10.2019 - Radio Rum\u00e4nien International","isPartOf":{"@id":"https:\/\/www.rri.ro\/#website"},"primaryImageOfPage":{"@id":"https:\/\/www.rri.ro\/de\/aktuell\/newsflash-de\/nachrichten-23-10-2019-id633283.html#primaryimage"},"image":{"@id":"https:\/\/www.rri.ro\/de\/aktuell\/newsflash-de\/nachrichten-23-10-2019-id633283.html#primaryimage"},"thumbnailUrl":"https:\/\/www.rri.ro\/wp-content\/uploads\/2023\/10\/stiri-germana-ok2-2.png","datePublished":"2019-10-23T14:44:00+00:00","author":{"@id":"https:\/\/www.rri.ro\/#\/schema\/person\/4a479940371b9fdefd194f561e8a7f88"},"breadcrumb":{"@id":"https:\/\/www.rri.ro\/de\/aktuell\/newsflash-de\/nachrichten-23-10-2019-id633283.html#breadcrumb"},"inLanguage":"de","potentialAction":[{"@type":"ReadAction","target":["https:\/\/www.rri.ro\/de\/aktuell\/newsflash-de\/nachrichten-23-10-2019-id633283.html"]}]},{"@type":"ImageObject","inLanguage":"de","@id":"https:\/\/www.rri.ro\/de\/aktuell\/newsflash-de\/nachrichten-23-10-2019-id633283.html#primaryimage","url":"https:\/\/www.rri.ro\/wp-content\/uploads\/2023\/10\/stiri-germana-ok2-2.png","contentUrl":"https:\/\/www.rri.ro\/wp-content\/uploads\/2023\/10\/stiri-germana-ok2-2.png","width":640,"height":427},{"@type":"BreadcrumbList","@id":"https:\/\/www.rri.ro\/de\/aktuell\/newsflash-de\/nachrichten-23-10-2019-id633283.html#breadcrumb","itemListElement":[{"@type":"ListItem","position":1,"name":"Startseite","item":"https:\/\/www.rri.ro\/de"},{"@type":"ListItem","position":2,"name":"Aktuell","item":"https:\/\/www.rri.ro\/de\/aktuell"},{"@type":"ListItem","position":3,"name":"Newsflash","item":"https:\/\/www.rri.ro\/de\/aktuell\/newsflash-de"},{"@type":"ListItem","position":4,"name":"Nachrichten 23.10.2019"}]},{"@type":"WebSite","@id":"https:\/\/www.rri.ro\/#website","url":"https:\/\/www.rri.ro\/","name":"Radio Rum\u00e4nien International","description":"Totul despre Rom\u00e2nia \u015fi rom\u00e2ni, \u00een 13 limbi\/dialecte!","inLanguage":"de"},{"@type":"Person","@id":"https:\/\/www.rri.ro\/#\/schema\/person\/4a479940371b9fdefd194f561e8a7f88","name":"Newsroom","url":"https:\/\/www.rri.ro\/de\/author\/newsroom"}]}},"_links":{"self":[{"href":"https:\/\/www.rri.ro\/de\/wp-json\/wp\/v2\/posts\/633283","targetHints":{"allow":["GET"]}}],"collection":[{"href":"https:\/\/www.rri.ro\/de\/wp-json\/wp\/v2\/posts"}],"about":[{"href":"https:\/\/www.rri.ro\/de\/wp-json\/wp\/v2\/types\/post"}],"author":[{"embeddable":true,"href":"https:\/\/www.rri.ro\/de\/wp-json\/wp\/v2\/users\/113"}],"replies":[{"embeddable":true,"href":"https:\/\/www.rri.ro\/de\/wp-json\/wp\/v2\/comments?post=633283"}],"version-history":[{"count":0,"href":"https:\/\/www.rri.ro\/de\/wp-json\/wp\/v2\/posts\/633283\/revisions"}],"wp:featuredmedia":[{"embeddable":true,"href":"https:\/\/www.rri.ro\/de\/wp-json\/wp\/v2\/media\/460330"}],"wp:attachment":[{"href":"https:\/\/www.rri.ro\/de\/wp-json\/wp\/v2\/media?parent=633283"}],"wp:term":[{"taxonomy":"category","embeddable":true,"href":"https:\/\/www.rri.ro\/de\/wp-json\/wp\/v2\/categories?post=633283"},{"taxonomy":"post_tag","embeddable":true,"href":"https:\/\/www.rri.ro\/de\/wp-json\/wp\/v2\/tags?post=633283"},{"taxonomy":"author","embeddable":true,"href":"https:\/\/www.rri.ro\/de\/wp-json\/wp\/v2\/coauthors?post=633283"}],"curies":[{"name":"wp","href":"https:\/\/api.w.org\/{rel}","templated":true}]}}