{"id":633290,"date":"2019-10-30T17:17:00","date_gmt":"2019-10-30T15:17:00","guid":{"rendered":"http:\/\/devrri.freshlemon.ro\/aktuell\/nachrichten-30-10-2019-id633290.html"},"modified":"2019-10-30T17:17:00","modified_gmt":"2019-10-30T15:17:00","slug":"nachrichten-30-10-2019","status":"publish","type":"post","link":"https:\/\/www.rri.ro\/de\/aktuell\/newsflash-de\/nachrichten-30-10-2019-id633290.html","title":{"rendered":"Nachrichten 30.10.2019"},"content":{"rendered":"<p>In Bukarest sind die Anh\u00f6rungen der Ministerkandidaten in den Fachaussch\u00fcssen des rum\u00e4nischen Parlaments zu Ende. Potenzielle Inhaber der Ressorts Justiz, Wirtschaft, Energie sowie \u00d6ffentliche Arbeiten, Entwicklung und Verwaltung haben Fragen von Senatoren und Abgeordneten beantwortet.  Am Mittwoch fielen durch der f\u00fcr das Amt des Entwicklungsministers vorgeschlagene Politiker Ion Stefan, und der f\u00fcr das Amt des Arbeitsministers Politiker.  Am Ende der Anh\u00f6rungen vom Dienstag erhielten mit Ausnahme des Bewerbers f\u00fcr das Amt des Finanzministers, Florin Citu alle liberalen Kandidaten gr\u00fcnes Licht von den Aussch\u00fcssen. Die Stellungnahmen der Fachaussch\u00fcsse sind nicht entscheidend; es z\u00e4hlt nur die Abstimmung im Plenum, die f\u00fcr den 4. November angesetzt ist.  Um das sozialdemokratische Kabinett von Viorica Dancila zu ersetzen, das am 10. Oktober durch einen Misstrauensantrag entlassen wurde, braucht der designierte liberale Premierminister Ludovic Orban mindestens 233 Stimmen. Daf\u00fcr unterschrieb er Vereinbarungen mit mehreren Parteien. Die Partei Pro Romania h\u00e4lt sich noch bedeckt, die Sozialdemokraten wollen bei der Plenarsitzung nicht anwesend sein.<\/p>\n<p>&#13;<br \/>\n&#13;<\/p>\n<p>&#13;<br \/>\n&#13;<\/p>\n<p>Religi\u00f6se Zeremonien und ein Trauermarsch sind am Mittwoch organisiert worden, um an die vier Jahre zu erinnern, die seit dem katastrophalen Brand im Nachtclub Colectiv mit 64 Toten und rund 200 Verletzten vergangen sind. Seit diesem Jahr ist der 30. Oktober auch der Tag der Brandverletzten  &#8211; Ziel ist es, auf die Probleme der Brandopfer in Rum\u00e4nien hinzuweisen. Zu diesem Thema berichten wir ausf\u00fchrlich gleich nach den Meldungen.<\/p>\n<p>&#13;<br \/>\n&#13;<\/p>\n<p>&#13;<br \/>\n&#13;<\/p>\n<p>Mehr als 550 Unternehmen aus 25 L\u00e4ndern nehmen bis Sonntag an der 24. Internationalen Messe f\u00fcr Produkte und Ausr\u00fcstungen aus Landwirtschaft, Weinbau und Tierhaltung teil \u2013 Die sogenannte Indagra ist eine der wichtigsten Landwirtschaftsmessen Rum\u00e4niens. Auf der Tagesordnung stehen Konferenzen zu Themen wie der Entwicklung der Landwirtschaft in Rum\u00e4nien durch Innovation, der F\u00f6rderung rum\u00e4nischer Produkte auf dem Binnen- und Au\u00dfenmarkt, dem Zugang rum\u00e4nischer Produzenten zu europ\u00e4ischen Mitteln.<\/p>\n<p>&#13;<br \/>\n&#13;<\/p>\n<p>&#13;\n <\/p>\n<p>&#13;<br \/>\n&#13;<\/p>\n<p>Die rum\u00e4nische Fregatte K\u00f6nig Ferdinand beteiligt sich bis zum 7. November an einer neuen NATO-Mission im Mittelmeer. An Bord ist auch ein Marinehubschrauber und eine Gruppe von Marineinfanteristen f\u00fcr Sondereins\u00e4tze. Hauptziel der Operation Sea Guardian 19 ist es, illegale Aktivit\u00e4ten an der S\u00fcdflanke der NATO und der EU durch \u00dcberwachungsma\u00dfnahmen im See- und Luftverkehr abzuschrecken. W\u00e4hrend dieser Mission wird die rum\u00e4nische Fregatte am 4. November im Hafen von Haifa in Israel, und in Limassol in Zypern anlegen. Der erste Zwischenstopp erfolgte bereits im t\u00fcrkischen Hafen von Aksaz.<br \/>&#13;<br \/>\nIm \u00e4gyptischen Alexandrien veranstaltete die Besatzung der K\u00f6nig Ferdinand zum ersten Mal ein Treffen mit Mitgliedern der rum\u00e4nischen Gemeinde in diesem Land.<\/p>\n<p>&#13;<br \/>\n&#13;<\/p>\n<p>&#13;<br \/>\n&#13;<\/p>\n<p>In der lila Gruppe beim Champions-Turnier in Shenzen in China ist die rum\u00e4nische Tennisspielerin Simona Halep von der Ukrainerin Elina Svitolina in zwei S\u00e4tzen besiegt worden.  Die f\u00fcr Kanada antretende geb\u00fcrtige Rum\u00e4nin Bianca Andreescu musste nach dem ersten Satz im Spiel gegen Karolina Pliskova aus Tschechien wegen einer Verletzung aufgeben und hat keine Aussichten agf ein Weiterkommen. Am Montag hatte Halep gegen Andreescu gesiegt, w\u00e4hrend Svitolina vor Pliskova gewann.<\/p>\n<p>&#13;<\/p>\n","protected":false},"excerpt":{"rendered":"<p>In Bukarest sind die Anh\u00f6rungen der Ministerkandidaten in den Fachaussch\u00fcssen des rum\u00e4nischen Parlaments zu Ende. Potenzielle Inhaber der Ressorts Justiz, Wirtschaft, Energie sowie \u00d6ffentliche Arbeiten, Entwicklung und Verwaltung haben Fragen von Senatoren und Abgeordneten beantwortet. Am Mittwoch fielen durch der f\u00fcr das Amt des Entwicklungsministers vorgeschlagene Politiker Ion Stefan, und der f\u00fcr das Amt des [&hellip;]<\/p>\n","protected":false},"author":113,"featured_media":460330,"comment_status":"closed","ping_status":"closed","sticky":false,"template":"","format":"standard","meta":{"_acf_changed":false,"footnotes":""},"categories":[116753],"tags":[117438,127201,127276,127274,127275,104784,28939,125102,127277],"coauthors":[],"class_list":["post-633290","post","type-post","status-publish","format-standard","has-post-thumbnail","hentry","category-newsflash-de","tag-brandopfer","tag-fregatte-koenig-ferdinand","tag-internationale-messe-fuer-produkte-und-ausruestungen-aus-landwirtschaft","tag-ministerkandidaten","tag-nachtclub-colectiv","tag-premierminister-ludovic-orban","tag-tennis","tag-trauermarsch","tag-weinbau-und-tierhaltung"],"acf":[],"yoast_head":"<!-- This site is optimized with the Yoast SEO plugin v27.5 - https:\/\/yoast.com\/product\/yoast-seo-wordpress\/ -->\n<title>Nachrichten 30.10.2019 - Radio Rum\u00e4nien International<\/title>\n<meta name=\"robots\" content=\"index, follow, max-snippet:-1, max-image-preview:large, max-video-preview:-1\" \/>\n<link rel=\"canonical\" href=\"https:\/\/www.rri.ro\/de\/aktuell\/newsflash-de\/nachrichten-30-10-2019-id633290.html\" \/>\n<meta property=\"og:locale\" content=\"de_DE\" \/>\n<meta property=\"og:type\" content=\"article\" \/>\n<meta property=\"og:title\" content=\"Nachrichten 30.10.2019 - Radio Rum\u00e4nien International\" \/>\n<meta property=\"og:description\" content=\"In Bukarest sind die Anh\u00f6rungen der Ministerkandidaten in den Fachaussch\u00fcssen des rum\u00e4nischen Parlaments zu Ende. Potenzielle Inhaber der Ressorts Justiz, Wirtschaft, Energie sowie \u00d6ffentliche Arbeiten, Entwicklung und Verwaltung haben Fragen von Senatoren und Abgeordneten beantwortet. Am Mittwoch fielen durch der f\u00fcr das Amt des Entwicklungsministers vorgeschlagene Politiker Ion Stefan, und der f\u00fcr das Amt des [&hellip;]\" \/>\n<meta property=\"og:url\" content=\"https:\/\/www.rri.ro\/de\/aktuell\/newsflash-de\/nachrichten-30-10-2019-id633290.html\" \/>\n<meta property=\"og:site_name\" content=\"Radio Rum\u00e4nien International\" \/>\n<meta property=\"article:published_time\" content=\"2019-10-30T15:17:00+00:00\" \/>\n<meta property=\"og:image\" content=\"https:\/\/www.rri.ro\/wp-content\/uploads\/2023\/10\/stiri-germana-ok2-2.png\" \/>\n\t<meta property=\"og:image:width\" content=\"640\" \/>\n\t<meta property=\"og:image:height\" content=\"427\" \/>\n\t<meta property=\"og:image:type\" content=\"image\/png\" \/>\n<meta name=\"author\" content=\"Newsroom\" \/>\n<meta name=\"twitter:card\" content=\"summary_large_image\" \/>\n<meta name=\"twitter:label1\" content=\"Verfasst von\" \/>\n\t<meta name=\"twitter:data1\" content=\"Newsroom\" \/>\n\t<meta name=\"twitter:label2\" content=\"Gesch\u00e4tzte Lesezeit\" \/>\n\t<meta name=\"twitter:data2\" content=\"3\u00a0Minuten\" \/>\n\t<meta name=\"twitter:label3\" content=\"Written by\" \/>\n\t<meta name=\"twitter:data3\" content=\"Newsroom\" \/>\n<script type=\"application\/ld+json\" class=\"yoast-schema-graph\">{\"@context\":\"https:\\\/\\\/schema.org\",\"@graph\":[{\"@type\":\"Article\",\"@id\":\"https:\\\/\\\/www.rri.ro\\\/de\\\/aktuell\\\/newsflash-de\\\/nachrichten-30-10-2019-id633290.html#article\",\"isPartOf\":{\"@id\":\"https:\\\/\\\/www.rri.ro\\\/de\\\/aktuell\\\/newsflash-de\\\/nachrichten-30-10-2019-id633290.html\"},\"author\":{\"name\":\"Newsroom\",\"@id\":\"https:\\\/\\\/www.rri.ro\\\/#\\\/schema\\\/person\\\/4a479940371b9fdefd194f561e8a7f88\"},\"headline\":\"Nachrichten 30.10.2019\",\"datePublished\":\"2019-10-30T15:17:00+00:00\",\"mainEntityOfPage\":{\"@id\":\"https:\\\/\\\/www.rri.ro\\\/de\\\/aktuell\\\/newsflash-de\\\/nachrichten-30-10-2019-id633290.html\"},\"wordCount\":502,\"image\":{\"@id\":\"https:\\\/\\\/www.rri.ro\\\/de\\\/aktuell\\\/newsflash-de\\\/nachrichten-30-10-2019-id633290.html#primaryimage\"},\"thumbnailUrl\":\"https:\\\/\\\/www.rri.ro\\\/wp-content\\\/uploads\\\/2023\\\/10\\\/stiri-germana-ok2-2.png\",\"keywords\":[\"Brandopfer\",\"Fregatte K\u00f6nig Ferdinand\",\"Internationale Messe f\u00fcr Produkte und Ausr\u00fcstungen aus Landwirtschaft\",\"Ministerkandidaten\",\"Nachtclub Colectiv\",\"Premierminister Ludovic Orban\",\"tennis\",\"Trauermarsch\",\"Weinbau und Tierhaltung\"],\"articleSection\":[\"Newsflash\"],\"inLanguage\":\"de\"},{\"@type\":\"WebPage\",\"@id\":\"https:\\\/\\\/www.rri.ro\\\/de\\\/aktuell\\\/newsflash-de\\\/nachrichten-30-10-2019-id633290.html\",\"url\":\"https:\\\/\\\/www.rri.ro\\\/de\\\/aktuell\\\/newsflash-de\\\/nachrichten-30-10-2019-id633290.html\",\"name\":\"Nachrichten 30.10.2019 - Radio Rum\u00e4nien International\",\"isPartOf\":{\"@id\":\"https:\\\/\\\/www.rri.ro\\\/#website\"},\"primaryImageOfPage\":{\"@id\":\"https:\\\/\\\/www.rri.ro\\\/de\\\/aktuell\\\/newsflash-de\\\/nachrichten-30-10-2019-id633290.html#primaryimage\"},\"image\":{\"@id\":\"https:\\\/\\\/www.rri.ro\\\/de\\\/aktuell\\\/newsflash-de\\\/nachrichten-30-10-2019-id633290.html#primaryimage\"},\"thumbnailUrl\":\"https:\\\/\\\/www.rri.ro\\\/wp-content\\\/uploads\\\/2023\\\/10\\\/stiri-germana-ok2-2.png\",\"datePublished\":\"2019-10-30T15:17:00+00:00\",\"author\":{\"@id\":\"https:\\\/\\\/www.rri.ro\\\/#\\\/schema\\\/person\\\/4a479940371b9fdefd194f561e8a7f88\"},\"breadcrumb\":{\"@id\":\"https:\\\/\\\/www.rri.ro\\\/de\\\/aktuell\\\/newsflash-de\\\/nachrichten-30-10-2019-id633290.html#breadcrumb\"},\"inLanguage\":\"de\",\"potentialAction\":[{\"@type\":\"ReadAction\",\"target\":[\"https:\\\/\\\/www.rri.ro\\\/de\\\/aktuell\\\/newsflash-de\\\/nachrichten-30-10-2019-id633290.html\"]}]},{\"@type\":\"ImageObject\",\"inLanguage\":\"de\",\"@id\":\"https:\\\/\\\/www.rri.ro\\\/de\\\/aktuell\\\/newsflash-de\\\/nachrichten-30-10-2019-id633290.html#primaryimage\",\"url\":\"https:\\\/\\\/www.rri.ro\\\/wp-content\\\/uploads\\\/2023\\\/10\\\/stiri-germana-ok2-2.png\",\"contentUrl\":\"https:\\\/\\\/www.rri.ro\\\/wp-content\\\/uploads\\\/2023\\\/10\\\/stiri-germana-ok2-2.png\",\"width\":640,\"height\":427},{\"@type\":\"BreadcrumbList\",\"@id\":\"https:\\\/\\\/www.rri.ro\\\/de\\\/aktuell\\\/newsflash-de\\\/nachrichten-30-10-2019-id633290.html#breadcrumb\",\"itemListElement\":[{\"@type\":\"ListItem\",\"position\":1,\"name\":\"Startseite\",\"item\":\"https:\\\/\\\/www.rri.ro\\\/de\"},{\"@type\":\"ListItem\",\"position\":2,\"name\":\"Aktuell\",\"item\":\"https:\\\/\\\/www.rri.ro\\\/de\\\/aktuell\"},{\"@type\":\"ListItem\",\"position\":3,\"name\":\"Newsflash\",\"item\":\"https:\\\/\\\/www.rri.ro\\\/de\\\/aktuell\\\/newsflash-de\"},{\"@type\":\"ListItem\",\"position\":4,\"name\":\"Nachrichten 30.10.2019\"}]},{\"@type\":\"WebSite\",\"@id\":\"https:\\\/\\\/www.rri.ro\\\/#website\",\"url\":\"https:\\\/\\\/www.rri.ro\\\/\",\"name\":\"Radio Rum\u00e4nien International\",\"description\":\"Totul despre Rom\u00e2nia \u015fi rom\u00e2ni, \u00een 13 limbi\\\/dialecte!\",\"inLanguage\":\"de\"},{\"@type\":\"Person\",\"@id\":\"https:\\\/\\\/www.rri.ro\\\/#\\\/schema\\\/person\\\/4a479940371b9fdefd194f561e8a7f88\",\"name\":\"Newsroom\",\"url\":\"https:\\\/\\\/www.rri.ro\\\/de\\\/author\\\/newsroom\"}]}<\/script>\n<!-- \/ Yoast SEO plugin. -->","yoast_head_json":{"title":"Nachrichten 30.10.2019 - Radio Rum\u00e4nien International","robots":{"index":"index","follow":"follow","max-snippet":"max-snippet:-1","max-image-preview":"max-image-preview:large","max-video-preview":"max-video-preview:-1"},"canonical":"https:\/\/www.rri.ro\/de\/aktuell\/newsflash-de\/nachrichten-30-10-2019-id633290.html","og_locale":"de_DE","og_type":"article","og_title":"Nachrichten 30.10.2019 - Radio Rum\u00e4nien International","og_description":"In Bukarest sind die Anh\u00f6rungen der Ministerkandidaten in den Fachaussch\u00fcssen des rum\u00e4nischen Parlaments zu Ende. Potenzielle Inhaber der Ressorts Justiz, Wirtschaft, Energie sowie \u00d6ffentliche Arbeiten, Entwicklung und Verwaltung haben Fragen von Senatoren und Abgeordneten beantwortet. Am Mittwoch fielen durch der f\u00fcr das Amt des Entwicklungsministers vorgeschlagene Politiker Ion Stefan, und der f\u00fcr das Amt des [&hellip;]","og_url":"https:\/\/www.rri.ro\/de\/aktuell\/newsflash-de\/nachrichten-30-10-2019-id633290.html","og_site_name":"Radio Rum\u00e4nien International","article_published_time":"2019-10-30T15:17:00+00:00","og_image":[{"width":640,"height":427,"url":"https:\/\/www.rri.ro\/wp-content\/uploads\/2023\/10\/stiri-germana-ok2-2.png","type":"image\/png"}],"author":"Newsroom","twitter_card":"summary_large_image","twitter_misc":{"Verfasst von":"Newsroom","Gesch\u00e4tzte Lesezeit":"3\u00a0Minuten","Written by":"Newsroom"},"schema":{"@context":"https:\/\/schema.org","@graph":[{"@type":"Article","@id":"https:\/\/www.rri.ro\/de\/aktuell\/newsflash-de\/nachrichten-30-10-2019-id633290.html#article","isPartOf":{"@id":"https:\/\/www.rri.ro\/de\/aktuell\/newsflash-de\/nachrichten-30-10-2019-id633290.html"},"author":{"name":"Newsroom","@id":"https:\/\/www.rri.ro\/#\/schema\/person\/4a479940371b9fdefd194f561e8a7f88"},"headline":"Nachrichten 30.10.2019","datePublished":"2019-10-30T15:17:00+00:00","mainEntityOfPage":{"@id":"https:\/\/www.rri.ro\/de\/aktuell\/newsflash-de\/nachrichten-30-10-2019-id633290.html"},"wordCount":502,"image":{"@id":"https:\/\/www.rri.ro\/de\/aktuell\/newsflash-de\/nachrichten-30-10-2019-id633290.html#primaryimage"},"thumbnailUrl":"https:\/\/www.rri.ro\/wp-content\/uploads\/2023\/10\/stiri-germana-ok2-2.png","keywords":["Brandopfer","Fregatte K\u00f6nig Ferdinand","Internationale Messe f\u00fcr Produkte und Ausr\u00fcstungen aus Landwirtschaft","Ministerkandidaten","Nachtclub Colectiv","Premierminister Ludovic Orban","tennis","Trauermarsch","Weinbau und Tierhaltung"],"articleSection":["Newsflash"],"inLanguage":"de"},{"@type":"WebPage","@id":"https:\/\/www.rri.ro\/de\/aktuell\/newsflash-de\/nachrichten-30-10-2019-id633290.html","url":"https:\/\/www.rri.ro\/de\/aktuell\/newsflash-de\/nachrichten-30-10-2019-id633290.html","name":"Nachrichten 30.10.2019 - Radio Rum\u00e4nien International","isPartOf":{"@id":"https:\/\/www.rri.ro\/#website"},"primaryImageOfPage":{"@id":"https:\/\/www.rri.ro\/de\/aktuell\/newsflash-de\/nachrichten-30-10-2019-id633290.html#primaryimage"},"image":{"@id":"https:\/\/www.rri.ro\/de\/aktuell\/newsflash-de\/nachrichten-30-10-2019-id633290.html#primaryimage"},"thumbnailUrl":"https:\/\/www.rri.ro\/wp-content\/uploads\/2023\/10\/stiri-germana-ok2-2.png","datePublished":"2019-10-30T15:17:00+00:00","author":{"@id":"https:\/\/www.rri.ro\/#\/schema\/person\/4a479940371b9fdefd194f561e8a7f88"},"breadcrumb":{"@id":"https:\/\/www.rri.ro\/de\/aktuell\/newsflash-de\/nachrichten-30-10-2019-id633290.html#breadcrumb"},"inLanguage":"de","potentialAction":[{"@type":"ReadAction","target":["https:\/\/www.rri.ro\/de\/aktuell\/newsflash-de\/nachrichten-30-10-2019-id633290.html"]}]},{"@type":"ImageObject","inLanguage":"de","@id":"https:\/\/www.rri.ro\/de\/aktuell\/newsflash-de\/nachrichten-30-10-2019-id633290.html#primaryimage","url":"https:\/\/www.rri.ro\/wp-content\/uploads\/2023\/10\/stiri-germana-ok2-2.png","contentUrl":"https:\/\/www.rri.ro\/wp-content\/uploads\/2023\/10\/stiri-germana-ok2-2.png","width":640,"height":427},{"@type":"BreadcrumbList","@id":"https:\/\/www.rri.ro\/de\/aktuell\/newsflash-de\/nachrichten-30-10-2019-id633290.html#breadcrumb","itemListElement":[{"@type":"ListItem","position":1,"name":"Startseite","item":"https:\/\/www.rri.ro\/de"},{"@type":"ListItem","position":2,"name":"Aktuell","item":"https:\/\/www.rri.ro\/de\/aktuell"},{"@type":"ListItem","position":3,"name":"Newsflash","item":"https:\/\/www.rri.ro\/de\/aktuell\/newsflash-de"},{"@type":"ListItem","position":4,"name":"Nachrichten 30.10.2019"}]},{"@type":"WebSite","@id":"https:\/\/www.rri.ro\/#website","url":"https:\/\/www.rri.ro\/","name":"Radio Rum\u00e4nien International","description":"Totul despre Rom\u00e2nia \u015fi rom\u00e2ni, \u00een 13 limbi\/dialecte!","inLanguage":"de"},{"@type":"Person","@id":"https:\/\/www.rri.ro\/#\/schema\/person\/4a479940371b9fdefd194f561e8a7f88","name":"Newsroom","url":"https:\/\/www.rri.ro\/de\/author\/newsroom"}]}},"_links":{"self":[{"href":"https:\/\/www.rri.ro\/de\/wp-json\/wp\/v2\/posts\/633290","targetHints":{"allow":["GET"]}}],"collection":[{"href":"https:\/\/www.rri.ro\/de\/wp-json\/wp\/v2\/posts"}],"about":[{"href":"https:\/\/www.rri.ro\/de\/wp-json\/wp\/v2\/types\/post"}],"author":[{"embeddable":true,"href":"https:\/\/www.rri.ro\/de\/wp-json\/wp\/v2\/users\/113"}],"replies":[{"embeddable":true,"href":"https:\/\/www.rri.ro\/de\/wp-json\/wp\/v2\/comments?post=633290"}],"version-history":[{"count":0,"href":"https:\/\/www.rri.ro\/de\/wp-json\/wp\/v2\/posts\/633290\/revisions"}],"wp:featuredmedia":[{"embeddable":true,"href":"https:\/\/www.rri.ro\/de\/wp-json\/wp\/v2\/media\/460330"}],"wp:attachment":[{"href":"https:\/\/www.rri.ro\/de\/wp-json\/wp\/v2\/media?parent=633290"}],"wp:term":[{"taxonomy":"category","embeddable":true,"href":"https:\/\/www.rri.ro\/de\/wp-json\/wp\/v2\/categories?post=633290"},{"taxonomy":"post_tag","embeddable":true,"href":"https:\/\/www.rri.ro\/de\/wp-json\/wp\/v2\/tags?post=633290"},{"taxonomy":"author","embeddable":true,"href":"https:\/\/www.rri.ro\/de\/wp-json\/wp\/v2\/coauthors?post=633290"}],"curies":[{"name":"wp","href":"https:\/\/api.w.org\/{rel}","templated":true}]}}