{"id":633294,"date":"2019-11-04T18:57:00","date_gmt":"2019-11-04T16:57:00","guid":{"rendered":"http:\/\/devrri.freshlemon.ro\/aktuell\/nachrichten-04-11-2019-id633294.html"},"modified":"2019-11-04T18:57:00","modified_gmt":"2019-11-04T16:57:00","slug":"nachrichten-04-11-2019","status":"publish","type":"post","link":"https:\/\/www.rri.ro\/de\/aktuell\/newsflash-de\/nachrichten-04-11-2019-id633294.html","title":{"rendered":"Nachrichten 04.11.2019"},"content":{"rendered":"<p>Das rum\u00e4nische Parlament hat am Montag mit 240 Stimmen f\u00fcr die von PNL-Chef Ludovic Orban vorgeschlagene liberale einfarbige Regierung gestimmt. Das neue Kabinett ben\u00f6tigte mindestens 233 bef\u00fcrwortende Stimmen, weshalb Ludovic Orban letzte Woche politische Vereinbarungen mit USR, UDMR, PMP, ALDE und nationalen Minderheiten unterzeichnete. Obwohl PSD und PRO Romania beschlossen hatten, die Plenarsitzung zu boykottieren, gab es auch Ja-Stimmen von Abgeordneten und Senatoren der beiden Fraktionen. Ludovic Orban erkl\u00e4rte, dass das Mandat der gegenw\u00e4rtigen liberalen Exekutive f\u00fcr maximal ein Jahr sei kurz, es seien aber viele dringende Ma\u00dfnahmen erforderlich. Als Beispiel nannte er die Berichtigung des Haushaltsplans, sowie die Aufstellung des Haushaltsplans f\u00fcr das n\u00e4chste Jahr, der auf Investitionen in Bildung, Gesundheit oder Infrastruktur basieren w\u00fcrde. Parlamentarier, die f\u00fcr die neue liberale Regierung gestimmt haben, haben versprochen, ihm keinen Blankoscheck zu geben, sondern ihn permanent zu \u00fcberwachen. Die liberale Regierung von Ludovic Orban ersetzt das sozialdemokratische Kabinett von Viorica D\u0103ncil\u0103, das am 10. Oktober durch einen Misstrauensantrag entlassen wurde. Nach der Abstimmung im Parlament am Montag sprach Viorica D\u0103ncil\u0103 von einem schwarzen Tag f\u00fcr die Demokratie, an dem die Exekutive rechtswidrig beschlagnahmt wurde. Viorica D\u0103ncil\u0103 hat ihren Gegenkandidaten bei den anstehenden Pr\u00e4sidentschaftswahlen hart angegriffen, den derzeitigen Staatschef Klaus Iohannis, den sie f\u00fcr den Handwerker des Sturzes der PSD-Exekutive und des Ersatzes durch seine eigene Partei, PNL, h\u00e4lt.<\/p>\n<p>&#13;<br \/>\n&#13;<\/p>\n<p>&#13;<br \/>\n&#13;<\/p>\n<p>Die Fregatte K\u00f6nig Ferdinand der rum\u00e4nischen Milit\u00e4rmarine, an deren Bord sich ein Puma-Hubschrauber und eine Spezialeinheit der Marine befinden, nimmt bis Donnerstag an der von der NATO im Mittelmeer durchgef\u00fchrten Milit\u00e4roperation Sea Guardian 19 teil. Die Fregatte f\u00fchrt, unter dem Kommando der Alliierten Seestreitkr\u00e4fte, Missionen zur Abschreckung der illegalen Aktivit\u00e4ten an der Ostflanke der NATO durch. Heute legt die Fregatte einen Zwischenstopp im Hafen von Haifa, Israel ein. Die Fregatte hat zuvor in Askaz, S\u00fcdt\u00fcrkei, sowie in Alexandria, \u00c4gypten, angelegt.<\/p>\n<p>&#13;<br \/>\n&#13;<\/p>\n<p>&#13;<br \/>\n&#13;<\/p>\n<p>Der Kandidat der Moldawischen Sozialistischen Partei Ion Ceban hat die Wahl f\u00fcr das Rathaus Chisinaus am Sonntag im zweiten Wahlgang der Kommunalwahlen gewonnen. Nach vorl\u00e4ufigen Ergebnissen der Zentralen Wahlkommission, gewann Ceban mit 52% der Stimmen, w\u00e4hrend sein Widersacher, der proeurop\u00e4ische Andrei Nastase, nur 47% der Stimmen erhielt. Die Wahlbeteiligung lag bei rund 38%. Der zweite Wahlgang der Kommunalwahl fand in 384 St\u00e4dten und D\u00f6rfern der Republik Moldau statt, mit einer Gesamtwahlbeteiligung von fast 40%.<\/p>\n<p>&#13;<br \/>\n&#13;<\/p>\n<p>&#13;<br \/>\n&#13;<\/p>\n<p>Tausende Menschen protestierten am Sonntagabend in Bukarest und anderen St\u00e4dten des Landes, bei einem sogenannten Marsch f\u00fcr die W\u00e4lder, gegen die steigende Zahl der Todesopfer unter den rum\u00e4nischen F\u00f6rstern als auch gegen illegalen Abholzung. Vertreter von Umwelt-NGOs fordern Natursch\u00fctzer und Forstbeamte, sich bei den Beh\u00f6rden Stark zu machen, damit diese wirksame Ma\u00dfnahmen ergreifen, um der illegalen Abholzung ein Ende zu setzen.<\/p>\n<p>&#13;<br \/>\n&#13;<\/p>\n<p>&#13;<br \/>\n&#13;<\/p>\n<p>Vertreter der Bergleute aus zwei Bergwerken im Jiu-Tal, im Westen Zentralrum\u00e4niens, kommen heute mit der noch amtierenden Ministerpr\u00e4sidentin Viorica Dancila und mit Vertretern des Wirtschaftsministeriums zusammen. Die Bergleute, die ihre Arbeitspl\u00e4tze Anfang n\u00e4chsten Jahres verlieren k\u00f6nnten, fordern Sozialschutz nach der Entlassung. Sie drohen mit Hungerstreik, wenn ihre Forderungen nicht ber\u00fccksichtigt werden. Die Schlie\u00dfung der beiden Minen wurde Ende 2017 eingeleitet.<\/p>\n<p>&#13;<br \/>\n&#13;<\/p>\n<p>&#13;<br \/>\n&#13;<\/p>\n<p>Die rum\u00e4nische Tennisspielerin Simona Halep beendet die Saison auf 4 der WTA-Rangliste. Nach dem WTA-Finale im chinesischen Shenzhen, wo sie sich nach der Niederlage gegen die Tschechin Karolina Pliskova, Welt Nr. 2, nicht f\u00fcr das Halbfinale qualifizierte, kletterte sie um einen Platz in der Tabelle. Halep hatte die Jahre 2017 und 2018 als Nummer eins in der Gesamtbewertung beendet. Die in Rum\u00e4nien geborene Kanadierin Bianca Andreescu beendet ihre erste Saison in den Top 100 auf Platz 5. Rum\u00e4nien hat derzeit weitere zwei Spieler unter den Top 100: Sorana Cirstea (72) und Irina-Camelia Begu (99). Die Australierin Ashleigh Barty,  die das diesj\u00e4hrige Roland Garros und das Shenzhen-Turnier gewonnen hat, beendet die Saison an der Spitze, gefolgt von Karolina Pliskova und Naomi Osaka aus Japan.  <\/p>\n<p>&#13;<\/p>\n","protected":false},"excerpt":{"rendered":"<p>Das rum\u00e4nische Parlament hat am Montag mit 240 Stimmen f\u00fcr die von PNL-Chef Ludovic Orban vorgeschlagene liberale einfarbige Regierung gestimmt. Das neue Kabinett ben\u00f6tigte mindestens 233 bef\u00fcrwortende Stimmen, weshalb Ludovic Orban letzte Woche politische Vereinbarungen mit USR, UDMR, PMP, ALDE und nationalen Minderheiten unterzeichnete. Obwohl PSD und PRO Romania beschlossen hatten, die Plenarsitzung zu boykottieren, [&hellip;]<\/p>\n","protected":false},"author":113,"featured_media":460330,"comment_status":"closed","ping_status":"closed","sticky":false,"template":"","format":"standard","meta":{"_acf_changed":false,"footnotes":""},"categories":[116753],"tags":[125967,127201,35161,127279,28945,30168,99586,100115,28939,33035],"coauthors":[],"class_list":["post-633294","post","type-post","status-publish","format-standard","has-post-thumbnail","hentry","category-newsflash-de","tag-bergwerke","tag-fregatte-koenig-ferdinand","tag-ion-ceban","tag-jiu-tal","tag-klaus-iohannis","tag-ludovic-orban","tag-regierung","tag-republik-moldau","tag-tennis","tag-viorica-dancila"],"acf":[],"yoast_head":"<!-- This site is optimized with the Yoast SEO plugin v27.3 - https:\/\/yoast.com\/product\/yoast-seo-wordpress\/ -->\n<title>Nachrichten 04.11.2019 - Radio Rum\u00e4nien International<\/title>\n<meta name=\"robots\" content=\"index, follow, max-snippet:-1, max-image-preview:large, max-video-preview:-1\" \/>\n<link rel=\"canonical\" href=\"https:\/\/www.rri.ro\/de\/aktuell\/newsflash-de\/nachrichten-04-11-2019-id633294.html\" \/>\n<meta property=\"og:locale\" content=\"de_DE\" \/>\n<meta property=\"og:type\" content=\"article\" \/>\n<meta property=\"og:title\" content=\"Nachrichten 04.11.2019 - Radio Rum\u00e4nien International\" \/>\n<meta property=\"og:description\" content=\"Das rum\u00e4nische Parlament hat am Montag mit 240 Stimmen f\u00fcr die von PNL-Chef Ludovic Orban vorgeschlagene liberale einfarbige Regierung gestimmt. Das neue Kabinett ben\u00f6tigte mindestens 233 bef\u00fcrwortende Stimmen, weshalb Ludovic Orban letzte Woche politische Vereinbarungen mit USR, UDMR, PMP, ALDE und nationalen Minderheiten unterzeichnete. Obwohl PSD und PRO Romania beschlossen hatten, die Plenarsitzung zu boykottieren, [&hellip;]\" \/>\n<meta property=\"og:url\" content=\"https:\/\/www.rri.ro\/de\/aktuell\/newsflash-de\/nachrichten-04-11-2019-id633294.html\" \/>\n<meta property=\"og:site_name\" content=\"Radio Rum\u00e4nien International\" \/>\n<meta property=\"article:published_time\" content=\"2019-11-04T16:57:00+00:00\" \/>\n<meta property=\"og:image\" content=\"https:\/\/www.rri.ro\/wp-content\/uploads\/2023\/10\/stiri-germana-ok2-2.png\" \/>\n\t<meta property=\"og:image:width\" content=\"640\" \/>\n\t<meta property=\"og:image:height\" content=\"427\" \/>\n\t<meta property=\"og:image:type\" content=\"image\/png\" \/>\n<meta name=\"author\" content=\"Newsroom\" \/>\n<meta name=\"twitter:card\" content=\"summary_large_image\" \/>\n<meta name=\"twitter:label1\" content=\"Verfasst von\" \/>\n\t<meta name=\"twitter:data1\" content=\"Newsroom\" \/>\n\t<meta name=\"twitter:label2\" content=\"Gesch\u00e4tzte Lesezeit\" \/>\n\t<meta name=\"twitter:data2\" content=\"3\u00a0Minuten\" \/>\n\t<meta name=\"twitter:label3\" content=\"Written by\" \/>\n\t<meta name=\"twitter:data3\" content=\"Newsroom\" \/>\n<script type=\"application\/ld+json\" class=\"yoast-schema-graph\">{\"@context\":\"https:\\\/\\\/schema.org\",\"@graph\":[{\"@type\":\"Article\",\"@id\":\"https:\\\/\\\/www.rri.ro\\\/de\\\/aktuell\\\/newsflash-de\\\/nachrichten-04-11-2019-id633294.html#article\",\"isPartOf\":{\"@id\":\"https:\\\/\\\/www.rri.ro\\\/de\\\/aktuell\\\/newsflash-de\\\/nachrichten-04-11-2019-id633294.html\"},\"author\":{\"name\":\"Newsroom\",\"@id\":\"https:\\\/\\\/www.rri.ro\\\/#\\\/schema\\\/person\\\/4a479940371b9fdefd194f561e8a7f88\"},\"headline\":\"Nachrichten 04.11.2019\",\"datePublished\":\"2019-11-04T16:57:00+00:00\",\"mainEntityOfPage\":{\"@id\":\"https:\\\/\\\/www.rri.ro\\\/de\\\/aktuell\\\/newsflash-de\\\/nachrichten-04-11-2019-id633294.html\"},\"wordCount\":652,\"image\":{\"@id\":\"https:\\\/\\\/www.rri.ro\\\/de\\\/aktuell\\\/newsflash-de\\\/nachrichten-04-11-2019-id633294.html#primaryimage\"},\"thumbnailUrl\":\"https:\\\/\\\/www.rri.ro\\\/wp-content\\\/uploads\\\/2023\\\/10\\\/stiri-germana-ok2-2.png\",\"keywords\":[\"Bergwerke\",\"Fregatte K\u00f6nig Ferdinand\",\"Ion Ceban\",\"Jiu-Tal\",\"Klaus Iohannis\",\"Ludovic Orban\",\"Regierung\",\"Republik Moldau\",\"tennis\",\"viorica dancila\"],\"articleSection\":[\"Newsflash\"],\"inLanguage\":\"de\"},{\"@type\":\"WebPage\",\"@id\":\"https:\\\/\\\/www.rri.ro\\\/de\\\/aktuell\\\/newsflash-de\\\/nachrichten-04-11-2019-id633294.html\",\"url\":\"https:\\\/\\\/www.rri.ro\\\/de\\\/aktuell\\\/newsflash-de\\\/nachrichten-04-11-2019-id633294.html\",\"name\":\"Nachrichten 04.11.2019 - Radio Rum\u00e4nien International\",\"isPartOf\":{\"@id\":\"https:\\\/\\\/www.rri.ro\\\/#website\"},\"primaryImageOfPage\":{\"@id\":\"https:\\\/\\\/www.rri.ro\\\/de\\\/aktuell\\\/newsflash-de\\\/nachrichten-04-11-2019-id633294.html#primaryimage\"},\"image\":{\"@id\":\"https:\\\/\\\/www.rri.ro\\\/de\\\/aktuell\\\/newsflash-de\\\/nachrichten-04-11-2019-id633294.html#primaryimage\"},\"thumbnailUrl\":\"https:\\\/\\\/www.rri.ro\\\/wp-content\\\/uploads\\\/2023\\\/10\\\/stiri-germana-ok2-2.png\",\"datePublished\":\"2019-11-04T16:57:00+00:00\",\"author\":{\"@id\":\"https:\\\/\\\/www.rri.ro\\\/#\\\/schema\\\/person\\\/4a479940371b9fdefd194f561e8a7f88\"},\"breadcrumb\":{\"@id\":\"https:\\\/\\\/www.rri.ro\\\/de\\\/aktuell\\\/newsflash-de\\\/nachrichten-04-11-2019-id633294.html#breadcrumb\"},\"inLanguage\":\"de\",\"potentialAction\":[{\"@type\":\"ReadAction\",\"target\":[\"https:\\\/\\\/www.rri.ro\\\/de\\\/aktuell\\\/newsflash-de\\\/nachrichten-04-11-2019-id633294.html\"]}]},{\"@type\":\"ImageObject\",\"inLanguage\":\"de\",\"@id\":\"https:\\\/\\\/www.rri.ro\\\/de\\\/aktuell\\\/newsflash-de\\\/nachrichten-04-11-2019-id633294.html#primaryimage\",\"url\":\"https:\\\/\\\/www.rri.ro\\\/wp-content\\\/uploads\\\/2023\\\/10\\\/stiri-germana-ok2-2.png\",\"contentUrl\":\"https:\\\/\\\/www.rri.ro\\\/wp-content\\\/uploads\\\/2023\\\/10\\\/stiri-germana-ok2-2.png\",\"width\":640,\"height\":427},{\"@type\":\"BreadcrumbList\",\"@id\":\"https:\\\/\\\/www.rri.ro\\\/de\\\/aktuell\\\/newsflash-de\\\/nachrichten-04-11-2019-id633294.html#breadcrumb\",\"itemListElement\":[{\"@type\":\"ListItem\",\"position\":1,\"name\":\"Startseite\",\"item\":\"https:\\\/\\\/www.rri.ro\\\/de\"},{\"@type\":\"ListItem\",\"position\":2,\"name\":\"Aktuell\",\"item\":\"https:\\\/\\\/www.rri.ro\\\/de\\\/aktuell\"},{\"@type\":\"ListItem\",\"position\":3,\"name\":\"Newsflash\",\"item\":\"https:\\\/\\\/www.rri.ro\\\/de\\\/aktuell\\\/newsflash-de\"},{\"@type\":\"ListItem\",\"position\":4,\"name\":\"Nachrichten 04.11.2019\"}]},{\"@type\":\"WebSite\",\"@id\":\"https:\\\/\\\/www.rri.ro\\\/#website\",\"url\":\"https:\\\/\\\/www.rri.ro\\\/\",\"name\":\"Radio Rum\u00e4nien International\",\"description\":\"Totul despre Rom\u00e2nia \u015fi rom\u00e2ni, \u00een 13 limbi\\\/dialecte!\",\"inLanguage\":\"de\"},{\"@type\":\"Person\",\"@id\":\"https:\\\/\\\/www.rri.ro\\\/#\\\/schema\\\/person\\\/4a479940371b9fdefd194f561e8a7f88\",\"name\":\"Newsroom\",\"url\":\"https:\\\/\\\/www.rri.ro\\\/de\\\/author\\\/newsroom\"}]}<\/script>\n<!-- \/ Yoast SEO plugin. -->","yoast_head_json":{"title":"Nachrichten 04.11.2019 - Radio Rum\u00e4nien International","robots":{"index":"index","follow":"follow","max-snippet":"max-snippet:-1","max-image-preview":"max-image-preview:large","max-video-preview":"max-video-preview:-1"},"canonical":"https:\/\/www.rri.ro\/de\/aktuell\/newsflash-de\/nachrichten-04-11-2019-id633294.html","og_locale":"de_DE","og_type":"article","og_title":"Nachrichten 04.11.2019 - Radio Rum\u00e4nien International","og_description":"Das rum\u00e4nische Parlament hat am Montag mit 240 Stimmen f\u00fcr die von PNL-Chef Ludovic Orban vorgeschlagene liberale einfarbige Regierung gestimmt. Das neue Kabinett ben\u00f6tigte mindestens 233 bef\u00fcrwortende Stimmen, weshalb Ludovic Orban letzte Woche politische Vereinbarungen mit USR, UDMR, PMP, ALDE und nationalen Minderheiten unterzeichnete. Obwohl PSD und PRO Romania beschlossen hatten, die Plenarsitzung zu boykottieren, [&hellip;]","og_url":"https:\/\/www.rri.ro\/de\/aktuell\/newsflash-de\/nachrichten-04-11-2019-id633294.html","og_site_name":"Radio Rum\u00e4nien International","article_published_time":"2019-11-04T16:57:00+00:00","og_image":[{"width":640,"height":427,"url":"https:\/\/www.rri.ro\/wp-content\/uploads\/2023\/10\/stiri-germana-ok2-2.png","type":"image\/png"}],"author":"Newsroom","twitter_card":"summary_large_image","twitter_misc":{"Verfasst von":"Newsroom","Gesch\u00e4tzte Lesezeit":"3\u00a0Minuten","Written by":"Newsroom"},"schema":{"@context":"https:\/\/schema.org","@graph":[{"@type":"Article","@id":"https:\/\/www.rri.ro\/de\/aktuell\/newsflash-de\/nachrichten-04-11-2019-id633294.html#article","isPartOf":{"@id":"https:\/\/www.rri.ro\/de\/aktuell\/newsflash-de\/nachrichten-04-11-2019-id633294.html"},"author":{"name":"Newsroom","@id":"https:\/\/www.rri.ro\/#\/schema\/person\/4a479940371b9fdefd194f561e8a7f88"},"headline":"Nachrichten 04.11.2019","datePublished":"2019-11-04T16:57:00+00:00","mainEntityOfPage":{"@id":"https:\/\/www.rri.ro\/de\/aktuell\/newsflash-de\/nachrichten-04-11-2019-id633294.html"},"wordCount":652,"image":{"@id":"https:\/\/www.rri.ro\/de\/aktuell\/newsflash-de\/nachrichten-04-11-2019-id633294.html#primaryimage"},"thumbnailUrl":"https:\/\/www.rri.ro\/wp-content\/uploads\/2023\/10\/stiri-germana-ok2-2.png","keywords":["Bergwerke","Fregatte K\u00f6nig Ferdinand","Ion Ceban","Jiu-Tal","Klaus Iohannis","Ludovic Orban","Regierung","Republik Moldau","tennis","viorica dancila"],"articleSection":["Newsflash"],"inLanguage":"de"},{"@type":"WebPage","@id":"https:\/\/www.rri.ro\/de\/aktuell\/newsflash-de\/nachrichten-04-11-2019-id633294.html","url":"https:\/\/www.rri.ro\/de\/aktuell\/newsflash-de\/nachrichten-04-11-2019-id633294.html","name":"Nachrichten 04.11.2019 - Radio Rum\u00e4nien International","isPartOf":{"@id":"https:\/\/www.rri.ro\/#website"},"primaryImageOfPage":{"@id":"https:\/\/www.rri.ro\/de\/aktuell\/newsflash-de\/nachrichten-04-11-2019-id633294.html#primaryimage"},"image":{"@id":"https:\/\/www.rri.ro\/de\/aktuell\/newsflash-de\/nachrichten-04-11-2019-id633294.html#primaryimage"},"thumbnailUrl":"https:\/\/www.rri.ro\/wp-content\/uploads\/2023\/10\/stiri-germana-ok2-2.png","datePublished":"2019-11-04T16:57:00+00:00","author":{"@id":"https:\/\/www.rri.ro\/#\/schema\/person\/4a479940371b9fdefd194f561e8a7f88"},"breadcrumb":{"@id":"https:\/\/www.rri.ro\/de\/aktuell\/newsflash-de\/nachrichten-04-11-2019-id633294.html#breadcrumb"},"inLanguage":"de","potentialAction":[{"@type":"ReadAction","target":["https:\/\/www.rri.ro\/de\/aktuell\/newsflash-de\/nachrichten-04-11-2019-id633294.html"]}]},{"@type":"ImageObject","inLanguage":"de","@id":"https:\/\/www.rri.ro\/de\/aktuell\/newsflash-de\/nachrichten-04-11-2019-id633294.html#primaryimage","url":"https:\/\/www.rri.ro\/wp-content\/uploads\/2023\/10\/stiri-germana-ok2-2.png","contentUrl":"https:\/\/www.rri.ro\/wp-content\/uploads\/2023\/10\/stiri-germana-ok2-2.png","width":640,"height":427},{"@type":"BreadcrumbList","@id":"https:\/\/www.rri.ro\/de\/aktuell\/newsflash-de\/nachrichten-04-11-2019-id633294.html#breadcrumb","itemListElement":[{"@type":"ListItem","position":1,"name":"Startseite","item":"https:\/\/www.rri.ro\/de"},{"@type":"ListItem","position":2,"name":"Aktuell","item":"https:\/\/www.rri.ro\/de\/aktuell"},{"@type":"ListItem","position":3,"name":"Newsflash","item":"https:\/\/www.rri.ro\/de\/aktuell\/newsflash-de"},{"@type":"ListItem","position":4,"name":"Nachrichten 04.11.2019"}]},{"@type":"WebSite","@id":"https:\/\/www.rri.ro\/#website","url":"https:\/\/www.rri.ro\/","name":"Radio Rum\u00e4nien International","description":"Totul despre Rom\u00e2nia \u015fi rom\u00e2ni, \u00een 13 limbi\/dialecte!","inLanguage":"de"},{"@type":"Person","@id":"https:\/\/www.rri.ro\/#\/schema\/person\/4a479940371b9fdefd194f561e8a7f88","name":"Newsroom","url":"https:\/\/www.rri.ro\/de\/author\/newsroom"}]}},"_links":{"self":[{"href":"https:\/\/www.rri.ro\/de\/wp-json\/wp\/v2\/posts\/633294","targetHints":{"allow":["GET"]}}],"collection":[{"href":"https:\/\/www.rri.ro\/de\/wp-json\/wp\/v2\/posts"}],"about":[{"href":"https:\/\/www.rri.ro\/de\/wp-json\/wp\/v2\/types\/post"}],"author":[{"embeddable":true,"href":"https:\/\/www.rri.ro\/de\/wp-json\/wp\/v2\/users\/113"}],"replies":[{"embeddable":true,"href":"https:\/\/www.rri.ro\/de\/wp-json\/wp\/v2\/comments?post=633294"}],"version-history":[{"count":0,"href":"https:\/\/www.rri.ro\/de\/wp-json\/wp\/v2\/posts\/633294\/revisions"}],"wp:featuredmedia":[{"embeddable":true,"href":"https:\/\/www.rri.ro\/de\/wp-json\/wp\/v2\/media\/460330"}],"wp:attachment":[{"href":"https:\/\/www.rri.ro\/de\/wp-json\/wp\/v2\/media?parent=633294"}],"wp:term":[{"taxonomy":"category","embeddable":true,"href":"https:\/\/www.rri.ro\/de\/wp-json\/wp\/v2\/categories?post=633294"},{"taxonomy":"post_tag","embeddable":true,"href":"https:\/\/www.rri.ro\/de\/wp-json\/wp\/v2\/tags?post=633294"},{"taxonomy":"author","embeddable":true,"href":"https:\/\/www.rri.ro\/de\/wp-json\/wp\/v2\/coauthors?post=633294"}],"curies":[{"name":"wp","href":"https:\/\/api.w.org\/{rel}","templated":true}]}}