{"id":633303,"date":"2019-11-13T17:28:00","date_gmt":"2019-11-13T15:28:00","guid":{"rendered":"http:\/\/devrri.freshlemon.ro\/aktuell\/nachrichten-13-11-2019-id633303.html"},"modified":"2019-11-13T17:28:00","modified_gmt":"2019-11-13T15:28:00","slug":"nachrichten-13-11-2019","status":"publish","type":"post","link":"https:\/\/www.rri.ro\/de\/aktuell\/newsflash-de\/nachrichten-13-11-2019-id633303.html","title":{"rendered":"Nachrichten 13.11.2019"},"content":{"rendered":"<p>Die rum\u00e4nische Regierung pr\u00fcft eine Sofortma\u00dfnahme zur sozialen Absicherung der Bergleute im Jiu-Tal, die nach der Schlie\u00dfung mehrerer Zechen ihre Arbeitspl\u00e4tze verlieren werden. Die Anordnung entspricht den Forderungen der Mitarbeiter der Kohlebergwerke Paro\u015feni und Uricani, die sich neulich f\u00fcr 11 Tage untertage verbarrikadiert hatten. Der Verordnungsentwurf sieht ein zus\u00e4tzliches monatliches Einkommen f\u00fcr Bergleute als Sozialschutzma\u00dfnahme vor und stellt fest, dass die Entlassung von Menschen ohne finanzielle \u00dcberbr\u00fcckungsleistungen, die Armut auf lokaler Ebene vertiefen und die Schaffung neuer Arbeitspl\u00e4tze auf lokaler Ebene mittel- und langfristig verhindern w\u00fcrde. Viele der Bergleute sind Alleinverdiener. In diesem Jahr sollen sch\u00e4tzungsweise 360 Menschen entlassen werden, weitere 700 sollen bis 2024 ihren Arbeitsplatz verlieren.<\/p>\n<p>&#13;<br \/>\n&#13;<\/p>\n<p>&#13;<br \/>\n&#13;<\/p>\n<p>Die liberale Europaabgeordnete Adina V\u0103lean, die von Rum\u00e4nien f\u00fcr die Position der EU-Verkehrskommissarin nominiert wurde, soll am Donnerstag von den Fachaussch\u00fcssen des Europ\u00e4ischen Parlaments neben den franz\u00f6sischen und ungarischen Kandidaten angeh\u00f6rt werden. Am Dienstag erhielt sie vom Rechtsausschuss gr\u00fcnes Licht, der sich mit m\u00f6glichen Interessenkonflikten befasste. Ebenfalls am Dienstag wurde V\u0103lean von den Gemischten Aussch\u00fcssen f\u00fcr europ\u00e4ische Angelegenheiten des rum\u00e4nischen Parlaments geh\u00f6rt, deren Stellungnahme beratend ist. Nach Abschluss der f\u00f6rmlichen Anh\u00f6rungen wird die gew\u00e4hlte Pr\u00e4sidentin der Europ\u00e4ischen Kommission Ursula von der Leyen dem Europ\u00e4ischen Parlament am 27. November die gesamte Kommission und ihr Programm vorstellen. Adina V\u0103lean hat erkl\u00e4rt, dass sie, wenn sie EU-Kommissarin wird, die Fortsetzung des Europ\u00e4ischen Verbindungsmechanismus unterst\u00fctzen wird, bei dem Rum\u00e4nien Investitionen im Wert von 1,24 Milliarden Euro f\u00fcr Verkehrsinfrastruktur und 500 Millionen Euro mehr f\u00fcr Energie erh\u00e4lt. Ziel des Mechanismus ist es, die Verkehrs-, Energie- und Telekommunikationsinfrastrukturen in der Europ\u00e4ischen Union zu verbinden.<\/p>\n<p>&#13;<br \/>\n&#13;<\/p>\n<p>&#13;<br \/>\n&#13;<\/p>\n<p>Der pro-russische Pr\u00e4sident der Republik Moldau Igor Dodon f\u00fchrt Gespr\u00e4che mit den Parlamentsfraktionen \u00fcber die Bildung einer neuen Mehrheit, nachdem das proeurop\u00e4ische Kabinett von Maia Sandu am Dienstag durch ein Misstrauensvotum abgesetzt wurde. Die Parteien haben drei Monate Zeit, um eine neue Regierung zu bilden und vorgezogene Wahlen zu vermeiden. Sandu beschuldigte ihre ehemaligen sozialistischen Partner, die de facto von Dodon angef\u00fchrt werden, die Regierung aus Angst vor dem Gesetz gest\u00fcrzt zu haben. Rum\u00e4nien und die Europ\u00e4ische Union haben die Republik Moldau gewarnt, dass ihre Unterst\u00fctzung und die Finanzhilfen von der Fortsetzung der Reformen und der Achtung der Rechtsstaatlichkeit und der demokratischen Normen abh\u00e4ngen.   <\/p>\n<p>&#13;<br \/>\n&#13;<\/p>\n<p>&#13;<br \/>\n&#13;<\/p>\n<p>Die Fregatte K\u00f6nig Ferdinand nimmt an einer von der t\u00fcrkischen Marine im Mittelmeer organisierten internationalen \u00dcbung teil, bei der bis zum 20. November Operationen zur Abwehr von U-Booten trainiert werden. Das teilte der Stabschef der rum\u00e4nische Marine mit. Die rum\u00e4nische Besatzung wird zusammen mit Kameraden aus Bulgarien, Kanada, Griechenland, Jordanien, Italien, Mexiko, Pakistan, Spanien, den Vereinigten Staaten und der T\u00fcrkei spezifische Ma\u00dfnahmen in den Hoheitsgew\u00e4ssern der T\u00fcrkei und den benachbarten internationalen Gew\u00e4ssern durchf\u00fchren, hie\u00df es.<\/p>\n<p>&#13;<br \/>\n&#13;<\/p>\n<p>&#13;<br \/>\n&#13;<\/p>\n<p>Das rum\u00e4nische Frauenfussballteam hat am Dienstag im Rahmen der Qualifikation f\u00fcr die Euro 2021 Meisterschaft 6:0 gegen die Schweiz verloren. Im Oktober unterlag Rum\u00e4nien in seinem ersten Spiel gegen Belgien null zu eins,  besiegte daf\u00fcr Litauen am vergangenen Freitag mit 3 zu null. Rum\u00e4nien hat nach drei Spielen 3 Punkte und liegt auf dem dritten Platz. Die rum\u00e4nische A-Nationalmannschaft trifft am Freitag im Rahmen der Qualifikation f\u00fcr die Euro 2020 auf Schweden in einem Heimspiel. In der Gruppe F dominiert Spanien mit 20 Punkten und hat sich die Qualifikation bereits gesichert. Auf Platz zwei ist Schweden mit 15 Punkten und Rum\u00e4nien mit 14 Punkten. Um sich zu qualifizieren, muss Rum\u00e4nien Schweden besiegen und mindestes unentschieden gegen Spanien spielen. Die beiden bestplatzierten Teams in jeder Gruppe qualifizieren sich. Die Verlosung der Euro 2020 findet am 30. November in Bukarest statt. Die rum\u00e4nische Hauptstadt wird auch vier EM-Spiele, drei Gruppenspiele und ein Viertelfinale ausrichten.<\/p>\n<p>&#13;<\/p>\n","protected":false},"excerpt":{"rendered":"<p>Die rum\u00e4nische Regierung pr\u00fcft eine Sofortma\u00dfnahme zur sozialen Absicherung der Bergleute im Jiu-Tal, die nach der Schlie\u00dfung mehrerer Zechen ihre Arbeitspl\u00e4tze verlieren werden. Die Anordnung entspricht den Forderungen der Mitarbeiter der Kohlebergwerke Paro\u015feni und Uricani, die sich neulich f\u00fcr 11 Tage untertage verbarrikadiert hatten. Der Verordnungsentwurf sieht ein zus\u00e4tzliches monatliches Einkommen f\u00fcr Bergleute als Sozialschutzma\u00dfnahme [&hellip;]<\/p>\n","protected":false},"author":113,"featured_media":460330,"comment_status":"closed","ping_status":"closed","sticky":false,"template":"","format":"standard","meta":{"_acf_changed":false,"footnotes":""},"categories":[116753],"tags":[103933,127290,127292,127201,31175,102258,99586,127291],"coauthors":[],"class_list":["post-633303","post","type-post","status-publish","format-standard","has-post-thumbnail","hentry","category-newsflash-de","tag-bergleute","tag-europaabgeordnete-adina-valea","tag-frauenfussballteam","tag-fregatte-koenig-ferdinand","tag-igor-dodon","tag-rechtsausschuss","tag-regierung","tag-verbindungsmechanismus"],"acf":[],"yoast_head":"<!-- This site is optimized with the Yoast SEO plugin v27.5 - https:\/\/yoast.com\/product\/yoast-seo-wordpress\/ -->\n<title>Nachrichten 13.11.2019 - Radio Rum\u00e4nien International<\/title>\n<meta name=\"robots\" content=\"index, follow, max-snippet:-1, max-image-preview:large, max-video-preview:-1\" \/>\n<link rel=\"canonical\" href=\"https:\/\/www.rri.ro\/de\/aktuell\/newsflash-de\/nachrichten-13-11-2019-id633303.html\" \/>\n<meta property=\"og:locale\" content=\"de_DE\" \/>\n<meta property=\"og:type\" content=\"article\" \/>\n<meta property=\"og:title\" content=\"Nachrichten 13.11.2019 - Radio Rum\u00e4nien International\" \/>\n<meta property=\"og:description\" content=\"Die rum\u00e4nische Regierung pr\u00fcft eine Sofortma\u00dfnahme zur sozialen Absicherung der Bergleute im Jiu-Tal, die nach der Schlie\u00dfung mehrerer Zechen ihre Arbeitspl\u00e4tze verlieren werden. Die Anordnung entspricht den Forderungen der Mitarbeiter der Kohlebergwerke Paro\u015feni und Uricani, die sich neulich f\u00fcr 11 Tage untertage verbarrikadiert hatten. Der Verordnungsentwurf sieht ein zus\u00e4tzliches monatliches Einkommen f\u00fcr Bergleute als Sozialschutzma\u00dfnahme [&hellip;]\" \/>\n<meta property=\"og:url\" content=\"https:\/\/www.rri.ro\/de\/aktuell\/newsflash-de\/nachrichten-13-11-2019-id633303.html\" \/>\n<meta property=\"og:site_name\" content=\"Radio Rum\u00e4nien International\" \/>\n<meta property=\"article:published_time\" content=\"2019-11-13T15:28:00+00:00\" \/>\n<meta property=\"og:image\" content=\"https:\/\/www.rri.ro\/wp-content\/uploads\/2023\/10\/stiri-germana-ok2-2.png\" \/>\n\t<meta property=\"og:image:width\" content=\"640\" \/>\n\t<meta property=\"og:image:height\" content=\"427\" \/>\n\t<meta property=\"og:image:type\" content=\"image\/png\" \/>\n<meta name=\"author\" content=\"Newsroom\" \/>\n<meta name=\"twitter:card\" content=\"summary_large_image\" \/>\n<meta name=\"twitter:label1\" content=\"Verfasst von\" \/>\n\t<meta name=\"twitter:data1\" content=\"Newsroom\" \/>\n\t<meta name=\"twitter:label2\" content=\"Gesch\u00e4tzte Lesezeit\" \/>\n\t<meta name=\"twitter:data2\" content=\"3\u00a0Minuten\" \/>\n\t<meta name=\"twitter:label3\" content=\"Written by\" \/>\n\t<meta name=\"twitter:data3\" content=\"Newsroom\" \/>\n<script type=\"application\/ld+json\" class=\"yoast-schema-graph\">{\"@context\":\"https:\\\/\\\/schema.org\",\"@graph\":[{\"@type\":\"Article\",\"@id\":\"https:\\\/\\\/www.rri.ro\\\/de\\\/aktuell\\\/newsflash-de\\\/nachrichten-13-11-2019-id633303.html#article\",\"isPartOf\":{\"@id\":\"https:\\\/\\\/www.rri.ro\\\/de\\\/aktuell\\\/newsflash-de\\\/nachrichten-13-11-2019-id633303.html\"},\"author\":{\"name\":\"Newsroom\",\"@id\":\"https:\\\/\\\/www.rri.ro\\\/#\\\/schema\\\/person\\\/4a479940371b9fdefd194f561e8a7f88\"},\"headline\":\"Nachrichten 13.11.2019\",\"datePublished\":\"2019-11-13T15:28:00+00:00\",\"mainEntityOfPage\":{\"@id\":\"https:\\\/\\\/www.rri.ro\\\/de\\\/aktuell\\\/newsflash-de\\\/nachrichten-13-11-2019-id633303.html\"},\"wordCount\":644,\"image\":{\"@id\":\"https:\\\/\\\/www.rri.ro\\\/de\\\/aktuell\\\/newsflash-de\\\/nachrichten-13-11-2019-id633303.html#primaryimage\"},\"thumbnailUrl\":\"https:\\\/\\\/www.rri.ro\\\/wp-content\\\/uploads\\\/2023\\\/10\\\/stiri-germana-ok2-2.png\",\"keywords\":[\"Bergleute\",\"Europaabgeordnete Adina V\u0103lea\",\"Frauenfussballteam\",\"Fregatte K\u00f6nig Ferdinand\",\"Igor Dodon\",\"Rechtsausschuss\",\"Regierung\",\"Verbindungsmechanismus\"],\"articleSection\":[\"Newsflash\"],\"inLanguage\":\"de\"},{\"@type\":\"WebPage\",\"@id\":\"https:\\\/\\\/www.rri.ro\\\/de\\\/aktuell\\\/newsflash-de\\\/nachrichten-13-11-2019-id633303.html\",\"url\":\"https:\\\/\\\/www.rri.ro\\\/de\\\/aktuell\\\/newsflash-de\\\/nachrichten-13-11-2019-id633303.html\",\"name\":\"Nachrichten 13.11.2019 - Radio Rum\u00e4nien International\",\"isPartOf\":{\"@id\":\"https:\\\/\\\/www.rri.ro\\\/#website\"},\"primaryImageOfPage\":{\"@id\":\"https:\\\/\\\/www.rri.ro\\\/de\\\/aktuell\\\/newsflash-de\\\/nachrichten-13-11-2019-id633303.html#primaryimage\"},\"image\":{\"@id\":\"https:\\\/\\\/www.rri.ro\\\/de\\\/aktuell\\\/newsflash-de\\\/nachrichten-13-11-2019-id633303.html#primaryimage\"},\"thumbnailUrl\":\"https:\\\/\\\/www.rri.ro\\\/wp-content\\\/uploads\\\/2023\\\/10\\\/stiri-germana-ok2-2.png\",\"datePublished\":\"2019-11-13T15:28:00+00:00\",\"author\":{\"@id\":\"https:\\\/\\\/www.rri.ro\\\/#\\\/schema\\\/person\\\/4a479940371b9fdefd194f561e8a7f88\"},\"breadcrumb\":{\"@id\":\"https:\\\/\\\/www.rri.ro\\\/de\\\/aktuell\\\/newsflash-de\\\/nachrichten-13-11-2019-id633303.html#breadcrumb\"},\"inLanguage\":\"de\",\"potentialAction\":[{\"@type\":\"ReadAction\",\"target\":[\"https:\\\/\\\/www.rri.ro\\\/de\\\/aktuell\\\/newsflash-de\\\/nachrichten-13-11-2019-id633303.html\"]}]},{\"@type\":\"ImageObject\",\"inLanguage\":\"de\",\"@id\":\"https:\\\/\\\/www.rri.ro\\\/de\\\/aktuell\\\/newsflash-de\\\/nachrichten-13-11-2019-id633303.html#primaryimage\",\"url\":\"https:\\\/\\\/www.rri.ro\\\/wp-content\\\/uploads\\\/2023\\\/10\\\/stiri-germana-ok2-2.png\",\"contentUrl\":\"https:\\\/\\\/www.rri.ro\\\/wp-content\\\/uploads\\\/2023\\\/10\\\/stiri-germana-ok2-2.png\",\"width\":640,\"height\":427},{\"@type\":\"BreadcrumbList\",\"@id\":\"https:\\\/\\\/www.rri.ro\\\/de\\\/aktuell\\\/newsflash-de\\\/nachrichten-13-11-2019-id633303.html#breadcrumb\",\"itemListElement\":[{\"@type\":\"ListItem\",\"position\":1,\"name\":\"Startseite\",\"item\":\"https:\\\/\\\/www.rri.ro\\\/de\"},{\"@type\":\"ListItem\",\"position\":2,\"name\":\"Aktuell\",\"item\":\"https:\\\/\\\/www.rri.ro\\\/de\\\/aktuell\"},{\"@type\":\"ListItem\",\"position\":3,\"name\":\"Newsflash\",\"item\":\"https:\\\/\\\/www.rri.ro\\\/de\\\/aktuell\\\/newsflash-de\"},{\"@type\":\"ListItem\",\"position\":4,\"name\":\"Nachrichten 13.11.2019\"}]},{\"@type\":\"WebSite\",\"@id\":\"https:\\\/\\\/www.rri.ro\\\/#website\",\"url\":\"https:\\\/\\\/www.rri.ro\\\/\",\"name\":\"Radio Rum\u00e4nien International\",\"description\":\"Totul despre Rom\u00e2nia \u015fi rom\u00e2ni, \u00een 13 limbi\\\/dialecte!\",\"inLanguage\":\"de\"},{\"@type\":\"Person\",\"@id\":\"https:\\\/\\\/www.rri.ro\\\/#\\\/schema\\\/person\\\/4a479940371b9fdefd194f561e8a7f88\",\"name\":\"Newsroom\",\"url\":\"https:\\\/\\\/www.rri.ro\\\/de\\\/author\\\/newsroom\"}]}<\/script>\n<!-- \/ Yoast SEO plugin. -->","yoast_head_json":{"title":"Nachrichten 13.11.2019 - Radio Rum\u00e4nien International","robots":{"index":"index","follow":"follow","max-snippet":"max-snippet:-1","max-image-preview":"max-image-preview:large","max-video-preview":"max-video-preview:-1"},"canonical":"https:\/\/www.rri.ro\/de\/aktuell\/newsflash-de\/nachrichten-13-11-2019-id633303.html","og_locale":"de_DE","og_type":"article","og_title":"Nachrichten 13.11.2019 - Radio Rum\u00e4nien International","og_description":"Die rum\u00e4nische Regierung pr\u00fcft eine Sofortma\u00dfnahme zur sozialen Absicherung der Bergleute im Jiu-Tal, die nach der Schlie\u00dfung mehrerer Zechen ihre Arbeitspl\u00e4tze verlieren werden. Die Anordnung entspricht den Forderungen der Mitarbeiter der Kohlebergwerke Paro\u015feni und Uricani, die sich neulich f\u00fcr 11 Tage untertage verbarrikadiert hatten. Der Verordnungsentwurf sieht ein zus\u00e4tzliches monatliches Einkommen f\u00fcr Bergleute als Sozialschutzma\u00dfnahme [&hellip;]","og_url":"https:\/\/www.rri.ro\/de\/aktuell\/newsflash-de\/nachrichten-13-11-2019-id633303.html","og_site_name":"Radio Rum\u00e4nien International","article_published_time":"2019-11-13T15:28:00+00:00","og_image":[{"width":640,"height":427,"url":"https:\/\/www.rri.ro\/wp-content\/uploads\/2023\/10\/stiri-germana-ok2-2.png","type":"image\/png"}],"author":"Newsroom","twitter_card":"summary_large_image","twitter_misc":{"Verfasst von":"Newsroom","Gesch\u00e4tzte Lesezeit":"3\u00a0Minuten","Written by":"Newsroom"},"schema":{"@context":"https:\/\/schema.org","@graph":[{"@type":"Article","@id":"https:\/\/www.rri.ro\/de\/aktuell\/newsflash-de\/nachrichten-13-11-2019-id633303.html#article","isPartOf":{"@id":"https:\/\/www.rri.ro\/de\/aktuell\/newsflash-de\/nachrichten-13-11-2019-id633303.html"},"author":{"name":"Newsroom","@id":"https:\/\/www.rri.ro\/#\/schema\/person\/4a479940371b9fdefd194f561e8a7f88"},"headline":"Nachrichten 13.11.2019","datePublished":"2019-11-13T15:28:00+00:00","mainEntityOfPage":{"@id":"https:\/\/www.rri.ro\/de\/aktuell\/newsflash-de\/nachrichten-13-11-2019-id633303.html"},"wordCount":644,"image":{"@id":"https:\/\/www.rri.ro\/de\/aktuell\/newsflash-de\/nachrichten-13-11-2019-id633303.html#primaryimage"},"thumbnailUrl":"https:\/\/www.rri.ro\/wp-content\/uploads\/2023\/10\/stiri-germana-ok2-2.png","keywords":["Bergleute","Europaabgeordnete Adina V\u0103lea","Frauenfussballteam","Fregatte K\u00f6nig Ferdinand","Igor Dodon","Rechtsausschuss","Regierung","Verbindungsmechanismus"],"articleSection":["Newsflash"],"inLanguage":"de"},{"@type":"WebPage","@id":"https:\/\/www.rri.ro\/de\/aktuell\/newsflash-de\/nachrichten-13-11-2019-id633303.html","url":"https:\/\/www.rri.ro\/de\/aktuell\/newsflash-de\/nachrichten-13-11-2019-id633303.html","name":"Nachrichten 13.11.2019 - Radio Rum\u00e4nien International","isPartOf":{"@id":"https:\/\/www.rri.ro\/#website"},"primaryImageOfPage":{"@id":"https:\/\/www.rri.ro\/de\/aktuell\/newsflash-de\/nachrichten-13-11-2019-id633303.html#primaryimage"},"image":{"@id":"https:\/\/www.rri.ro\/de\/aktuell\/newsflash-de\/nachrichten-13-11-2019-id633303.html#primaryimage"},"thumbnailUrl":"https:\/\/www.rri.ro\/wp-content\/uploads\/2023\/10\/stiri-germana-ok2-2.png","datePublished":"2019-11-13T15:28:00+00:00","author":{"@id":"https:\/\/www.rri.ro\/#\/schema\/person\/4a479940371b9fdefd194f561e8a7f88"},"breadcrumb":{"@id":"https:\/\/www.rri.ro\/de\/aktuell\/newsflash-de\/nachrichten-13-11-2019-id633303.html#breadcrumb"},"inLanguage":"de","potentialAction":[{"@type":"ReadAction","target":["https:\/\/www.rri.ro\/de\/aktuell\/newsflash-de\/nachrichten-13-11-2019-id633303.html"]}]},{"@type":"ImageObject","inLanguage":"de","@id":"https:\/\/www.rri.ro\/de\/aktuell\/newsflash-de\/nachrichten-13-11-2019-id633303.html#primaryimage","url":"https:\/\/www.rri.ro\/wp-content\/uploads\/2023\/10\/stiri-germana-ok2-2.png","contentUrl":"https:\/\/www.rri.ro\/wp-content\/uploads\/2023\/10\/stiri-germana-ok2-2.png","width":640,"height":427},{"@type":"BreadcrumbList","@id":"https:\/\/www.rri.ro\/de\/aktuell\/newsflash-de\/nachrichten-13-11-2019-id633303.html#breadcrumb","itemListElement":[{"@type":"ListItem","position":1,"name":"Startseite","item":"https:\/\/www.rri.ro\/de"},{"@type":"ListItem","position":2,"name":"Aktuell","item":"https:\/\/www.rri.ro\/de\/aktuell"},{"@type":"ListItem","position":3,"name":"Newsflash","item":"https:\/\/www.rri.ro\/de\/aktuell\/newsflash-de"},{"@type":"ListItem","position":4,"name":"Nachrichten 13.11.2019"}]},{"@type":"WebSite","@id":"https:\/\/www.rri.ro\/#website","url":"https:\/\/www.rri.ro\/","name":"Radio Rum\u00e4nien International","description":"Totul despre Rom\u00e2nia \u015fi rom\u00e2ni, \u00een 13 limbi\/dialecte!","inLanguage":"de"},{"@type":"Person","@id":"https:\/\/www.rri.ro\/#\/schema\/person\/4a479940371b9fdefd194f561e8a7f88","name":"Newsroom","url":"https:\/\/www.rri.ro\/de\/author\/newsroom"}]}},"_links":{"self":[{"href":"https:\/\/www.rri.ro\/de\/wp-json\/wp\/v2\/posts\/633303","targetHints":{"allow":["GET"]}}],"collection":[{"href":"https:\/\/www.rri.ro\/de\/wp-json\/wp\/v2\/posts"}],"about":[{"href":"https:\/\/www.rri.ro\/de\/wp-json\/wp\/v2\/types\/post"}],"author":[{"embeddable":true,"href":"https:\/\/www.rri.ro\/de\/wp-json\/wp\/v2\/users\/113"}],"replies":[{"embeddable":true,"href":"https:\/\/www.rri.ro\/de\/wp-json\/wp\/v2\/comments?post=633303"}],"version-history":[{"count":0,"href":"https:\/\/www.rri.ro\/de\/wp-json\/wp\/v2\/posts\/633303\/revisions"}],"wp:featuredmedia":[{"embeddable":true,"href":"https:\/\/www.rri.ro\/de\/wp-json\/wp\/v2\/media\/460330"}],"wp:attachment":[{"href":"https:\/\/www.rri.ro\/de\/wp-json\/wp\/v2\/media?parent=633303"}],"wp:term":[{"taxonomy":"category","embeddable":true,"href":"https:\/\/www.rri.ro\/de\/wp-json\/wp\/v2\/categories?post=633303"},{"taxonomy":"post_tag","embeddable":true,"href":"https:\/\/www.rri.ro\/de\/wp-json\/wp\/v2\/tags?post=633303"},{"taxonomy":"author","embeddable":true,"href":"https:\/\/www.rri.ro\/de\/wp-json\/wp\/v2\/coauthors?post=633303"}],"curies":[{"name":"wp","href":"https:\/\/api.w.org\/{rel}","templated":true}]}}