{"id":633309,"date":"2019-11-20T17:42:00","date_gmt":"2019-11-20T15:42:00","guid":{"rendered":"http:\/\/devrri.freshlemon.ro\/aktuell\/nachrichten-20-11-2019-id633309.html"},"modified":"2019-11-20T17:42:00","modified_gmt":"2019-11-20T15:42:00","slug":"nachrichten-20-11-2019","status":"publish","type":"post","link":"https:\/\/www.rri.ro\/de\/aktuell\/newsflash-de\/nachrichten-20-11-2019-id633309.html","title":{"rendered":"Nachrichten 20.11.2019"},"content":{"rendered":"<p>Der Wahlkampf f\u00fcr die Stichwahl f\u00fcr das Amt des rum\u00e4nischen Pr\u00e4sidenten geht am Samstagmorgen um 7 Uhr Ortszeit zu Ende. Der amtierende Pr\u00e4sident Klaus Iohannis, der von der regierenden Nationalliberalen Partei unterst\u00fctzt wird, steht der ehemaligen sozialdemokratischen Ministerpr\u00e4sidentin Viorica Dancila gegen\u00fcber. Die St\u00e4ndige Wahlbeh\u00f6rde teilt mit, dass das Wahlregister aktualisiert wurde und die Gesamtzahl der in den st\u00e4ndigen Wahllisten registrierten W\u00e4hler 18.217.411 B\u00fcrger betr\u00e4gt. Die Gesamtzahl der rum\u00e4nischen Staatsb\u00fcrger mit Wohnsitz im Ausland, die f\u00fcr die Stichwahl wahlberechtigt sind, betr\u00e4gt 715.064 Personen. In der ersten Runde, in der 14 Kandidaten angetreten waren, errang Iohannis fast 38% der Stimmen und Dancila etwas \u00fcber 22%. Die Wahlbeteiligung lag bei 51,19%. Im Ausland, wo an drei Tagen abgestimmt wurde, wurde eine Rekordbeteiligung von 675.000 Menschen verzeichnet. Auch die Stichwahl findet im Ausland an drei Tagen statt: am Freitag zwischen 12 und 21 Uhr und am Samstag und Sonntag zwischen 7 und 21 Uhr, mit der M\u00f6glichkeit der Verl\u00e4ngerung der Abstimmung bis Mitternacht, am letzten Wahltag. Das Au\u00dfenminsiterium hat bereits, die f\u00fcr das Abstimmungsverfahren im Ausland ben\u00f6tigten Materialien verteilt. An die 835 Wahllokale im Ausland wurden 4.608.175 verschickt, 100.000 mehr Stimmzettel als in der ersten Runde gefordert.<\/p>\n<p>&#13;<br \/>\n&#13;<\/p>\n<p>&#13;<br \/>\n&#13;<\/p>\n<p>Die Europ\u00e4ische Kommission hat Rum\u00e4nien am Mittwoch eine j\u00e4hrliche Strukturanpassung von 1% des Bruttoinlandsprodukts im Jahr 2020 empfohlen, um sicherzustellen, dass die nominale Wachstumsrate der \u00f6ffentlichen Netto-Prim\u00e4rausgaben im n\u00e4chsten Jahr 4,4% nicht \u00fcberschreitet. Rum\u00e4nien wird au\u00dferdem aufgefordert, alle au\u00dfergew\u00f6hnlichen Gewinne zum Abbau des Defizits und die Haushaltskonsolidierungsma\u00dfnahmen zu nutzen, um eine nachhaltige Verbesserung des \u00f6ffentlichen strukturellen Gleichgewichts auf wachstumsfreundliche Weise sicherzustellen. Dar\u00fcber hinaus wird Bukarest empfohlen, dem Rat bis zum 15. April 2020 einen Bericht \u00fcber die getroffenen Ma\u00dfnahmen vorzulegen.<\/p>\n<p>&#13;<br \/>\n&#13;<\/p>\n<p>&#13;<br \/>\n&#13;<\/p>\n<p>Der rum\u00e4nische Au\u00dfenminister Bogdan Aurescu nimmt am Mittwoch an einem Treffen der NATO-Au\u00dfenminister teil. Gem\u00e4\u00df dem rum\u00e4nischen Au\u00dfenministerium wird auf diesem Treffen der Gipfel der verb\u00fcndeten Staats- und Regierungschefs am 3. und 4. Dezember in London vorbereitet. Bei den Gespr\u00e4chen geht es um die Umsetzung der vereinbarten Ma\u00dfnahmen zur Anpassung des B\u00fcndnisses an den derzeitigen Sicherheitskontext, und zwar sowohl im Hinblick auf die Konsolidierung der  Verteidigung der NATO als auch auf die Stabilit\u00e4tsprojektion. Der rum\u00e4nische Minister wird am Rande des Treffens eine Reihe von bilateralen Gespr\u00e4chen mit seinen Amtskollegen aus Alliierten und Partnerstaaten f\u00fchren.<\/p>\n<p>&#13;<br \/>\n&#13;<\/p>\n<p>&#13;<br \/>\n&#13;<\/p>\n<p>Der neue moldauische Premierminister Ion Chicu unternimmt am Mittwoch einen offiziellen Besuch in Moskau. Dieser ist sein erster Auslandsbesuch, nach seiner Amtseinsetztung, am vergagenem Donnerstag. Chicu leitet eine von der Partei der Sozialisten und der Demokratischen Partei unterst\u00fctzte Minderheitsregierung, die nach dem R\u00fccktritt von Maia Sandus Kabinett und der Aufl\u00f6sung einer Koalition zwischen der Partei der Sozialisten und dem peuropafreundlichen ACUM-Block gebildet wurde. Chicu sagte, der Moskau-Besuch sei vor einiger Zeit vereinbart und aus unerkl\u00e4rlichen Gr\u00fcnden verz\u00f6gert worden, obwohl die Zusammenarbeit mit Russland f\u00fcr die Republik Moldau sehr wichtig ist.<\/p>\n<p>&#13;<br \/>\n&#13;<\/p>\n<p>&#13;<br \/>\n&#13;<\/p>\n<p>Die rum\u00e4nische Fregatte K\u00f6nig Ferdinand hat an einer internationalen Anti-U-Boot-Kriegs\u00fcbung teilgenommen, die von der t\u00fcrkischen Marine im Mittelmeer organisiert wurde. Nach Angaben des Stabschefs der Marine hat die rum\u00e4nische Besatzung zusammen mit Kollegen aus Bulgarien, Griechenland, Jordanien, Italien, Kanada, Mexiko, Pakistan, Spanien, den Vereinigten Staaten und der T\u00fcrkei Trainings\u00fcbungen in den Hoheitsgew\u00e4ssern der T\u00fcrkei und den angrenzenden internationalen Gew\u00e4ssern durchgef\u00fchrt. Zile der \u00dcbung war die Interoperabilit\u00e4t der rum\u00e4nischen Streitkr\u00e4fte und der Partnertruppen zu verbessern und die Professionalit\u00e4t der rum\u00e4nischen Armee in einem multinationalen Umfeld zu f\u00f6rdern, so der Stabschef der rum\u00e4nischen Marine.<\/p>\n<p>&#13;<br \/>\n&#13;<\/p>\n<p>&#13;<br \/>\n&#13;<\/p>\n<p>Am Mittwoch wurde in Bukarest die 26. Ausgabe der von Radio Rum\u00e4nien organisierten Gaudeamus-Buchmesse er\u00f6ffnet. An den f\u00fcnf Messetagen sind 900 verschiedene Veranstaltungen geplant, wobei 230 Aussteller ihre Angebote pr\u00e4sentieren. Die diesj\u00e4hrige Ausgabe der Messe ist dem 30. Jahrestag der antikommunistischen Revolution vom Dezember 1989 gewidmet. Der Dichter Mircea Dinescu und der Schauspieler Ion Caramitru, beide prominente Pers\u00f6nlichkeiten der rum\u00e4nischen Revolution, sind ehrenamtliche Vorsitzende der Messe.<\/p>\n<p>&#13;<br \/>\n&#13;<\/p>\n<p>&#13;<br \/>\n&#13;<\/p>\n<p>Die rum\u00e4nische U21-Nationalmannschaft hat am Dienstag in einem Spiel der Gruppe 8 im Rahmen der Qualifikation f\u00fcr die Fu\u00dfball-Europameisterschaft 2021 gegen Nordirland, mit 0:0 einen Gleichstand erzielt. Rum\u00e4nien liegt in der Gruppe an zweiter Stelle, f\u00fcnf Punkte hinter dem Spitzenreiter D\u00e4nemark. Im Seniorenwettbewerb verlor Rum\u00e4nien am Montag kategorisch gegen Spanien, mit 0:5 in einem Ausw\u00e4rtsspiel und wurde Gruppenvierter. Nationaltrainer Cosmin Contra ist nach der Niederlage gegen Spanien zur\u00fcckgetreten.<\/p>\n<p>&#13;<\/p>\n","protected":false},"excerpt":{"rendered":"<p>Der Wahlkampf f\u00fcr die Stichwahl f\u00fcr das Amt des rum\u00e4nischen Pr\u00e4sidenten geht am Samstagmorgen um 7 Uhr Ortszeit zu Ende. Der amtierende Pr\u00e4sident Klaus Iohannis, der von der regierenden Nationalliberalen Partei unterst\u00fctzt wird, steht der ehemaligen sozialdemokratischen Ministerpr\u00e4sidentin Viorica Dancila gegen\u00fcber. Die St\u00e4ndige Wahlbeh\u00f6rde teilt mit, dass das Wahlregister aktualisiert wurde und die Gesamtzahl der [&hellip;]<\/p>\n","protected":false},"author":113,"featured_media":460330,"comment_status":"closed","ping_status":"closed","sticky":false,"template":"","format":"standard","meta":{"_acf_changed":false,"footnotes":""},"categories":[116753],"tags":[102144,99801,127201,99773,104808,50610,99678,137227,102143,33035,101299,101021],"coauthors":[],"class_list":["post-633309","post","type-post","status-publish","format-standard","has-post-thumbnail","hentry","category-newsflash-de","tag-aussenminister-bogdan-aurescu","tag-europaeische-kommission","tag-fregatte-koenig-ferdinand","tag-fussball","tag-gaudeamus-buchmesse","tag-ion-chicu","tag-moldaurepublik","tag-nato-de","tag-praesident-klaus-iohannis","tag-viorica-dancila","tag-wahlkampf","tag-wahlregister"],"acf":[],"yoast_head":"<!-- This site is optimized with the Yoast SEO plugin v27.5 - https:\/\/yoast.com\/product\/yoast-seo-wordpress\/ -->\n<title>Nachrichten 20.11.2019 - Radio Rum\u00e4nien International<\/title>\n<meta name=\"robots\" content=\"index, follow, max-snippet:-1, max-image-preview:large, max-video-preview:-1\" \/>\n<link rel=\"canonical\" href=\"https:\/\/www.rri.ro\/de\/aktuell\/newsflash-de\/nachrichten-20-11-2019-id633309.html\" \/>\n<meta property=\"og:locale\" content=\"de_DE\" \/>\n<meta property=\"og:type\" content=\"article\" \/>\n<meta property=\"og:title\" content=\"Nachrichten 20.11.2019 - Radio Rum\u00e4nien International\" \/>\n<meta property=\"og:description\" content=\"Der Wahlkampf f\u00fcr die Stichwahl f\u00fcr das Amt des rum\u00e4nischen Pr\u00e4sidenten geht am Samstagmorgen um 7 Uhr Ortszeit zu Ende. Der amtierende Pr\u00e4sident Klaus Iohannis, der von der regierenden Nationalliberalen Partei unterst\u00fctzt wird, steht der ehemaligen sozialdemokratischen Ministerpr\u00e4sidentin Viorica Dancila gegen\u00fcber. Die St\u00e4ndige Wahlbeh\u00f6rde teilt mit, dass das Wahlregister aktualisiert wurde und die Gesamtzahl der [&hellip;]\" \/>\n<meta property=\"og:url\" content=\"https:\/\/www.rri.ro\/de\/aktuell\/newsflash-de\/nachrichten-20-11-2019-id633309.html\" \/>\n<meta property=\"og:site_name\" content=\"Radio Rum\u00e4nien International\" \/>\n<meta property=\"article:published_time\" content=\"2019-11-20T15:42:00+00:00\" \/>\n<meta property=\"og:image\" content=\"https:\/\/www.rri.ro\/wp-content\/uploads\/2023\/10\/stiri-germana-ok2-2.png\" \/>\n\t<meta property=\"og:image:width\" content=\"640\" \/>\n\t<meta property=\"og:image:height\" content=\"427\" \/>\n\t<meta property=\"og:image:type\" content=\"image\/png\" \/>\n<meta name=\"author\" content=\"Newsroom\" \/>\n<meta name=\"twitter:card\" content=\"summary_large_image\" \/>\n<meta name=\"twitter:label1\" content=\"Verfasst von\" \/>\n\t<meta name=\"twitter:data1\" content=\"Newsroom\" \/>\n\t<meta name=\"twitter:label2\" content=\"Gesch\u00e4tzte Lesezeit\" \/>\n\t<meta name=\"twitter:data2\" content=\"4\u00a0Minuten\" \/>\n\t<meta name=\"twitter:label3\" content=\"Written by\" \/>\n\t<meta name=\"twitter:data3\" content=\"Newsroom\" \/>\n<script type=\"application\/ld+json\" class=\"yoast-schema-graph\">{\"@context\":\"https:\\\/\\\/schema.org\",\"@graph\":[{\"@type\":\"Article\",\"@id\":\"https:\\\/\\\/www.rri.ro\\\/de\\\/aktuell\\\/newsflash-de\\\/nachrichten-20-11-2019-id633309.html#article\",\"isPartOf\":{\"@id\":\"https:\\\/\\\/www.rri.ro\\\/de\\\/aktuell\\\/newsflash-de\\\/nachrichten-20-11-2019-id633309.html\"},\"author\":{\"name\":\"Newsroom\",\"@id\":\"https:\\\/\\\/www.rri.ro\\\/#\\\/schema\\\/person\\\/4a479940371b9fdefd194f561e8a7f88\"},\"headline\":\"Nachrichten 20.11.2019\",\"datePublished\":\"2019-11-20T15:42:00+00:00\",\"mainEntityOfPage\":{\"@id\":\"https:\\\/\\\/www.rri.ro\\\/de\\\/aktuell\\\/newsflash-de\\\/nachrichten-20-11-2019-id633309.html\"},\"wordCount\":743,\"image\":{\"@id\":\"https:\\\/\\\/www.rri.ro\\\/de\\\/aktuell\\\/newsflash-de\\\/nachrichten-20-11-2019-id633309.html#primaryimage\"},\"thumbnailUrl\":\"https:\\\/\\\/www.rri.ro\\\/wp-content\\\/uploads\\\/2023\\\/10\\\/stiri-germana-ok2-2.png\",\"keywords\":[\"Au\u00dfenminister Bogdan Aurescu\",\"Europ\u00e4ische Kommission\",\"Fregatte K\u00f6nig Ferdinand\",\"Fu\u00dfball\",\"Gaudeamus Buchmesse\",\"Ion Chicu\",\"Moldaurepublik\",\"NATO\",\"Pr\u00e4sident Klaus Iohannis\",\"viorica dancila\",\"Wahlkampf\",\"Wahlregister\"],\"articleSection\":[\"Newsflash\"],\"inLanguage\":\"de\"},{\"@type\":\"WebPage\",\"@id\":\"https:\\\/\\\/www.rri.ro\\\/de\\\/aktuell\\\/newsflash-de\\\/nachrichten-20-11-2019-id633309.html\",\"url\":\"https:\\\/\\\/www.rri.ro\\\/de\\\/aktuell\\\/newsflash-de\\\/nachrichten-20-11-2019-id633309.html\",\"name\":\"Nachrichten 20.11.2019 - Radio Rum\u00e4nien International\",\"isPartOf\":{\"@id\":\"https:\\\/\\\/www.rri.ro\\\/#website\"},\"primaryImageOfPage\":{\"@id\":\"https:\\\/\\\/www.rri.ro\\\/de\\\/aktuell\\\/newsflash-de\\\/nachrichten-20-11-2019-id633309.html#primaryimage\"},\"image\":{\"@id\":\"https:\\\/\\\/www.rri.ro\\\/de\\\/aktuell\\\/newsflash-de\\\/nachrichten-20-11-2019-id633309.html#primaryimage\"},\"thumbnailUrl\":\"https:\\\/\\\/www.rri.ro\\\/wp-content\\\/uploads\\\/2023\\\/10\\\/stiri-germana-ok2-2.png\",\"datePublished\":\"2019-11-20T15:42:00+00:00\",\"author\":{\"@id\":\"https:\\\/\\\/www.rri.ro\\\/#\\\/schema\\\/person\\\/4a479940371b9fdefd194f561e8a7f88\"},\"breadcrumb\":{\"@id\":\"https:\\\/\\\/www.rri.ro\\\/de\\\/aktuell\\\/newsflash-de\\\/nachrichten-20-11-2019-id633309.html#breadcrumb\"},\"inLanguage\":\"de\",\"potentialAction\":[{\"@type\":\"ReadAction\",\"target\":[\"https:\\\/\\\/www.rri.ro\\\/de\\\/aktuell\\\/newsflash-de\\\/nachrichten-20-11-2019-id633309.html\"]}]},{\"@type\":\"ImageObject\",\"inLanguage\":\"de\",\"@id\":\"https:\\\/\\\/www.rri.ro\\\/de\\\/aktuell\\\/newsflash-de\\\/nachrichten-20-11-2019-id633309.html#primaryimage\",\"url\":\"https:\\\/\\\/www.rri.ro\\\/wp-content\\\/uploads\\\/2023\\\/10\\\/stiri-germana-ok2-2.png\",\"contentUrl\":\"https:\\\/\\\/www.rri.ro\\\/wp-content\\\/uploads\\\/2023\\\/10\\\/stiri-germana-ok2-2.png\",\"width\":640,\"height\":427},{\"@type\":\"BreadcrumbList\",\"@id\":\"https:\\\/\\\/www.rri.ro\\\/de\\\/aktuell\\\/newsflash-de\\\/nachrichten-20-11-2019-id633309.html#breadcrumb\",\"itemListElement\":[{\"@type\":\"ListItem\",\"position\":1,\"name\":\"Startseite\",\"item\":\"https:\\\/\\\/www.rri.ro\\\/de\"},{\"@type\":\"ListItem\",\"position\":2,\"name\":\"Aktuell\",\"item\":\"https:\\\/\\\/www.rri.ro\\\/de\\\/aktuell\"},{\"@type\":\"ListItem\",\"position\":3,\"name\":\"Newsflash\",\"item\":\"https:\\\/\\\/www.rri.ro\\\/de\\\/aktuell\\\/newsflash-de\"},{\"@type\":\"ListItem\",\"position\":4,\"name\":\"Nachrichten 20.11.2019\"}]},{\"@type\":\"WebSite\",\"@id\":\"https:\\\/\\\/www.rri.ro\\\/#website\",\"url\":\"https:\\\/\\\/www.rri.ro\\\/\",\"name\":\"Radio Rum\u00e4nien International\",\"description\":\"Totul despre Rom\u00e2nia \u015fi rom\u00e2ni, \u00een 13 limbi\\\/dialecte!\",\"inLanguage\":\"de\"},{\"@type\":\"Person\",\"@id\":\"https:\\\/\\\/www.rri.ro\\\/#\\\/schema\\\/person\\\/4a479940371b9fdefd194f561e8a7f88\",\"name\":\"Newsroom\",\"url\":\"https:\\\/\\\/www.rri.ro\\\/de\\\/author\\\/newsroom\"}]}<\/script>\n<!-- \/ Yoast SEO plugin. -->","yoast_head_json":{"title":"Nachrichten 20.11.2019 - Radio Rum\u00e4nien International","robots":{"index":"index","follow":"follow","max-snippet":"max-snippet:-1","max-image-preview":"max-image-preview:large","max-video-preview":"max-video-preview:-1"},"canonical":"https:\/\/www.rri.ro\/de\/aktuell\/newsflash-de\/nachrichten-20-11-2019-id633309.html","og_locale":"de_DE","og_type":"article","og_title":"Nachrichten 20.11.2019 - Radio Rum\u00e4nien International","og_description":"Der Wahlkampf f\u00fcr die Stichwahl f\u00fcr das Amt des rum\u00e4nischen Pr\u00e4sidenten geht am Samstagmorgen um 7 Uhr Ortszeit zu Ende. Der amtierende Pr\u00e4sident Klaus Iohannis, der von der regierenden Nationalliberalen Partei unterst\u00fctzt wird, steht der ehemaligen sozialdemokratischen Ministerpr\u00e4sidentin Viorica Dancila gegen\u00fcber. Die St\u00e4ndige Wahlbeh\u00f6rde teilt mit, dass das Wahlregister aktualisiert wurde und die Gesamtzahl der [&hellip;]","og_url":"https:\/\/www.rri.ro\/de\/aktuell\/newsflash-de\/nachrichten-20-11-2019-id633309.html","og_site_name":"Radio Rum\u00e4nien International","article_published_time":"2019-11-20T15:42:00+00:00","og_image":[{"width":640,"height":427,"url":"https:\/\/www.rri.ro\/wp-content\/uploads\/2023\/10\/stiri-germana-ok2-2.png","type":"image\/png"}],"author":"Newsroom","twitter_card":"summary_large_image","twitter_misc":{"Verfasst von":"Newsroom","Gesch\u00e4tzte Lesezeit":"4\u00a0Minuten","Written by":"Newsroom"},"schema":{"@context":"https:\/\/schema.org","@graph":[{"@type":"Article","@id":"https:\/\/www.rri.ro\/de\/aktuell\/newsflash-de\/nachrichten-20-11-2019-id633309.html#article","isPartOf":{"@id":"https:\/\/www.rri.ro\/de\/aktuell\/newsflash-de\/nachrichten-20-11-2019-id633309.html"},"author":{"name":"Newsroom","@id":"https:\/\/www.rri.ro\/#\/schema\/person\/4a479940371b9fdefd194f561e8a7f88"},"headline":"Nachrichten 20.11.2019","datePublished":"2019-11-20T15:42:00+00:00","mainEntityOfPage":{"@id":"https:\/\/www.rri.ro\/de\/aktuell\/newsflash-de\/nachrichten-20-11-2019-id633309.html"},"wordCount":743,"image":{"@id":"https:\/\/www.rri.ro\/de\/aktuell\/newsflash-de\/nachrichten-20-11-2019-id633309.html#primaryimage"},"thumbnailUrl":"https:\/\/www.rri.ro\/wp-content\/uploads\/2023\/10\/stiri-germana-ok2-2.png","keywords":["Au\u00dfenminister Bogdan Aurescu","Europ\u00e4ische Kommission","Fregatte K\u00f6nig Ferdinand","Fu\u00dfball","Gaudeamus Buchmesse","Ion Chicu","Moldaurepublik","NATO","Pr\u00e4sident Klaus Iohannis","viorica dancila","Wahlkampf","Wahlregister"],"articleSection":["Newsflash"],"inLanguage":"de"},{"@type":"WebPage","@id":"https:\/\/www.rri.ro\/de\/aktuell\/newsflash-de\/nachrichten-20-11-2019-id633309.html","url":"https:\/\/www.rri.ro\/de\/aktuell\/newsflash-de\/nachrichten-20-11-2019-id633309.html","name":"Nachrichten 20.11.2019 - Radio Rum\u00e4nien International","isPartOf":{"@id":"https:\/\/www.rri.ro\/#website"},"primaryImageOfPage":{"@id":"https:\/\/www.rri.ro\/de\/aktuell\/newsflash-de\/nachrichten-20-11-2019-id633309.html#primaryimage"},"image":{"@id":"https:\/\/www.rri.ro\/de\/aktuell\/newsflash-de\/nachrichten-20-11-2019-id633309.html#primaryimage"},"thumbnailUrl":"https:\/\/www.rri.ro\/wp-content\/uploads\/2023\/10\/stiri-germana-ok2-2.png","datePublished":"2019-11-20T15:42:00+00:00","author":{"@id":"https:\/\/www.rri.ro\/#\/schema\/person\/4a479940371b9fdefd194f561e8a7f88"},"breadcrumb":{"@id":"https:\/\/www.rri.ro\/de\/aktuell\/newsflash-de\/nachrichten-20-11-2019-id633309.html#breadcrumb"},"inLanguage":"de","potentialAction":[{"@type":"ReadAction","target":["https:\/\/www.rri.ro\/de\/aktuell\/newsflash-de\/nachrichten-20-11-2019-id633309.html"]}]},{"@type":"ImageObject","inLanguage":"de","@id":"https:\/\/www.rri.ro\/de\/aktuell\/newsflash-de\/nachrichten-20-11-2019-id633309.html#primaryimage","url":"https:\/\/www.rri.ro\/wp-content\/uploads\/2023\/10\/stiri-germana-ok2-2.png","contentUrl":"https:\/\/www.rri.ro\/wp-content\/uploads\/2023\/10\/stiri-germana-ok2-2.png","width":640,"height":427},{"@type":"BreadcrumbList","@id":"https:\/\/www.rri.ro\/de\/aktuell\/newsflash-de\/nachrichten-20-11-2019-id633309.html#breadcrumb","itemListElement":[{"@type":"ListItem","position":1,"name":"Startseite","item":"https:\/\/www.rri.ro\/de"},{"@type":"ListItem","position":2,"name":"Aktuell","item":"https:\/\/www.rri.ro\/de\/aktuell"},{"@type":"ListItem","position":3,"name":"Newsflash","item":"https:\/\/www.rri.ro\/de\/aktuell\/newsflash-de"},{"@type":"ListItem","position":4,"name":"Nachrichten 20.11.2019"}]},{"@type":"WebSite","@id":"https:\/\/www.rri.ro\/#website","url":"https:\/\/www.rri.ro\/","name":"Radio Rum\u00e4nien International","description":"Totul despre Rom\u00e2nia \u015fi rom\u00e2ni, \u00een 13 limbi\/dialecte!","inLanguage":"de"},{"@type":"Person","@id":"https:\/\/www.rri.ro\/#\/schema\/person\/4a479940371b9fdefd194f561e8a7f88","name":"Newsroom","url":"https:\/\/www.rri.ro\/de\/author\/newsroom"}]}},"_links":{"self":[{"href":"https:\/\/www.rri.ro\/de\/wp-json\/wp\/v2\/posts\/633309","targetHints":{"allow":["GET"]}}],"collection":[{"href":"https:\/\/www.rri.ro\/de\/wp-json\/wp\/v2\/posts"}],"about":[{"href":"https:\/\/www.rri.ro\/de\/wp-json\/wp\/v2\/types\/post"}],"author":[{"embeddable":true,"href":"https:\/\/www.rri.ro\/de\/wp-json\/wp\/v2\/users\/113"}],"replies":[{"embeddable":true,"href":"https:\/\/www.rri.ro\/de\/wp-json\/wp\/v2\/comments?post=633309"}],"version-history":[{"count":0,"href":"https:\/\/www.rri.ro\/de\/wp-json\/wp\/v2\/posts\/633309\/revisions"}],"wp:featuredmedia":[{"embeddable":true,"href":"https:\/\/www.rri.ro\/de\/wp-json\/wp\/v2\/media\/460330"}],"wp:attachment":[{"href":"https:\/\/www.rri.ro\/de\/wp-json\/wp\/v2\/media?parent=633309"}],"wp:term":[{"taxonomy":"category","embeddable":true,"href":"https:\/\/www.rri.ro\/de\/wp-json\/wp\/v2\/categories?post=633309"},{"taxonomy":"post_tag","embeddable":true,"href":"https:\/\/www.rri.ro\/de\/wp-json\/wp\/v2\/tags?post=633309"},{"taxonomy":"author","embeddable":true,"href":"https:\/\/www.rri.ro\/de\/wp-json\/wp\/v2\/coauthors?post=633309"}],"curies":[{"name":"wp","href":"https:\/\/api.w.org\/{rel}","templated":true}]}}