{"id":633343,"date":"2019-12-27T17:49:00","date_gmt":"2019-12-27T15:49:00","guid":{"rendered":"http:\/\/devrri.freshlemon.ro\/aktuell\/nachrichten-27-12-2019-id633343.html"},"modified":"2019-12-27T17:49:00","modified_gmt":"2019-12-27T15:49:00","slug":"nachrichten-27-12-2019","status":"publish","type":"post","link":"https:\/\/www.rri.ro\/de\/aktuell\/newsflash-de\/nachrichten-27-12-2019-id633343.html","title":{"rendered":"Nachrichten 27.12.2019"},"content":{"rendered":"<p style=margin-left:-14.15pt;>Der rum\u00e4nische Premierminister Ludovic Orban hat sein Kabinett f\u00fcr Freitagabend zu einer Sitzung einberufen. Nach Angaben von Regierungsquellen steht auf der Tagesordnung des Treffens die Vertagung einer Reihe von Gesetzen, die Anfang 2020 in Kraft treten sollen. Das liberale Kabinett ist am Montag auch zusammengetreten, um einige der von den Abgeordneten eingebrachten \u00c4nderungen an den Haushaltsgesetzen des Staates und der Sozialversicherung zu verabschieden, die in Regierungsverantwortung verabschiedet wurden. Die Regierung wollte, dass diese Gesetze bis zum Ende des Jahres in Kraft treten, aber sie wurden von den sozialdemokratischen Sprechern der beiden Parlamentskammern, Marcel Ciolacu und Teodor Melescanu, vor dem Verfassungsgericht angefochten. Die Regierung und das Parlament haben nun bis zum 10. Januar Zeit, um \u00fcber die M\u00f6glichkeit eines Rechtskonflikts zwischen den beiden M\u00e4chten zu entscheiden.<\/p>\n<p>&#13;<br \/>\n&#13;<\/p>\n<p style=margin-left:-14.15pt;>\n<p>&#13;<br \/>\n&#13;<\/p>\n<p style=margin-left:-14.15pt;>\n<p>&#13;<br \/>\n&#13;<\/p>\n<p style=margin-left:-14.15pt;>Die orthodoxen und griechisch-katholischen Christen in Rum\u00e4nien feiern am 27. Dezember das Fest des Heiligen Stephan, der als erster christlicher M\u00e4rtyrer bekannt ist. Er war einer der sieben Diakone der ersten Gemeinschaft in Jerusalem, eine Stellung in der kirchlichen Hierarchie, die damals auch viel Hilfe f\u00fcr die Armen voraussetzte. Stephan wird im Neuen Testament als Wunderwirker beschrieben, der viele zum christlichen Glauben bekehrte, und sein Erfolg rief bei den j\u00fcdischen Anf\u00fchrern Unzufriedenheit hervor. Stephanus wurde ordnungsgem\u00e4\u00df verhaftet, vor Gericht gestellt und der Gottesl\u00e4sterung f\u00fcr schuldig befunden und zum Tod durch Steinigung verurteilt. Er starb im Jahr 35 n. Chr. Mehr als 400.000 Rum\u00e4nen sind nach diesem Heiligen benannt und feiern an diesem Tag ihren Namenstag.<\/p>\n<p>&#13;<br \/>\n&#13;<\/p>\n<p style=margin-left:-14.15pt;>\n<p>&#13;<br \/>\n&#13;<\/p>\n<p style=margin-left:-14.15pt;>\n<p>&#13;<br \/>\n&#13;<\/p>\n<p style=margin-left:-14.15pt;>Der rum\u00e4nische Pr\u00e4sident Klaus Iohannis hat am Freitag ein Dekret unterzeichnet, das dem Journalisten Mihai Creanga posthum den Nationalen Verdienstorden im Rang eines Ritters verleiht. Mit der Auszeichnung soll Creangas Beitrag zur Verteidigung der Pressefreiheit und zur F\u00f6rderung der Prinzipien der Demokratie sowie der Einsatz, mit dem er sich gegen das kommunistische Regime gestellt hat, gew\u00fcrdigt werden. Mihai Creanga starb am Mittwoch im Alter von 77 Jahren und geh\u00f6rte zu einer Gruppe von vier Journalisten der Tageszeitung Romania Libera, die fast ein Jahr vor dem Sturz des Diktators Nicolae Ceausescu eine antikommunistische Zeitung herausgeben wollten. Das Regime erfuhr von ihren Pl\u00e4nen und die vier wurden verhaftet und gefoltert, bevor sie am 22. Dezember 1989 nach dem Sieg der antikommunistischen Revolution freigelassen wurden.<\/p>\n<p>&#13;<br \/>\n&#13;<\/p>\n<p style=margin-left:-14.15pt;>\n<p>&#13;<br \/>\n&#13;<\/p>\n<p style=margin-left:-14.15pt;>\n<p>&#13;<br \/>\n&#13;<\/p>\n<p style=margin-left:-14.15pt;>Mehr als 2 Millionen Ausl\u00e4nder haben in den ersten neun Monaten des Jahres Rum\u00e4nien besucht und hier nach Angaben des Nationalen Instituts f\u00fcr Statistik rund 1,15 Milliarden Euro ausgegeben. Fast die H\u00e4lfte dieser ausl\u00e4ndischen Besucher reiste beruflich nach Rum\u00e4nien, um Kongresse, Konferenzen, Kurse, Messen und Ausstellungen zu besuchen. Die H\u00e4lfte der Ausgaben in Rum\u00e4nien betraf die Unterkunft, weitere fast 18% wurden in Restaurants und Bars ausgegeben und etwas mehr als 30% f\u00fcr Geschenke und Souvenirs. 80% der ausl\u00e4ndischen Besucher reisten mit dem Flugzeug, 11% mit dem Auto und 7% mit dem Bus nach Rum\u00e4nien.<\/p>\n<p>&#13;<br \/>\n&#13;<\/p>\n<p style=margin-left:-14.15pt;>\n<p>&#13;<br \/>\n&#13;<\/p>\n<p style=margin-left:-14.15pt;>\n<p>&#13;<br \/>\n&#13;<\/p>\n<p style=margin-left:-14.15pt;>Das rum\u00e4nische Innenministerium fordert die Autofahrer auf, vorsichtig zu fahren, die Verkehrsregeln zu beachten und w\u00e4hrend der Fahrt nicht das Handy zu benutzen. Diese Warnung ergeht, nachdem in den letzten Tagen bei einer Reihe schwerer Unf\u00e4lle 27 Menschen get\u00f6tet und mehrere Dutzend verletzt wurden. Die Polizei warnt auch davor, dass die Stra\u00dfen nass sind und die Gefahr der Eisbildung besteht, vor allem in den Bergregionen. Was das Wetter in Rum\u00e4nien betrifft, so wird ab Samstag landesweit eine K\u00e4ltewelle erwartet. Auch mit Schnee wird gerechnet. Am Mittag wurden heute in Bukarest 6 Grad Celsius gemessen.<\/p>\n<p>&#13;<br \/>\n&#13;<\/p>\n<p style=margin-left:-14.15pt;>\n<p>&#13;<br \/>\n&#13;<\/p>\n<p style=margin-left:-14.15pt;>\n<p>&#13;<br \/>\n&#13;<\/p>\n<p style=margin-left:-14.15pt;>Die rum\u00e4nische Handball-Herrenmannschaft trifft am Samstag im Halbfinale der Carpati-Troph\u00e4e auf die Niederlande. Im anderen Halbfinale trifft Nordmakedonien auf Algerien. Das Finale des Wettbewerbs findet am Sonntag statt. Die Spiele sind Teil der Trainingskampagne f\u00fcr die erste Qualifikationsphase vor der Weltmeisterschaft 2021, die in \u00c4gypten ausgetragen wird. N\u00e4chsten Monat trifft Rum\u00e4nien in einem Vorrunden-Turnier in Italien auf das Gastgeberland, auf Georgien und den Kosovo. Der Manager der rum\u00e4nischen Mannschaft Rares Fortuneanu, der auch der Manager der franz\u00f6sischen Erstliga-Mannschaft Saint Raphael ist, ist zuversichtlich, dass sich Rum\u00e4nien f\u00fcr das Endspiel 2021 qualifizieren kann, das erstmals 32 Mannschaften zusammenbringt.<\/p>\n<p>&#13;<\/p>\n","protected":false},"excerpt":{"rendered":"<p>Der rum\u00e4nische Premierminister Ludovic Orban hat sein Kabinett f\u00fcr Freitagabend zu einer Sitzung einberufen. Nach Angaben von Regierungsquellen steht auf der Tagesordnung des Treffens die Vertagung einer Reihe von Gesetzen, die Anfang 2020 in Kraft treten sollen. Das liberale Kabinett ist am Montag auch zusammengetreten, um einige der von den Abgeordneten eingebrachten \u00c4nderungen an den [&hellip;]<\/p>\n","protected":false},"author":113,"featured_media":460330,"comment_status":"closed","ping_status":"closed","sticky":false,"template":"","format":"standard","meta":{"_acf_changed":false,"footnotes":""},"categories":[116753],"tags":[127360,127361,126336,101489,127359,137226,30168],"coauthors":[],"class_list":["post-633343","post","type-post","status-publish","format-standard","has-post-thumbnail","hentry","category-newsflash-de","tag-auslaendische-besucher","tag-handball-herrenmannschaft","tag-heilige-stephan","tag-innenministerium","tag-journalist-mihai-creanga","tag-klaus-iohannis-de","tag-ludovic-orban"],"acf":[],"yoast_head":"<!-- This site is optimized with the Yoast SEO plugin v27.3 - https:\/\/yoast.com\/product\/yoast-seo-wordpress\/ -->\n<title>Nachrichten 27.12.2019 - Radio Rum\u00e4nien International<\/title>\n<meta name=\"robots\" content=\"index, follow, max-snippet:-1, max-image-preview:large, max-video-preview:-1\" \/>\n<link rel=\"canonical\" href=\"https:\/\/www.rri.ro\/de\/aktuell\/newsflash-de\/nachrichten-27-12-2019-id633343.html\" \/>\n<meta property=\"og:locale\" content=\"de_DE\" \/>\n<meta property=\"og:type\" content=\"article\" \/>\n<meta property=\"og:title\" content=\"Nachrichten 27.12.2019 - Radio Rum\u00e4nien International\" \/>\n<meta property=\"og:description\" content=\"Der rum\u00e4nische Premierminister Ludovic Orban hat sein Kabinett f\u00fcr Freitagabend zu einer Sitzung einberufen. Nach Angaben von Regierungsquellen steht auf der Tagesordnung des Treffens die Vertagung einer Reihe von Gesetzen, die Anfang 2020 in Kraft treten sollen. Das liberale Kabinett ist am Montag auch zusammengetreten, um einige der von den Abgeordneten eingebrachten \u00c4nderungen an den [&hellip;]\" \/>\n<meta property=\"og:url\" content=\"https:\/\/www.rri.ro\/de\/aktuell\/newsflash-de\/nachrichten-27-12-2019-id633343.html\" \/>\n<meta property=\"og:site_name\" content=\"Radio Rum\u00e4nien International\" \/>\n<meta property=\"article:published_time\" content=\"2019-12-27T15:49:00+00:00\" \/>\n<meta property=\"og:image\" content=\"https:\/\/www.rri.ro\/wp-content\/uploads\/2023\/10\/stiri-germana-ok2-2.png\" \/>\n\t<meta property=\"og:image:width\" content=\"640\" \/>\n\t<meta property=\"og:image:height\" content=\"427\" \/>\n\t<meta property=\"og:image:type\" content=\"image\/png\" \/>\n<meta name=\"author\" content=\"Newsroom\" \/>\n<meta name=\"twitter:card\" content=\"summary_large_image\" \/>\n<meta name=\"twitter:label1\" content=\"Verfasst von\" \/>\n\t<meta name=\"twitter:data1\" content=\"Newsroom\" \/>\n\t<meta name=\"twitter:label2\" content=\"Gesch\u00e4tzte Lesezeit\" \/>\n\t<meta name=\"twitter:data2\" content=\"3\u00a0Minuten\" \/>\n\t<meta name=\"twitter:label3\" content=\"Written by\" \/>\n\t<meta name=\"twitter:data3\" content=\"Newsroom\" \/>\n<script type=\"application\/ld+json\" class=\"yoast-schema-graph\">{\"@context\":\"https:\\\/\\\/schema.org\",\"@graph\":[{\"@type\":\"Article\",\"@id\":\"https:\\\/\\\/www.rri.ro\\\/de\\\/aktuell\\\/newsflash-de\\\/nachrichten-27-12-2019-id633343.html#article\",\"isPartOf\":{\"@id\":\"https:\\\/\\\/www.rri.ro\\\/de\\\/aktuell\\\/newsflash-de\\\/nachrichten-27-12-2019-id633343.html\"},\"author\":{\"name\":\"Newsroom\",\"@id\":\"https:\\\/\\\/www.rri.ro\\\/#\\\/schema\\\/person\\\/4a479940371b9fdefd194f561e8a7f88\"},\"headline\":\"Nachrichten 27.12.2019\",\"datePublished\":\"2019-12-27T15:49:00+00:00\",\"mainEntityOfPage\":{\"@id\":\"https:\\\/\\\/www.rri.ro\\\/de\\\/aktuell\\\/newsflash-de\\\/nachrichten-27-12-2019-id633343.html\"},\"wordCount\":673,\"image\":{\"@id\":\"https:\\\/\\\/www.rri.ro\\\/de\\\/aktuell\\\/newsflash-de\\\/nachrichten-27-12-2019-id633343.html#primaryimage\"},\"thumbnailUrl\":\"https:\\\/\\\/www.rri.ro\\\/wp-content\\\/uploads\\\/2023\\\/10\\\/stiri-germana-ok2-2.png\",\"keywords\":[\"ausl\u00e4ndische Besucher\",\"Handball-Herrenmannschaft\",\"Heilige Stephan\",\"Innenministerium\",\"Journalist Mihai Creanga\",\"Klaus Iohannis\",\"Ludovic Orban\"],\"articleSection\":[\"Newsflash\"],\"inLanguage\":\"de\"},{\"@type\":\"WebPage\",\"@id\":\"https:\\\/\\\/www.rri.ro\\\/de\\\/aktuell\\\/newsflash-de\\\/nachrichten-27-12-2019-id633343.html\",\"url\":\"https:\\\/\\\/www.rri.ro\\\/de\\\/aktuell\\\/newsflash-de\\\/nachrichten-27-12-2019-id633343.html\",\"name\":\"Nachrichten 27.12.2019 - Radio Rum\u00e4nien International\",\"isPartOf\":{\"@id\":\"https:\\\/\\\/www.rri.ro\\\/#website\"},\"primaryImageOfPage\":{\"@id\":\"https:\\\/\\\/www.rri.ro\\\/de\\\/aktuell\\\/newsflash-de\\\/nachrichten-27-12-2019-id633343.html#primaryimage\"},\"image\":{\"@id\":\"https:\\\/\\\/www.rri.ro\\\/de\\\/aktuell\\\/newsflash-de\\\/nachrichten-27-12-2019-id633343.html#primaryimage\"},\"thumbnailUrl\":\"https:\\\/\\\/www.rri.ro\\\/wp-content\\\/uploads\\\/2023\\\/10\\\/stiri-germana-ok2-2.png\",\"datePublished\":\"2019-12-27T15:49:00+00:00\",\"author\":{\"@id\":\"https:\\\/\\\/www.rri.ro\\\/#\\\/schema\\\/person\\\/4a479940371b9fdefd194f561e8a7f88\"},\"breadcrumb\":{\"@id\":\"https:\\\/\\\/www.rri.ro\\\/de\\\/aktuell\\\/newsflash-de\\\/nachrichten-27-12-2019-id633343.html#breadcrumb\"},\"inLanguage\":\"de\",\"potentialAction\":[{\"@type\":\"ReadAction\",\"target\":[\"https:\\\/\\\/www.rri.ro\\\/de\\\/aktuell\\\/newsflash-de\\\/nachrichten-27-12-2019-id633343.html\"]}]},{\"@type\":\"ImageObject\",\"inLanguage\":\"de\",\"@id\":\"https:\\\/\\\/www.rri.ro\\\/de\\\/aktuell\\\/newsflash-de\\\/nachrichten-27-12-2019-id633343.html#primaryimage\",\"url\":\"https:\\\/\\\/www.rri.ro\\\/wp-content\\\/uploads\\\/2023\\\/10\\\/stiri-germana-ok2-2.png\",\"contentUrl\":\"https:\\\/\\\/www.rri.ro\\\/wp-content\\\/uploads\\\/2023\\\/10\\\/stiri-germana-ok2-2.png\",\"width\":640,\"height\":427},{\"@type\":\"BreadcrumbList\",\"@id\":\"https:\\\/\\\/www.rri.ro\\\/de\\\/aktuell\\\/newsflash-de\\\/nachrichten-27-12-2019-id633343.html#breadcrumb\",\"itemListElement\":[{\"@type\":\"ListItem\",\"position\":1,\"name\":\"Startseite\",\"item\":\"https:\\\/\\\/www.rri.ro\\\/de\"},{\"@type\":\"ListItem\",\"position\":2,\"name\":\"Aktuell\",\"item\":\"https:\\\/\\\/www.rri.ro\\\/de\\\/aktuell\"},{\"@type\":\"ListItem\",\"position\":3,\"name\":\"Newsflash\",\"item\":\"https:\\\/\\\/www.rri.ro\\\/de\\\/aktuell\\\/newsflash-de\"},{\"@type\":\"ListItem\",\"position\":4,\"name\":\"Nachrichten 27.12.2019\"}]},{\"@type\":\"WebSite\",\"@id\":\"https:\\\/\\\/www.rri.ro\\\/#website\",\"url\":\"https:\\\/\\\/www.rri.ro\\\/\",\"name\":\"Radio Rum\u00e4nien International\",\"description\":\"Totul despre Rom\u00e2nia \u015fi rom\u00e2ni, \u00een 13 limbi\\\/dialecte!\",\"inLanguage\":\"de\"},{\"@type\":\"Person\",\"@id\":\"https:\\\/\\\/www.rri.ro\\\/#\\\/schema\\\/person\\\/4a479940371b9fdefd194f561e8a7f88\",\"name\":\"Newsroom\",\"url\":\"https:\\\/\\\/www.rri.ro\\\/de\\\/author\\\/newsroom\"}]}<\/script>\n<!-- \/ Yoast SEO plugin. -->","yoast_head_json":{"title":"Nachrichten 27.12.2019 - Radio Rum\u00e4nien International","robots":{"index":"index","follow":"follow","max-snippet":"max-snippet:-1","max-image-preview":"max-image-preview:large","max-video-preview":"max-video-preview:-1"},"canonical":"https:\/\/www.rri.ro\/de\/aktuell\/newsflash-de\/nachrichten-27-12-2019-id633343.html","og_locale":"de_DE","og_type":"article","og_title":"Nachrichten 27.12.2019 - Radio Rum\u00e4nien International","og_description":"Der rum\u00e4nische Premierminister Ludovic Orban hat sein Kabinett f\u00fcr Freitagabend zu einer Sitzung einberufen. Nach Angaben von Regierungsquellen steht auf der Tagesordnung des Treffens die Vertagung einer Reihe von Gesetzen, die Anfang 2020 in Kraft treten sollen. Das liberale Kabinett ist am Montag auch zusammengetreten, um einige der von den Abgeordneten eingebrachten \u00c4nderungen an den [&hellip;]","og_url":"https:\/\/www.rri.ro\/de\/aktuell\/newsflash-de\/nachrichten-27-12-2019-id633343.html","og_site_name":"Radio Rum\u00e4nien International","article_published_time":"2019-12-27T15:49:00+00:00","og_image":[{"width":640,"height":427,"url":"https:\/\/www.rri.ro\/wp-content\/uploads\/2023\/10\/stiri-germana-ok2-2.png","type":"image\/png"}],"author":"Newsroom","twitter_card":"summary_large_image","twitter_misc":{"Verfasst von":"Newsroom","Gesch\u00e4tzte Lesezeit":"3\u00a0Minuten","Written by":"Newsroom"},"schema":{"@context":"https:\/\/schema.org","@graph":[{"@type":"Article","@id":"https:\/\/www.rri.ro\/de\/aktuell\/newsflash-de\/nachrichten-27-12-2019-id633343.html#article","isPartOf":{"@id":"https:\/\/www.rri.ro\/de\/aktuell\/newsflash-de\/nachrichten-27-12-2019-id633343.html"},"author":{"name":"Newsroom","@id":"https:\/\/www.rri.ro\/#\/schema\/person\/4a479940371b9fdefd194f561e8a7f88"},"headline":"Nachrichten 27.12.2019","datePublished":"2019-12-27T15:49:00+00:00","mainEntityOfPage":{"@id":"https:\/\/www.rri.ro\/de\/aktuell\/newsflash-de\/nachrichten-27-12-2019-id633343.html"},"wordCount":673,"image":{"@id":"https:\/\/www.rri.ro\/de\/aktuell\/newsflash-de\/nachrichten-27-12-2019-id633343.html#primaryimage"},"thumbnailUrl":"https:\/\/www.rri.ro\/wp-content\/uploads\/2023\/10\/stiri-germana-ok2-2.png","keywords":["ausl\u00e4ndische Besucher","Handball-Herrenmannschaft","Heilige Stephan","Innenministerium","Journalist Mihai Creanga","Klaus Iohannis","Ludovic Orban"],"articleSection":["Newsflash"],"inLanguage":"de"},{"@type":"WebPage","@id":"https:\/\/www.rri.ro\/de\/aktuell\/newsflash-de\/nachrichten-27-12-2019-id633343.html","url":"https:\/\/www.rri.ro\/de\/aktuell\/newsflash-de\/nachrichten-27-12-2019-id633343.html","name":"Nachrichten 27.12.2019 - Radio Rum\u00e4nien International","isPartOf":{"@id":"https:\/\/www.rri.ro\/#website"},"primaryImageOfPage":{"@id":"https:\/\/www.rri.ro\/de\/aktuell\/newsflash-de\/nachrichten-27-12-2019-id633343.html#primaryimage"},"image":{"@id":"https:\/\/www.rri.ro\/de\/aktuell\/newsflash-de\/nachrichten-27-12-2019-id633343.html#primaryimage"},"thumbnailUrl":"https:\/\/www.rri.ro\/wp-content\/uploads\/2023\/10\/stiri-germana-ok2-2.png","datePublished":"2019-12-27T15:49:00+00:00","author":{"@id":"https:\/\/www.rri.ro\/#\/schema\/person\/4a479940371b9fdefd194f561e8a7f88"},"breadcrumb":{"@id":"https:\/\/www.rri.ro\/de\/aktuell\/newsflash-de\/nachrichten-27-12-2019-id633343.html#breadcrumb"},"inLanguage":"de","potentialAction":[{"@type":"ReadAction","target":["https:\/\/www.rri.ro\/de\/aktuell\/newsflash-de\/nachrichten-27-12-2019-id633343.html"]}]},{"@type":"ImageObject","inLanguage":"de","@id":"https:\/\/www.rri.ro\/de\/aktuell\/newsflash-de\/nachrichten-27-12-2019-id633343.html#primaryimage","url":"https:\/\/www.rri.ro\/wp-content\/uploads\/2023\/10\/stiri-germana-ok2-2.png","contentUrl":"https:\/\/www.rri.ro\/wp-content\/uploads\/2023\/10\/stiri-germana-ok2-2.png","width":640,"height":427},{"@type":"BreadcrumbList","@id":"https:\/\/www.rri.ro\/de\/aktuell\/newsflash-de\/nachrichten-27-12-2019-id633343.html#breadcrumb","itemListElement":[{"@type":"ListItem","position":1,"name":"Startseite","item":"https:\/\/www.rri.ro\/de"},{"@type":"ListItem","position":2,"name":"Aktuell","item":"https:\/\/www.rri.ro\/de\/aktuell"},{"@type":"ListItem","position":3,"name":"Newsflash","item":"https:\/\/www.rri.ro\/de\/aktuell\/newsflash-de"},{"@type":"ListItem","position":4,"name":"Nachrichten 27.12.2019"}]},{"@type":"WebSite","@id":"https:\/\/www.rri.ro\/#website","url":"https:\/\/www.rri.ro\/","name":"Radio Rum\u00e4nien International","description":"Totul despre Rom\u00e2nia \u015fi rom\u00e2ni, \u00een 13 limbi\/dialecte!","inLanguage":"de"},{"@type":"Person","@id":"https:\/\/www.rri.ro\/#\/schema\/person\/4a479940371b9fdefd194f561e8a7f88","name":"Newsroom","url":"https:\/\/www.rri.ro\/de\/author\/newsroom"}]}},"_links":{"self":[{"href":"https:\/\/www.rri.ro\/de\/wp-json\/wp\/v2\/posts\/633343","targetHints":{"allow":["GET"]}}],"collection":[{"href":"https:\/\/www.rri.ro\/de\/wp-json\/wp\/v2\/posts"}],"about":[{"href":"https:\/\/www.rri.ro\/de\/wp-json\/wp\/v2\/types\/post"}],"author":[{"embeddable":true,"href":"https:\/\/www.rri.ro\/de\/wp-json\/wp\/v2\/users\/113"}],"replies":[{"embeddable":true,"href":"https:\/\/www.rri.ro\/de\/wp-json\/wp\/v2\/comments?post=633343"}],"version-history":[{"count":0,"href":"https:\/\/www.rri.ro\/de\/wp-json\/wp\/v2\/posts\/633343\/revisions"}],"wp:featuredmedia":[{"embeddable":true,"href":"https:\/\/www.rri.ro\/de\/wp-json\/wp\/v2\/media\/460330"}],"wp:attachment":[{"href":"https:\/\/www.rri.ro\/de\/wp-json\/wp\/v2\/media?parent=633343"}],"wp:term":[{"taxonomy":"category","embeddable":true,"href":"https:\/\/www.rri.ro\/de\/wp-json\/wp\/v2\/categories?post=633343"},{"taxonomy":"post_tag","embeddable":true,"href":"https:\/\/www.rri.ro\/de\/wp-json\/wp\/v2\/tags?post=633343"},{"taxonomy":"author","embeddable":true,"href":"https:\/\/www.rri.ro\/de\/wp-json\/wp\/v2\/coauthors?post=633343"}],"curies":[{"name":"wp","href":"https:\/\/api.w.org\/{rel}","templated":true}]}}