{"id":633361,"date":"2020-01-13T17:59:00","date_gmt":"2020-01-13T15:59:00","guid":{"rendered":"http:\/\/devrri.freshlemon.ro\/aktuell\/nachrichten-13-01-2020-id633361.html"},"modified":"2020-01-13T17:59:00","modified_gmt":"2020-01-13T15:59:00","slug":"nachrichten-13-01-2020","status":"publish","type":"post","link":"https:\/\/www.rri.ro\/de\/aktuell\/newsflash-de\/nachrichten-13-01-2020-id633361.html","title":{"rendered":"Nachrichten 13.01.2020"},"content":{"rendered":"<p>Rum\u00e4nien verfolgt mit besonderer Aufmerksamkeit die Situation am Persischen Golf, nachdem der Iran einger\u00e4umt hat, ein ukrainisches Flugzeug abgeschossen zu haben. Die Monitorisierung umfasst auch die Einhaltung der Wiener Konvention, die die diplomatischen Beziehungen und die Versammlungsfreiheit im \u00f6ffentlichen Raum regelt, heisst es in ein Posting auf dem offiziellen Twitter-Account des rum\u00e4nischen Au\u00dfenministeriums. Am Samstag und Sonntag kam es im Iran zu Stra\u00dfenprotesten gegen die Art und Weise, wie die Beh\u00f6rden \u00fcber den ukrainischen Flugzeugabsturz in der N\u00e4he von Teheran kommunizierten. Die iranischen Beh\u00f6rden behaupteten zun\u00e4chst es w\u00fcrde sich um einen Unfall handeln. Tausende von iranischen Demonstranten forderten den R\u00fccktritt von Ajatollah Ali Khamenei, nachdem ein Vertreter der Islamischen Revolutionsgarden am Mittwoch best\u00e4tigt hatte, dass diese das ukrainische Flugzeug mit 176 Menschen an Bord, haupts\u00e4chlich Iraner und Kanadier, irrt\u00fcmlich abgeschossen haben.<\/p>\n<p>&#13;<br \/>\n&#13;<\/p>\n<p>&#13;<br \/>\n&#13;<\/p>\n<p>Am Montag findet im Verkehrsministerium in Bukarest ein wichtiges Treffen f\u00fcr die zuk\u00fcnftige Autobahn, die die zentralrum\u00e4nische Stadt Sibiu mit Pitesti, Stadt im S\u00fcden des Landes, statt. Das Treffen soll Klarheit \u00fcber ein Ersuchen der Europ\u00e4ischen Kommission hinsichtlich der Auswirkungen dieses gro\u00dfen Infrastrukturprojekts auf die Umwelt schaffen. Die Gew\u00e4hrung nicht r\u00fcckzahlbarer europ\u00e4ischer Mittel f\u00fcr dieses Projekt h\u00e4ngt von eben diesen Klarstellungen ab. An dem Treffen nehmen Vertreter des Ministeriums f\u00fcr europ\u00e4ische Fonds, der Verkehrs- und der Umweltministerien sowie der Agenturen f\u00fcr Schutzgebiete und Umweltschutz teil. An dem Treffen werden auch europ\u00e4ische Experten teilnehmen, die bei der Vorbereitung von Infrastrukturprojekten beratend t\u00e4tig sind. Von den 5 Abschnitten der Autobahn ist nur f\u00fcr einen Abschnitt ein Vertrag f\u00fcr Planung und Bau unterzeichnet worden. Die Arbeiten sollen im Fr\u00fchjahr beginnen. Zwei Abschnitte befinden sich noch in der Bewertungsphase, w\u00e4hrend f\u00fcr die beiden anderen Abschnitte, die aufgrund ihrer Lage in einem Berggebiet eigentlich die schwierigsten sind, eine Ausschreibung durchgef\u00fchrt wird. Mindestens elf Naturschutzgebiete, die an der Strecke der Autobahn liegen, ben\u00f6tigen konkrete Ma\u00dfnahmen zum Naturschutz, die Rum\u00e4nien noch nicht ergriffen hat, so die Schlussfolgerung der Europ\u00e4ischen Kommission. Der Gesamtwert des Projekts bel\u00e4uft sich auf 1,3 Mrd. Euro, von denen 85 % aus Bruxelles kommen soll.<\/p>\n<p>&#13;<br \/>\n&#13;<\/p>\n<p>&#13;<br \/>\n&#13;<\/p>\n<p>Die Vorschul- und Schulkinder haben am Montag das zweite Semester begonnen.  Dieses ist um 5 Wochen l\u00e4nger als das erste Semester. Die Fr\u00fchlingsferien sind vom 4. bis 21. April angesetzt. Bildungsministerin Monica Anisie hat angek\u00fcndigt, dass sie im Laufe dieser Woche die Methodik f\u00fcr die Organisierung von Wettbewerben f\u00fcr Generalinspektoren und Schulleiter zur \u00f6ffentlichen Debatte vorlegen wird.<\/p>\n<p>&#13;<br \/>\n&#13;<\/p>\n<p>&#13;<br \/>\n&#13;<\/p>\n<p>In Stra\u00dfburg findet die erste Sitzung des Europ\u00e4ischen Parlaments im Jahr 2020 statt. Im Mittelpunkt der Debatten steht die Deeskalation der Spannungen im Iran und in Libyen vor dem Hintergrund der j\u00fcngsten Entwicklungen im Nahen Osten. Ein wichtiger Punkt auf der Tagesordnung des heutigen Treffens ist auch die Vorstellung der Priorit\u00e4ten der kroatischen EU-Ratspr\u00e4sidentschaft. Die Abgeordneten werden auch Themen wie die Anwendung und \u00dcberwachung der Rechte der europ\u00e4ischen B\u00fcrger in Gro\u00dfbritannien, die Situation der Justiz in Ungarn und Polen sowie den europ\u00e4ischen Green Deal er\u00f6rtern. In dem 751 Abgeordente z\u00e4hlenden Europaischen Parlament, hat Rum\u00e4nien 32 Vertreter.  <\/p>\n<p>&#13;<br \/>\n&#13;<\/p>\n<p>&#13;<br \/>\n&#13;<\/p>\n<p>Rum\u00e4nien verzeichnete im 3. Quartal des Jahres 2019 das drittgr\u00f6\u00dfte Leistungsbilanzdefizit in der EU. Nach den am Montag von Eurostat ver\u00f6ffentlichten Daten waren die EU-Mitgliedsstaaten mit dem gr\u00f6\u00dften Leistungsbilanzdefizit im ausgewerteten Zeitraum Gro\u00dfbritannien (23,9 Milliarden Euro), Frankreich (4,1 Milliarden Euro) und Rum\u00e4nien (3,6 Milliarden Euro). Die rum\u00e4nische Nationalbank gab am Montag bekannt, dass die Leistungsbilanz von Januar bis November 2019 ein Defizit von fast 10 Mrd. Euro verzeichnete, das um 21% h\u00f6her als im Vorjahreszeitraum war.<\/p>\n<p>&#13;<\/p>\n","protected":false},"excerpt":{"rendered":"<p>Rum\u00e4nien verfolgt mit besonderer Aufmerksamkeit die Situation am Persischen Golf, nachdem der Iran einger\u00e4umt hat, ein ukrainisches Flugzeug abgeschossen zu haben. Die Monitorisierung umfasst auch die Einhaltung der Wiener Konvention, die die diplomatischen Beziehungen und die Versammlungsfreiheit im \u00f6ffentlichen Raum regelt, heisst es in ein Posting auf dem offiziellen Twitter-Account des rum\u00e4nischen Au\u00dfenministeriums. Am Samstag [&hellip;]<\/p>\n","protected":false},"author":113,"featured_media":460330,"comment_status":"closed","ping_status":"closed","sticky":false,"template":"","format":"standard","meta":{"_acf_changed":false,"footnotes":""},"categories":[116753],"tags":[127404,146168,101009,127402,127403,104888],"coauthors":[],"class_list":["post-633361","post","type-post","status-publish","format-standard","has-post-thumbnail","hentry","category-newsflash-de","tag-europaeischen-parlaments","tag-iran-de","tag-leistungsbilanzdefizit","tag-persischer-golf","tag-ukarine","tag-verkehrsministerium"],"acf":[],"yoast_head":"<!-- This site is optimized with the Yoast SEO plugin v27.3 - https:\/\/yoast.com\/product\/yoast-seo-wordpress\/ -->\n<title>Nachrichten 13.01.2020 - Radio Rum\u00e4nien International<\/title>\n<meta name=\"robots\" content=\"index, follow, max-snippet:-1, max-image-preview:large, max-video-preview:-1\" \/>\n<link rel=\"canonical\" href=\"https:\/\/www.rri.ro\/de\/aktuell\/newsflash-de\/nachrichten-13-01-2020-id633361.html\" \/>\n<meta property=\"og:locale\" content=\"de_DE\" \/>\n<meta property=\"og:type\" content=\"article\" \/>\n<meta property=\"og:title\" content=\"Nachrichten 13.01.2020 - Radio Rum\u00e4nien International\" \/>\n<meta property=\"og:description\" content=\"Rum\u00e4nien verfolgt mit besonderer Aufmerksamkeit die Situation am Persischen Golf, nachdem der Iran einger\u00e4umt hat, ein ukrainisches Flugzeug abgeschossen zu haben. Die Monitorisierung umfasst auch die Einhaltung der Wiener Konvention, die die diplomatischen Beziehungen und die Versammlungsfreiheit im \u00f6ffentlichen Raum regelt, heisst es in ein Posting auf dem offiziellen Twitter-Account des rum\u00e4nischen Au\u00dfenministeriums. Am Samstag [&hellip;]\" \/>\n<meta property=\"og:url\" content=\"https:\/\/www.rri.ro\/de\/aktuell\/newsflash-de\/nachrichten-13-01-2020-id633361.html\" \/>\n<meta property=\"og:site_name\" content=\"Radio Rum\u00e4nien International\" \/>\n<meta property=\"article:published_time\" content=\"2020-01-13T15:59:00+00:00\" \/>\n<meta property=\"og:image\" content=\"https:\/\/www.rri.ro\/wp-content\/uploads\/2023\/10\/stiri-germana-ok2-2.png\" \/>\n\t<meta property=\"og:image:width\" content=\"640\" \/>\n\t<meta property=\"og:image:height\" content=\"427\" \/>\n\t<meta property=\"og:image:type\" content=\"image\/png\" \/>\n<meta name=\"author\" content=\"Newsroom\" \/>\n<meta name=\"twitter:card\" content=\"summary_large_image\" \/>\n<meta name=\"twitter:label1\" content=\"Verfasst von\" \/>\n\t<meta name=\"twitter:data1\" content=\"Newsroom\" \/>\n\t<meta name=\"twitter:label2\" content=\"Gesch\u00e4tzte Lesezeit\" \/>\n\t<meta name=\"twitter:data2\" content=\"3\u00a0Minuten\" \/>\n\t<meta name=\"twitter:label3\" content=\"Written by\" \/>\n\t<meta name=\"twitter:data3\" content=\"Newsroom\" \/>\n<script type=\"application\/ld+json\" class=\"yoast-schema-graph\">{\"@context\":\"https:\\\/\\\/schema.org\",\"@graph\":[{\"@type\":\"Article\",\"@id\":\"https:\\\/\\\/www.rri.ro\\\/de\\\/aktuell\\\/newsflash-de\\\/nachrichten-13-01-2020-id633361.html#article\",\"isPartOf\":{\"@id\":\"https:\\\/\\\/www.rri.ro\\\/de\\\/aktuell\\\/newsflash-de\\\/nachrichten-13-01-2020-id633361.html\"},\"author\":{\"name\":\"Newsroom\",\"@id\":\"https:\\\/\\\/www.rri.ro\\\/#\\\/schema\\\/person\\\/4a479940371b9fdefd194f561e8a7f88\"},\"headline\":\"Nachrichten 13.01.2020\",\"datePublished\":\"2020-01-13T15:59:00+00:00\",\"mainEntityOfPage\":{\"@id\":\"https:\\\/\\\/www.rri.ro\\\/de\\\/aktuell\\\/newsflash-de\\\/nachrichten-13-01-2020-id633361.html\"},\"wordCount\":609,\"image\":{\"@id\":\"https:\\\/\\\/www.rri.ro\\\/de\\\/aktuell\\\/newsflash-de\\\/nachrichten-13-01-2020-id633361.html#primaryimage\"},\"thumbnailUrl\":\"https:\\\/\\\/www.rri.ro\\\/wp-content\\\/uploads\\\/2023\\\/10\\\/stiri-germana-ok2-2.png\",\"keywords\":[\"Europ\u00e4ischen Parlaments\",\"Iran\",\"Leistungsbilanzdefizit\",\"Persischer Golf\",\"Ukarine\",\"Verkehrsministerium\"],\"articleSection\":[\"Newsflash\"],\"inLanguage\":\"de\"},{\"@type\":\"WebPage\",\"@id\":\"https:\\\/\\\/www.rri.ro\\\/de\\\/aktuell\\\/newsflash-de\\\/nachrichten-13-01-2020-id633361.html\",\"url\":\"https:\\\/\\\/www.rri.ro\\\/de\\\/aktuell\\\/newsflash-de\\\/nachrichten-13-01-2020-id633361.html\",\"name\":\"Nachrichten 13.01.2020 - Radio Rum\u00e4nien International\",\"isPartOf\":{\"@id\":\"https:\\\/\\\/www.rri.ro\\\/#website\"},\"primaryImageOfPage\":{\"@id\":\"https:\\\/\\\/www.rri.ro\\\/de\\\/aktuell\\\/newsflash-de\\\/nachrichten-13-01-2020-id633361.html#primaryimage\"},\"image\":{\"@id\":\"https:\\\/\\\/www.rri.ro\\\/de\\\/aktuell\\\/newsflash-de\\\/nachrichten-13-01-2020-id633361.html#primaryimage\"},\"thumbnailUrl\":\"https:\\\/\\\/www.rri.ro\\\/wp-content\\\/uploads\\\/2023\\\/10\\\/stiri-germana-ok2-2.png\",\"datePublished\":\"2020-01-13T15:59:00+00:00\",\"author\":{\"@id\":\"https:\\\/\\\/www.rri.ro\\\/#\\\/schema\\\/person\\\/4a479940371b9fdefd194f561e8a7f88\"},\"breadcrumb\":{\"@id\":\"https:\\\/\\\/www.rri.ro\\\/de\\\/aktuell\\\/newsflash-de\\\/nachrichten-13-01-2020-id633361.html#breadcrumb\"},\"inLanguage\":\"de\",\"potentialAction\":[{\"@type\":\"ReadAction\",\"target\":[\"https:\\\/\\\/www.rri.ro\\\/de\\\/aktuell\\\/newsflash-de\\\/nachrichten-13-01-2020-id633361.html\"]}]},{\"@type\":\"ImageObject\",\"inLanguage\":\"de\",\"@id\":\"https:\\\/\\\/www.rri.ro\\\/de\\\/aktuell\\\/newsflash-de\\\/nachrichten-13-01-2020-id633361.html#primaryimage\",\"url\":\"https:\\\/\\\/www.rri.ro\\\/wp-content\\\/uploads\\\/2023\\\/10\\\/stiri-germana-ok2-2.png\",\"contentUrl\":\"https:\\\/\\\/www.rri.ro\\\/wp-content\\\/uploads\\\/2023\\\/10\\\/stiri-germana-ok2-2.png\",\"width\":640,\"height\":427},{\"@type\":\"BreadcrumbList\",\"@id\":\"https:\\\/\\\/www.rri.ro\\\/de\\\/aktuell\\\/newsflash-de\\\/nachrichten-13-01-2020-id633361.html#breadcrumb\",\"itemListElement\":[{\"@type\":\"ListItem\",\"position\":1,\"name\":\"Startseite\",\"item\":\"https:\\\/\\\/www.rri.ro\\\/de\"},{\"@type\":\"ListItem\",\"position\":2,\"name\":\"Aktuell\",\"item\":\"https:\\\/\\\/www.rri.ro\\\/de\\\/aktuell\"},{\"@type\":\"ListItem\",\"position\":3,\"name\":\"Newsflash\",\"item\":\"https:\\\/\\\/www.rri.ro\\\/de\\\/aktuell\\\/newsflash-de\"},{\"@type\":\"ListItem\",\"position\":4,\"name\":\"Nachrichten 13.01.2020\"}]},{\"@type\":\"WebSite\",\"@id\":\"https:\\\/\\\/www.rri.ro\\\/#website\",\"url\":\"https:\\\/\\\/www.rri.ro\\\/\",\"name\":\"Radio Rum\u00e4nien International\",\"description\":\"Totul despre Rom\u00e2nia \u015fi rom\u00e2ni, \u00een 13 limbi\\\/dialecte!\",\"inLanguage\":\"de\"},{\"@type\":\"Person\",\"@id\":\"https:\\\/\\\/www.rri.ro\\\/#\\\/schema\\\/person\\\/4a479940371b9fdefd194f561e8a7f88\",\"name\":\"Newsroom\",\"url\":\"https:\\\/\\\/www.rri.ro\\\/de\\\/author\\\/newsroom\"}]}<\/script>\n<!-- \/ Yoast SEO plugin. -->","yoast_head_json":{"title":"Nachrichten 13.01.2020 - Radio Rum\u00e4nien International","robots":{"index":"index","follow":"follow","max-snippet":"max-snippet:-1","max-image-preview":"max-image-preview:large","max-video-preview":"max-video-preview:-1"},"canonical":"https:\/\/www.rri.ro\/de\/aktuell\/newsflash-de\/nachrichten-13-01-2020-id633361.html","og_locale":"de_DE","og_type":"article","og_title":"Nachrichten 13.01.2020 - Radio Rum\u00e4nien International","og_description":"Rum\u00e4nien verfolgt mit besonderer Aufmerksamkeit die Situation am Persischen Golf, nachdem der Iran einger\u00e4umt hat, ein ukrainisches Flugzeug abgeschossen zu haben. Die Monitorisierung umfasst auch die Einhaltung der Wiener Konvention, die die diplomatischen Beziehungen und die Versammlungsfreiheit im \u00f6ffentlichen Raum regelt, heisst es in ein Posting auf dem offiziellen Twitter-Account des rum\u00e4nischen Au\u00dfenministeriums. Am Samstag [&hellip;]","og_url":"https:\/\/www.rri.ro\/de\/aktuell\/newsflash-de\/nachrichten-13-01-2020-id633361.html","og_site_name":"Radio Rum\u00e4nien International","article_published_time":"2020-01-13T15:59:00+00:00","og_image":[{"width":640,"height":427,"url":"https:\/\/www.rri.ro\/wp-content\/uploads\/2023\/10\/stiri-germana-ok2-2.png","type":"image\/png"}],"author":"Newsroom","twitter_card":"summary_large_image","twitter_misc":{"Verfasst von":"Newsroom","Gesch\u00e4tzte Lesezeit":"3\u00a0Minuten","Written by":"Newsroom"},"schema":{"@context":"https:\/\/schema.org","@graph":[{"@type":"Article","@id":"https:\/\/www.rri.ro\/de\/aktuell\/newsflash-de\/nachrichten-13-01-2020-id633361.html#article","isPartOf":{"@id":"https:\/\/www.rri.ro\/de\/aktuell\/newsflash-de\/nachrichten-13-01-2020-id633361.html"},"author":{"name":"Newsroom","@id":"https:\/\/www.rri.ro\/#\/schema\/person\/4a479940371b9fdefd194f561e8a7f88"},"headline":"Nachrichten 13.01.2020","datePublished":"2020-01-13T15:59:00+00:00","mainEntityOfPage":{"@id":"https:\/\/www.rri.ro\/de\/aktuell\/newsflash-de\/nachrichten-13-01-2020-id633361.html"},"wordCount":609,"image":{"@id":"https:\/\/www.rri.ro\/de\/aktuell\/newsflash-de\/nachrichten-13-01-2020-id633361.html#primaryimage"},"thumbnailUrl":"https:\/\/www.rri.ro\/wp-content\/uploads\/2023\/10\/stiri-germana-ok2-2.png","keywords":["Europ\u00e4ischen Parlaments","Iran","Leistungsbilanzdefizit","Persischer Golf","Ukarine","Verkehrsministerium"],"articleSection":["Newsflash"],"inLanguage":"de"},{"@type":"WebPage","@id":"https:\/\/www.rri.ro\/de\/aktuell\/newsflash-de\/nachrichten-13-01-2020-id633361.html","url":"https:\/\/www.rri.ro\/de\/aktuell\/newsflash-de\/nachrichten-13-01-2020-id633361.html","name":"Nachrichten 13.01.2020 - Radio Rum\u00e4nien International","isPartOf":{"@id":"https:\/\/www.rri.ro\/#website"},"primaryImageOfPage":{"@id":"https:\/\/www.rri.ro\/de\/aktuell\/newsflash-de\/nachrichten-13-01-2020-id633361.html#primaryimage"},"image":{"@id":"https:\/\/www.rri.ro\/de\/aktuell\/newsflash-de\/nachrichten-13-01-2020-id633361.html#primaryimage"},"thumbnailUrl":"https:\/\/www.rri.ro\/wp-content\/uploads\/2023\/10\/stiri-germana-ok2-2.png","datePublished":"2020-01-13T15:59:00+00:00","author":{"@id":"https:\/\/www.rri.ro\/#\/schema\/person\/4a479940371b9fdefd194f561e8a7f88"},"breadcrumb":{"@id":"https:\/\/www.rri.ro\/de\/aktuell\/newsflash-de\/nachrichten-13-01-2020-id633361.html#breadcrumb"},"inLanguage":"de","potentialAction":[{"@type":"ReadAction","target":["https:\/\/www.rri.ro\/de\/aktuell\/newsflash-de\/nachrichten-13-01-2020-id633361.html"]}]},{"@type":"ImageObject","inLanguage":"de","@id":"https:\/\/www.rri.ro\/de\/aktuell\/newsflash-de\/nachrichten-13-01-2020-id633361.html#primaryimage","url":"https:\/\/www.rri.ro\/wp-content\/uploads\/2023\/10\/stiri-germana-ok2-2.png","contentUrl":"https:\/\/www.rri.ro\/wp-content\/uploads\/2023\/10\/stiri-germana-ok2-2.png","width":640,"height":427},{"@type":"BreadcrumbList","@id":"https:\/\/www.rri.ro\/de\/aktuell\/newsflash-de\/nachrichten-13-01-2020-id633361.html#breadcrumb","itemListElement":[{"@type":"ListItem","position":1,"name":"Startseite","item":"https:\/\/www.rri.ro\/de"},{"@type":"ListItem","position":2,"name":"Aktuell","item":"https:\/\/www.rri.ro\/de\/aktuell"},{"@type":"ListItem","position":3,"name":"Newsflash","item":"https:\/\/www.rri.ro\/de\/aktuell\/newsflash-de"},{"@type":"ListItem","position":4,"name":"Nachrichten 13.01.2020"}]},{"@type":"WebSite","@id":"https:\/\/www.rri.ro\/#website","url":"https:\/\/www.rri.ro\/","name":"Radio Rum\u00e4nien International","description":"Totul despre Rom\u00e2nia \u015fi rom\u00e2ni, \u00een 13 limbi\/dialecte!","inLanguage":"de"},{"@type":"Person","@id":"https:\/\/www.rri.ro\/#\/schema\/person\/4a479940371b9fdefd194f561e8a7f88","name":"Newsroom","url":"https:\/\/www.rri.ro\/de\/author\/newsroom"}]}},"_links":{"self":[{"href":"https:\/\/www.rri.ro\/de\/wp-json\/wp\/v2\/posts\/633361","targetHints":{"allow":["GET"]}}],"collection":[{"href":"https:\/\/www.rri.ro\/de\/wp-json\/wp\/v2\/posts"}],"about":[{"href":"https:\/\/www.rri.ro\/de\/wp-json\/wp\/v2\/types\/post"}],"author":[{"embeddable":true,"href":"https:\/\/www.rri.ro\/de\/wp-json\/wp\/v2\/users\/113"}],"replies":[{"embeddable":true,"href":"https:\/\/www.rri.ro\/de\/wp-json\/wp\/v2\/comments?post=633361"}],"version-history":[{"count":0,"href":"https:\/\/www.rri.ro\/de\/wp-json\/wp\/v2\/posts\/633361\/revisions"}],"wp:featuredmedia":[{"embeddable":true,"href":"https:\/\/www.rri.ro\/de\/wp-json\/wp\/v2\/media\/460330"}],"wp:attachment":[{"href":"https:\/\/www.rri.ro\/de\/wp-json\/wp\/v2\/media?parent=633361"}],"wp:term":[{"taxonomy":"category","embeddable":true,"href":"https:\/\/www.rri.ro\/de\/wp-json\/wp\/v2\/categories?post=633361"},{"taxonomy":"post_tag","embeddable":true,"href":"https:\/\/www.rri.ro\/de\/wp-json\/wp\/v2\/tags?post=633361"},{"taxonomy":"author","embeddable":true,"href":"https:\/\/www.rri.ro\/de\/wp-json\/wp\/v2\/coauthors?post=633361"}],"curies":[{"name":"wp","href":"https:\/\/api.w.org\/{rel}","templated":true}]}}