{"id":633366,"date":"2020-01-18T16:08:00","date_gmt":"2020-01-18T14:08:00","guid":{"rendered":"http:\/\/devrri.freshlemon.ro\/aktuell\/nachrichten-18-01-2020-id633366.html"},"modified":"2020-01-18T16:08:00","modified_gmt":"2020-01-18T14:08:00","slug":"nachrichten-18-01-2020","status":"publish","type":"post","link":"https:\/\/www.rri.ro\/de\/aktuell\/newsflash-de\/nachrichten-18-01-2020-id633366.html","title":{"rendered":"Nachrichten 18.01.2020"},"content":{"rendered":"<p>Der rum\u00e4nische Staatspr\u00e4sident Klaus Iohannis unternimmt von Dienstag bis Donnerstag einen Besuch in Israel, gab die Pr\u00e4sidialverwaltung bekannt. Der Besuch hat zum Anlass die 5. Ausgabe des Internationalen Holocaust-Forums und der 75. Jahrestag der Befreiung des Konzentrationslagers Auschwitz-Birkenau. Das Holocaust-Forum findet am 23. Januar in Jerusalem statt, unter dem Motto Gedenken an den Holocaust, Kampf gegen den Antisemitismus. Die Teilnahme von Pr\u00e4sident Iohannis an diesem internationalen Forum ist Teil einer Reihe von Aktionen, die der rum\u00e4nische Staat zur St\u00e4rkung der Erziehung zum Thema Holocaust, zur Bewahrung der Erinnerung an den Holocaust, zur Bek\u00e4mpfung von Antisemitismus, Rassismus und Fremdenfeindlichkeit, zur F\u00f6rderung der europ\u00e4ischen Werte, der Toleranz, der Achtung der Grundrechte und Grundfreiheiten unternimmt. Am Rande des Forums wird Pr\u00e4sident Klaus Iohannis mit seinem israelischen Amtskollegen Reuven Rivlin zusammentreffen.<\/p>\n<p>&#13;<br \/>\n&#13;<\/p>\n<p>&#13;<br \/>\n&#13;<\/p>\n<p>Am Sonntag wird der rum\u00e4nische Au\u00dfenminister Bogdan Aurescu in Br\u00fcssel an der Ministertagung der Internationalen Allianz f\u00fcr das Holocaust-Gedenken (IHRA) teilnehmen. Dabei wird Aurescu eine Rede halten und an einem Meinungsaustausch mit seinen Amtskollegen teilnehmen, \u00fcber die Zunahme von Antisemitismus und Diskriminierung, aber auch \u00fcber die konkreten M\u00f6glichkeiten, diesen Tendenzen entgegenzuwirken. Die Veranstaltung wird von der luxemburgischen Pr\u00e4sidentschaft der Internationalen Allianz f\u00fcr das Holocaust-Gedenken IHRA organisiert. Die in Berlin ans\u00e4ssige internationale Organisation IHRA hat 31 Mitgliedsstaaten, 11 Beobachterstaaten und 7 st\u00e4ndige internationale Partner. Die IHRA wurde 1998 gegr\u00fcndet und setzt sich f\u00fcr die St\u00e4rkung der Erinnerung, Forschung und Aufkl\u00e4rung \u00fcber den Holocaust ein. Rum\u00e4nien hatte von M\u00e4rz 2016 bis M\u00e4rz 2017 den derzeitigen Vorsitz der IHRA inne.<\/p>\n<p>&#13;<br \/>\n&#13;<\/p>\n<p>&#13;<br \/>\n&#13;<\/p>\n<p>Der Europ\u00e4ische Gerichtshof f\u00fcr Menschenrechte (EGMR) hat Rum\u00e4nien wegen Verletzung des Rechts auf freie Meinungs\u00e4u\u00dferung eines B\u00fcrgers verurteilt. Der Kl\u00e4ger soll vom Staat 5.000 Euro Schadensersatz erhalten &#8211; wurde am Samstag in Bukarest bekannt gegeben. Im Januar 2012 schloss sich der Rum\u00e4ne einer Kundgebung gegen das damalige Mitte-Rechts-Regime von Pr\u00e4sident Traian Basescu an, wurde aber wegen St\u00f6rung der \u00f6ffentlichen Ordnung durch das Schreien von Parolen in der Nacht, wenn die Menschen schliefen, zu einer Geldstrafe verurteilt. Nach Ansicht der Richter in Stra\u00dfburg kann eine Person, die w\u00e4hrend einer Kundgebung gegen politische Entscheidungstr\u00e4ger protestiert hat, nicht von den Gendarmen bestraft werden, weil sie die \u00f6ffentliche Ordnung und Ruhe durch das Aufrufen von Parolen gegen die jeweilige politische Macht gest\u00f6rt h\u00e4tte. Das Urteil des EGMR ist endg\u00fcltig.<\/p>\n<p>&#13;<br \/>\n&#13;<\/p>\n<p>&#13;<br \/>\n&#13;<\/p>\n<p>London wird nach Brexit nicht automatisch europ\u00e4ische B\u00fcrger ausweisen, die keinen britischen Aufenthaltsstatus beantragt haben &#8211; sagte der Brexit-Koordinator des Europ\u00e4ischen Parlaments, Guy Verhofstadt. Er erkl\u00e4rte, er habe die Zusicherung erhalten, dass diejenigen, die keinen solchen Status beantragt haben, in den Genuss einer Gnadenfrist kommen werden, in der sie ihre Situation l\u00f6sen k\u00f6nnen. Nach dem britischen Legalisierungsprogramm nach Brexit erhalten europ\u00e4ische B\u00fcrger, die nachweisen, dass sie sich mindestens f\u00fcnf Jahre in diesem Land aufgehalten haben, den Status eines Daueraufenthalts, w\u00e4hrend andere den Status eines vor\u00fcbergehenden Aufenthalts erhalten k\u00f6nnen, der nach Ablauf der f\u00fcnf Jahre dauerhaft umgewandelt werden kann. Bislang haben \u00fcber 2,4 Millionen B\u00fcrger der Europ\u00e4ischen Union das Recht erhalten, nach Brexit im Vereinigten K\u00f6nigreich zu leben und zu arbeiten. Von der Gesamtzahl der Antr\u00e4ge wurden die meisten &#8211; \u00fcber 500 Tausend &#8211; von Polen gestellt. Es folgen die Rum\u00e4nen mit \u00fcber 435 000 Antr\u00e4gen und die Italiener mit etwa 290 000.<\/p>\n<p>&#13;<\/p>\n","protected":false},"excerpt":{"rendered":"<p>Der rum\u00e4nische Staatspr\u00e4sident Klaus Iohannis unternimmt von Dienstag bis Donnerstag einen Besuch in Israel, gab die Pr\u00e4sidialverwaltung bekannt. Der Besuch hat zum Anlass die 5. Ausgabe des Internationalen Holocaust-Forums und der 75. Jahrestag der Befreiung des Konzentrationslagers Auschwitz-Birkenau. Das Holocaust-Forum findet am 23. Januar in Jerusalem statt, unter dem Motto Gedenken an den Holocaust, Kampf [&hellip;]<\/p>\n","protected":false},"author":113,"featured_media":460330,"comment_status":"closed","ping_status":"closed","sticky":false,"template":"","format":"standard","meta":{"_acf_changed":false,"footnotes":""},"categories":[116753],"tags":[100908,126110,14005,100093,104085,171273,52957,146169],"coauthors":[],"class_list":["post-633366","post","type-post","status-publish","format-standard","has-post-thumbnail","hentry","category-newsflash-de","tag-antisemitismus","tag-aufenthalt","tag-brexit","tag-diskriminierung","tag-egmr","tag-holocaust-de","tag-ihra","tag-israel-de"],"acf":[],"yoast_head":"<!-- This site is optimized with the Yoast SEO plugin v27.3 - https:\/\/yoast.com\/product\/yoast-seo-wordpress\/ -->\n<title>Nachrichten 18.01.2020 - Radio Rum\u00e4nien International<\/title>\n<meta name=\"robots\" content=\"index, follow, max-snippet:-1, max-image-preview:large, max-video-preview:-1\" \/>\n<link rel=\"canonical\" href=\"https:\/\/www.rri.ro\/de\/aktuell\/newsflash-de\/nachrichten-18-01-2020-id633366.html\" \/>\n<meta property=\"og:locale\" content=\"de_DE\" \/>\n<meta property=\"og:type\" content=\"article\" \/>\n<meta property=\"og:title\" content=\"Nachrichten 18.01.2020 - Radio Rum\u00e4nien International\" \/>\n<meta property=\"og:description\" content=\"Der rum\u00e4nische Staatspr\u00e4sident Klaus Iohannis unternimmt von Dienstag bis Donnerstag einen Besuch in Israel, gab die Pr\u00e4sidialverwaltung bekannt. Der Besuch hat zum Anlass die 5. Ausgabe des Internationalen Holocaust-Forums und der 75. Jahrestag der Befreiung des Konzentrationslagers Auschwitz-Birkenau. Das Holocaust-Forum findet am 23. Januar in Jerusalem statt, unter dem Motto Gedenken an den Holocaust, Kampf [&hellip;]\" \/>\n<meta property=\"og:url\" content=\"https:\/\/www.rri.ro\/de\/aktuell\/newsflash-de\/nachrichten-18-01-2020-id633366.html\" \/>\n<meta property=\"og:site_name\" content=\"Radio Rum\u00e4nien International\" \/>\n<meta property=\"article:published_time\" content=\"2020-01-18T14:08:00+00:00\" \/>\n<meta property=\"og:image\" content=\"https:\/\/www.rri.ro\/wp-content\/uploads\/2023\/10\/stiri-germana-ok2-2.png\" \/>\n\t<meta property=\"og:image:width\" content=\"640\" \/>\n\t<meta property=\"og:image:height\" content=\"427\" \/>\n\t<meta property=\"og:image:type\" content=\"image\/png\" \/>\n<meta name=\"author\" content=\"Newsroom\" \/>\n<meta name=\"twitter:card\" content=\"summary_large_image\" \/>\n<meta name=\"twitter:label1\" content=\"Verfasst von\" \/>\n\t<meta name=\"twitter:data1\" content=\"Newsroom\" \/>\n\t<meta name=\"twitter:label2\" content=\"Gesch\u00e4tzte Lesezeit\" \/>\n\t<meta name=\"twitter:data2\" content=\"3\u00a0Minuten\" \/>\n\t<meta name=\"twitter:label3\" content=\"Written by\" \/>\n\t<meta name=\"twitter:data3\" content=\"Newsroom\" \/>\n<script type=\"application\/ld+json\" class=\"yoast-schema-graph\">{\"@context\":\"https:\\\/\\\/schema.org\",\"@graph\":[{\"@type\":\"Article\",\"@id\":\"https:\\\/\\\/www.rri.ro\\\/de\\\/aktuell\\\/newsflash-de\\\/nachrichten-18-01-2020-id633366.html#article\",\"isPartOf\":{\"@id\":\"https:\\\/\\\/www.rri.ro\\\/de\\\/aktuell\\\/newsflash-de\\\/nachrichten-18-01-2020-id633366.html\"},\"author\":{\"name\":\"Newsroom\",\"@id\":\"https:\\\/\\\/www.rri.ro\\\/#\\\/schema\\\/person\\\/4a479940371b9fdefd194f561e8a7f88\"},\"headline\":\"Nachrichten 18.01.2020\",\"datePublished\":\"2020-01-18T14:08:00+00:00\",\"mainEntityOfPage\":{\"@id\":\"https:\\\/\\\/www.rri.ro\\\/de\\\/aktuell\\\/newsflash-de\\\/nachrichten-18-01-2020-id633366.html\"},\"wordCount\":566,\"image\":{\"@id\":\"https:\\\/\\\/www.rri.ro\\\/de\\\/aktuell\\\/newsflash-de\\\/nachrichten-18-01-2020-id633366.html#primaryimage\"},\"thumbnailUrl\":\"https:\\\/\\\/www.rri.ro\\\/wp-content\\\/uploads\\\/2023\\\/10\\\/stiri-germana-ok2-2.png\",\"keywords\":[\"Antisemitismus\",\"Aufenthalt\",\"Brexit\",\"Diskriminierung\",\"EGMR\",\"Holocaust\",\"IHRA\",\"Israel\"],\"articleSection\":[\"Newsflash\"],\"inLanguage\":\"de\"},{\"@type\":\"WebPage\",\"@id\":\"https:\\\/\\\/www.rri.ro\\\/de\\\/aktuell\\\/newsflash-de\\\/nachrichten-18-01-2020-id633366.html\",\"url\":\"https:\\\/\\\/www.rri.ro\\\/de\\\/aktuell\\\/newsflash-de\\\/nachrichten-18-01-2020-id633366.html\",\"name\":\"Nachrichten 18.01.2020 - Radio Rum\u00e4nien International\",\"isPartOf\":{\"@id\":\"https:\\\/\\\/www.rri.ro\\\/#website\"},\"primaryImageOfPage\":{\"@id\":\"https:\\\/\\\/www.rri.ro\\\/de\\\/aktuell\\\/newsflash-de\\\/nachrichten-18-01-2020-id633366.html#primaryimage\"},\"image\":{\"@id\":\"https:\\\/\\\/www.rri.ro\\\/de\\\/aktuell\\\/newsflash-de\\\/nachrichten-18-01-2020-id633366.html#primaryimage\"},\"thumbnailUrl\":\"https:\\\/\\\/www.rri.ro\\\/wp-content\\\/uploads\\\/2023\\\/10\\\/stiri-germana-ok2-2.png\",\"datePublished\":\"2020-01-18T14:08:00+00:00\",\"author\":{\"@id\":\"https:\\\/\\\/www.rri.ro\\\/#\\\/schema\\\/person\\\/4a479940371b9fdefd194f561e8a7f88\"},\"breadcrumb\":{\"@id\":\"https:\\\/\\\/www.rri.ro\\\/de\\\/aktuell\\\/newsflash-de\\\/nachrichten-18-01-2020-id633366.html#breadcrumb\"},\"inLanguage\":\"de\",\"potentialAction\":[{\"@type\":\"ReadAction\",\"target\":[\"https:\\\/\\\/www.rri.ro\\\/de\\\/aktuell\\\/newsflash-de\\\/nachrichten-18-01-2020-id633366.html\"]}]},{\"@type\":\"ImageObject\",\"inLanguage\":\"de\",\"@id\":\"https:\\\/\\\/www.rri.ro\\\/de\\\/aktuell\\\/newsflash-de\\\/nachrichten-18-01-2020-id633366.html#primaryimage\",\"url\":\"https:\\\/\\\/www.rri.ro\\\/wp-content\\\/uploads\\\/2023\\\/10\\\/stiri-germana-ok2-2.png\",\"contentUrl\":\"https:\\\/\\\/www.rri.ro\\\/wp-content\\\/uploads\\\/2023\\\/10\\\/stiri-germana-ok2-2.png\",\"width\":640,\"height\":427},{\"@type\":\"BreadcrumbList\",\"@id\":\"https:\\\/\\\/www.rri.ro\\\/de\\\/aktuell\\\/newsflash-de\\\/nachrichten-18-01-2020-id633366.html#breadcrumb\",\"itemListElement\":[{\"@type\":\"ListItem\",\"position\":1,\"name\":\"Startseite\",\"item\":\"https:\\\/\\\/www.rri.ro\\\/de\"},{\"@type\":\"ListItem\",\"position\":2,\"name\":\"Aktuell\",\"item\":\"https:\\\/\\\/www.rri.ro\\\/de\\\/aktuell\"},{\"@type\":\"ListItem\",\"position\":3,\"name\":\"Newsflash\",\"item\":\"https:\\\/\\\/www.rri.ro\\\/de\\\/aktuell\\\/newsflash-de\"},{\"@type\":\"ListItem\",\"position\":4,\"name\":\"Nachrichten 18.01.2020\"}]},{\"@type\":\"WebSite\",\"@id\":\"https:\\\/\\\/www.rri.ro\\\/#website\",\"url\":\"https:\\\/\\\/www.rri.ro\\\/\",\"name\":\"Radio Rum\u00e4nien International\",\"description\":\"Totul despre Rom\u00e2nia \u015fi rom\u00e2ni, \u00een 13 limbi\\\/dialecte!\",\"inLanguage\":\"de\"},{\"@type\":\"Person\",\"@id\":\"https:\\\/\\\/www.rri.ro\\\/#\\\/schema\\\/person\\\/4a479940371b9fdefd194f561e8a7f88\",\"name\":\"Newsroom\",\"url\":\"https:\\\/\\\/www.rri.ro\\\/de\\\/author\\\/newsroom\"}]}<\/script>\n<!-- \/ Yoast SEO plugin. -->","yoast_head_json":{"title":"Nachrichten 18.01.2020 - Radio Rum\u00e4nien International","robots":{"index":"index","follow":"follow","max-snippet":"max-snippet:-1","max-image-preview":"max-image-preview:large","max-video-preview":"max-video-preview:-1"},"canonical":"https:\/\/www.rri.ro\/de\/aktuell\/newsflash-de\/nachrichten-18-01-2020-id633366.html","og_locale":"de_DE","og_type":"article","og_title":"Nachrichten 18.01.2020 - Radio Rum\u00e4nien International","og_description":"Der rum\u00e4nische Staatspr\u00e4sident Klaus Iohannis unternimmt von Dienstag bis Donnerstag einen Besuch in Israel, gab die Pr\u00e4sidialverwaltung bekannt. Der Besuch hat zum Anlass die 5. Ausgabe des Internationalen Holocaust-Forums und der 75. Jahrestag der Befreiung des Konzentrationslagers Auschwitz-Birkenau. Das Holocaust-Forum findet am 23. Januar in Jerusalem statt, unter dem Motto Gedenken an den Holocaust, Kampf [&hellip;]","og_url":"https:\/\/www.rri.ro\/de\/aktuell\/newsflash-de\/nachrichten-18-01-2020-id633366.html","og_site_name":"Radio Rum\u00e4nien International","article_published_time":"2020-01-18T14:08:00+00:00","og_image":[{"width":640,"height":427,"url":"https:\/\/www.rri.ro\/wp-content\/uploads\/2023\/10\/stiri-germana-ok2-2.png","type":"image\/png"}],"author":"Newsroom","twitter_card":"summary_large_image","twitter_misc":{"Verfasst von":"Newsroom","Gesch\u00e4tzte Lesezeit":"3\u00a0Minuten","Written by":"Newsroom"},"schema":{"@context":"https:\/\/schema.org","@graph":[{"@type":"Article","@id":"https:\/\/www.rri.ro\/de\/aktuell\/newsflash-de\/nachrichten-18-01-2020-id633366.html#article","isPartOf":{"@id":"https:\/\/www.rri.ro\/de\/aktuell\/newsflash-de\/nachrichten-18-01-2020-id633366.html"},"author":{"name":"Newsroom","@id":"https:\/\/www.rri.ro\/#\/schema\/person\/4a479940371b9fdefd194f561e8a7f88"},"headline":"Nachrichten 18.01.2020","datePublished":"2020-01-18T14:08:00+00:00","mainEntityOfPage":{"@id":"https:\/\/www.rri.ro\/de\/aktuell\/newsflash-de\/nachrichten-18-01-2020-id633366.html"},"wordCount":566,"image":{"@id":"https:\/\/www.rri.ro\/de\/aktuell\/newsflash-de\/nachrichten-18-01-2020-id633366.html#primaryimage"},"thumbnailUrl":"https:\/\/www.rri.ro\/wp-content\/uploads\/2023\/10\/stiri-germana-ok2-2.png","keywords":["Antisemitismus","Aufenthalt","Brexit","Diskriminierung","EGMR","Holocaust","IHRA","Israel"],"articleSection":["Newsflash"],"inLanguage":"de"},{"@type":"WebPage","@id":"https:\/\/www.rri.ro\/de\/aktuell\/newsflash-de\/nachrichten-18-01-2020-id633366.html","url":"https:\/\/www.rri.ro\/de\/aktuell\/newsflash-de\/nachrichten-18-01-2020-id633366.html","name":"Nachrichten 18.01.2020 - Radio Rum\u00e4nien International","isPartOf":{"@id":"https:\/\/www.rri.ro\/#website"},"primaryImageOfPage":{"@id":"https:\/\/www.rri.ro\/de\/aktuell\/newsflash-de\/nachrichten-18-01-2020-id633366.html#primaryimage"},"image":{"@id":"https:\/\/www.rri.ro\/de\/aktuell\/newsflash-de\/nachrichten-18-01-2020-id633366.html#primaryimage"},"thumbnailUrl":"https:\/\/www.rri.ro\/wp-content\/uploads\/2023\/10\/stiri-germana-ok2-2.png","datePublished":"2020-01-18T14:08:00+00:00","author":{"@id":"https:\/\/www.rri.ro\/#\/schema\/person\/4a479940371b9fdefd194f561e8a7f88"},"breadcrumb":{"@id":"https:\/\/www.rri.ro\/de\/aktuell\/newsflash-de\/nachrichten-18-01-2020-id633366.html#breadcrumb"},"inLanguage":"de","potentialAction":[{"@type":"ReadAction","target":["https:\/\/www.rri.ro\/de\/aktuell\/newsflash-de\/nachrichten-18-01-2020-id633366.html"]}]},{"@type":"ImageObject","inLanguage":"de","@id":"https:\/\/www.rri.ro\/de\/aktuell\/newsflash-de\/nachrichten-18-01-2020-id633366.html#primaryimage","url":"https:\/\/www.rri.ro\/wp-content\/uploads\/2023\/10\/stiri-germana-ok2-2.png","contentUrl":"https:\/\/www.rri.ro\/wp-content\/uploads\/2023\/10\/stiri-germana-ok2-2.png","width":640,"height":427},{"@type":"BreadcrumbList","@id":"https:\/\/www.rri.ro\/de\/aktuell\/newsflash-de\/nachrichten-18-01-2020-id633366.html#breadcrumb","itemListElement":[{"@type":"ListItem","position":1,"name":"Startseite","item":"https:\/\/www.rri.ro\/de"},{"@type":"ListItem","position":2,"name":"Aktuell","item":"https:\/\/www.rri.ro\/de\/aktuell"},{"@type":"ListItem","position":3,"name":"Newsflash","item":"https:\/\/www.rri.ro\/de\/aktuell\/newsflash-de"},{"@type":"ListItem","position":4,"name":"Nachrichten 18.01.2020"}]},{"@type":"WebSite","@id":"https:\/\/www.rri.ro\/#website","url":"https:\/\/www.rri.ro\/","name":"Radio Rum\u00e4nien International","description":"Totul despre Rom\u00e2nia \u015fi rom\u00e2ni, \u00een 13 limbi\/dialecte!","inLanguage":"de"},{"@type":"Person","@id":"https:\/\/www.rri.ro\/#\/schema\/person\/4a479940371b9fdefd194f561e8a7f88","name":"Newsroom","url":"https:\/\/www.rri.ro\/de\/author\/newsroom"}]}},"_links":{"self":[{"href":"https:\/\/www.rri.ro\/de\/wp-json\/wp\/v2\/posts\/633366","targetHints":{"allow":["GET"]}}],"collection":[{"href":"https:\/\/www.rri.ro\/de\/wp-json\/wp\/v2\/posts"}],"about":[{"href":"https:\/\/www.rri.ro\/de\/wp-json\/wp\/v2\/types\/post"}],"author":[{"embeddable":true,"href":"https:\/\/www.rri.ro\/de\/wp-json\/wp\/v2\/users\/113"}],"replies":[{"embeddable":true,"href":"https:\/\/www.rri.ro\/de\/wp-json\/wp\/v2\/comments?post=633366"}],"version-history":[{"count":0,"href":"https:\/\/www.rri.ro\/de\/wp-json\/wp\/v2\/posts\/633366\/revisions"}],"wp:featuredmedia":[{"embeddable":true,"href":"https:\/\/www.rri.ro\/de\/wp-json\/wp\/v2\/media\/460330"}],"wp:attachment":[{"href":"https:\/\/www.rri.ro\/de\/wp-json\/wp\/v2\/media?parent=633366"}],"wp:term":[{"taxonomy":"category","embeddable":true,"href":"https:\/\/www.rri.ro\/de\/wp-json\/wp\/v2\/categories?post=633366"},{"taxonomy":"post_tag","embeddable":true,"href":"https:\/\/www.rri.ro\/de\/wp-json\/wp\/v2\/tags?post=633366"},{"taxonomy":"author","embeddable":true,"href":"https:\/\/www.rri.ro\/de\/wp-json\/wp\/v2\/coauthors?post=633366"}],"curies":[{"name":"wp","href":"https:\/\/api.w.org\/{rel}","templated":true}]}}