{"id":633389,"date":"2020-02-10T18:11:00","date_gmt":"2020-02-10T16:11:00","guid":{"rendered":"http:\/\/devrri.freshlemon.ro\/aktuell\/nachrichten-10-02-2020-id633389.html"},"modified":"2020-02-10T18:11:00","modified_gmt":"2020-02-10T16:11:00","slug":"nachrichten-10-02-2020","status":"publish","type":"post","link":"https:\/\/www.rri.ro\/de\/aktuell\/newsflash-de\/nachrichten-10-02-2020-id633389.html","title":{"rendered":"Nachrichten 10.02.2020"},"content":{"rendered":"<p>Der designierte rum\u00e4nische Premierminister, der Liberale Ludovic Orban, hat  dem Parlament die Liste der Minister und das aktualisierte Regierungsprogramm vorgelegt, um die Investitierungsverfahren einzuleiten. Er sagte, die neue Regierung habe die gleichen Mitglieder wie die, die letzte Woche durch einen Misstrauensantrag entlassen wurde. Der Antrag war von der PSD und der UDMR eingereicht worden, als Reaktion auf die Vertrauensfrage der Orban-Regierung, in zwei Runden zur Wahl der B\u00fcrgermeister zur\u00fcckzukehren. Die Liberalen haben bereits angek\u00fcndigt, dass sie nicht f\u00fcr die Investierung ihrer eigenen Exekutive stimmen werden, in der Hoffnung, dass dies zu vorgezogenen Wahlen f\u00fchren wird. Die Sozialdemokraten w\u00fcnschen keine vorgezogenen Wahlen, und behaupten dass sie zu jeder Art von Wahlen bereit sind. Gleichzeitig benachrichtigen die Sozialdemokraten  das rum\u00e4nische Verfassungsgericht. Sie sind  unzufrieden, da Ludovic Orban zum zweiten Mal zum Regierungschef ernannt wurde und behaupten es gebe einen institutionellen Konflikt zwischen Parlament und Pr\u00e4sidentschaft.<\/p>\n<p>&#13;<br \/>\n&#13;<\/p>\n<p>&#13;<br \/>\n&#13;<\/p>\n<p>Au\u00dfenminister Bogdan Aurescu hat am Montag den Ko-Vorsitz der Ministertagung der Internationalen Konferenz f\u00fcr nukleare Sicherheit \u00fcbernommen. Diese tagt unter der Schirmherrschaft der Internationalen Atomenergiebeh\u00f6rde vom 10.- 14. Februar in Wien. Die Konferenz findet alle drei Jahre statt. Den Ko-Vorsitz haben in diesem Jahr Rum\u00e4nien und Panama inne. Minister Aurescu ist am Montag mit dem Generaldirektor der IAEO Rafael Grossi zusammengekommen. Es wurden Aspekte der politischen und technischen Zusammenarbeit zwischen Bukarest und der Wiener Agentur sowie aktuelle Themen auf der internationalen Agenda angesprochen, wobei der Schwerpunkt auf der iranischen Akte lag. Aurescu erw\u00e4hnte die Benennung des Atomforschungsinstituts in Pite\u015fti (S\u00fcdrum\u00e4nien) durch die IAEO als internationales Exzellenzzentrum auf der Grundlage von Forschungsreaktoren (ICERR) f\u00fcr einen Zeitraum von f\u00fcnf Jahren. Er hob auch das Fachwissen hervor, das das Nationale Forschungs- und Entwicklungsinstitut f\u00fcr Kernphysik und -technik Horia Hulubei im Bereich der Stilllegung von Forschungsreaktoren, der Organisierung von Fortbildungen auf dem Gebiet der Nukleartechnik und der Nuklearverbrechens gesammelt hat.<\/p>\n<p>&#13;<br \/>\n&#13;<\/p>\n<p>&#13;<br \/>\n&#13;<\/p>\n<p>Das Handelsbilanzdefizit Rum\u00e4niens ist im Jahre 2019 weiter gewachsen.  Mit 17,28 Milliarden Euro ist es um 2,16 Milliarden gr\u00f6\u00dfer als im Jahr davor. Die Exporte stiegen um 1,9% und die Importe um 4,2%, geht aus den am Montag vom Nationalen Statistikinstitut ver\u00f6ffentlichten Daten hervor. Die h\u00f6chsten Anteile an der Struktur der Exporte und Importe haben Personenkraftwagen und Transportausr\u00fcstungen sowie andere Industrieg\u00fcter. 6,9% der Gesamtausfuhren entfielen auf Nahrungsmittel und Vieh, w\u00e4hrend die Einfuhren derselben Warenkategorie 7,8% ausmachten. Nach Angaben des Instituts gingen die rum\u00e4nischen Exporte von Rohstoffen, Non-Food-Produkten, mineralischen Brennstoffen und Schmiermitteln zur\u00fcck.<\/p>\n<p>&#13;<br \/>\n&#13;<\/p>\n<p>&#13;<br \/>\n&#13;<\/p>\n<p>Die Zahl der Menschen, die in dieser Saison in Rum\u00e4nien an dem Grippevirus gestorben sind, ist auf 25 gestiegen, nachdem zwei Frauen im Alter von 64 bzw. 66 Jahren, gestorben sind. Beide hatten auch anderere Erkrankungen. Am Donnerstag erkl\u00e4rten die Beh\u00f6rden offiziell eine Grippe-Epidemie. Landesweit sind \u00fcber 16.000 Studenten von der teilweisen oder vollst\u00e4ndigen Aussetzung des Unterrichts betroffen. Spezialisten warnen, dass die Zahl der Erkrankten wahrscheinlich auch n\u00e4chste Woche steigen wird, da nur wenige Rum\u00e4nen gegen Grippe geimpft worden sind.<\/p>\n<p>&#13;<br \/>\n&#13;<\/p>\n<p>&#13;<br \/>\n&#13;<\/p>\n<p>Zwei rum\u00e4nische Staatsb\u00fcrger, die mit medizinischen Notfall-Evakuierungsfl\u00fcgen von China nach Deutschland transportiert wurden, sind mit einem Milit\u00e4rflugzeug nach Bukarest gebracht worden. Nach Angaben des Gesundheitsministeriums ist ihr Zustand stabil. Beide weisen keine Symptome auf. Die beiden bleiben 14 Tage lang unter medizinischer Beobachtung. In Folge des  neue Coronavirus sind  in China mehr als 900 Menschen gestorben. Die Zahl der Infizierten hat nach den neuesten Zahlen, die die Beh\u00f6rden heute bekannt gaben, 40.000 \u00fcberschritten. Die Beh\u00f6rden haben auch eine relative Verlangsamung der Ausbreitung der Epidemie best\u00e4tigt. Die meisten internationalen Fluggesellschaften haben alle Fl\u00fcge nach China gestrichen.<\/p>\n<p>&#13;<br \/>\n&#13;<\/p>\n<p>&#13;<br \/>\n&#13;<\/p>\n<p>Der s\u00fcdkoreanische Spielfilm Parasite, unter der Regie von Bong Joon-ho, hat bei der 92. Ausgabe der Oscar-Verleihung Geschichte geschrieben, nachdem er 4 Troph\u00e4en gewonnen hat und damit als erster fremdsprachiger Film den Preis f\u00fcr den besten Film erhielt. Parasite ist eine Satire \u00fcber die Kluft zwischen Arm und Reich in S\u00fcdkorea. Der Film gewann auch den Preis f\u00fcr die beste Regie, den besten ausl\u00e4ndischen Film und das beste Originaldrehbuch. 1917, Sam Mendes&#8216; Film \u00fcber den Ersten Weltkrieg, gewann drei Oscars, f\u00fcr das beste Bild, den besten Tonschnitt und die besten visuellen Effekte. Joaquin Phoenix erhielt den Preis f\u00fcr den besten Hauptdarsteller f\u00fcr seine Rolle in Joker, der Geschichte eines aufstrebenden K\u00fcnstlers, der zum Serienm\u00f6rder wird. Renee Zellweger erhielt den Preis f\u00fcr die beste Hauptdarstellerin f\u00fcr ihre Interpretation der legend\u00e4ren Judy Garland. Bradd Pitt gewann den Preis f\u00fcr den besten Nebendarsteller in Es war einmal in Hollywood, w\u00e4hrend Laura Dern den Preis f\u00fcr die beste Nebendarstellerin f\u00fcr ihre Rolle in Marriage Story erhielt, in der sie einen Scheidungsanwalt interpretiert.<\/p>\n<p>&#13;<\/p>\n","protected":false},"excerpt":{"rendered":"<p>Der designierte rum\u00e4nische Premierminister, der Liberale Ludovic Orban, hat dem Parlament die Liste der Minister und das aktualisierte Regierungsprogramm vorgelegt, um die Investitierungsverfahren einzuleiten. Er sagte, die neue Regierung habe die gleichen Mitglieder wie die, die letzte Woche durch einen Misstrauensantrag entlassen wurde. Der Antrag war von der PSD und der UDMR eingereicht worden, als [&hellip;]<\/p>\n","protected":false},"author":113,"featured_media":460330,"comment_status":"closed","ping_status":"closed","sticky":false,"template":"","format":"standard","meta":{"_acf_changed":false,"footnotes":""},"categories":[116753],"tags":[102144,35339,126780,101074,137226,30168,172868,127436,99586,127437],"coauthors":[],"class_list":["post-633389","post","type-post","status-publish","format-standard","has-post-thumbnail","hentry","category-newsflash-de","tag-aussenminister-bogdan-aurescu","tag-coronavirus","tag-grippevirus","tag-handelsbilanzdefizit","tag-klaus-iohannis-de","tag-ludovic-orban","tag-minister-de","tag-ministertagung-der-internationalen-konferenz-fuer-nukleare-sicherheit","tag-regierung","tag-suedkoreanischer-spielfilm-parasite"],"acf":[],"yoast_head":"<!-- This site is optimized with the Yoast SEO plugin v27.3 - https:\/\/yoast.com\/product\/yoast-seo-wordpress\/ -->\n<title>Nachrichten 10.02.2020 - Radio Rum\u00e4nien International<\/title>\n<meta name=\"robots\" content=\"index, follow, max-snippet:-1, max-image-preview:large, max-video-preview:-1\" \/>\n<link rel=\"canonical\" href=\"https:\/\/www.rri.ro\/de\/aktuell\/newsflash-de\/nachrichten-10-02-2020-id633389.html\" \/>\n<meta property=\"og:locale\" content=\"de_DE\" \/>\n<meta property=\"og:type\" content=\"article\" \/>\n<meta property=\"og:title\" content=\"Nachrichten 10.02.2020 - Radio Rum\u00e4nien International\" \/>\n<meta property=\"og:description\" content=\"Der designierte rum\u00e4nische Premierminister, der Liberale Ludovic Orban, hat dem Parlament die Liste der Minister und das aktualisierte Regierungsprogramm vorgelegt, um die Investitierungsverfahren einzuleiten. Er sagte, die neue Regierung habe die gleichen Mitglieder wie die, die letzte Woche durch einen Misstrauensantrag entlassen wurde. Der Antrag war von der PSD und der UDMR eingereicht worden, als [&hellip;]\" \/>\n<meta property=\"og:url\" content=\"https:\/\/www.rri.ro\/de\/aktuell\/newsflash-de\/nachrichten-10-02-2020-id633389.html\" \/>\n<meta property=\"og:site_name\" content=\"Radio Rum\u00e4nien International\" \/>\n<meta property=\"article:published_time\" content=\"2020-02-10T16:11:00+00:00\" \/>\n<meta property=\"og:image\" content=\"https:\/\/www.rri.ro\/wp-content\/uploads\/2023\/10\/stiri-germana-ok2-2.png\" \/>\n\t<meta property=\"og:image:width\" content=\"640\" \/>\n\t<meta property=\"og:image:height\" content=\"427\" \/>\n\t<meta property=\"og:image:type\" content=\"image\/png\" \/>\n<meta name=\"author\" content=\"Newsroom\" \/>\n<meta name=\"twitter:card\" content=\"summary_large_image\" \/>\n<meta name=\"twitter:label1\" content=\"Verfasst von\" \/>\n\t<meta name=\"twitter:data1\" content=\"Newsroom\" \/>\n\t<meta name=\"twitter:label2\" content=\"Gesch\u00e4tzte Lesezeit\" \/>\n\t<meta name=\"twitter:data2\" content=\"4\u00a0Minuten\" \/>\n\t<meta name=\"twitter:label3\" content=\"Written by\" \/>\n\t<meta name=\"twitter:data3\" content=\"Newsroom\" \/>\n<script type=\"application\/ld+json\" class=\"yoast-schema-graph\">{\"@context\":\"https:\\\/\\\/schema.org\",\"@graph\":[{\"@type\":\"Article\",\"@id\":\"https:\\\/\\\/www.rri.ro\\\/de\\\/aktuell\\\/newsflash-de\\\/nachrichten-10-02-2020-id633389.html#article\",\"isPartOf\":{\"@id\":\"https:\\\/\\\/www.rri.ro\\\/de\\\/aktuell\\\/newsflash-de\\\/nachrichten-10-02-2020-id633389.html\"},\"author\":{\"name\":\"Newsroom\",\"@id\":\"https:\\\/\\\/www.rri.ro\\\/#\\\/schema\\\/person\\\/4a479940371b9fdefd194f561e8a7f88\"},\"headline\":\"Nachrichten 10.02.2020\",\"datePublished\":\"2020-02-10T16:11:00+00:00\",\"mainEntityOfPage\":{\"@id\":\"https:\\\/\\\/www.rri.ro\\\/de\\\/aktuell\\\/newsflash-de\\\/nachrichten-10-02-2020-id633389.html\"},\"wordCount\":778,\"image\":{\"@id\":\"https:\\\/\\\/www.rri.ro\\\/de\\\/aktuell\\\/newsflash-de\\\/nachrichten-10-02-2020-id633389.html#primaryimage\"},\"thumbnailUrl\":\"https:\\\/\\\/www.rri.ro\\\/wp-content\\\/uploads\\\/2023\\\/10\\\/stiri-germana-ok2-2.png\",\"keywords\":[\"Au\u00dfenminister Bogdan Aurescu\",\"coronavirus\",\"Grippevirus\",\"Handelsbilanzdefizit\",\"Klaus Iohannis\",\"Ludovic Orban\",\"minister\",\"Ministertagung der Internationalen Konferenz f\u00fcr nukleare Sicherheit\",\"Regierung\",\"s\u00fcdkoreanischer Spielfilm Parasite\"],\"articleSection\":[\"Newsflash\"],\"inLanguage\":\"de\"},{\"@type\":\"WebPage\",\"@id\":\"https:\\\/\\\/www.rri.ro\\\/de\\\/aktuell\\\/newsflash-de\\\/nachrichten-10-02-2020-id633389.html\",\"url\":\"https:\\\/\\\/www.rri.ro\\\/de\\\/aktuell\\\/newsflash-de\\\/nachrichten-10-02-2020-id633389.html\",\"name\":\"Nachrichten 10.02.2020 - Radio Rum\u00e4nien International\",\"isPartOf\":{\"@id\":\"https:\\\/\\\/www.rri.ro\\\/#website\"},\"primaryImageOfPage\":{\"@id\":\"https:\\\/\\\/www.rri.ro\\\/de\\\/aktuell\\\/newsflash-de\\\/nachrichten-10-02-2020-id633389.html#primaryimage\"},\"image\":{\"@id\":\"https:\\\/\\\/www.rri.ro\\\/de\\\/aktuell\\\/newsflash-de\\\/nachrichten-10-02-2020-id633389.html#primaryimage\"},\"thumbnailUrl\":\"https:\\\/\\\/www.rri.ro\\\/wp-content\\\/uploads\\\/2023\\\/10\\\/stiri-germana-ok2-2.png\",\"datePublished\":\"2020-02-10T16:11:00+00:00\",\"author\":{\"@id\":\"https:\\\/\\\/www.rri.ro\\\/#\\\/schema\\\/person\\\/4a479940371b9fdefd194f561e8a7f88\"},\"breadcrumb\":{\"@id\":\"https:\\\/\\\/www.rri.ro\\\/de\\\/aktuell\\\/newsflash-de\\\/nachrichten-10-02-2020-id633389.html#breadcrumb\"},\"inLanguage\":\"de\",\"potentialAction\":[{\"@type\":\"ReadAction\",\"target\":[\"https:\\\/\\\/www.rri.ro\\\/de\\\/aktuell\\\/newsflash-de\\\/nachrichten-10-02-2020-id633389.html\"]}]},{\"@type\":\"ImageObject\",\"inLanguage\":\"de\",\"@id\":\"https:\\\/\\\/www.rri.ro\\\/de\\\/aktuell\\\/newsflash-de\\\/nachrichten-10-02-2020-id633389.html#primaryimage\",\"url\":\"https:\\\/\\\/www.rri.ro\\\/wp-content\\\/uploads\\\/2023\\\/10\\\/stiri-germana-ok2-2.png\",\"contentUrl\":\"https:\\\/\\\/www.rri.ro\\\/wp-content\\\/uploads\\\/2023\\\/10\\\/stiri-germana-ok2-2.png\",\"width\":640,\"height\":427},{\"@type\":\"BreadcrumbList\",\"@id\":\"https:\\\/\\\/www.rri.ro\\\/de\\\/aktuell\\\/newsflash-de\\\/nachrichten-10-02-2020-id633389.html#breadcrumb\",\"itemListElement\":[{\"@type\":\"ListItem\",\"position\":1,\"name\":\"Startseite\",\"item\":\"https:\\\/\\\/www.rri.ro\\\/de\"},{\"@type\":\"ListItem\",\"position\":2,\"name\":\"Aktuell\",\"item\":\"https:\\\/\\\/www.rri.ro\\\/de\\\/aktuell\"},{\"@type\":\"ListItem\",\"position\":3,\"name\":\"Newsflash\",\"item\":\"https:\\\/\\\/www.rri.ro\\\/de\\\/aktuell\\\/newsflash-de\"},{\"@type\":\"ListItem\",\"position\":4,\"name\":\"Nachrichten 10.02.2020\"}]},{\"@type\":\"WebSite\",\"@id\":\"https:\\\/\\\/www.rri.ro\\\/#website\",\"url\":\"https:\\\/\\\/www.rri.ro\\\/\",\"name\":\"Radio Rum\u00e4nien International\",\"description\":\"Totul despre Rom\u00e2nia \u015fi rom\u00e2ni, \u00een 13 limbi\\\/dialecte!\",\"inLanguage\":\"de\"},{\"@type\":\"Person\",\"@id\":\"https:\\\/\\\/www.rri.ro\\\/#\\\/schema\\\/person\\\/4a479940371b9fdefd194f561e8a7f88\",\"name\":\"Newsroom\",\"url\":\"https:\\\/\\\/www.rri.ro\\\/de\\\/author\\\/newsroom\"}]}<\/script>\n<!-- \/ Yoast SEO plugin. -->","yoast_head_json":{"title":"Nachrichten 10.02.2020 - Radio Rum\u00e4nien International","robots":{"index":"index","follow":"follow","max-snippet":"max-snippet:-1","max-image-preview":"max-image-preview:large","max-video-preview":"max-video-preview:-1"},"canonical":"https:\/\/www.rri.ro\/de\/aktuell\/newsflash-de\/nachrichten-10-02-2020-id633389.html","og_locale":"de_DE","og_type":"article","og_title":"Nachrichten 10.02.2020 - Radio Rum\u00e4nien International","og_description":"Der designierte rum\u00e4nische Premierminister, der Liberale Ludovic Orban, hat dem Parlament die Liste der Minister und das aktualisierte Regierungsprogramm vorgelegt, um die Investitierungsverfahren einzuleiten. Er sagte, die neue Regierung habe die gleichen Mitglieder wie die, die letzte Woche durch einen Misstrauensantrag entlassen wurde. Der Antrag war von der PSD und der UDMR eingereicht worden, als [&hellip;]","og_url":"https:\/\/www.rri.ro\/de\/aktuell\/newsflash-de\/nachrichten-10-02-2020-id633389.html","og_site_name":"Radio Rum\u00e4nien International","article_published_time":"2020-02-10T16:11:00+00:00","og_image":[{"width":640,"height":427,"url":"https:\/\/www.rri.ro\/wp-content\/uploads\/2023\/10\/stiri-germana-ok2-2.png","type":"image\/png"}],"author":"Newsroom","twitter_card":"summary_large_image","twitter_misc":{"Verfasst von":"Newsroom","Gesch\u00e4tzte Lesezeit":"4\u00a0Minuten","Written by":"Newsroom"},"schema":{"@context":"https:\/\/schema.org","@graph":[{"@type":"Article","@id":"https:\/\/www.rri.ro\/de\/aktuell\/newsflash-de\/nachrichten-10-02-2020-id633389.html#article","isPartOf":{"@id":"https:\/\/www.rri.ro\/de\/aktuell\/newsflash-de\/nachrichten-10-02-2020-id633389.html"},"author":{"name":"Newsroom","@id":"https:\/\/www.rri.ro\/#\/schema\/person\/4a479940371b9fdefd194f561e8a7f88"},"headline":"Nachrichten 10.02.2020","datePublished":"2020-02-10T16:11:00+00:00","mainEntityOfPage":{"@id":"https:\/\/www.rri.ro\/de\/aktuell\/newsflash-de\/nachrichten-10-02-2020-id633389.html"},"wordCount":778,"image":{"@id":"https:\/\/www.rri.ro\/de\/aktuell\/newsflash-de\/nachrichten-10-02-2020-id633389.html#primaryimage"},"thumbnailUrl":"https:\/\/www.rri.ro\/wp-content\/uploads\/2023\/10\/stiri-germana-ok2-2.png","keywords":["Au\u00dfenminister Bogdan Aurescu","coronavirus","Grippevirus","Handelsbilanzdefizit","Klaus Iohannis","Ludovic Orban","minister","Ministertagung der Internationalen Konferenz f\u00fcr nukleare Sicherheit","Regierung","s\u00fcdkoreanischer Spielfilm Parasite"],"articleSection":["Newsflash"],"inLanguage":"de"},{"@type":"WebPage","@id":"https:\/\/www.rri.ro\/de\/aktuell\/newsflash-de\/nachrichten-10-02-2020-id633389.html","url":"https:\/\/www.rri.ro\/de\/aktuell\/newsflash-de\/nachrichten-10-02-2020-id633389.html","name":"Nachrichten 10.02.2020 - Radio Rum\u00e4nien International","isPartOf":{"@id":"https:\/\/www.rri.ro\/#website"},"primaryImageOfPage":{"@id":"https:\/\/www.rri.ro\/de\/aktuell\/newsflash-de\/nachrichten-10-02-2020-id633389.html#primaryimage"},"image":{"@id":"https:\/\/www.rri.ro\/de\/aktuell\/newsflash-de\/nachrichten-10-02-2020-id633389.html#primaryimage"},"thumbnailUrl":"https:\/\/www.rri.ro\/wp-content\/uploads\/2023\/10\/stiri-germana-ok2-2.png","datePublished":"2020-02-10T16:11:00+00:00","author":{"@id":"https:\/\/www.rri.ro\/#\/schema\/person\/4a479940371b9fdefd194f561e8a7f88"},"breadcrumb":{"@id":"https:\/\/www.rri.ro\/de\/aktuell\/newsflash-de\/nachrichten-10-02-2020-id633389.html#breadcrumb"},"inLanguage":"de","potentialAction":[{"@type":"ReadAction","target":["https:\/\/www.rri.ro\/de\/aktuell\/newsflash-de\/nachrichten-10-02-2020-id633389.html"]}]},{"@type":"ImageObject","inLanguage":"de","@id":"https:\/\/www.rri.ro\/de\/aktuell\/newsflash-de\/nachrichten-10-02-2020-id633389.html#primaryimage","url":"https:\/\/www.rri.ro\/wp-content\/uploads\/2023\/10\/stiri-germana-ok2-2.png","contentUrl":"https:\/\/www.rri.ro\/wp-content\/uploads\/2023\/10\/stiri-germana-ok2-2.png","width":640,"height":427},{"@type":"BreadcrumbList","@id":"https:\/\/www.rri.ro\/de\/aktuell\/newsflash-de\/nachrichten-10-02-2020-id633389.html#breadcrumb","itemListElement":[{"@type":"ListItem","position":1,"name":"Startseite","item":"https:\/\/www.rri.ro\/de"},{"@type":"ListItem","position":2,"name":"Aktuell","item":"https:\/\/www.rri.ro\/de\/aktuell"},{"@type":"ListItem","position":3,"name":"Newsflash","item":"https:\/\/www.rri.ro\/de\/aktuell\/newsflash-de"},{"@type":"ListItem","position":4,"name":"Nachrichten 10.02.2020"}]},{"@type":"WebSite","@id":"https:\/\/www.rri.ro\/#website","url":"https:\/\/www.rri.ro\/","name":"Radio Rum\u00e4nien International","description":"Totul despre Rom\u00e2nia \u015fi rom\u00e2ni, \u00een 13 limbi\/dialecte!","inLanguage":"de"},{"@type":"Person","@id":"https:\/\/www.rri.ro\/#\/schema\/person\/4a479940371b9fdefd194f561e8a7f88","name":"Newsroom","url":"https:\/\/www.rri.ro\/de\/author\/newsroom"}]}},"_links":{"self":[{"href":"https:\/\/www.rri.ro\/de\/wp-json\/wp\/v2\/posts\/633389","targetHints":{"allow":["GET"]}}],"collection":[{"href":"https:\/\/www.rri.ro\/de\/wp-json\/wp\/v2\/posts"}],"about":[{"href":"https:\/\/www.rri.ro\/de\/wp-json\/wp\/v2\/types\/post"}],"author":[{"embeddable":true,"href":"https:\/\/www.rri.ro\/de\/wp-json\/wp\/v2\/users\/113"}],"replies":[{"embeddable":true,"href":"https:\/\/www.rri.ro\/de\/wp-json\/wp\/v2\/comments?post=633389"}],"version-history":[{"count":0,"href":"https:\/\/www.rri.ro\/de\/wp-json\/wp\/v2\/posts\/633389\/revisions"}],"wp:featuredmedia":[{"embeddable":true,"href":"https:\/\/www.rri.ro\/de\/wp-json\/wp\/v2\/media\/460330"}],"wp:attachment":[{"href":"https:\/\/www.rri.ro\/de\/wp-json\/wp\/v2\/media?parent=633389"}],"wp:term":[{"taxonomy":"category","embeddable":true,"href":"https:\/\/www.rri.ro\/de\/wp-json\/wp\/v2\/categories?post=633389"},{"taxonomy":"post_tag","embeddable":true,"href":"https:\/\/www.rri.ro\/de\/wp-json\/wp\/v2\/tags?post=633389"},{"taxonomy":"author","embeddable":true,"href":"https:\/\/www.rri.ro\/de\/wp-json\/wp\/v2\/coauthors?post=633389"}],"curies":[{"name":"wp","href":"https:\/\/api.w.org\/{rel}","templated":true}]}}