{"id":633424,"date":"2020-03-16T18:20:00","date_gmt":"2020-03-16T16:20:00","guid":{"rendered":"http:\/\/devrri.freshlemon.ro\/aktuell\/nachrichten-16-03-2020-id633424.html"},"modified":"2020-03-16T18:20:00","modified_gmt":"2020-03-16T16:20:00","slug":"nachrichten-16-03-2020","status":"publish","type":"post","link":"https:\/\/www.rri.ro\/de\/aktuell\/newsflash-de\/nachrichten-16-03-2020-id633424.html","title":{"rendered":"Nachrichten 16.03.2020"},"content":{"rendered":"<p>Der rum\u00e4nische Staatspr\u00e4sident Klaus Iohannis hat ab Montag der Notstand  f\u00fcr 30 Tage ausgerufen.  Daher werden Kinderg\u00e4rten, Schulen, Unis geschlossen, um Kinder, Sch\u00fcler und Studenten zu sch\u00fctzen. Die Preise k\u00f6nnen auf Medikamente, strenge Lebensmittelbed\u00fcrfnisse und \u00f6ffentliche Versorgungsleistungen begrenzt werden. Die Mitarbeiter werden sich dem Sozialschutz erfreuen. Der Notstand erm\u00f6glicht es den Beh\u00f6rden, schrittweise oder unverz\u00fcglich Ma\u00dfnahmen wie die Schlie\u00dfung von Grenzen, Restaurants, Caf\u00e9s und Clubs zu ergreifen. Gleichzeitig k\u00f6nnen Stra\u00dfen-, Schienen-, Flugverkehr auf verschiedenen Strecken und die Bukarester U-Bahn verboten werden. Im Sanit\u00e4rbereich kann das erforderliche Personal ohne Wettbewerb eingestellt werden, die erforderlichen Materialien werden durch direkten Kauf gekauft, und der Staat kann bestimmte Best\u00e4nde an Arzneimitteln verlangen. Die Regierung kann Ma\u00dfnahmen zur Unterst\u00fctzung der Unternehmer in den von COVID-19 betroffenen Gebieten treffen. In Bezug auf die Justiz wird die T\u00e4tigkeit nur in F\u00e4llen besonderer Dringlichkeit fortgesetzt. Offiziellen Angaben zufolge hat die Zahl der Infektionen in Rum\u00e4nien 167 erreicht, wobei neun der Patienten f\u00fcr geheilt erkl\u00e4rt wurden und nun aus dem Krankenhaus entlassen wurden. \u00dcber 3.000 Menschen sind in Quarant\u00e4ne und mehr als 15.500 in Isolation zu Hause und unter medizinischer Aufsicht. Au\u00dferdem werden alle asymptomatischen Personen, die aus L\u00e4ndern mit mehr als 500 Infektionen nach Rum\u00e4nien einreisen, f\u00fcr einen Zeitraum von 14 Tagen in die obligatorische Selbstisolierung zu Hause aufgenommen. Die Ma\u00dfnahme gilt f\u00fcr Personen, die auf dem Luft- und Stra\u00dfenweg einreisen. Am Samstag, als Rum\u00e4nien offiziell in die dritte Phase des Ausbruchs eintrat, verst\u00e4rkten die Beh\u00f6rden ihre Bem\u00fchungen und erg\u00e4nzten die bereits getroffenen Ma\u00dfnahmen durch neue Ma\u00dfnahmen, wie die Beschr\u00e4nkung aller kulturellen, wissenschaftlichen, k\u00fcnstlerischen, religi\u00f6sen und sportlichen Veranstaltungen in geschlossenen R\u00e4umen, an denen mehr als 50 Personen teilnehmen. Das wesentliche Personal, das den Betrieb des Kernkraftwerks in Cernavoda im S\u00fcdosten Rum\u00e4niens gew\u00e4hrleistet, befindet sich in pr\u00e4ventiver Isolation. Das Parlament verabschiedete einen \u00c4nderungsantrag, der es erm\u00f6glicht, dass seine Sitzungen und Abstimmungen unter au\u00dfergew\u00f6hnlichen Umst\u00e4nden auf elektronischem Wege stattfinden k\u00f6nnen.<\/p>\n<p>&#13;<br \/>\n&#13;<\/p>\n<p>&#13;<br \/>\n&#13;<\/p>\n<p>Die Europ\u00e4ische Kommission wird zur Bek\u00e4mpfung&#13;<br \/>\nund Eind\u00e4mmung der Ausbreitung des Coronavirus in Europa f\u00fcr 30 Tage&#13;<br \/>\nvor\u00fcbergehende Beschr\u00e4nkungen f\u00fcr nicht wesentliche Reisen in die EU einf\u00fchren.&#13;<br \/>\nDie Staats- und Regierungschefs der Mitgliedstaaten werden am Dienstag eine&#13;<br \/>\nVideokonferenz abhalten. <span style=font-size: 1em;>Immer mehr Staaten in Europa, laut Weltgesundheitsorganisation das neue Epizentrum der Coronavirus-Pandemie, haben drastische Ma\u00dfnahmen ergriffen, um die Ausbreitung des Virus einzud\u00e4mmen. In Italien, das seit mehreren Tagen isoliert ist, gab es am Sonntag einen Rekord von 368 Todesf\u00e4llen innerhalb von 24 Stunden. Spanien ist fast vollst\u00e4ndig geschlossen und ist nach Italien das am zweitst\u00e4rksten betroffene Land in Europa. Die spanischen Beh\u00f6rden sagten am Montag, dass die anf\u00e4ngliche 15-t\u00e4gige Quarant\u00e4nezeit verl\u00e4ngert wird. Die Situation verschlechtert sich auch in Frankreich und Deutschland hat die Grenzen zu \u00d6sterreich, D\u00e4nemark, Frankreich, Luxemburg und der Schweiz teilweise geschlossen. Polen hat bereits letzte Woche seine Grenze zu Deutschland geschlossen. Die Weltgesundheitsorganisation sagt, dass die meisten F\u00e4lle von Infektionen mit Covid-19 nun au\u00dferhalb Chinas, dem Land, in dem der Ausbruch begann, auftreten. Am Montag k\u00fcndigte China 16 neue Infektionen an, davon 12 bei Personen, die aus dem Ausland kommen, und sagte, dass jeder, der nach Peking einreist, automatisch f\u00fcr 14 Tage in Quarant\u00e4ne gehen wird.<\/span><\/p>\n<\/p>\n<p>&#13;<br \/>\n&#13;<\/p>\n<p>&#13;<br \/>\n&#13;<\/p>\n<p>In Rum\u00e4nien legen die Beh\u00f6rden die Kriterien f\u00fcr die Gew\u00e4hrung staatlicher Beihilfen in den vom Coronavirus-Ausbruch am st\u00e4rksten betroffenen Wirtschaftsgebieten fest. Premierminister Ludovic Orban hat bereits eine Reihe von Ma\u00dfnahmen angek\u00fcndigt, wie etwa die schnelle R\u00fcckerstattung der Mehrwertsteuer, die Auszahlung ausstehender Krankenst\u00e4nde an Unternehmen und Ma\u00dfnahmen gegen Leerlaufzeiten. Als weitere Entwicklung hat die US-Zentralbank eine Senkung der Leitzinss\u00e4tze auf nahezu Null und die Anwendung eines Krisenprogramms, das als quantitative Lockerung bezeichnet wird, durch den Ankauf von Staatsanleihen im Wert von 700 Milliarden Dollar angek\u00fcndigt. Die Europ\u00e4ische Union sagt, dass sie im Rahmen ihrer Koh\u00e4sionspolitik 37 Milliarden Euro zur Finanzierung von Investitionen zur Bek\u00e4mpfung der wirtschaftlichen Folgen der durch den Ausbruch des Coronavirus verursachten Krise bereitstellen wird.<\/p>\n<p>&#13;<br \/>\n&#13;<\/p>\n<p>&#13;<br \/>\n&#13;<\/p>\n<p>Am Montag hat in Seattle in den USA die erste Humanstudie f\u00fcr einen Coronavirus-Impfstoff begonnen. Die Studie beginnt mit 45 gesunden jungen Freiwilligen, die den Impfstoff erhalten, ohne infiziert zu werden, da der Impfstoff keine Bestandteile des Virus enth\u00e4lt. Letzteres wird auf die Zellen im K\u00f6rper \u00fcbertragen, um ein Protein zu produzieren, das die Krankheit verhindert, behandelt oder heilt. In der Studie wird gepr\u00fcft, ob die Dosen eine Immunisierung bewirken. Nach Angaben der Gesundheitsbeh\u00f6rden wird es zwischen 12 und 18 Monate dauern, bis ein potenzieller Impfstoff vollst\u00e4ndig validiert ist, so die BBC.<\/p>\n<p>&#13;<\/p>\n","protected":false},"excerpt":{"rendered":"<p>Der rum\u00e4nische Staatspr\u00e4sident Klaus Iohannis hat ab Montag der Notstand f\u00fcr 30 Tage ausgerufen. Daher werden Kinderg\u00e4rten, Schulen, Unis geschlossen, um Kinder, Sch\u00fcler und Studenten zu sch\u00fctzen. Die Preise k\u00f6nnen auf Medikamente, strenge Lebensmittelbed\u00fcrfnisse und \u00f6ffentliche Versorgungsleistungen begrenzt werden. Die Mitarbeiter werden sich dem Sozialschutz erfreuen. Der Notstand erm\u00f6glicht es den Beh\u00f6rden, schrittweise oder unverz\u00fcglich [&hellip;]<\/p>\n","protected":false},"author":113,"featured_media":460330,"comment_status":"closed","ping_status":"closed","sticky":false,"template":"","format":"standard","meta":{"_acf_changed":false,"footnotes":""},"categories":[116753],"tags":[127492,35374,137226,127493,30168,104950,104913,127491,101993],"coauthors":[],"class_list":["post-633424","post","type-post","status-publish","format-standard","has-post-thumbnail","hentry","category-newsflash-de","tag-coronavirus-impfstoff","tag-covid-19","tag-klaus-iohannis-de","tag-krisenprogramm","tag-ludovic-orban","tag-notstand","tag-quarantaene","tag-seattle","tag-weltgesundheitsorganisation"],"acf":[],"yoast_head":"<!-- This site is optimized with the Yoast SEO plugin v27.5 - https:\/\/yoast.com\/product\/yoast-seo-wordpress\/ -->\n<title>Nachrichten 16.03.2020 - Radio Rum\u00e4nien International<\/title>\n<meta name=\"robots\" content=\"index, follow, max-snippet:-1, max-image-preview:large, max-video-preview:-1\" \/>\n<link rel=\"canonical\" href=\"https:\/\/www.rri.ro\/de\/aktuell\/newsflash-de\/nachrichten-16-03-2020-id633424.html\" \/>\n<meta property=\"og:locale\" content=\"de_DE\" \/>\n<meta property=\"og:type\" content=\"article\" \/>\n<meta property=\"og:title\" content=\"Nachrichten 16.03.2020 - Radio Rum\u00e4nien International\" \/>\n<meta property=\"og:description\" content=\"Der rum\u00e4nische Staatspr\u00e4sident Klaus Iohannis hat ab Montag der Notstand f\u00fcr 30 Tage ausgerufen. Daher werden Kinderg\u00e4rten, Schulen, Unis geschlossen, um Kinder, Sch\u00fcler und Studenten zu sch\u00fctzen. Die Preise k\u00f6nnen auf Medikamente, strenge Lebensmittelbed\u00fcrfnisse und \u00f6ffentliche Versorgungsleistungen begrenzt werden. Die Mitarbeiter werden sich dem Sozialschutz erfreuen. Der Notstand erm\u00f6glicht es den Beh\u00f6rden, schrittweise oder unverz\u00fcglich [&hellip;]\" \/>\n<meta property=\"og:url\" content=\"https:\/\/www.rri.ro\/de\/aktuell\/newsflash-de\/nachrichten-16-03-2020-id633424.html\" \/>\n<meta property=\"og:site_name\" content=\"Radio Rum\u00e4nien International\" \/>\n<meta property=\"article:published_time\" content=\"2020-03-16T16:20:00+00:00\" \/>\n<meta property=\"og:image\" content=\"https:\/\/www.rri.ro\/wp-content\/uploads\/2023\/10\/stiri-germana-ok2-2.png\" \/>\n\t<meta property=\"og:image:width\" content=\"640\" \/>\n\t<meta property=\"og:image:height\" content=\"427\" \/>\n\t<meta property=\"og:image:type\" content=\"image\/png\" \/>\n<meta name=\"author\" content=\"Newsroom\" \/>\n<meta name=\"twitter:card\" content=\"summary_large_image\" \/>\n<meta name=\"twitter:label1\" content=\"Verfasst von\" \/>\n\t<meta name=\"twitter:data1\" content=\"Newsroom\" \/>\n\t<meta name=\"twitter:label2\" content=\"Gesch\u00e4tzte Lesezeit\" \/>\n\t<meta name=\"twitter:data2\" content=\"4\u00a0Minuten\" \/>\n\t<meta name=\"twitter:label3\" content=\"Written by\" \/>\n\t<meta name=\"twitter:data3\" content=\"Newsroom\" \/>\n<script type=\"application\/ld+json\" class=\"yoast-schema-graph\">{\"@context\":\"https:\\\/\\\/schema.org\",\"@graph\":[{\"@type\":\"Article\",\"@id\":\"https:\\\/\\\/www.rri.ro\\\/de\\\/aktuell\\\/newsflash-de\\\/nachrichten-16-03-2020-id633424.html#article\",\"isPartOf\":{\"@id\":\"https:\\\/\\\/www.rri.ro\\\/de\\\/aktuell\\\/newsflash-de\\\/nachrichten-16-03-2020-id633424.html\"},\"author\":{\"name\":\"Newsroom\",\"@id\":\"https:\\\/\\\/www.rri.ro\\\/#\\\/schema\\\/person\\\/4a479940371b9fdefd194f561e8a7f88\"},\"headline\":\"Nachrichten 16.03.2020\",\"datePublished\":\"2020-03-16T16:20:00+00:00\",\"mainEntityOfPage\":{\"@id\":\"https:\\\/\\\/www.rri.ro\\\/de\\\/aktuell\\\/newsflash-de\\\/nachrichten-16-03-2020-id633424.html\"},\"wordCount\":797,\"image\":{\"@id\":\"https:\\\/\\\/www.rri.ro\\\/de\\\/aktuell\\\/newsflash-de\\\/nachrichten-16-03-2020-id633424.html#primaryimage\"},\"thumbnailUrl\":\"https:\\\/\\\/www.rri.ro\\\/wp-content\\\/uploads\\\/2023\\\/10\\\/stiri-germana-ok2-2.png\",\"keywords\":[\"Coronavirus-Impfstoff\",\"Covid-19\",\"Klaus Iohannis\",\"Krisenprogramm\",\"Ludovic Orban\",\"Notstand\",\"Quarant\u00e4ne\",\"Seattle\",\"Weltgesundheitsorganisation\"],\"articleSection\":[\"Newsflash\"],\"inLanguage\":\"de\"},{\"@type\":\"WebPage\",\"@id\":\"https:\\\/\\\/www.rri.ro\\\/de\\\/aktuell\\\/newsflash-de\\\/nachrichten-16-03-2020-id633424.html\",\"url\":\"https:\\\/\\\/www.rri.ro\\\/de\\\/aktuell\\\/newsflash-de\\\/nachrichten-16-03-2020-id633424.html\",\"name\":\"Nachrichten 16.03.2020 - Radio Rum\u00e4nien International\",\"isPartOf\":{\"@id\":\"https:\\\/\\\/www.rri.ro\\\/#website\"},\"primaryImageOfPage\":{\"@id\":\"https:\\\/\\\/www.rri.ro\\\/de\\\/aktuell\\\/newsflash-de\\\/nachrichten-16-03-2020-id633424.html#primaryimage\"},\"image\":{\"@id\":\"https:\\\/\\\/www.rri.ro\\\/de\\\/aktuell\\\/newsflash-de\\\/nachrichten-16-03-2020-id633424.html#primaryimage\"},\"thumbnailUrl\":\"https:\\\/\\\/www.rri.ro\\\/wp-content\\\/uploads\\\/2023\\\/10\\\/stiri-germana-ok2-2.png\",\"datePublished\":\"2020-03-16T16:20:00+00:00\",\"author\":{\"@id\":\"https:\\\/\\\/www.rri.ro\\\/#\\\/schema\\\/person\\\/4a479940371b9fdefd194f561e8a7f88\"},\"breadcrumb\":{\"@id\":\"https:\\\/\\\/www.rri.ro\\\/de\\\/aktuell\\\/newsflash-de\\\/nachrichten-16-03-2020-id633424.html#breadcrumb\"},\"inLanguage\":\"de\",\"potentialAction\":[{\"@type\":\"ReadAction\",\"target\":[\"https:\\\/\\\/www.rri.ro\\\/de\\\/aktuell\\\/newsflash-de\\\/nachrichten-16-03-2020-id633424.html\"]}]},{\"@type\":\"ImageObject\",\"inLanguage\":\"de\",\"@id\":\"https:\\\/\\\/www.rri.ro\\\/de\\\/aktuell\\\/newsflash-de\\\/nachrichten-16-03-2020-id633424.html#primaryimage\",\"url\":\"https:\\\/\\\/www.rri.ro\\\/wp-content\\\/uploads\\\/2023\\\/10\\\/stiri-germana-ok2-2.png\",\"contentUrl\":\"https:\\\/\\\/www.rri.ro\\\/wp-content\\\/uploads\\\/2023\\\/10\\\/stiri-germana-ok2-2.png\",\"width\":640,\"height\":427},{\"@type\":\"BreadcrumbList\",\"@id\":\"https:\\\/\\\/www.rri.ro\\\/de\\\/aktuell\\\/newsflash-de\\\/nachrichten-16-03-2020-id633424.html#breadcrumb\",\"itemListElement\":[{\"@type\":\"ListItem\",\"position\":1,\"name\":\"Startseite\",\"item\":\"https:\\\/\\\/www.rri.ro\\\/de\"},{\"@type\":\"ListItem\",\"position\":2,\"name\":\"Aktuell\",\"item\":\"https:\\\/\\\/www.rri.ro\\\/de\\\/aktuell\"},{\"@type\":\"ListItem\",\"position\":3,\"name\":\"Newsflash\",\"item\":\"https:\\\/\\\/www.rri.ro\\\/de\\\/aktuell\\\/newsflash-de\"},{\"@type\":\"ListItem\",\"position\":4,\"name\":\"Nachrichten 16.03.2020\"}]},{\"@type\":\"WebSite\",\"@id\":\"https:\\\/\\\/www.rri.ro\\\/#website\",\"url\":\"https:\\\/\\\/www.rri.ro\\\/\",\"name\":\"Radio Rum\u00e4nien International\",\"description\":\"Totul despre Rom\u00e2nia \u015fi rom\u00e2ni, \u00een 13 limbi\\\/dialecte!\",\"inLanguage\":\"de\"},{\"@type\":\"Person\",\"@id\":\"https:\\\/\\\/www.rri.ro\\\/#\\\/schema\\\/person\\\/4a479940371b9fdefd194f561e8a7f88\",\"name\":\"Newsroom\",\"url\":\"https:\\\/\\\/www.rri.ro\\\/de\\\/author\\\/newsroom\"}]}<\/script>\n<!-- \/ Yoast SEO plugin. -->","yoast_head_json":{"title":"Nachrichten 16.03.2020 - Radio Rum\u00e4nien International","robots":{"index":"index","follow":"follow","max-snippet":"max-snippet:-1","max-image-preview":"max-image-preview:large","max-video-preview":"max-video-preview:-1"},"canonical":"https:\/\/www.rri.ro\/de\/aktuell\/newsflash-de\/nachrichten-16-03-2020-id633424.html","og_locale":"de_DE","og_type":"article","og_title":"Nachrichten 16.03.2020 - Radio Rum\u00e4nien International","og_description":"Der rum\u00e4nische Staatspr\u00e4sident Klaus Iohannis hat ab Montag der Notstand f\u00fcr 30 Tage ausgerufen. Daher werden Kinderg\u00e4rten, Schulen, Unis geschlossen, um Kinder, Sch\u00fcler und Studenten zu sch\u00fctzen. Die Preise k\u00f6nnen auf Medikamente, strenge Lebensmittelbed\u00fcrfnisse und \u00f6ffentliche Versorgungsleistungen begrenzt werden. Die Mitarbeiter werden sich dem Sozialschutz erfreuen. Der Notstand erm\u00f6glicht es den Beh\u00f6rden, schrittweise oder unverz\u00fcglich [&hellip;]","og_url":"https:\/\/www.rri.ro\/de\/aktuell\/newsflash-de\/nachrichten-16-03-2020-id633424.html","og_site_name":"Radio Rum\u00e4nien International","article_published_time":"2020-03-16T16:20:00+00:00","og_image":[{"width":640,"height":427,"url":"https:\/\/www.rri.ro\/wp-content\/uploads\/2023\/10\/stiri-germana-ok2-2.png","type":"image\/png"}],"author":"Newsroom","twitter_card":"summary_large_image","twitter_misc":{"Verfasst von":"Newsroom","Gesch\u00e4tzte Lesezeit":"4\u00a0Minuten","Written by":"Newsroom"},"schema":{"@context":"https:\/\/schema.org","@graph":[{"@type":"Article","@id":"https:\/\/www.rri.ro\/de\/aktuell\/newsflash-de\/nachrichten-16-03-2020-id633424.html#article","isPartOf":{"@id":"https:\/\/www.rri.ro\/de\/aktuell\/newsflash-de\/nachrichten-16-03-2020-id633424.html"},"author":{"name":"Newsroom","@id":"https:\/\/www.rri.ro\/#\/schema\/person\/4a479940371b9fdefd194f561e8a7f88"},"headline":"Nachrichten 16.03.2020","datePublished":"2020-03-16T16:20:00+00:00","mainEntityOfPage":{"@id":"https:\/\/www.rri.ro\/de\/aktuell\/newsflash-de\/nachrichten-16-03-2020-id633424.html"},"wordCount":797,"image":{"@id":"https:\/\/www.rri.ro\/de\/aktuell\/newsflash-de\/nachrichten-16-03-2020-id633424.html#primaryimage"},"thumbnailUrl":"https:\/\/www.rri.ro\/wp-content\/uploads\/2023\/10\/stiri-germana-ok2-2.png","keywords":["Coronavirus-Impfstoff","Covid-19","Klaus Iohannis","Krisenprogramm","Ludovic Orban","Notstand","Quarant\u00e4ne","Seattle","Weltgesundheitsorganisation"],"articleSection":["Newsflash"],"inLanguage":"de"},{"@type":"WebPage","@id":"https:\/\/www.rri.ro\/de\/aktuell\/newsflash-de\/nachrichten-16-03-2020-id633424.html","url":"https:\/\/www.rri.ro\/de\/aktuell\/newsflash-de\/nachrichten-16-03-2020-id633424.html","name":"Nachrichten 16.03.2020 - Radio Rum\u00e4nien International","isPartOf":{"@id":"https:\/\/www.rri.ro\/#website"},"primaryImageOfPage":{"@id":"https:\/\/www.rri.ro\/de\/aktuell\/newsflash-de\/nachrichten-16-03-2020-id633424.html#primaryimage"},"image":{"@id":"https:\/\/www.rri.ro\/de\/aktuell\/newsflash-de\/nachrichten-16-03-2020-id633424.html#primaryimage"},"thumbnailUrl":"https:\/\/www.rri.ro\/wp-content\/uploads\/2023\/10\/stiri-germana-ok2-2.png","datePublished":"2020-03-16T16:20:00+00:00","author":{"@id":"https:\/\/www.rri.ro\/#\/schema\/person\/4a479940371b9fdefd194f561e8a7f88"},"breadcrumb":{"@id":"https:\/\/www.rri.ro\/de\/aktuell\/newsflash-de\/nachrichten-16-03-2020-id633424.html#breadcrumb"},"inLanguage":"de","potentialAction":[{"@type":"ReadAction","target":["https:\/\/www.rri.ro\/de\/aktuell\/newsflash-de\/nachrichten-16-03-2020-id633424.html"]}]},{"@type":"ImageObject","inLanguage":"de","@id":"https:\/\/www.rri.ro\/de\/aktuell\/newsflash-de\/nachrichten-16-03-2020-id633424.html#primaryimage","url":"https:\/\/www.rri.ro\/wp-content\/uploads\/2023\/10\/stiri-germana-ok2-2.png","contentUrl":"https:\/\/www.rri.ro\/wp-content\/uploads\/2023\/10\/stiri-germana-ok2-2.png","width":640,"height":427},{"@type":"BreadcrumbList","@id":"https:\/\/www.rri.ro\/de\/aktuell\/newsflash-de\/nachrichten-16-03-2020-id633424.html#breadcrumb","itemListElement":[{"@type":"ListItem","position":1,"name":"Startseite","item":"https:\/\/www.rri.ro\/de"},{"@type":"ListItem","position":2,"name":"Aktuell","item":"https:\/\/www.rri.ro\/de\/aktuell"},{"@type":"ListItem","position":3,"name":"Newsflash","item":"https:\/\/www.rri.ro\/de\/aktuell\/newsflash-de"},{"@type":"ListItem","position":4,"name":"Nachrichten 16.03.2020"}]},{"@type":"WebSite","@id":"https:\/\/www.rri.ro\/#website","url":"https:\/\/www.rri.ro\/","name":"Radio Rum\u00e4nien International","description":"Totul despre Rom\u00e2nia \u015fi rom\u00e2ni, \u00een 13 limbi\/dialecte!","inLanguage":"de"},{"@type":"Person","@id":"https:\/\/www.rri.ro\/#\/schema\/person\/4a479940371b9fdefd194f561e8a7f88","name":"Newsroom","url":"https:\/\/www.rri.ro\/de\/author\/newsroom"}]}},"_links":{"self":[{"href":"https:\/\/www.rri.ro\/de\/wp-json\/wp\/v2\/posts\/633424","targetHints":{"allow":["GET"]}}],"collection":[{"href":"https:\/\/www.rri.ro\/de\/wp-json\/wp\/v2\/posts"}],"about":[{"href":"https:\/\/www.rri.ro\/de\/wp-json\/wp\/v2\/types\/post"}],"author":[{"embeddable":true,"href":"https:\/\/www.rri.ro\/de\/wp-json\/wp\/v2\/users\/113"}],"replies":[{"embeddable":true,"href":"https:\/\/www.rri.ro\/de\/wp-json\/wp\/v2\/comments?post=633424"}],"version-history":[{"count":0,"href":"https:\/\/www.rri.ro\/de\/wp-json\/wp\/v2\/posts\/633424\/revisions"}],"wp:featuredmedia":[{"embeddable":true,"href":"https:\/\/www.rri.ro\/de\/wp-json\/wp\/v2\/media\/460330"}],"wp:attachment":[{"href":"https:\/\/www.rri.ro\/de\/wp-json\/wp\/v2\/media?parent=633424"}],"wp:term":[{"taxonomy":"category","embeddable":true,"href":"https:\/\/www.rri.ro\/de\/wp-json\/wp\/v2\/categories?post=633424"},{"taxonomy":"post_tag","embeddable":true,"href":"https:\/\/www.rri.ro\/de\/wp-json\/wp\/v2\/tags?post=633424"},{"taxonomy":"author","embeddable":true,"href":"https:\/\/www.rri.ro\/de\/wp-json\/wp\/v2\/coauthors?post=633424"}],"curies":[{"name":"wp","href":"https:\/\/api.w.org\/{rel}","templated":true}]}}