{"id":633430,"date":"2020-03-22T16:13:00","date_gmt":"2020-03-22T14:13:00","guid":{"rendered":"http:\/\/devrri.freshlemon.ro\/aktuell\/nachrichten-22-03-2020-id633430.html"},"modified":"2020-03-22T16:13:00","modified_gmt":"2020-03-22T14:13:00","slug":"nachrichten-22-03-2020","status":"publish","type":"post","link":"https:\/\/www.rri.ro\/de\/aktuell\/newsflash-de\/nachrichten-22-03-2020-id633430.html","title":{"rendered":"Nachrichten 22.03.2020"},"content":{"rendered":"<p><strong>Bukarest:<\/strong> Rum\u00e4nien hat die ersten 2 Todesf\u00e4lle gemeldet, die durch COVID-19 im Land verursacht wurden. Nach Angaben der Strategischen Kommunikationsgruppe handelte es sich dabei um einen 67-j\u00e4hrigen Mann, der an Krebs im Endstadium litt und einen 74-j\u00e4hrigen Mann mit einer chronischen Krankheit. Bislang wurden in Rum\u00e4nien 433 F\u00e4lle best\u00e4tigt, von denen 64 geheilt und und aus dem Krankenhaus entlassen wurden. Nach Angaben des Au\u200e\u00dfenministeriums sind 8 rum\u00e4nische B\u00fcrger im Ausland an den Folgen des COVID-19 gestorben, 7 in Italien und 1 in Frankreich.<\/p>\n<p>&#13;<br \/>\n&#13;<\/p>\n<p>&#13;<br \/>\n&#13;<\/p>\n<p><strong>Bukarest:<\/strong> Die Beh\u00f6rden in Bukarest haben am Samstagabend neue Ma\u200e\u00dfnahmen angek\u00fcndigt, um die Verbreitung von COVID-19 einzud\u00e4mmen. Laut Innenminister Marcel Vela soll der Einzelhandel vor\u00fcbergehend ausgesetzt werden, die Ma\u200e\u00dfnahme betrifft jedoch nicht die Lebensmittel, Veterin\u00e4rprodukte und Medikamente. Nach einem vom Innenminister vorgelegten Milit\u00e4rbefehl tritt die Ma\u200e\u00dfnahme Sonntag Abend in Kraft. Auch die Zahnarztpraxen werden geschlossen, nur die Notf\u00e4lle sollen ab Montag behandelt werden. Es wurde eine Ausgangssperre von 22.00 bis 6.00 Uhr eingef\u00fchrt, die es den Menschen erlaubt, ihre Wohnung nachts nur f\u00fcr berufliche Zwecke zu verlassen oder Lebensmittel oder andere wichtige Dinge zu kaufen. Rum\u00e4nien hat auch die Grenzen f\u00fcr ausl\u00e4ndische B\u00fcrger und Staatenlose geschlossen, mit Ausnahme der mit den Nachbarstaaten vereinbarten Transitkorridore. Ausnahmen von dieser Regel sind ausl\u00e4ndische Familienangeh\u00f6rige rum\u00e4nischer B\u00fcrger, Familienangeh\u00f6rige anderer EU-B\u00fcrger oder B\u00fcrger des Europ\u00e4ischen Wirtschaftsraums oder der Schweizerischen Eidgenossenschaft, die in Rum\u00e4nien wohnen, Personen, die aus beruflichen Gr\u00fcnden reisen, diplomatisches und konsularisches Personal, Mitarbeiter internationaler Organisationen, milit\u00e4risches und humanit\u00e4res Personal, Passagiere im Transit durch Rum\u00e4nien oder Passagiere, die in strikter medizinischer oder famili\u00e4rer Notlage reisen, Personen, die internationalen Schutz ben\u00f6tigen oder Personen, die aus humanit\u00e4ren Gr\u00fcnden reisen.<\/p>\n<p>&#13;<br \/>\n&#13;<\/p>\n<p>&#13;<br \/>\n&#13;<\/p>\n<p>Mindestens 900 Millionen Menschen in \u00fcber 35 L\u00e4ndern der Welt sind in Isolation, entweder im Rahmen der von den nationalen Beh\u00f6rden eingef\u00fchrten verbindlichen Ma\u200e\u00dfnahmen oder aufgrund von Empfehlungen der Beh\u00f6rden im Zusammenhang mit der Coronavirus-Pandemie. In Haiti, der Dominikanischen Republik, Jordanien und Burkina Faso wurden Ausgangssperren eingef\u00fchrt. In S\u00fcdamerika hat Bolivien eine landesweite Quarant\u00e4ne beschlossen, w\u00e4hrend Kolumbien und der brasilianische Bundesstaat Sao Paulo ab Dienstag das gleiche tun werden. Auch in den USA wurden 30% der B\u00fcrger angewiesen, zu Hause zu bleiben. Seit Beginn der Epidemie wurden \u00fcber 300.000 COVID-19-F\u00e4lle in 169 L\u00e4ndern gemeldet, und die Zahl der Todesf\u00e4lle \u00fcbersteigt 12.800. Das am schlimmsten betroffene Land der Welt ist nun Italien, wo sich die Situation weiter verschlechtert. Die Zahl der Opfer in diesem Land liegt bei \u00fcber 4.800. In Gro\u200e\u00dfbritannien hat die Regierung 1,5 Millionen gef\u00e4hrdete Menschen aufgefordert, drei Monate lang zu Hause zu bleiben.<\/p>\n<p>&#13;<br \/>\n&#13;<\/p>\n<p>&#13;<br \/>\n&#13;<\/p>\n<p>Die Vereinten Nationen fordern eine bessere Nutzung von Wasser, um den Klimawandel zu bek\u00e4mpfen. In einem zum Weltwassertag ver\u00f6ffentlichten Bericht betont die Organisation, dass eine bessere Bewirtschaftung der Wasserressourcen die globale Erw\u00e4rmung eind\u00e4mmen k\u00f6nnte. Laut UNO, sollte die Behandlung gr\u00f6\u200e\u00dferer Mengen von gebrauchtem Wasser eine Priorit\u00e4t sein. Bis zu 90 % des gebrauchten Wassers werden derzeit nicht behandelt, obwohl es eine wichtige Quelle f\u00fcr das Treibhausgas Methan ist. Die UNO fordert auch den Schutz und den Wiederaufbau von Feuchtgebieten, die doppelt so viel Kohlenstoff speichern wie W\u00e4lder, w\u00e4hrend sie gleichzeitig \u00dcberschwemmungen verhindern und einen Lebensraum f\u00fcr Wildtiere bieten.   <\/p>\n<p>&#13;<\/p>\n","protected":false},"excerpt":{"rendered":"<p>Die wichtigsten Meldungen des Tages im \u00dcberblick<\/p>\n","protected":false},"author":113,"featured_media":460330,"comment_status":"closed","ping_status":"closed","sticky":false,"template":"","format":"standard","meta":{"_acf_changed":false,"footnotes":""},"categories":[116753],"tags":[35374,35635,100378,104913,100018,101807],"coauthors":[],"class_list":["post-633430","post","type-post","status-publish","format-standard","has-post-thumbnail","hentry","category-newsflash-de","tag-covid-19","tag-isolation","tag-massnahmen","tag-quarantaene","tag-vereinte-nationen","tag-wasser"],"acf":[],"yoast_head":"<!-- This site is optimized with the Yoast SEO plugin v27.5 - https:\/\/yoast.com\/product\/yoast-seo-wordpress\/ -->\n<title>Nachrichten 22.03.2020 - Radio Rum\u00e4nien International<\/title>\n<meta name=\"robots\" content=\"index, follow, max-snippet:-1, max-image-preview:large, max-video-preview:-1\" \/>\n<link rel=\"canonical\" href=\"https:\/\/www.rri.ro\/de\/aktuell\/newsflash-de\/nachrichten-22-03-2020-id633430.html\" \/>\n<meta property=\"og:locale\" content=\"de_DE\" \/>\n<meta property=\"og:type\" content=\"article\" \/>\n<meta property=\"og:title\" content=\"Nachrichten 22.03.2020 - Radio Rum\u00e4nien International\" \/>\n<meta property=\"og:description\" content=\"Die wichtigsten Meldungen des Tages im \u00dcberblick\" \/>\n<meta property=\"og:url\" content=\"https:\/\/www.rri.ro\/de\/aktuell\/newsflash-de\/nachrichten-22-03-2020-id633430.html\" \/>\n<meta property=\"og:site_name\" content=\"Radio Rum\u00e4nien International\" \/>\n<meta property=\"article:published_time\" content=\"2020-03-22T14:13:00+00:00\" \/>\n<meta property=\"og:image\" content=\"https:\/\/www.rri.ro\/wp-content\/uploads\/2023\/10\/stiri-germana-ok2-2.png\" \/>\n\t<meta property=\"og:image:width\" content=\"640\" \/>\n\t<meta property=\"og:image:height\" content=\"427\" \/>\n\t<meta property=\"og:image:type\" content=\"image\/png\" \/>\n<meta name=\"author\" content=\"Newsroom\" \/>\n<meta name=\"twitter:card\" content=\"summary_large_image\" \/>\n<meta name=\"twitter:label1\" content=\"Verfasst von\" \/>\n\t<meta name=\"twitter:data1\" content=\"Newsroom\" \/>\n\t<meta name=\"twitter:label2\" content=\"Gesch\u00e4tzte Lesezeit\" \/>\n\t<meta name=\"twitter:data2\" content=\"3\u00a0Minuten\" \/>\n\t<meta name=\"twitter:label3\" content=\"Written by\" \/>\n\t<meta name=\"twitter:data3\" content=\"Newsroom\" \/>\n<script type=\"application\/ld+json\" class=\"yoast-schema-graph\">{\"@context\":\"https:\\\/\\\/schema.org\",\"@graph\":[{\"@type\":\"Article\",\"@id\":\"https:\\\/\\\/www.rri.ro\\\/de\\\/aktuell\\\/newsflash-de\\\/nachrichten-22-03-2020-id633430.html#article\",\"isPartOf\":{\"@id\":\"https:\\\/\\\/www.rri.ro\\\/de\\\/aktuell\\\/newsflash-de\\\/nachrichten-22-03-2020-id633430.html\"},\"author\":{\"name\":\"Newsroom\",\"@id\":\"https:\\\/\\\/www.rri.ro\\\/#\\\/schema\\\/person\\\/4a479940371b9fdefd194f561e8a7f88\"},\"headline\":\"Nachrichten 22.03.2020\",\"datePublished\":\"2020-03-22T14:13:00+00:00\",\"mainEntityOfPage\":{\"@id\":\"https:\\\/\\\/www.rri.ro\\\/de\\\/aktuell\\\/newsflash-de\\\/nachrichten-22-03-2020-id633430.html\"},\"wordCount\":562,\"image\":{\"@id\":\"https:\\\/\\\/www.rri.ro\\\/de\\\/aktuell\\\/newsflash-de\\\/nachrichten-22-03-2020-id633430.html#primaryimage\"},\"thumbnailUrl\":\"https:\\\/\\\/www.rri.ro\\\/wp-content\\\/uploads\\\/2023\\\/10\\\/stiri-germana-ok2-2.png\",\"keywords\":[\"Covid-19\",\"isolation\",\"Ma\u00dfnahmen\",\"Quarant\u00e4ne\",\"Vereinte Nationen\",\"Wasser\"],\"articleSection\":[\"Newsflash\"],\"inLanguage\":\"de\"},{\"@type\":\"WebPage\",\"@id\":\"https:\\\/\\\/www.rri.ro\\\/de\\\/aktuell\\\/newsflash-de\\\/nachrichten-22-03-2020-id633430.html\",\"url\":\"https:\\\/\\\/www.rri.ro\\\/de\\\/aktuell\\\/newsflash-de\\\/nachrichten-22-03-2020-id633430.html\",\"name\":\"Nachrichten 22.03.2020 - Radio Rum\u00e4nien International\",\"isPartOf\":{\"@id\":\"https:\\\/\\\/www.rri.ro\\\/#website\"},\"primaryImageOfPage\":{\"@id\":\"https:\\\/\\\/www.rri.ro\\\/de\\\/aktuell\\\/newsflash-de\\\/nachrichten-22-03-2020-id633430.html#primaryimage\"},\"image\":{\"@id\":\"https:\\\/\\\/www.rri.ro\\\/de\\\/aktuell\\\/newsflash-de\\\/nachrichten-22-03-2020-id633430.html#primaryimage\"},\"thumbnailUrl\":\"https:\\\/\\\/www.rri.ro\\\/wp-content\\\/uploads\\\/2023\\\/10\\\/stiri-germana-ok2-2.png\",\"datePublished\":\"2020-03-22T14:13:00+00:00\",\"author\":{\"@id\":\"https:\\\/\\\/www.rri.ro\\\/#\\\/schema\\\/person\\\/4a479940371b9fdefd194f561e8a7f88\"},\"breadcrumb\":{\"@id\":\"https:\\\/\\\/www.rri.ro\\\/de\\\/aktuell\\\/newsflash-de\\\/nachrichten-22-03-2020-id633430.html#breadcrumb\"},\"inLanguage\":\"de\",\"potentialAction\":[{\"@type\":\"ReadAction\",\"target\":[\"https:\\\/\\\/www.rri.ro\\\/de\\\/aktuell\\\/newsflash-de\\\/nachrichten-22-03-2020-id633430.html\"]}]},{\"@type\":\"ImageObject\",\"inLanguage\":\"de\",\"@id\":\"https:\\\/\\\/www.rri.ro\\\/de\\\/aktuell\\\/newsflash-de\\\/nachrichten-22-03-2020-id633430.html#primaryimage\",\"url\":\"https:\\\/\\\/www.rri.ro\\\/wp-content\\\/uploads\\\/2023\\\/10\\\/stiri-germana-ok2-2.png\",\"contentUrl\":\"https:\\\/\\\/www.rri.ro\\\/wp-content\\\/uploads\\\/2023\\\/10\\\/stiri-germana-ok2-2.png\",\"width\":640,\"height\":427},{\"@type\":\"BreadcrumbList\",\"@id\":\"https:\\\/\\\/www.rri.ro\\\/de\\\/aktuell\\\/newsflash-de\\\/nachrichten-22-03-2020-id633430.html#breadcrumb\",\"itemListElement\":[{\"@type\":\"ListItem\",\"position\":1,\"name\":\"Startseite\",\"item\":\"https:\\\/\\\/www.rri.ro\\\/de\"},{\"@type\":\"ListItem\",\"position\":2,\"name\":\"Aktuell\",\"item\":\"https:\\\/\\\/www.rri.ro\\\/de\\\/aktuell\"},{\"@type\":\"ListItem\",\"position\":3,\"name\":\"Newsflash\",\"item\":\"https:\\\/\\\/www.rri.ro\\\/de\\\/aktuell\\\/newsflash-de\"},{\"@type\":\"ListItem\",\"position\":4,\"name\":\"Nachrichten 22.03.2020\"}]},{\"@type\":\"WebSite\",\"@id\":\"https:\\\/\\\/www.rri.ro\\\/#website\",\"url\":\"https:\\\/\\\/www.rri.ro\\\/\",\"name\":\"Radio Rum\u00e4nien International\",\"description\":\"Totul despre Rom\u00e2nia \u015fi rom\u00e2ni, \u00een 13 limbi\\\/dialecte!\",\"inLanguage\":\"de\"},{\"@type\":\"Person\",\"@id\":\"https:\\\/\\\/www.rri.ro\\\/#\\\/schema\\\/person\\\/4a479940371b9fdefd194f561e8a7f88\",\"name\":\"Newsroom\",\"url\":\"https:\\\/\\\/www.rri.ro\\\/de\\\/author\\\/newsroom\"}]}<\/script>\n<!-- \/ Yoast SEO plugin. -->","yoast_head_json":{"title":"Nachrichten 22.03.2020 - Radio Rum\u00e4nien International","robots":{"index":"index","follow":"follow","max-snippet":"max-snippet:-1","max-image-preview":"max-image-preview:large","max-video-preview":"max-video-preview:-1"},"canonical":"https:\/\/www.rri.ro\/de\/aktuell\/newsflash-de\/nachrichten-22-03-2020-id633430.html","og_locale":"de_DE","og_type":"article","og_title":"Nachrichten 22.03.2020 - Radio Rum\u00e4nien International","og_description":"Die wichtigsten Meldungen des Tages im \u00dcberblick","og_url":"https:\/\/www.rri.ro\/de\/aktuell\/newsflash-de\/nachrichten-22-03-2020-id633430.html","og_site_name":"Radio Rum\u00e4nien International","article_published_time":"2020-03-22T14:13:00+00:00","og_image":[{"width":640,"height":427,"url":"https:\/\/www.rri.ro\/wp-content\/uploads\/2023\/10\/stiri-germana-ok2-2.png","type":"image\/png"}],"author":"Newsroom","twitter_card":"summary_large_image","twitter_misc":{"Verfasst von":"Newsroom","Gesch\u00e4tzte Lesezeit":"3\u00a0Minuten","Written by":"Newsroom"},"schema":{"@context":"https:\/\/schema.org","@graph":[{"@type":"Article","@id":"https:\/\/www.rri.ro\/de\/aktuell\/newsflash-de\/nachrichten-22-03-2020-id633430.html#article","isPartOf":{"@id":"https:\/\/www.rri.ro\/de\/aktuell\/newsflash-de\/nachrichten-22-03-2020-id633430.html"},"author":{"name":"Newsroom","@id":"https:\/\/www.rri.ro\/#\/schema\/person\/4a479940371b9fdefd194f561e8a7f88"},"headline":"Nachrichten 22.03.2020","datePublished":"2020-03-22T14:13:00+00:00","mainEntityOfPage":{"@id":"https:\/\/www.rri.ro\/de\/aktuell\/newsflash-de\/nachrichten-22-03-2020-id633430.html"},"wordCount":562,"image":{"@id":"https:\/\/www.rri.ro\/de\/aktuell\/newsflash-de\/nachrichten-22-03-2020-id633430.html#primaryimage"},"thumbnailUrl":"https:\/\/www.rri.ro\/wp-content\/uploads\/2023\/10\/stiri-germana-ok2-2.png","keywords":["Covid-19","isolation","Ma\u00dfnahmen","Quarant\u00e4ne","Vereinte Nationen","Wasser"],"articleSection":["Newsflash"],"inLanguage":"de"},{"@type":"WebPage","@id":"https:\/\/www.rri.ro\/de\/aktuell\/newsflash-de\/nachrichten-22-03-2020-id633430.html","url":"https:\/\/www.rri.ro\/de\/aktuell\/newsflash-de\/nachrichten-22-03-2020-id633430.html","name":"Nachrichten 22.03.2020 - Radio Rum\u00e4nien International","isPartOf":{"@id":"https:\/\/www.rri.ro\/#website"},"primaryImageOfPage":{"@id":"https:\/\/www.rri.ro\/de\/aktuell\/newsflash-de\/nachrichten-22-03-2020-id633430.html#primaryimage"},"image":{"@id":"https:\/\/www.rri.ro\/de\/aktuell\/newsflash-de\/nachrichten-22-03-2020-id633430.html#primaryimage"},"thumbnailUrl":"https:\/\/www.rri.ro\/wp-content\/uploads\/2023\/10\/stiri-germana-ok2-2.png","datePublished":"2020-03-22T14:13:00+00:00","author":{"@id":"https:\/\/www.rri.ro\/#\/schema\/person\/4a479940371b9fdefd194f561e8a7f88"},"breadcrumb":{"@id":"https:\/\/www.rri.ro\/de\/aktuell\/newsflash-de\/nachrichten-22-03-2020-id633430.html#breadcrumb"},"inLanguage":"de","potentialAction":[{"@type":"ReadAction","target":["https:\/\/www.rri.ro\/de\/aktuell\/newsflash-de\/nachrichten-22-03-2020-id633430.html"]}]},{"@type":"ImageObject","inLanguage":"de","@id":"https:\/\/www.rri.ro\/de\/aktuell\/newsflash-de\/nachrichten-22-03-2020-id633430.html#primaryimage","url":"https:\/\/www.rri.ro\/wp-content\/uploads\/2023\/10\/stiri-germana-ok2-2.png","contentUrl":"https:\/\/www.rri.ro\/wp-content\/uploads\/2023\/10\/stiri-germana-ok2-2.png","width":640,"height":427},{"@type":"BreadcrumbList","@id":"https:\/\/www.rri.ro\/de\/aktuell\/newsflash-de\/nachrichten-22-03-2020-id633430.html#breadcrumb","itemListElement":[{"@type":"ListItem","position":1,"name":"Startseite","item":"https:\/\/www.rri.ro\/de"},{"@type":"ListItem","position":2,"name":"Aktuell","item":"https:\/\/www.rri.ro\/de\/aktuell"},{"@type":"ListItem","position":3,"name":"Newsflash","item":"https:\/\/www.rri.ro\/de\/aktuell\/newsflash-de"},{"@type":"ListItem","position":4,"name":"Nachrichten 22.03.2020"}]},{"@type":"WebSite","@id":"https:\/\/www.rri.ro\/#website","url":"https:\/\/www.rri.ro\/","name":"Radio Rum\u00e4nien International","description":"Totul despre Rom\u00e2nia \u015fi rom\u00e2ni, \u00een 13 limbi\/dialecte!","inLanguage":"de"},{"@type":"Person","@id":"https:\/\/www.rri.ro\/#\/schema\/person\/4a479940371b9fdefd194f561e8a7f88","name":"Newsroom","url":"https:\/\/www.rri.ro\/de\/author\/newsroom"}]}},"_links":{"self":[{"href":"https:\/\/www.rri.ro\/de\/wp-json\/wp\/v2\/posts\/633430","targetHints":{"allow":["GET"]}}],"collection":[{"href":"https:\/\/www.rri.ro\/de\/wp-json\/wp\/v2\/posts"}],"about":[{"href":"https:\/\/www.rri.ro\/de\/wp-json\/wp\/v2\/types\/post"}],"author":[{"embeddable":true,"href":"https:\/\/www.rri.ro\/de\/wp-json\/wp\/v2\/users\/113"}],"replies":[{"embeddable":true,"href":"https:\/\/www.rri.ro\/de\/wp-json\/wp\/v2\/comments?post=633430"}],"version-history":[{"count":0,"href":"https:\/\/www.rri.ro\/de\/wp-json\/wp\/v2\/posts\/633430\/revisions"}],"wp:featuredmedia":[{"embeddable":true,"href":"https:\/\/www.rri.ro\/de\/wp-json\/wp\/v2\/media\/460330"}],"wp:attachment":[{"href":"https:\/\/www.rri.ro\/de\/wp-json\/wp\/v2\/media?parent=633430"}],"wp:term":[{"taxonomy":"category","embeddable":true,"href":"https:\/\/www.rri.ro\/de\/wp-json\/wp\/v2\/categories?post=633430"},{"taxonomy":"post_tag","embeddable":true,"href":"https:\/\/www.rri.ro\/de\/wp-json\/wp\/v2\/tags?post=633430"},{"taxonomy":"author","embeddable":true,"href":"https:\/\/www.rri.ro\/de\/wp-json\/wp\/v2\/coauthors?post=633430"}],"curies":[{"name":"wp","href":"https:\/\/api.w.org\/{rel}","templated":true}]}}