{"id":633436,"date":"2020-03-28T20:44:00","date_gmt":"2020-03-28T18:44:00","guid":{"rendered":"http:\/\/devrri.freshlemon.ro\/aktuell\/nachrichten-28-03-2020-id633436.html"},"modified":"2020-03-28T20:44:00","modified_gmt":"2020-03-28T18:44:00","slug":"nachrichten-28-03-2020","status":"publish","type":"post","link":"https:\/\/www.rri.ro\/de\/aktuell\/newsflash-de\/nachrichten-28-03-2020-id633436.html","title":{"rendered":"Nachrichten 28.03.2020"},"content":{"rendered":"<p align=JUSTIFY class=western style=margin-bottom: 0cm; line-height: 150%>Der rum\u00e4nische Pr\u00e4sident Klaus Iohannis hat heute erkl\u00e4rt, dass Rum\u00e4nien bereit ist, die Pandemie zu bek\u00e4mpfen, nachdem er das mobile Milit\u00e4rkrankenhaus in der N\u00e4he von Bukarest besucht hat. Er betonte, dass die Beh\u00f6rden nach dieser Krise, die andauern und sich verschlimmern wird, die Situation des gesamten Krankenhaussystems in Rum\u00e4nien rigoros bewerten und alle erforderlichen Ma\u00dfnahmen ergreifen werden, um Krankenh\u00e4user so auszur\u00fcsten, dass sie jede Situation bew\u00e4ltigen k\u00f6nnen, von Epidemien bis zu Katastrophen. Der Pr\u00e4sident wiederholte seinen Appell an die B\u00fcrger, die von den Beh\u00f6rden getroffenen Ma\u00dfnahmen zu beachten. Mittlerweile ist das Flugzeug des rum\u00e4nischen Verteidigungsministeriums, das den 2. Transport von medizinischem Material aus S\u00fcdkorea durchgef\u00fchrt hat, heute in Bukarest gelandet. Es brachte 100.000 Schutzausr\u00fcstungsgegenst\u00e4nde mit, die der rum\u00e4nische Staat im Rahmen der Bem\u00fchungen zur Bek\u00e4mpfung der Auswirkungen der Pandemie gekauft hatte.<\/p>\n<p>&#13;<br \/>\n&#13;<\/p>\n<p align=JUSTIFY class=western style=margin-bottom: 0cm; line-height: 150%>\n<p>&#13;<br \/>\n&#13;<\/p>\n<p align=JUSTIFY class=western style=margin-bottom: 0cm; line-height: 150%>\n<p>&#13;<br \/>\n&#13;<\/p>\n<p align=JUSTIFY class=western style=margin-bottom: 0cm; line-height: 150%>Aktuelle Zahlen zur COVID-19-Pandemie in Rum\u00e4nien zeigen 1452 Infizierte und 30 Todesf\u00e4lle. 139 Menschen haben sich erholt und wurden aus dem Krankenhaus entlassen. Das Nationale Institut f\u00fcr \u00d6ffentliche Gesundheit hat den COVID-19-Testalgorithmus aktualisiert. Daher werden vorrangig Tests an Personen durchgef\u00fchrt, die ins Ausland gereist sind, enge Kontakte zu den best\u00e4tigten F\u00e4llen, bei denen Symptome auftreten, das medizinische und sanit\u00e4re Personal sowie F\u00e4lle von Lungenentz\u00fcndung ohne andere \u00c4tiologie. Alle Parks in Bukarest wurden ab Samstag geschlossen, um die Ausbreitung der Coronavirus-Pandemie einzud\u00e4mmen. In Rum\u00e4nien, das sich im Ausnahmezustand befindet, gelten mit wenigen Ausnahmen Tag und Nacht Verkehrsbeschr\u00e4nkungen.<\/p>\n<p>&#13;<br \/>\n&#13;<\/p>\n<p align=JUSTIFY class=western style=margin-bottom: 0cm; line-height: 150%>\n<p>&#13;<br \/>\n&#13;<\/p>\n<p align=JUSTIFY class=western style=margin-bottom: 0cm; line-height: 150%>\n<p>&#13;<br \/>\n&#13;<\/p>\n<p align=JUSTIFY class=western style=margin-bottom: 0cm; line-height: 150%>365 rum\u00e4nische Staatsb\u00fcrger, die vor\u00fcbergehend in Italien waren, kehrten am Freitagabend nach Rum\u00e4nien zur\u00fcck, teilte das rum\u00e4nische Au\u00dfenministerium am Samstag mit. Sie wurden von Venedig in zwei Charterflugzeugen einer privaten Fluggesellschaft transportiert. Das Au\u00dfenministeirum und das Verkehrsministerium bem\u00fchen sich weiterhin um die R\u00fcckkehr rum\u00e4nischer Staatsb\u00fcrger, die von der Schlie\u00dfung von Unternehmen in Italien betroffen sind, sowie rum\u00e4nischer Staatsb\u00fcrger aus Italien, die sich in besonderen Situationen befinden, nach Rum\u00e4nien. Die Bukarester Beh\u00f6rden appellierten erneut an die B\u00fcrger, nicht unbedingt notwendige Auslandsreisen zu vermeiden, und an die rum\u00e4nischen Staatsb\u00fcrger, die im Ausland wohnen oder ihren Wohnsitz im Ausland haben, die Empfehlungen der Beh\u00f6rden dieser Staaten strikt einzuhalten.<\/p>\n<p>&#13;<br \/>\n&#13;<\/p>\n<p align=JUSTIFY class=western style=margin-bottom: 0cm; line-height: 150%>\n<p>&#13;<br \/>\n&#13;<\/p>\n<p align=JUSTIFY class=western style=margin-bottom: 0cm; line-height: 150%>\n<p>&#13;<br \/>\n&#13;<\/p>\n<p align=JUSTIFY class=western style=margin-bottom: 0cm; line-height: 150%>Bisher wurden weltweit \u00fcber 600.000 F\u00e4lle von COVID-19-Infektionen gemeldet, wobei die Zahl der Todesf\u00e4lle 27.000 \u00fcberstieg. 133 Tausend der mit dem neuen Coronavirus diagnostizierten Menschen wurden geheilt. Die USA sind das einzige Land der Welt, in dem mehr als 100.000 Menschen kontaminiert wurden. Den USA folgt Italien mit fast 90.000 F\u00e4llen und mehr als 9.000 Todesf\u00e4llen, die weltweit zahlreichsten. Andere europ\u00e4ische Staaten, die stark von dem neuen Virus betroffen sind, sind Spanien, Deutschland, Frankreich, Gro\u00dfbritannien und die Schweiz.<\/p>\n<p>&#13;<br \/>\n&#13;<\/p>\n<p align=JUSTIFY class=western style=margin-bottom: 0cm; line-height: 150%>\n<p>&#13;<br \/>\n&#13;<\/p>\n<p align=JUSTIFY class=western style=margin-bottom: 0cm; line-height: 150%>\n<p>&#13;<br \/>\n&#13;<\/p>\n<p align=JUSTIFY class=western style=margin-bottom: 0cm; line-height: 150%>Rum\u00e4nien wechselt Samstagnacht zur Sommerzeit. 3 Uhr Ortszeit wird 4 Uhr und Sonntag ist der k\u00fcrzeste Tag des Jahres. W\u00e4hrend der Sommerzeit betr\u00e4gt der Unterschied zwischen der offiziellen Zeit Rum\u00e4niens und der GMT 3 Stunden, verglichen mit derzeit 2 Stunden. Die Umstellung auf die Winterzeit erfolgt am letzten Wochenende im Oktober 2020, wenn die Uhren um eine Stunde zur\u00fcckgestellt werden. Die Europ\u00e4ische Kommission hat vorgeschlagen, die Sommerzeit in Europa aufzugeben, damit die Mitgliedstaaten selbst entscheiden k\u00f6nnen, ob sie weiterhin auf Sommer- oder Winterzeit umstellen m\u00f6chten. Die Staaten, die beschlie\u00dfen, die Sommerzeit dauerhaft beizubehalten, werden den letzten Wechsel am letzten Sonntag im M\u00e4rz 2021 vornehmen, und diejenigen, die es vorziehen, sich an die Winterzeit (die Standardzeit) zu halten, werden den letzten Wechsel am letzten Sonntag im Oktober 2021 vornehmen.<\/p>\n<p>&#13;<\/p>\n","protected":false},"excerpt":{"rendered":"<p>Die wichtigsten Meldungen des Tages im \u00dcberblick<\/p>\n","protected":false},"author":113,"featured_media":460330,"comment_status":"closed","ping_status":"closed","sticky":false,"template":"","format":"standard","meta":{"_acf_changed":false,"footnotes":""},"categories":[116753],"tags":[127509,104991,127508,47026,124348],"coauthors":[],"class_list":["post-633436","post","type-post","status-publish","format-standard","has-post-thumbnail","hentry","category-newsflash-de","tag-coronavirus-faelle-rumaenien","tag-coronavirus-rumaenien","tag-covid-1","tag-pandemie","tag-sommerzeit"],"acf":[],"yoast_head":"<!-- This site is optimized with the Yoast SEO plugin v27.3 - https:\/\/yoast.com\/product\/yoast-seo-wordpress\/ -->\n<title>Nachrichten 28.03.2020 - Radio Rum\u00e4nien International<\/title>\n<meta name=\"robots\" content=\"index, follow, max-snippet:-1, max-image-preview:large, max-video-preview:-1\" \/>\n<link rel=\"canonical\" href=\"https:\/\/www.rri.ro\/de\/aktuell\/newsflash-de\/nachrichten-28-03-2020-id633436.html\" \/>\n<meta property=\"og:locale\" content=\"de_DE\" \/>\n<meta property=\"og:type\" content=\"article\" \/>\n<meta property=\"og:title\" content=\"Nachrichten 28.03.2020 - Radio Rum\u00e4nien International\" \/>\n<meta property=\"og:description\" content=\"Die wichtigsten Meldungen des Tages im \u00dcberblick\" \/>\n<meta property=\"og:url\" content=\"https:\/\/www.rri.ro\/de\/aktuell\/newsflash-de\/nachrichten-28-03-2020-id633436.html\" \/>\n<meta property=\"og:site_name\" content=\"Radio Rum\u00e4nien International\" \/>\n<meta property=\"article:published_time\" content=\"2020-03-28T18:44:00+00:00\" \/>\n<meta property=\"og:image\" content=\"https:\/\/www.rri.ro\/wp-content\/uploads\/2023\/10\/stiri-germana-ok2-2.png\" \/>\n\t<meta property=\"og:image:width\" content=\"640\" \/>\n\t<meta property=\"og:image:height\" content=\"427\" \/>\n\t<meta property=\"og:image:type\" content=\"image\/png\" \/>\n<meta name=\"author\" content=\"Newsroom\" \/>\n<meta name=\"twitter:card\" content=\"summary_large_image\" \/>\n<meta name=\"twitter:label1\" content=\"Verfasst von\" \/>\n\t<meta name=\"twitter:data1\" content=\"Newsroom\" \/>\n\t<meta name=\"twitter:label2\" content=\"Gesch\u00e4tzte Lesezeit\" \/>\n\t<meta name=\"twitter:data2\" content=\"3\u00a0Minuten\" \/>\n\t<meta name=\"twitter:label3\" content=\"Written by\" \/>\n\t<meta name=\"twitter:data3\" content=\"Newsroom\" \/>\n<script type=\"application\/ld+json\" class=\"yoast-schema-graph\">{\"@context\":\"https:\\\/\\\/schema.org\",\"@graph\":[{\"@type\":\"Article\",\"@id\":\"https:\\\/\\\/www.rri.ro\\\/de\\\/aktuell\\\/newsflash-de\\\/nachrichten-28-03-2020-id633436.html#article\",\"isPartOf\":{\"@id\":\"https:\\\/\\\/www.rri.ro\\\/de\\\/aktuell\\\/newsflash-de\\\/nachrichten-28-03-2020-id633436.html\"},\"author\":{\"name\":\"Newsroom\",\"@id\":\"https:\\\/\\\/www.rri.ro\\\/#\\\/schema\\\/person\\\/4a479940371b9fdefd194f561e8a7f88\"},\"headline\":\"Nachrichten 28.03.2020\",\"datePublished\":\"2020-03-28T18:44:00+00:00\",\"mainEntityOfPage\":{\"@id\":\"https:\\\/\\\/www.rri.ro\\\/de\\\/aktuell\\\/newsflash-de\\\/nachrichten-28-03-2020-id633436.html\"},\"wordCount\":599,\"image\":{\"@id\":\"https:\\\/\\\/www.rri.ro\\\/de\\\/aktuell\\\/newsflash-de\\\/nachrichten-28-03-2020-id633436.html#primaryimage\"},\"thumbnailUrl\":\"https:\\\/\\\/www.rri.ro\\\/wp-content\\\/uploads\\\/2023\\\/10\\\/stiri-germana-ok2-2.png\",\"keywords\":[\"Coronavirus F\u00e4lle Rum\u00e4nien\",\"Coronavirus Rum\u00e4nien\",\"Covid 1\",\"pandemie\",\"Sommerzeit\"],\"articleSection\":[\"Newsflash\"],\"inLanguage\":\"de\"},{\"@type\":\"WebPage\",\"@id\":\"https:\\\/\\\/www.rri.ro\\\/de\\\/aktuell\\\/newsflash-de\\\/nachrichten-28-03-2020-id633436.html\",\"url\":\"https:\\\/\\\/www.rri.ro\\\/de\\\/aktuell\\\/newsflash-de\\\/nachrichten-28-03-2020-id633436.html\",\"name\":\"Nachrichten 28.03.2020 - Radio Rum\u00e4nien International\",\"isPartOf\":{\"@id\":\"https:\\\/\\\/www.rri.ro\\\/#website\"},\"primaryImageOfPage\":{\"@id\":\"https:\\\/\\\/www.rri.ro\\\/de\\\/aktuell\\\/newsflash-de\\\/nachrichten-28-03-2020-id633436.html#primaryimage\"},\"image\":{\"@id\":\"https:\\\/\\\/www.rri.ro\\\/de\\\/aktuell\\\/newsflash-de\\\/nachrichten-28-03-2020-id633436.html#primaryimage\"},\"thumbnailUrl\":\"https:\\\/\\\/www.rri.ro\\\/wp-content\\\/uploads\\\/2023\\\/10\\\/stiri-germana-ok2-2.png\",\"datePublished\":\"2020-03-28T18:44:00+00:00\",\"author\":{\"@id\":\"https:\\\/\\\/www.rri.ro\\\/#\\\/schema\\\/person\\\/4a479940371b9fdefd194f561e8a7f88\"},\"breadcrumb\":{\"@id\":\"https:\\\/\\\/www.rri.ro\\\/de\\\/aktuell\\\/newsflash-de\\\/nachrichten-28-03-2020-id633436.html#breadcrumb\"},\"inLanguage\":\"de\",\"potentialAction\":[{\"@type\":\"ReadAction\",\"target\":[\"https:\\\/\\\/www.rri.ro\\\/de\\\/aktuell\\\/newsflash-de\\\/nachrichten-28-03-2020-id633436.html\"]}]},{\"@type\":\"ImageObject\",\"inLanguage\":\"de\",\"@id\":\"https:\\\/\\\/www.rri.ro\\\/de\\\/aktuell\\\/newsflash-de\\\/nachrichten-28-03-2020-id633436.html#primaryimage\",\"url\":\"https:\\\/\\\/www.rri.ro\\\/wp-content\\\/uploads\\\/2023\\\/10\\\/stiri-germana-ok2-2.png\",\"contentUrl\":\"https:\\\/\\\/www.rri.ro\\\/wp-content\\\/uploads\\\/2023\\\/10\\\/stiri-germana-ok2-2.png\",\"width\":640,\"height\":427},{\"@type\":\"BreadcrumbList\",\"@id\":\"https:\\\/\\\/www.rri.ro\\\/de\\\/aktuell\\\/newsflash-de\\\/nachrichten-28-03-2020-id633436.html#breadcrumb\",\"itemListElement\":[{\"@type\":\"ListItem\",\"position\":1,\"name\":\"Startseite\",\"item\":\"https:\\\/\\\/www.rri.ro\\\/de\"},{\"@type\":\"ListItem\",\"position\":2,\"name\":\"Aktuell\",\"item\":\"https:\\\/\\\/www.rri.ro\\\/de\\\/aktuell\"},{\"@type\":\"ListItem\",\"position\":3,\"name\":\"Newsflash\",\"item\":\"https:\\\/\\\/www.rri.ro\\\/de\\\/aktuell\\\/newsflash-de\"},{\"@type\":\"ListItem\",\"position\":4,\"name\":\"Nachrichten 28.03.2020\"}]},{\"@type\":\"WebSite\",\"@id\":\"https:\\\/\\\/www.rri.ro\\\/#website\",\"url\":\"https:\\\/\\\/www.rri.ro\\\/\",\"name\":\"Radio Rum\u00e4nien International\",\"description\":\"Totul despre Rom\u00e2nia \u015fi rom\u00e2ni, \u00een 13 limbi\\\/dialecte!\",\"inLanguage\":\"de\"},{\"@type\":\"Person\",\"@id\":\"https:\\\/\\\/www.rri.ro\\\/#\\\/schema\\\/person\\\/4a479940371b9fdefd194f561e8a7f88\",\"name\":\"Newsroom\",\"url\":\"https:\\\/\\\/www.rri.ro\\\/de\\\/author\\\/newsroom\"}]}<\/script>\n<!-- \/ Yoast SEO plugin. -->","yoast_head_json":{"title":"Nachrichten 28.03.2020 - Radio Rum\u00e4nien International","robots":{"index":"index","follow":"follow","max-snippet":"max-snippet:-1","max-image-preview":"max-image-preview:large","max-video-preview":"max-video-preview:-1"},"canonical":"https:\/\/www.rri.ro\/de\/aktuell\/newsflash-de\/nachrichten-28-03-2020-id633436.html","og_locale":"de_DE","og_type":"article","og_title":"Nachrichten 28.03.2020 - Radio Rum\u00e4nien International","og_description":"Die wichtigsten Meldungen des Tages im \u00dcberblick","og_url":"https:\/\/www.rri.ro\/de\/aktuell\/newsflash-de\/nachrichten-28-03-2020-id633436.html","og_site_name":"Radio Rum\u00e4nien International","article_published_time":"2020-03-28T18:44:00+00:00","og_image":[{"width":640,"height":427,"url":"https:\/\/www.rri.ro\/wp-content\/uploads\/2023\/10\/stiri-germana-ok2-2.png","type":"image\/png"}],"author":"Newsroom","twitter_card":"summary_large_image","twitter_misc":{"Verfasst von":"Newsroom","Gesch\u00e4tzte Lesezeit":"3\u00a0Minuten","Written by":"Newsroom"},"schema":{"@context":"https:\/\/schema.org","@graph":[{"@type":"Article","@id":"https:\/\/www.rri.ro\/de\/aktuell\/newsflash-de\/nachrichten-28-03-2020-id633436.html#article","isPartOf":{"@id":"https:\/\/www.rri.ro\/de\/aktuell\/newsflash-de\/nachrichten-28-03-2020-id633436.html"},"author":{"name":"Newsroom","@id":"https:\/\/www.rri.ro\/#\/schema\/person\/4a479940371b9fdefd194f561e8a7f88"},"headline":"Nachrichten 28.03.2020","datePublished":"2020-03-28T18:44:00+00:00","mainEntityOfPage":{"@id":"https:\/\/www.rri.ro\/de\/aktuell\/newsflash-de\/nachrichten-28-03-2020-id633436.html"},"wordCount":599,"image":{"@id":"https:\/\/www.rri.ro\/de\/aktuell\/newsflash-de\/nachrichten-28-03-2020-id633436.html#primaryimage"},"thumbnailUrl":"https:\/\/www.rri.ro\/wp-content\/uploads\/2023\/10\/stiri-germana-ok2-2.png","keywords":["Coronavirus F\u00e4lle Rum\u00e4nien","Coronavirus Rum\u00e4nien","Covid 1","pandemie","Sommerzeit"],"articleSection":["Newsflash"],"inLanguage":"de"},{"@type":"WebPage","@id":"https:\/\/www.rri.ro\/de\/aktuell\/newsflash-de\/nachrichten-28-03-2020-id633436.html","url":"https:\/\/www.rri.ro\/de\/aktuell\/newsflash-de\/nachrichten-28-03-2020-id633436.html","name":"Nachrichten 28.03.2020 - Radio Rum\u00e4nien International","isPartOf":{"@id":"https:\/\/www.rri.ro\/#website"},"primaryImageOfPage":{"@id":"https:\/\/www.rri.ro\/de\/aktuell\/newsflash-de\/nachrichten-28-03-2020-id633436.html#primaryimage"},"image":{"@id":"https:\/\/www.rri.ro\/de\/aktuell\/newsflash-de\/nachrichten-28-03-2020-id633436.html#primaryimage"},"thumbnailUrl":"https:\/\/www.rri.ro\/wp-content\/uploads\/2023\/10\/stiri-germana-ok2-2.png","datePublished":"2020-03-28T18:44:00+00:00","author":{"@id":"https:\/\/www.rri.ro\/#\/schema\/person\/4a479940371b9fdefd194f561e8a7f88"},"breadcrumb":{"@id":"https:\/\/www.rri.ro\/de\/aktuell\/newsflash-de\/nachrichten-28-03-2020-id633436.html#breadcrumb"},"inLanguage":"de","potentialAction":[{"@type":"ReadAction","target":["https:\/\/www.rri.ro\/de\/aktuell\/newsflash-de\/nachrichten-28-03-2020-id633436.html"]}]},{"@type":"ImageObject","inLanguage":"de","@id":"https:\/\/www.rri.ro\/de\/aktuell\/newsflash-de\/nachrichten-28-03-2020-id633436.html#primaryimage","url":"https:\/\/www.rri.ro\/wp-content\/uploads\/2023\/10\/stiri-germana-ok2-2.png","contentUrl":"https:\/\/www.rri.ro\/wp-content\/uploads\/2023\/10\/stiri-germana-ok2-2.png","width":640,"height":427},{"@type":"BreadcrumbList","@id":"https:\/\/www.rri.ro\/de\/aktuell\/newsflash-de\/nachrichten-28-03-2020-id633436.html#breadcrumb","itemListElement":[{"@type":"ListItem","position":1,"name":"Startseite","item":"https:\/\/www.rri.ro\/de"},{"@type":"ListItem","position":2,"name":"Aktuell","item":"https:\/\/www.rri.ro\/de\/aktuell"},{"@type":"ListItem","position":3,"name":"Newsflash","item":"https:\/\/www.rri.ro\/de\/aktuell\/newsflash-de"},{"@type":"ListItem","position":4,"name":"Nachrichten 28.03.2020"}]},{"@type":"WebSite","@id":"https:\/\/www.rri.ro\/#website","url":"https:\/\/www.rri.ro\/","name":"Radio Rum\u00e4nien International","description":"Totul despre Rom\u00e2nia \u015fi rom\u00e2ni, \u00een 13 limbi\/dialecte!","inLanguage":"de"},{"@type":"Person","@id":"https:\/\/www.rri.ro\/#\/schema\/person\/4a479940371b9fdefd194f561e8a7f88","name":"Newsroom","url":"https:\/\/www.rri.ro\/de\/author\/newsroom"}]}},"_links":{"self":[{"href":"https:\/\/www.rri.ro\/de\/wp-json\/wp\/v2\/posts\/633436","targetHints":{"allow":["GET"]}}],"collection":[{"href":"https:\/\/www.rri.ro\/de\/wp-json\/wp\/v2\/posts"}],"about":[{"href":"https:\/\/www.rri.ro\/de\/wp-json\/wp\/v2\/types\/post"}],"author":[{"embeddable":true,"href":"https:\/\/www.rri.ro\/de\/wp-json\/wp\/v2\/users\/113"}],"replies":[{"embeddable":true,"href":"https:\/\/www.rri.ro\/de\/wp-json\/wp\/v2\/comments?post=633436"}],"version-history":[{"count":0,"href":"https:\/\/www.rri.ro\/de\/wp-json\/wp\/v2\/posts\/633436\/revisions"}],"wp:featuredmedia":[{"embeddable":true,"href":"https:\/\/www.rri.ro\/de\/wp-json\/wp\/v2\/media\/460330"}],"wp:attachment":[{"href":"https:\/\/www.rri.ro\/de\/wp-json\/wp\/v2\/media?parent=633436"}],"wp:term":[{"taxonomy":"category","embeddable":true,"href":"https:\/\/www.rri.ro\/de\/wp-json\/wp\/v2\/categories?post=633436"},{"taxonomy":"post_tag","embeddable":true,"href":"https:\/\/www.rri.ro\/de\/wp-json\/wp\/v2\/tags?post=633436"},{"taxonomy":"author","embeddable":true,"href":"https:\/\/www.rri.ro\/de\/wp-json\/wp\/v2\/coauthors?post=633436"}],"curies":[{"name":"wp","href":"https:\/\/api.w.org\/{rel}","templated":true}]}}