{"id":633439,"date":"2020-03-29T23:12:00","date_gmt":"2020-03-29T20:12:00","guid":{"rendered":"http:\/\/devrri.freshlemon.ro\/aktuell\/militaerverordnung-nr-4-vom-sonntag-den-29-03-2020-id633439.html"},"modified":"2020-03-29T23:12:00","modified_gmt":"2020-03-29T20:12:00","slug":"militaerverordnung-nr-4-vom-sonntag-den-29-03-2020","status":"publish","type":"post","link":"https:\/\/www.rri.ro\/de\/aktuell\/newsflash-de\/militaerverordnung-nr-4-vom-sonntag-den-29-03-2020-id633439.html","title":{"rendered":"Milit\u00e4rverordnung Nr. 4 vom Sonntag, den 29.03.2020"},"content":{"rendered":"<p>Innenminister Marcel Vela gab am Sonntagabend mit der Milit\u00e4rverordnung Nr. 4 bekannt, dass diejenigen, die unter Hausisolation stehen und gegen die Regeln der Isolation versto\u200e\u00dfen, direkt unter Quarant\u00e4ne gestellt werden und alle mit dieser Quarant\u00e4ne verbundenen Kosten tragen m\u00fcssen.<br style=font-family: \"Source Sans Pro\", sans-serif; font-size: 18px; background-color: rgb(255, 255, 255); \/>&#13;<br \/>\n<br style=font-family: \"Source Sans Pro\", sans-serif; font-size: 18px; background-color: rgb(255, 255, 255); \/>&#13;<br \/>\nLKW-Fahrern, die in Rum\u00e4nien einreisen, stellen entweder der Arbeitgeber oder die \u00f6rtlichen Beh\u00f6rden auf Anfrage Quarant\u00e4ne-R\u00e4ume zur Verf\u00fcgung, um den Schutz der Familien der Fahrer zu gew\u00e4hrleisten. Dasselbe gilt auch f\u00fcr Flugzeugpiloten.<br style=font-family: \"Source Sans Pro\", sans-serif; font-size: 18px; background-color: rgb(255, 255, 255); \/>&#13;<br \/>\n<br style=font-family: \"Source Sans Pro\", sans-serif; font-size: 18px; background-color: rgb(255, 255, 255); \/>&#13;<br \/>\nDie lokale Verwaltung wird ab dem 31. M\u00e4rz an allen Eing\u00e4ngen der Bl\u00f6cke Ger\u00e4te mit Desinfektionsl\u00f6sungen installieren und Treppenh\u00e4user, Aufz\u00fcgen und Gemeinschaftsr\u00e4ume regelm\u00e4\u200e\u00dfig desinfizieren.<br style=font-family: \"Source Sans Pro\", sans-serif; font-size: 18px; background-color: rgb(255, 255, 255); \/>&#13;<br \/>\n<br style=font-family: \"Source Sans Pro\", sans-serif; font-size: 18px; background-color: rgb(255, 255, 255); \/>&#13;<br \/>\nMenschen d\u00fcrfen nur noch zu dritt herausgehen.<br style=font-family: \"Source Sans Pro\", sans-serif; font-size: 18px; background-color: rgb(255, 255, 255); \/>&#13;<br \/>\n<br style=font-family: \"Source Sans Pro\", sans-serif; font-size: 18px; background-color: rgb(255, 255, 255); \/>&#13;<br \/>\nZum Schutz der \u00c4rzte und des Sanit\u00e4rpersonals stellen die lokalen Beh\u00f6rden dem Personal der Krankenh\u00e4user auf Anfrage Hotelr\u00e4ume zur Verf\u00fcgung. Die Ma\u200e\u00dfnahme tritt am 31. M\u00e4rz in Kraft.<br style=font-family: \"Source Sans Pro\", sans-serif; font-size: 18px; background-color: rgb(255, 255, 255); \/>&#13;<br \/>\n<br style=font-family: \"Source Sans Pro\", sans-serif; font-size: 18px; background-color: rgb(255, 255, 255); \/>&#13;<br \/>\nW\u00e4hrend des Notstandes d\u00fcrfen, ab dem Zeitpunkt der Ver\u00f6ffentlichung der Milit\u00e4rverordnung im Amtsblatt, die Preise f\u00fcr Gas, Strom und W\u00e4rme, Kraftstoff oder Wasser nicht mehr \u00fcber das heute praktizierte Niveau angehoben werden k\u00f6nnen. Diese Preise k\u00f6nnen je nach Angebot und Nachfrage nur fallen, werden aber in keinem Fall erh\u00f6ht.<\/p>\n<p>&#13;<\/p>\n","protected":false},"excerpt":{"rendered":"<p>Die Milit\u00e4rverordnung Nr. 4 sieht sch\u00e4rfere Ma\u00dfnahmen zur Eind\u00e4mmung der Verbreitung der Covid-19-Krankheit vor.<\/p>\n","protected":false},"author":35,"featured_media":85069,"comment_status":"closed","ping_status":"closed","sticky":false,"template":"","format":"standard","meta":{"_acf_changed":false,"footnotes":""},"categories":[116753],"tags":[104993,104950,100966],"coauthors":[],"class_list":["post-633439","post","type-post","status-publish","format-standard","has-post-thumbnail","hentry","category-newsflash-de","tag-militaerverordnung","tag-notstand","tag-preise"],"acf":[],"yoast_head":"<!-- This site is optimized with the Yoast SEO plugin v27.3 - https:\/\/yoast.com\/product\/yoast-seo-wordpress\/ -->\n<title>Milit\u00e4rverordnung Nr. 4 vom Sonntag, den 29.03.2020 - Radio Rum\u00e4nien International<\/title>\n<meta name=\"robots\" content=\"index, follow, max-snippet:-1, max-image-preview:large, max-video-preview:-1\" \/>\n<link rel=\"canonical\" href=\"https:\/\/www.rri.ro\/de\/aktuell\/newsflash-de\/militaerverordnung-nr-4-vom-sonntag-den-29-03-2020-id633439.html\" \/>\n<meta property=\"og:locale\" content=\"de_DE\" \/>\n<meta property=\"og:type\" content=\"article\" \/>\n<meta property=\"og:title\" content=\"Milit\u00e4rverordnung Nr. 4 vom Sonntag, den 29.03.2020 - Radio Rum\u00e4nien International\" \/>\n<meta property=\"og:description\" content=\"Die Milit\u00e4rverordnung Nr. 4 sieht sch\u00e4rfere Ma\u00dfnahmen zur Eind\u00e4mmung der Verbreitung der Covid-19-Krankheit vor.\" \/>\n<meta property=\"og:url\" content=\"https:\/\/www.rri.ro\/de\/aktuell\/newsflash-de\/militaerverordnung-nr-4-vom-sonntag-den-29-03-2020-id633439.html\" \/>\n<meta property=\"og:site_name\" content=\"Radio Rum\u00e4nien International\" \/>\n<meta property=\"article:published_time\" content=\"2020-03-29T20:12:00+00:00\" \/>\n<meta property=\"og:image\" content=\"https:\/\/www.rri.ro\/wp-content\/uploads\/2023\/10\/ministrul-de-interne-marcel-vela-foto-gov-ro.png\" \/>\n\t<meta property=\"og:image:width\" content=\"640\" \/>\n\t<meta property=\"og:image:height\" content=\"427\" \/>\n\t<meta property=\"og:image:type\" content=\"image\/png\" \/>\n<meta name=\"author\" content=\"Irina Adamescu\" \/>\n<meta name=\"twitter:card\" content=\"summary_large_image\" \/>\n<meta name=\"twitter:label1\" content=\"Verfasst von\" \/>\n\t<meta name=\"twitter:data1\" content=\"Irina Adamescu\" \/>\n\t<meta name=\"twitter:label2\" content=\"Gesch\u00e4tzte Lesezeit\" \/>\n\t<meta name=\"twitter:data2\" content=\"1\u00a0Minute\" \/>\n\t<meta name=\"twitter:label3\" content=\"Written by\" \/>\n\t<meta name=\"twitter:data3\" content=\"Irina Adamescu\" \/>\n<script type=\"application\/ld+json\" class=\"yoast-schema-graph\">{\"@context\":\"https:\\\/\\\/schema.org\",\"@graph\":[{\"@type\":\"Article\",\"@id\":\"https:\\\/\\\/www.rri.ro\\\/de\\\/aktuell\\\/newsflash-de\\\/militaerverordnung-nr-4-vom-sonntag-den-29-03-2020-id633439.html#article\",\"isPartOf\":{\"@id\":\"https:\\\/\\\/www.rri.ro\\\/de\\\/aktuell\\\/newsflash-de\\\/militaerverordnung-nr-4-vom-sonntag-den-29-03-2020-id633439.html\"},\"author\":{\"name\":\"Irina Adamescu\",\"@id\":\"https:\\\/\\\/www.rri.ro\\\/#\\\/schema\\\/person\\\/dc3ad633fdc068dc56e6ff0211bf6d0b\"},\"headline\":\"Milit\u00e4rverordnung Nr. 4 vom Sonntag, den 29.03.2020\",\"datePublished\":\"2020-03-29T20:12:00+00:00\",\"mainEntityOfPage\":{\"@id\":\"https:\\\/\\\/www.rri.ro\\\/de\\\/aktuell\\\/newsflash-de\\\/militaerverordnung-nr-4-vom-sonntag-den-29-03-2020-id633439.html\"},\"wordCount\":220,\"image\":{\"@id\":\"https:\\\/\\\/www.rri.ro\\\/de\\\/aktuell\\\/newsflash-de\\\/militaerverordnung-nr-4-vom-sonntag-den-29-03-2020-id633439.html#primaryimage\"},\"thumbnailUrl\":\"https:\\\/\\\/www.rri.ro\\\/wp-content\\\/uploads\\\/2023\\\/10\\\/ministrul-de-interne-marcel-vela-foto-gov-ro.png\",\"keywords\":[\"Milit\u00e4rverordnung\",\"Notstand\",\"Preise\"],\"articleSection\":[\"Newsflash\"],\"inLanguage\":\"de\"},{\"@type\":\"WebPage\",\"@id\":\"https:\\\/\\\/www.rri.ro\\\/de\\\/aktuell\\\/newsflash-de\\\/militaerverordnung-nr-4-vom-sonntag-den-29-03-2020-id633439.html\",\"url\":\"https:\\\/\\\/www.rri.ro\\\/de\\\/aktuell\\\/newsflash-de\\\/militaerverordnung-nr-4-vom-sonntag-den-29-03-2020-id633439.html\",\"name\":\"Milit\u00e4rverordnung Nr. 4 vom Sonntag, den 29.03.2020 - Radio Rum\u00e4nien International\",\"isPartOf\":{\"@id\":\"https:\\\/\\\/www.rri.ro\\\/#website\"},\"primaryImageOfPage\":{\"@id\":\"https:\\\/\\\/www.rri.ro\\\/de\\\/aktuell\\\/newsflash-de\\\/militaerverordnung-nr-4-vom-sonntag-den-29-03-2020-id633439.html#primaryimage\"},\"image\":{\"@id\":\"https:\\\/\\\/www.rri.ro\\\/de\\\/aktuell\\\/newsflash-de\\\/militaerverordnung-nr-4-vom-sonntag-den-29-03-2020-id633439.html#primaryimage\"},\"thumbnailUrl\":\"https:\\\/\\\/www.rri.ro\\\/wp-content\\\/uploads\\\/2023\\\/10\\\/ministrul-de-interne-marcel-vela-foto-gov-ro.png\",\"datePublished\":\"2020-03-29T20:12:00+00:00\",\"author\":{\"@id\":\"https:\\\/\\\/www.rri.ro\\\/#\\\/schema\\\/person\\\/dc3ad633fdc068dc56e6ff0211bf6d0b\"},\"breadcrumb\":{\"@id\":\"https:\\\/\\\/www.rri.ro\\\/de\\\/aktuell\\\/newsflash-de\\\/militaerverordnung-nr-4-vom-sonntag-den-29-03-2020-id633439.html#breadcrumb\"},\"inLanguage\":\"de\",\"potentialAction\":[{\"@type\":\"ReadAction\",\"target\":[\"https:\\\/\\\/www.rri.ro\\\/de\\\/aktuell\\\/newsflash-de\\\/militaerverordnung-nr-4-vom-sonntag-den-29-03-2020-id633439.html\"]}]},{\"@type\":\"ImageObject\",\"inLanguage\":\"de\",\"@id\":\"https:\\\/\\\/www.rri.ro\\\/de\\\/aktuell\\\/newsflash-de\\\/militaerverordnung-nr-4-vom-sonntag-den-29-03-2020-id633439.html#primaryimage\",\"url\":\"https:\\\/\\\/www.rri.ro\\\/wp-content\\\/uploads\\\/2023\\\/10\\\/ministrul-de-interne-marcel-vela-foto-gov-ro.png\",\"contentUrl\":\"https:\\\/\\\/www.rri.ro\\\/wp-content\\\/uploads\\\/2023\\\/10\\\/ministrul-de-interne-marcel-vela-foto-gov-ro.png\",\"width\":640,\"height\":427},{\"@type\":\"BreadcrumbList\",\"@id\":\"https:\\\/\\\/www.rri.ro\\\/de\\\/aktuell\\\/newsflash-de\\\/militaerverordnung-nr-4-vom-sonntag-den-29-03-2020-id633439.html#breadcrumb\",\"itemListElement\":[{\"@type\":\"ListItem\",\"position\":1,\"name\":\"Startseite\",\"item\":\"https:\\\/\\\/www.rri.ro\\\/de\"},{\"@type\":\"ListItem\",\"position\":2,\"name\":\"Aktuell\",\"item\":\"https:\\\/\\\/www.rri.ro\\\/de\\\/aktuell\"},{\"@type\":\"ListItem\",\"position\":3,\"name\":\"Newsflash\",\"item\":\"https:\\\/\\\/www.rri.ro\\\/de\\\/aktuell\\\/newsflash-de\"},{\"@type\":\"ListItem\",\"position\":4,\"name\":\"Milit\u00e4rverordnung Nr. 4 vom Sonntag, den 29.03.2020\"}]},{\"@type\":\"WebSite\",\"@id\":\"https:\\\/\\\/www.rri.ro\\\/#website\",\"url\":\"https:\\\/\\\/www.rri.ro\\\/\",\"name\":\"Radio Rum\u00e4nien International\",\"description\":\"Totul despre Rom\u00e2nia \u015fi rom\u00e2ni, \u00een 13 limbi\\\/dialecte!\",\"inLanguage\":\"de\"},{\"@type\":\"Person\",\"@id\":\"https:\\\/\\\/www.rri.ro\\\/#\\\/schema\\\/person\\\/dc3ad633fdc068dc56e6ff0211bf6d0b\",\"name\":\"Irina Adamescu\",\"url\":\"https:\\\/\\\/www.rri.ro\\\/de\\\/author\\\/irina-adamescu\"}]}<\/script>\n<!-- \/ Yoast SEO plugin. -->","yoast_head_json":{"title":"Milit\u00e4rverordnung Nr. 4 vom Sonntag, den 29.03.2020 - Radio Rum\u00e4nien International","robots":{"index":"index","follow":"follow","max-snippet":"max-snippet:-1","max-image-preview":"max-image-preview:large","max-video-preview":"max-video-preview:-1"},"canonical":"https:\/\/www.rri.ro\/de\/aktuell\/newsflash-de\/militaerverordnung-nr-4-vom-sonntag-den-29-03-2020-id633439.html","og_locale":"de_DE","og_type":"article","og_title":"Milit\u00e4rverordnung Nr. 4 vom Sonntag, den 29.03.2020 - Radio Rum\u00e4nien International","og_description":"Die Milit\u00e4rverordnung Nr. 4 sieht sch\u00e4rfere Ma\u00dfnahmen zur Eind\u00e4mmung der Verbreitung der Covid-19-Krankheit vor.","og_url":"https:\/\/www.rri.ro\/de\/aktuell\/newsflash-de\/militaerverordnung-nr-4-vom-sonntag-den-29-03-2020-id633439.html","og_site_name":"Radio Rum\u00e4nien International","article_published_time":"2020-03-29T20:12:00+00:00","og_image":[{"width":640,"height":427,"url":"https:\/\/www.rri.ro\/wp-content\/uploads\/2023\/10\/ministrul-de-interne-marcel-vela-foto-gov-ro.png","type":"image\/png"}],"author":"Irina Adamescu","twitter_card":"summary_large_image","twitter_misc":{"Verfasst von":"Irina Adamescu","Gesch\u00e4tzte Lesezeit":"1\u00a0Minute","Written by":"Irina Adamescu"},"schema":{"@context":"https:\/\/schema.org","@graph":[{"@type":"Article","@id":"https:\/\/www.rri.ro\/de\/aktuell\/newsflash-de\/militaerverordnung-nr-4-vom-sonntag-den-29-03-2020-id633439.html#article","isPartOf":{"@id":"https:\/\/www.rri.ro\/de\/aktuell\/newsflash-de\/militaerverordnung-nr-4-vom-sonntag-den-29-03-2020-id633439.html"},"author":{"name":"Irina Adamescu","@id":"https:\/\/www.rri.ro\/#\/schema\/person\/dc3ad633fdc068dc56e6ff0211bf6d0b"},"headline":"Milit\u00e4rverordnung Nr. 4 vom Sonntag, den 29.03.2020","datePublished":"2020-03-29T20:12:00+00:00","mainEntityOfPage":{"@id":"https:\/\/www.rri.ro\/de\/aktuell\/newsflash-de\/militaerverordnung-nr-4-vom-sonntag-den-29-03-2020-id633439.html"},"wordCount":220,"image":{"@id":"https:\/\/www.rri.ro\/de\/aktuell\/newsflash-de\/militaerverordnung-nr-4-vom-sonntag-den-29-03-2020-id633439.html#primaryimage"},"thumbnailUrl":"https:\/\/www.rri.ro\/wp-content\/uploads\/2023\/10\/ministrul-de-interne-marcel-vela-foto-gov-ro.png","keywords":["Milit\u00e4rverordnung","Notstand","Preise"],"articleSection":["Newsflash"],"inLanguage":"de"},{"@type":"WebPage","@id":"https:\/\/www.rri.ro\/de\/aktuell\/newsflash-de\/militaerverordnung-nr-4-vom-sonntag-den-29-03-2020-id633439.html","url":"https:\/\/www.rri.ro\/de\/aktuell\/newsflash-de\/militaerverordnung-nr-4-vom-sonntag-den-29-03-2020-id633439.html","name":"Milit\u00e4rverordnung Nr. 4 vom Sonntag, den 29.03.2020 - Radio Rum\u00e4nien International","isPartOf":{"@id":"https:\/\/www.rri.ro\/#website"},"primaryImageOfPage":{"@id":"https:\/\/www.rri.ro\/de\/aktuell\/newsflash-de\/militaerverordnung-nr-4-vom-sonntag-den-29-03-2020-id633439.html#primaryimage"},"image":{"@id":"https:\/\/www.rri.ro\/de\/aktuell\/newsflash-de\/militaerverordnung-nr-4-vom-sonntag-den-29-03-2020-id633439.html#primaryimage"},"thumbnailUrl":"https:\/\/www.rri.ro\/wp-content\/uploads\/2023\/10\/ministrul-de-interne-marcel-vela-foto-gov-ro.png","datePublished":"2020-03-29T20:12:00+00:00","author":{"@id":"https:\/\/www.rri.ro\/#\/schema\/person\/dc3ad633fdc068dc56e6ff0211bf6d0b"},"breadcrumb":{"@id":"https:\/\/www.rri.ro\/de\/aktuell\/newsflash-de\/militaerverordnung-nr-4-vom-sonntag-den-29-03-2020-id633439.html#breadcrumb"},"inLanguage":"de","potentialAction":[{"@type":"ReadAction","target":["https:\/\/www.rri.ro\/de\/aktuell\/newsflash-de\/militaerverordnung-nr-4-vom-sonntag-den-29-03-2020-id633439.html"]}]},{"@type":"ImageObject","inLanguage":"de","@id":"https:\/\/www.rri.ro\/de\/aktuell\/newsflash-de\/militaerverordnung-nr-4-vom-sonntag-den-29-03-2020-id633439.html#primaryimage","url":"https:\/\/www.rri.ro\/wp-content\/uploads\/2023\/10\/ministrul-de-interne-marcel-vela-foto-gov-ro.png","contentUrl":"https:\/\/www.rri.ro\/wp-content\/uploads\/2023\/10\/ministrul-de-interne-marcel-vela-foto-gov-ro.png","width":640,"height":427},{"@type":"BreadcrumbList","@id":"https:\/\/www.rri.ro\/de\/aktuell\/newsflash-de\/militaerverordnung-nr-4-vom-sonntag-den-29-03-2020-id633439.html#breadcrumb","itemListElement":[{"@type":"ListItem","position":1,"name":"Startseite","item":"https:\/\/www.rri.ro\/de"},{"@type":"ListItem","position":2,"name":"Aktuell","item":"https:\/\/www.rri.ro\/de\/aktuell"},{"@type":"ListItem","position":3,"name":"Newsflash","item":"https:\/\/www.rri.ro\/de\/aktuell\/newsflash-de"},{"@type":"ListItem","position":4,"name":"Milit\u00e4rverordnung Nr. 4 vom Sonntag, den 29.03.2020"}]},{"@type":"WebSite","@id":"https:\/\/www.rri.ro\/#website","url":"https:\/\/www.rri.ro\/","name":"Radio Rum\u00e4nien International","description":"Totul despre Rom\u00e2nia \u015fi rom\u00e2ni, \u00een 13 limbi\/dialecte!","inLanguage":"de"},{"@type":"Person","@id":"https:\/\/www.rri.ro\/#\/schema\/person\/dc3ad633fdc068dc56e6ff0211bf6d0b","name":"Irina Adamescu","url":"https:\/\/www.rri.ro\/de\/author\/irina-adamescu"}]}},"_links":{"self":[{"href":"https:\/\/www.rri.ro\/de\/wp-json\/wp\/v2\/posts\/633439","targetHints":{"allow":["GET"]}}],"collection":[{"href":"https:\/\/www.rri.ro\/de\/wp-json\/wp\/v2\/posts"}],"about":[{"href":"https:\/\/www.rri.ro\/de\/wp-json\/wp\/v2\/types\/post"}],"author":[{"embeddable":true,"href":"https:\/\/www.rri.ro\/de\/wp-json\/wp\/v2\/users\/35"}],"replies":[{"embeddable":true,"href":"https:\/\/www.rri.ro\/de\/wp-json\/wp\/v2\/comments?post=633439"}],"version-history":[{"count":0,"href":"https:\/\/www.rri.ro\/de\/wp-json\/wp\/v2\/posts\/633439\/revisions"}],"wp:featuredmedia":[{"embeddable":true,"href":"https:\/\/www.rri.ro\/de\/wp-json\/wp\/v2\/media\/85069"}],"wp:attachment":[{"href":"https:\/\/www.rri.ro\/de\/wp-json\/wp\/v2\/media?parent=633439"}],"wp:term":[{"taxonomy":"category","embeddable":true,"href":"https:\/\/www.rri.ro\/de\/wp-json\/wp\/v2\/categories?post=633439"},{"taxonomy":"post_tag","embeddable":true,"href":"https:\/\/www.rri.ro\/de\/wp-json\/wp\/v2\/tags?post=633439"},{"taxonomy":"author","embeddable":true,"href":"https:\/\/www.rri.ro\/de\/wp-json\/wp\/v2\/coauthors?post=633439"}],"curies":[{"name":"wp","href":"https:\/\/api.w.org\/{rel}","templated":true}]}}