{"id":633442,"date":"2020-03-31T17:31:00","date_gmt":"2020-03-31T14:31:00","guid":{"rendered":"http:\/\/devrri.freshlemon.ro\/aktuell\/nachrichten-31-03-2020-id633442.html"},"modified":"2020-03-31T17:31:00","modified_gmt":"2020-03-31T14:31:00","slug":"nachrichten-31-03-2020","status":"publish","type":"post","link":"https:\/\/www.rri.ro\/de\/aktuell\/newsflash-de\/nachrichten-31-03-2020-id633442.html","title":{"rendered":"Nachrichten  31.03.2020"},"content":{"rendered":"<p>In Rum\u00e4nien hat die Zahl der best\u00e4tigten F\u00e4lle von Coronavirusinfektionen 2.245 erreicht, von denen etwa 600 F\u00e4lle in Suceava im Nordwesten gemeldet wurden. 285 Mitarbeiter des Gesundheitssystems geh\u00f6ren zu den best\u00e4tigten F\u00e4llen. 220 Infizierte sind geheilt worden. Nach Angaben der Strategischen Kommunikationsgruppe befinden sich mehr als 11.500 Menschen in Quarant\u00e4ne und fast 125.000 in Isolation. 78 Menschen sind an der COVID-19-Infektion gestorben. Staatspr\u00e4sident Klaus Iohannis hat nach einem Krisentreffen mit Premierminister Ludovic Orban und anderen Mitgliedern der Regierung den rum\u00e4nischen \u00c4rzten eine Unterst\u00fctzungsbotschaft geschickt \u2013 sie st\u00fcnden im Kampf gegen COVID 19 an vorderster Front.<\/p>\n<p>&#13;<br \/>\n&#13;<\/p>\n<\/p>\n<p>Der rum\u00e4nische Staatschef Klaus Iohannis hatte&#13;<br \/>\nam Dienstag auf Einladung der israelischen Seite ein Telefonat mit seinem&#13;<br \/>\nisraelischen Amtskollegen Reuven Rivlin. Angegangen wurden die durch das neue&#13;<br \/>\nCoronavirus verursachte epidemiologische Krise und die Kooperationsmethoden zur&#13;<br \/>\nBek\u00e4mpfung der Ausbreitung. Pr\u00e4sident Iohannis stellte die Ma\u00dfnahmen der&#13;<br \/>\nrum\u00e4nischen Beh\u00f6rden zur Identifizierung und Behandlung von COVID-19-Patienten&#13;<br \/>\nsowie zur Verhinderung der \u00dcbertragung des SARS-CoV-2-Virus vor. Andererseits&#13;<br \/>\nwurde die enge Freundschaftsbeziehung zwischen den beiden Staaten&#13;<br \/>\nhervorgehoben, die auf gemeinsamen Interessen beruht. Die Pr\u00e4sidialverwaltung erkl\u00e4rte,&#13;<br \/>\nPr\u00e4sident Iohannis habe die Einladung an die israelische Seite wiederholte,&#13;<br \/>\nunserem Land nach dem Ende der durch die SARS-CoV-2-Pandemie ausgel\u00f6sten Krise&#13;<br \/>\neinen Besuch abzustatten, Einladung, die von Reuven Rivlin angenommen wurde.<\/p>\n<p><\/p>\n<p>&#13;<br \/>\n&#13;<\/p>\n<p>Der rum\u00e4nische Innenminister Marcel Vela hat am Montagabend durch die 5. Milit\u00e4rverordnung seit Ausrufung des Notstands die Aussetzung der Fl\u00fcge zwischen Spanien und Rum\u00e4nien ab dem 31. M\u00e4rz um 14 Tage verl\u00e4ngert. Das gleiche gilt f\u00fcr die Flugverbindungen zwischen Italien und Rum\u00e4nien \u2013 sie werden ebenfalls f\u00fcr weitere 14 Tage ab dem 6. April ausgesetzt. Die gesamte Stadt Suceava sowie 8 umliegende Gemeinden werden abgeriegelt und unter Quarant\u00e4ne gestellt. Alle Zufahrtswege zur Stadt werden von der Armee und der Polizei bewacht. Die Entscheidung wurde getroffen, nachdem mehr als ein Viertel der best\u00e4tigten F\u00e4lle von COVID 19 in Rum\u00e4nien in Suceava gemeldet wurden.<\/p>\n<p>&#13;<br \/>\n&#13;<\/p>\n<p>&#13;<br \/>\n&#13;<\/p>\n<p>Die Verordnung der rum\u00e4nischen Regierung \u00fcber die Kurzarbeit steht auf der Tagesordnung der Sitzung des Senates, der \u00fcber dieses Dokument per Videokonferenz abstimmen k\u00f6nnte. Gem\u00e4\u00df der Verordnung k\u00f6nnen Arbeitnehmer eines Unternehmens die Fortzahlung von 75% des Lohns in Anspruch nehmen. Die Mittel f\u00fcr die Unternehmen, die ihre T\u00e4tigkeit aufgrund der Coronavirus-Pandemie reduzieren, werden auf der Grundlage einer eidesstattlichen Erkl\u00e4rung gew\u00e4hrt. Der Staat \u00fcbernimmt 75 % des durchschnittlichen Bruttolohns, jedoch nicht mehr als etwa 475 Euro. Das Geld wird f\u00fcr die Dauer des Notstands gew\u00e4hrt. Auch Athleten bekommen Kurzarbeitergeld.<\/p>\n<p>&#13;<br \/>\n&#13;<\/p>\n<p>&#13;<br \/>\n&#13;<\/p>\n<p>In der Republik Moldau sind 300 COVID-19-F\u00e4lle best\u00e4tigt worden. Die Beh\u00f6rden haben nicht nur mit einem prek\u00e4ren Gesundheitssystem zu tun, sondern auch mit einem Ansturm moldauischer B\u00fcrger im Ausland, die zur\u00fcck ins Land dr\u00e4ngen. \u00dcber 200 Moldauer steckten am Montag auf einem Pariser Flughafen fest, weil ihr Charterflug aus der Moldau nicht die Genehmigung der Beh\u00f6rden in Chisinau erhielt, so der Korrespondent von Radio Rum\u00e4nien in der Moldau. Die R\u00fcckkehr der B\u00fcrger aus dem Ausland st\u00f6re den prorussichen Pr\u00e4sidenten Igor Dodon im Kontext der Wahlen im Herbst. Nichtamtlichen Daten nach lebt eine Million Moldauer au\u00dferhalb der Landesgrenzen. Der rum\u00e4nische EVP-Europaagbeordnete Sigfried Mure\u015fan teilte am Montag mit, dass die Europ\u00e4ische Kommission 140 Millionen Euro f\u00fcr Notf\u00e4lle in der Moldau und den anderen L\u00e4ndern der \u00f6stlichen Partnerschaft freigeschaltet habe.<\/p>\n<p>&#13;<br \/>\n&#13;<\/p>\n<p>&#13;<br \/>\n&#13;<\/p>\n<p>Die spanische Au\u00dfenministerin Arancha Gonzalez hat am Dienstag eine Erh\u00f6hung des EU-Haushalts vorgeschlagen, um die Auswirkungen der durch die COVID-19-Pandemie verursachten Krise zu bek\u00e4mpfen. Sie sagte, die Europ\u00e4ische Zentralbank und die Europ\u00e4ische Kommission h\u00e4tten zwar angek\u00fcndigt, dass sie in diesem Sinne Anstrengungen unternehmen, betonte aber, dass sie mehr Solidarit\u00e4t zwischen den EU-Mitgliedsstaaten erwarten. In einem weiteren Schritt werden die Finanzminister der Eurozone bei den f\u00fcr den 7. April geplanten Gespr\u00e4chen die Finanzinstrumente zur Unterst\u00fctzung der Wirtschaft der Region vorstellen, k\u00fcndigte der Pr\u00e4sident der Eurogruppe Mario Centeno an.<\/p>\n<p>&#13;<\/p>\n","protected":false},"excerpt":{"rendered":"<p>In Rum\u00e4nien hat die Zahl der best\u00e4tigten F\u00e4lle von Coronavirusinfektionen 2.245 erreicht, von denen etwa 600 F\u00e4lle in Suceava im Nordwesten gemeldet wurden. 285 Mitarbeiter des Gesundheitssystems geh\u00f6ren zu den best\u00e4tigten F\u00e4llen. 220 Infizierte sind geheilt worden. Nach Angaben der Strategischen Kommunikationsgruppe befinden sich mehr als 11.500 Menschen in Quarant\u00e4ne und fast 125.000 in Isolation. [&hellip;]<\/p>\n","protected":false},"author":113,"featured_media":460330,"comment_status":"closed","ping_status":"closed","sticky":false,"template":"","format":"standard","meta":{"_acf_changed":false,"footnotes":""},"categories":[116753],"tags":[127459,35374,127516,104953,104950,127514,104913,100115,127515,105794,142571],"coauthors":[],"class_list":["post-633442","post","type-post","status-publish","format-standard","has-post-thumbnail","hentry","category-newsflash-de","tag-coronavirusinfektionen","tag-covid-19","tag-eurogruppe","tag-kurzarbeit","tag-notstand","tag-praesidenten-igor-dodon","tag-quarantaene","tag-republik-moldau","tag-spanische-aussenministerin-arancha-gonzalez","tag-staatspraesident-klaus-iohannis","tag-suceava-de"],"acf":[],"yoast_head":"<!-- This site is optimized with the Yoast SEO plugin v27.3 - https:\/\/yoast.com\/product\/yoast-seo-wordpress\/ -->\n<title>Nachrichten 31.03.2020 - Radio Rum\u00e4nien International<\/title>\n<meta name=\"robots\" content=\"index, follow, max-snippet:-1, max-image-preview:large, max-video-preview:-1\" \/>\n<link rel=\"canonical\" href=\"https:\/\/www.rri.ro\/de\/aktuell\/newsflash-de\/nachrichten-31-03-2020-id633442.html\" \/>\n<meta property=\"og:locale\" content=\"de_DE\" \/>\n<meta property=\"og:type\" content=\"article\" \/>\n<meta property=\"og:title\" content=\"Nachrichten 31.03.2020 - Radio Rum\u00e4nien International\" \/>\n<meta property=\"og:description\" content=\"In Rum\u00e4nien hat die Zahl der best\u00e4tigten F\u00e4lle von Coronavirusinfektionen 2.245 erreicht, von denen etwa 600 F\u00e4lle in Suceava im Nordwesten gemeldet wurden. 285 Mitarbeiter des Gesundheitssystems geh\u00f6ren zu den best\u00e4tigten F\u00e4llen. 220 Infizierte sind geheilt worden. Nach Angaben der Strategischen Kommunikationsgruppe befinden sich mehr als 11.500 Menschen in Quarant\u00e4ne und fast 125.000 in Isolation. [&hellip;]\" \/>\n<meta property=\"og:url\" content=\"https:\/\/www.rri.ro\/de\/aktuell\/newsflash-de\/nachrichten-31-03-2020-id633442.html\" \/>\n<meta property=\"og:site_name\" content=\"Radio Rum\u00e4nien International\" \/>\n<meta property=\"article:published_time\" content=\"2020-03-31T14:31:00+00:00\" \/>\n<meta property=\"og:image\" content=\"https:\/\/www.rri.ro\/wp-content\/uploads\/2023\/10\/stiri-germana-ok2-2.png\" \/>\n\t<meta property=\"og:image:width\" content=\"640\" \/>\n\t<meta property=\"og:image:height\" content=\"427\" \/>\n\t<meta property=\"og:image:type\" content=\"image\/png\" \/>\n<meta name=\"author\" content=\"Newsroom\" \/>\n<meta name=\"twitter:card\" content=\"summary_large_image\" \/>\n<meta name=\"twitter:label1\" content=\"Verfasst von\" \/>\n\t<meta name=\"twitter:data1\" content=\"Newsroom\" \/>\n\t<meta name=\"twitter:label2\" content=\"Gesch\u00e4tzte Lesezeit\" \/>\n\t<meta name=\"twitter:data2\" content=\"3\u00a0Minuten\" \/>\n\t<meta name=\"twitter:label3\" content=\"Written by\" \/>\n\t<meta name=\"twitter:data3\" content=\"Newsroom\" \/>\n<script type=\"application\/ld+json\" class=\"yoast-schema-graph\">{\"@context\":\"https:\\\/\\\/schema.org\",\"@graph\":[{\"@type\":\"Article\",\"@id\":\"https:\\\/\\\/www.rri.ro\\\/de\\\/aktuell\\\/newsflash-de\\\/nachrichten-31-03-2020-id633442.html#article\",\"isPartOf\":{\"@id\":\"https:\\\/\\\/www.rri.ro\\\/de\\\/aktuell\\\/newsflash-de\\\/nachrichten-31-03-2020-id633442.html\"},\"author\":{\"name\":\"Newsroom\",\"@id\":\"https:\\\/\\\/www.rri.ro\\\/#\\\/schema\\\/person\\\/4a479940371b9fdefd194f561e8a7f88\"},\"headline\":\"Nachrichten 31.03.2020\",\"datePublished\":\"2020-03-31T14:31:00+00:00\",\"mainEntityOfPage\":{\"@id\":\"https:\\\/\\\/www.rri.ro\\\/de\\\/aktuell\\\/newsflash-de\\\/nachrichten-31-03-2020-id633442.html\"},\"wordCount\":667,\"image\":{\"@id\":\"https:\\\/\\\/www.rri.ro\\\/de\\\/aktuell\\\/newsflash-de\\\/nachrichten-31-03-2020-id633442.html#primaryimage\"},\"thumbnailUrl\":\"https:\\\/\\\/www.rri.ro\\\/wp-content\\\/uploads\\\/2023\\\/10\\\/stiri-germana-ok2-2.png\",\"keywords\":[\"Coronavirusinfektionen\",\"Covid-19\",\"Eurogruppe\",\"Kurzarbeit\",\"Notstand\",\"Pr\u00e4sidenten Igor Dodon\",\"Quarant\u00e4ne\",\"Republik Moldau\",\"spanische Au\u00dfenministerin Arancha Gonzalez\",\"Staatspr\u00e4sident Klaus Iohannis\",\"Suceava\"],\"articleSection\":[\"Newsflash\"],\"inLanguage\":\"de\"},{\"@type\":\"WebPage\",\"@id\":\"https:\\\/\\\/www.rri.ro\\\/de\\\/aktuell\\\/newsflash-de\\\/nachrichten-31-03-2020-id633442.html\",\"url\":\"https:\\\/\\\/www.rri.ro\\\/de\\\/aktuell\\\/newsflash-de\\\/nachrichten-31-03-2020-id633442.html\",\"name\":\"Nachrichten 31.03.2020 - Radio Rum\u00e4nien International\",\"isPartOf\":{\"@id\":\"https:\\\/\\\/www.rri.ro\\\/#website\"},\"primaryImageOfPage\":{\"@id\":\"https:\\\/\\\/www.rri.ro\\\/de\\\/aktuell\\\/newsflash-de\\\/nachrichten-31-03-2020-id633442.html#primaryimage\"},\"image\":{\"@id\":\"https:\\\/\\\/www.rri.ro\\\/de\\\/aktuell\\\/newsflash-de\\\/nachrichten-31-03-2020-id633442.html#primaryimage\"},\"thumbnailUrl\":\"https:\\\/\\\/www.rri.ro\\\/wp-content\\\/uploads\\\/2023\\\/10\\\/stiri-germana-ok2-2.png\",\"datePublished\":\"2020-03-31T14:31:00+00:00\",\"author\":{\"@id\":\"https:\\\/\\\/www.rri.ro\\\/#\\\/schema\\\/person\\\/4a479940371b9fdefd194f561e8a7f88\"},\"breadcrumb\":{\"@id\":\"https:\\\/\\\/www.rri.ro\\\/de\\\/aktuell\\\/newsflash-de\\\/nachrichten-31-03-2020-id633442.html#breadcrumb\"},\"inLanguage\":\"de\",\"potentialAction\":[{\"@type\":\"ReadAction\",\"target\":[\"https:\\\/\\\/www.rri.ro\\\/de\\\/aktuell\\\/newsflash-de\\\/nachrichten-31-03-2020-id633442.html\"]}]},{\"@type\":\"ImageObject\",\"inLanguage\":\"de\",\"@id\":\"https:\\\/\\\/www.rri.ro\\\/de\\\/aktuell\\\/newsflash-de\\\/nachrichten-31-03-2020-id633442.html#primaryimage\",\"url\":\"https:\\\/\\\/www.rri.ro\\\/wp-content\\\/uploads\\\/2023\\\/10\\\/stiri-germana-ok2-2.png\",\"contentUrl\":\"https:\\\/\\\/www.rri.ro\\\/wp-content\\\/uploads\\\/2023\\\/10\\\/stiri-germana-ok2-2.png\",\"width\":640,\"height\":427},{\"@type\":\"BreadcrumbList\",\"@id\":\"https:\\\/\\\/www.rri.ro\\\/de\\\/aktuell\\\/newsflash-de\\\/nachrichten-31-03-2020-id633442.html#breadcrumb\",\"itemListElement\":[{\"@type\":\"ListItem\",\"position\":1,\"name\":\"Startseite\",\"item\":\"https:\\\/\\\/www.rri.ro\\\/de\"},{\"@type\":\"ListItem\",\"position\":2,\"name\":\"Aktuell\",\"item\":\"https:\\\/\\\/www.rri.ro\\\/de\\\/aktuell\"},{\"@type\":\"ListItem\",\"position\":3,\"name\":\"Newsflash\",\"item\":\"https:\\\/\\\/www.rri.ro\\\/de\\\/aktuell\\\/newsflash-de\"},{\"@type\":\"ListItem\",\"position\":4,\"name\":\"Nachrichten 31.03.2020\"}]},{\"@type\":\"WebSite\",\"@id\":\"https:\\\/\\\/www.rri.ro\\\/#website\",\"url\":\"https:\\\/\\\/www.rri.ro\\\/\",\"name\":\"Radio Rum\u00e4nien International\",\"description\":\"Totul despre Rom\u00e2nia \u015fi rom\u00e2ni, \u00een 13 limbi\\\/dialecte!\",\"inLanguage\":\"de\"},{\"@type\":\"Person\",\"@id\":\"https:\\\/\\\/www.rri.ro\\\/#\\\/schema\\\/person\\\/4a479940371b9fdefd194f561e8a7f88\",\"name\":\"Newsroom\",\"url\":\"https:\\\/\\\/www.rri.ro\\\/de\\\/author\\\/newsroom\"}]}<\/script>\n<!-- \/ Yoast SEO plugin. -->","yoast_head_json":{"title":"Nachrichten 31.03.2020 - Radio Rum\u00e4nien International","robots":{"index":"index","follow":"follow","max-snippet":"max-snippet:-1","max-image-preview":"max-image-preview:large","max-video-preview":"max-video-preview:-1"},"canonical":"https:\/\/www.rri.ro\/de\/aktuell\/newsflash-de\/nachrichten-31-03-2020-id633442.html","og_locale":"de_DE","og_type":"article","og_title":"Nachrichten 31.03.2020 - Radio Rum\u00e4nien International","og_description":"In Rum\u00e4nien hat die Zahl der best\u00e4tigten F\u00e4lle von Coronavirusinfektionen 2.245 erreicht, von denen etwa 600 F\u00e4lle in Suceava im Nordwesten gemeldet wurden. 285 Mitarbeiter des Gesundheitssystems geh\u00f6ren zu den best\u00e4tigten F\u00e4llen. 220 Infizierte sind geheilt worden. Nach Angaben der Strategischen Kommunikationsgruppe befinden sich mehr als 11.500 Menschen in Quarant\u00e4ne und fast 125.000 in Isolation. [&hellip;]","og_url":"https:\/\/www.rri.ro\/de\/aktuell\/newsflash-de\/nachrichten-31-03-2020-id633442.html","og_site_name":"Radio Rum\u00e4nien International","article_published_time":"2020-03-31T14:31:00+00:00","og_image":[{"width":640,"height":427,"url":"https:\/\/www.rri.ro\/wp-content\/uploads\/2023\/10\/stiri-germana-ok2-2.png","type":"image\/png"}],"author":"Newsroom","twitter_card":"summary_large_image","twitter_misc":{"Verfasst von":"Newsroom","Gesch\u00e4tzte Lesezeit":"3\u00a0Minuten","Written by":"Newsroom"},"schema":{"@context":"https:\/\/schema.org","@graph":[{"@type":"Article","@id":"https:\/\/www.rri.ro\/de\/aktuell\/newsflash-de\/nachrichten-31-03-2020-id633442.html#article","isPartOf":{"@id":"https:\/\/www.rri.ro\/de\/aktuell\/newsflash-de\/nachrichten-31-03-2020-id633442.html"},"author":{"name":"Newsroom","@id":"https:\/\/www.rri.ro\/#\/schema\/person\/4a479940371b9fdefd194f561e8a7f88"},"headline":"Nachrichten 31.03.2020","datePublished":"2020-03-31T14:31:00+00:00","mainEntityOfPage":{"@id":"https:\/\/www.rri.ro\/de\/aktuell\/newsflash-de\/nachrichten-31-03-2020-id633442.html"},"wordCount":667,"image":{"@id":"https:\/\/www.rri.ro\/de\/aktuell\/newsflash-de\/nachrichten-31-03-2020-id633442.html#primaryimage"},"thumbnailUrl":"https:\/\/www.rri.ro\/wp-content\/uploads\/2023\/10\/stiri-germana-ok2-2.png","keywords":["Coronavirusinfektionen","Covid-19","Eurogruppe","Kurzarbeit","Notstand","Pr\u00e4sidenten Igor Dodon","Quarant\u00e4ne","Republik Moldau","spanische Au\u00dfenministerin Arancha Gonzalez","Staatspr\u00e4sident Klaus Iohannis","Suceava"],"articleSection":["Newsflash"],"inLanguage":"de"},{"@type":"WebPage","@id":"https:\/\/www.rri.ro\/de\/aktuell\/newsflash-de\/nachrichten-31-03-2020-id633442.html","url":"https:\/\/www.rri.ro\/de\/aktuell\/newsflash-de\/nachrichten-31-03-2020-id633442.html","name":"Nachrichten 31.03.2020 - Radio Rum\u00e4nien International","isPartOf":{"@id":"https:\/\/www.rri.ro\/#website"},"primaryImageOfPage":{"@id":"https:\/\/www.rri.ro\/de\/aktuell\/newsflash-de\/nachrichten-31-03-2020-id633442.html#primaryimage"},"image":{"@id":"https:\/\/www.rri.ro\/de\/aktuell\/newsflash-de\/nachrichten-31-03-2020-id633442.html#primaryimage"},"thumbnailUrl":"https:\/\/www.rri.ro\/wp-content\/uploads\/2023\/10\/stiri-germana-ok2-2.png","datePublished":"2020-03-31T14:31:00+00:00","author":{"@id":"https:\/\/www.rri.ro\/#\/schema\/person\/4a479940371b9fdefd194f561e8a7f88"},"breadcrumb":{"@id":"https:\/\/www.rri.ro\/de\/aktuell\/newsflash-de\/nachrichten-31-03-2020-id633442.html#breadcrumb"},"inLanguage":"de","potentialAction":[{"@type":"ReadAction","target":["https:\/\/www.rri.ro\/de\/aktuell\/newsflash-de\/nachrichten-31-03-2020-id633442.html"]}]},{"@type":"ImageObject","inLanguage":"de","@id":"https:\/\/www.rri.ro\/de\/aktuell\/newsflash-de\/nachrichten-31-03-2020-id633442.html#primaryimage","url":"https:\/\/www.rri.ro\/wp-content\/uploads\/2023\/10\/stiri-germana-ok2-2.png","contentUrl":"https:\/\/www.rri.ro\/wp-content\/uploads\/2023\/10\/stiri-germana-ok2-2.png","width":640,"height":427},{"@type":"BreadcrumbList","@id":"https:\/\/www.rri.ro\/de\/aktuell\/newsflash-de\/nachrichten-31-03-2020-id633442.html#breadcrumb","itemListElement":[{"@type":"ListItem","position":1,"name":"Startseite","item":"https:\/\/www.rri.ro\/de"},{"@type":"ListItem","position":2,"name":"Aktuell","item":"https:\/\/www.rri.ro\/de\/aktuell"},{"@type":"ListItem","position":3,"name":"Newsflash","item":"https:\/\/www.rri.ro\/de\/aktuell\/newsflash-de"},{"@type":"ListItem","position":4,"name":"Nachrichten 31.03.2020"}]},{"@type":"WebSite","@id":"https:\/\/www.rri.ro\/#website","url":"https:\/\/www.rri.ro\/","name":"Radio Rum\u00e4nien International","description":"Totul despre Rom\u00e2nia \u015fi rom\u00e2ni, \u00een 13 limbi\/dialecte!","inLanguage":"de"},{"@type":"Person","@id":"https:\/\/www.rri.ro\/#\/schema\/person\/4a479940371b9fdefd194f561e8a7f88","name":"Newsroom","url":"https:\/\/www.rri.ro\/de\/author\/newsroom"}]}},"_links":{"self":[{"href":"https:\/\/www.rri.ro\/de\/wp-json\/wp\/v2\/posts\/633442","targetHints":{"allow":["GET"]}}],"collection":[{"href":"https:\/\/www.rri.ro\/de\/wp-json\/wp\/v2\/posts"}],"about":[{"href":"https:\/\/www.rri.ro\/de\/wp-json\/wp\/v2\/types\/post"}],"author":[{"embeddable":true,"href":"https:\/\/www.rri.ro\/de\/wp-json\/wp\/v2\/users\/113"}],"replies":[{"embeddable":true,"href":"https:\/\/www.rri.ro\/de\/wp-json\/wp\/v2\/comments?post=633442"}],"version-history":[{"count":0,"href":"https:\/\/www.rri.ro\/de\/wp-json\/wp\/v2\/posts\/633442\/revisions"}],"wp:featuredmedia":[{"embeddable":true,"href":"https:\/\/www.rri.ro\/de\/wp-json\/wp\/v2\/media\/460330"}],"wp:attachment":[{"href":"https:\/\/www.rri.ro\/de\/wp-json\/wp\/v2\/media?parent=633442"}],"wp:term":[{"taxonomy":"category","embeddable":true,"href":"https:\/\/www.rri.ro\/de\/wp-json\/wp\/v2\/categories?post=633442"},{"taxonomy":"post_tag","embeddable":true,"href":"https:\/\/www.rri.ro\/de\/wp-json\/wp\/v2\/tags?post=633442"},{"taxonomy":"author","embeddable":true,"href":"https:\/\/www.rri.ro\/de\/wp-json\/wp\/v2\/coauthors?post=633442"}],"curies":[{"name":"wp","href":"https:\/\/api.w.org\/{rel}","templated":true}]}}