{"id":633492,"date":"2020-05-08T17:16:00","date_gmt":"2020-05-08T14:16:00","guid":{"rendered":"http:\/\/devrri.freshlemon.ro\/aktuell\/nachrichten-08-05-2020-id633492.html"},"modified":"2020-05-08T17:16:00","modified_gmt":"2020-05-08T14:16:00","slug":"nachrichten-08-05-2020","status":"publish","type":"post","link":"https:\/\/www.rri.ro\/de\/aktuell\/newsflash-de\/nachrichten-08-05-2020-id633492.html","title":{"rendered":"Nachrichten 08.05.2020"},"content":{"rendered":"<\/p>\n<p>Der rum\u00e4nische Pr\u00e4sident&#13;<br \/>\nKlaus Iohannis hat am Freitag erkl\u00e4rt, dass das rum\u00e4nische Haushaltsdefizit&#13;<br \/>\nh\u00f6her sein wird als geplant und finanziert werden muss. Das Staatsoberhaupt&#13;<br \/>\nhatte ein Treffen mit Premierminister Ludovic Orban, Finanzminister Florin C\u00ee\u0163u&#13;<br \/>\nund Notenbankchef Mugur Is\u0103rescu, um die wirtschaftliche Situation im Kontext&#13;<br \/>\nder durch die COVID-19-Epidemie verursachten Krise zu bewerten. Klaus Iohannis&#13;<br \/>\nsagte, dass koh\u00e4rente Ma\u00dfnahmen erforderlich sind, um die Wirtschaft&#13;<br \/>\nwiederzubeleben, die sich derzeit in einer Krisensituation befindet. Er sagte,&#13;<br \/>\nes wurden L\u00f6sungen gefunden, die umgesetzt werden k\u00f6nnen, wenn alle Beteiligten&#13;<br \/>\nzusammenarbeiten. Zuvor hatte sich Premierminister Ludovic Orban erneut mit den&#13;<br \/>\nMinistern aus dem wirtschaftlchen Bereich getroffen, um den Plan der&#13;<br \/>\nMa\u00dfnahmen zur Wiederbelebung der Wirtschaft nach der Krise abzuschlie\u00dfen. Ebenfalls&#13;<br \/>\nam Freitag sollen die Regierungsvertreter die Vorschl\u00e4ge f\u00fcr die Rechtsvorschrift senden, der nach dem 15. Mai den \u00dcbergang vom Notstand in den Warnzustand&#13;<br \/>\nvollziehen wird. Die festgelegten Ma\u00dfnahmen, werden auch \u00f6ffentlich diskutiert,&#13;<br \/>\ndamit Unternehmen und Arbeitgeber, die von der Aufhebung der Beschr\u00e4nkungen&#13;<br \/>\nbetroffen sind, ihre Meinung \u00e4u\u00dfern k\u00f6nnen. Parallel dazu sind Spezialisten f\u00fcr&#13;<br \/>\n\u00f6ffentliche Gesundheit und Sicherheit am Arbeitsplatz dabei, eine Reihe von&#13;<br \/>\nRegeln f\u00fcr die Wiederaufnahme der T\u00e4tigkeit festzulegen, die f\u00fcr jeden Bereich&#13;<br \/>\nspezifisch sind.<\/p>\n<\/p>\n<p>&#13;<br \/>\n&#13;<\/p>\n<p>&#13;<br \/>\n&#13;<\/p>\n<p>Zehn weitere mit dem neuartigen Coronavirus infizierte Menschen sind in Rum\u00e4nien gestorben, so dass sich die Zahl der Todesopfer auf 898 stieg. Die Zahl der best\u00e4tigten F\u00e4lle \u00fcbersteigt 14.800, w\u00e4hrend sich mehr als 6.400 Menschen erholt haben. Unter den Rum\u00e4nen, die im Ausland leben, erreicht die Zahl der Infektionen 2.444, vor allem in Italien und Spanien, w\u00e4hrend die Zahl der Todesopfer 96 betr\u00e4gt.<\/p>\n<p>&#13;<br \/>\n&#13;<\/p>\n<p>&#13;<br \/>\n&#13;<\/p>\n<p>Die Zahl der Infektionen weltweit liegt bei 3,9 Millionen, w\u00e4hrend die Zahl der Todesopfer 270.000 betr\u00e4gt. Die Vereinigten Staaten sind das am schlimmsten betroffene Land der Welt, mit 2.400 Todesf\u00e4llen innerhalb von 24 Stunden, was die Zahl der Todesopfer auf \u00fcber 75.500 ansteigen l\u00e4sst. Gro\u00dfbritannien ist mit \u00fcber 30.000 Todesopfern das am schlimmsten betroffene Land in Europa, gefolgt von Italien, Spanien, Frankreich und Deutschland. Russland, wo in den letzten 24 Stunden 10.000 neue F\u00e4lle gemeldet wurden, liegt mit \u00fcber 187.000 Infektionen weltweit an f\u00fcnfter Stelle und \u00fcberholt damit Deutschland und Frankreich. Ein weiterer Schritt ist die Lockerung der Beschr\u00e4nkungen in Norwegen und D\u00e4nemark, wo Schulen und Einkaufszentren wieder ge\u00f6ffnet werden.<\/p>\n<p>&#13;<br \/>\n&#13;<\/p>\n<p>&#13;<br \/>\n&#13;<\/p>\n<p>Vor&#13;<br \/>\ndem Hintergrund der Coronavirus-Pandemie haben die europ\u00e4ischen Staaten am&#13;<br \/>\nFreitag durch diskrete Zeremonien den Tag des Sieges &#8211; 75 Jahre nach dem Sieg&#13;<br \/>\nder Alliierten in Europa im Zweiten Weltkrieg gefeiert. NATO-Generalsekret\u00e4r&#13;<br \/>\nJens Stoltenberg dankte den alliierten Streitkr\u00e4ften, die weiterhin eine&#13;<br \/>\nSchl\u00fcsselrolle bei der Bew\u00e4ltigung der aktuellen Sicherheitsherausforderungen,&#13;<br \/>\neinschlie\u00dflich des Kampfes gegen die Pandemie, spielen. Die NATO wurde aus den&#13;<br \/>\nRuinen des Krieges, auf der unzerbrechlichen Br\u00fccke zwischen Europa und&#13;<br \/>\nNordamerika gebaut und durch unser feierliches Versprechen, sich gegenseitig zu&#13;<br \/>\nsch\u00fctzen, zementiert &#8211; alle f\u00fcr einen und einer f\u00fcr alle. 30 Freunde und&#13;<br \/>\nVerb\u00fcndete. Zusammen sind wir st\u00e4rker , schloss Stoltenberg in einer&#13;<br \/>\nVideobotschaft. Am Donnerstag haben die Au\u00dfenminister von 9 europ\u00e4ischen&#13;<br \/>\nL\u00e4ndern, darunter Rum\u00e4nien und die USA, eine gemeinsame Erkl\u00e4rung&#13;<br \/>\nunterzeichnet, in der sie den Opfern und allen Soldaten, die f\u00fcr die Niederlage&#13;<br \/>\ndes NS-Regimes und die Beendigung des Holocaust k\u00e4mpften, Tribut zollen.<\/p>\n<p>&#13;<br \/>\n&#13;<\/p>\n<p>&#13;<br \/>\n&#13;<\/p>\n<p>Die Europ\u00e4ische Union hat 750 Millionen Euro bewilligt, die kleinen und mittleren Unternehmen in Rum\u00e4nien zur Verf\u00fcgung gestellt werden sollen, zus\u00e4tzlich zur Kofinanzierung durch den rum\u00e4nischen Staat und m\u00f6glichen Beitr\u00e4gen der Beg\u00fcnstigten, was zu einer Interventionssumme von insgesamt 1 Milliarde Euro f\u00fchrt, sagte der Minister f\u00fcr europ\u00e4ische Fonds Marcel Bolos. Die Art und Weise, wie auf diese Gelder zugegriffen werden kann, wird bald endg\u00fcltig festgelegt werden, wobei derzeit vier Optionen auf dem Tisch liegen, f\u00fcgte der Minister hinzu.<\/p>\n<p>&#13;<br \/>\n&#13;<\/p>\n<p>&#13;<br \/>\n&#13;<\/p>\n<p>Das Verfassungsgericht in der Republik Moldau hat den Vertrag \u00fcber ein Darlehen der Russischen F\u00f6deration in H\u00f6he von 200 Millionen Euro gek\u00fcndigt. Das Urteil wurde von Pr\u00e4sident Igor Dodon kritisiert, der dem Gericht politische Voreingenommenheit vorwarf, w\u00e4hrend die Opposition die Richter des Gerichts daf\u00fcr lobte, dass sie trotz des Drucks, der auf sie ausge\u00fcbt wurde, ein faires Urteil gef\u00e4llt haben. Das fragliche Abkommen war vom Parlament mit den Stimmen der Partei der Sozialisten und der Demokratischen Partei ratifiziert worden. Die Opposition warnte jedoch davor, dass das Abkommen mit Moskau es der Republik Moldau erlaubt h\u00e4tte, in die Schulden auch die Schulden der abtr\u00fcnnigen Region Transnistrien f\u00fcr das von Russland gelieferte Gas in H\u00f6he von 6,5 Milliarden Dollar einzubeziehen.<\/p>\n<p>&#13;<\/p>\n","protected":false},"excerpt":{"rendered":"<p>Der rum\u00e4nische Pr\u00e4sident&#13; Klaus Iohannis hat am Freitag erkl\u00e4rt, dass das rum\u00e4nische Haushaltsdefizit&#13; h\u00f6her sein wird als geplant und finanziert werden muss. Das Staatsoberhaupt&#13; hatte ein Treffen mit Premierminister Ludovic Orban, Finanzminister Florin C\u00ee\u0163u&#13; und Notenbankchef Mugur Is\u0103rescu, um die wirtschaftliche Situation im Kontext&#13; der durch die COVID-19-Epidemie verursachten Krise zu bewerten. Klaus Iohannis&#13; sagte, [&hellip;]<\/p>\n","protected":false},"author":113,"featured_media":460330,"comment_status":"closed","ping_status":"closed","sticky":false,"template":"","format":"standard","meta":{"_acf_changed":false,"footnotes":""},"categories":[116753],"tags":[105027,102144,105062,35339,99931,117391,104784,125098,100115,99824,99714],"coauthors":[],"class_list":["post-633492","post","type-post","status-publish","format-standard","has-post-thumbnail","hentry","category-newsflash-de","tag-alarmzustand","tag-aussenminister-bogdan-aurescu","tag-beschraenkungen","tag-coronavirus","tag-europaeische-union","tag-notenbank-chef-mugur-isarescu","tag-premierminister-ludovic-orban","tag-region-transnistrien","tag-republik-moldau","tag-russland","tag-verfassungsgericht"],"acf":[],"yoast_head":"<!-- This site is optimized with the Yoast SEO plugin v27.3 - https:\/\/yoast.com\/product\/yoast-seo-wordpress\/ -->\n<title>Nachrichten 08.05.2020 - Radio Rum\u00e4nien International<\/title>\n<meta name=\"robots\" content=\"index, follow, max-snippet:-1, max-image-preview:large, max-video-preview:-1\" \/>\n<link rel=\"canonical\" href=\"https:\/\/www.rri.ro\/de\/aktuell\/newsflash-de\/nachrichten-08-05-2020-id633492.html\" \/>\n<meta property=\"og:locale\" content=\"de_DE\" \/>\n<meta property=\"og:type\" content=\"article\" \/>\n<meta property=\"og:title\" content=\"Nachrichten 08.05.2020 - Radio Rum\u00e4nien International\" \/>\n<meta property=\"og:description\" content=\"Der rum\u00e4nische Pr\u00e4sident&#013; Klaus Iohannis hat am Freitag erkl\u00e4rt, dass das rum\u00e4nische Haushaltsdefizit&#013; h\u00f6her sein wird als geplant und finanziert werden muss. Das Staatsoberhaupt&#013; hatte ein Treffen mit Premierminister Ludovic Orban, Finanzminister Florin C\u00ee\u0163u&#013; und Notenbankchef Mugur Is\u0103rescu, um die wirtschaftliche Situation im Kontext&#013; der durch die COVID-19-Epidemie verursachten Krise zu bewerten. Klaus Iohannis&#013; sagte, [&hellip;]\" \/>\n<meta property=\"og:url\" content=\"https:\/\/www.rri.ro\/de\/aktuell\/newsflash-de\/nachrichten-08-05-2020-id633492.html\" \/>\n<meta property=\"og:site_name\" content=\"Radio Rum\u00e4nien International\" \/>\n<meta property=\"article:published_time\" content=\"2020-05-08T14:16:00+00:00\" \/>\n<meta property=\"og:image\" content=\"https:\/\/www.rri.ro\/wp-content\/uploads\/2023\/10\/stiri-germana-ok2-2.png\" \/>\n\t<meta property=\"og:image:width\" content=\"640\" \/>\n\t<meta property=\"og:image:height\" content=\"427\" \/>\n\t<meta property=\"og:image:type\" content=\"image\/png\" \/>\n<meta name=\"author\" content=\"Newsroom\" \/>\n<meta name=\"twitter:card\" content=\"summary_large_image\" \/>\n<meta name=\"twitter:label1\" content=\"Verfasst von\" \/>\n\t<meta name=\"twitter:data1\" content=\"Newsroom\" \/>\n\t<meta name=\"twitter:label2\" content=\"Gesch\u00e4tzte Lesezeit\" \/>\n\t<meta name=\"twitter:data2\" content=\"4\u00a0Minuten\" \/>\n\t<meta name=\"twitter:label3\" content=\"Written by\" \/>\n\t<meta name=\"twitter:data3\" content=\"Newsroom\" \/>\n<script type=\"application\/ld+json\" class=\"yoast-schema-graph\">{\"@context\":\"https:\\\/\\\/schema.org\",\"@graph\":[{\"@type\":\"Article\",\"@id\":\"https:\\\/\\\/www.rri.ro\\\/de\\\/aktuell\\\/newsflash-de\\\/nachrichten-08-05-2020-id633492.html#article\",\"isPartOf\":{\"@id\":\"https:\\\/\\\/www.rri.ro\\\/de\\\/aktuell\\\/newsflash-de\\\/nachrichten-08-05-2020-id633492.html\"},\"author\":{\"name\":\"Newsroom\",\"@id\":\"https:\\\/\\\/www.rri.ro\\\/#\\\/schema\\\/person\\\/4a479940371b9fdefd194f561e8a7f88\"},\"headline\":\"Nachrichten 08.05.2020\",\"datePublished\":\"2020-05-08T14:16:00+00:00\",\"mainEntityOfPage\":{\"@id\":\"https:\\\/\\\/www.rri.ro\\\/de\\\/aktuell\\\/newsflash-de\\\/nachrichten-08-05-2020-id633492.html\"},\"wordCount\":767,\"image\":{\"@id\":\"https:\\\/\\\/www.rri.ro\\\/de\\\/aktuell\\\/newsflash-de\\\/nachrichten-08-05-2020-id633492.html#primaryimage\"},\"thumbnailUrl\":\"https:\\\/\\\/www.rri.ro\\\/wp-content\\\/uploads\\\/2023\\\/10\\\/stiri-germana-ok2-2.png\",\"keywords\":[\"Alarmzustand\",\"Au\u00dfenminister Bogdan Aurescu\",\"Beschr\u00e4nkungen\",\"coronavirus\",\"Europ\u00e4ische Union\",\"Notenbank-Chef Mugur Isarescu\",\"Premierminister Ludovic Orban\",\"Region Transnistrien\",\"Republik Moldau\",\"Russland\",\"Verfassungsgericht\"],\"articleSection\":[\"Newsflash\"],\"inLanguage\":\"de\"},{\"@type\":\"WebPage\",\"@id\":\"https:\\\/\\\/www.rri.ro\\\/de\\\/aktuell\\\/newsflash-de\\\/nachrichten-08-05-2020-id633492.html\",\"url\":\"https:\\\/\\\/www.rri.ro\\\/de\\\/aktuell\\\/newsflash-de\\\/nachrichten-08-05-2020-id633492.html\",\"name\":\"Nachrichten 08.05.2020 - Radio Rum\u00e4nien International\",\"isPartOf\":{\"@id\":\"https:\\\/\\\/www.rri.ro\\\/#website\"},\"primaryImageOfPage\":{\"@id\":\"https:\\\/\\\/www.rri.ro\\\/de\\\/aktuell\\\/newsflash-de\\\/nachrichten-08-05-2020-id633492.html#primaryimage\"},\"image\":{\"@id\":\"https:\\\/\\\/www.rri.ro\\\/de\\\/aktuell\\\/newsflash-de\\\/nachrichten-08-05-2020-id633492.html#primaryimage\"},\"thumbnailUrl\":\"https:\\\/\\\/www.rri.ro\\\/wp-content\\\/uploads\\\/2023\\\/10\\\/stiri-germana-ok2-2.png\",\"datePublished\":\"2020-05-08T14:16:00+00:00\",\"author\":{\"@id\":\"https:\\\/\\\/www.rri.ro\\\/#\\\/schema\\\/person\\\/4a479940371b9fdefd194f561e8a7f88\"},\"breadcrumb\":{\"@id\":\"https:\\\/\\\/www.rri.ro\\\/de\\\/aktuell\\\/newsflash-de\\\/nachrichten-08-05-2020-id633492.html#breadcrumb\"},\"inLanguage\":\"de\",\"potentialAction\":[{\"@type\":\"ReadAction\",\"target\":[\"https:\\\/\\\/www.rri.ro\\\/de\\\/aktuell\\\/newsflash-de\\\/nachrichten-08-05-2020-id633492.html\"]}]},{\"@type\":\"ImageObject\",\"inLanguage\":\"de\",\"@id\":\"https:\\\/\\\/www.rri.ro\\\/de\\\/aktuell\\\/newsflash-de\\\/nachrichten-08-05-2020-id633492.html#primaryimage\",\"url\":\"https:\\\/\\\/www.rri.ro\\\/wp-content\\\/uploads\\\/2023\\\/10\\\/stiri-germana-ok2-2.png\",\"contentUrl\":\"https:\\\/\\\/www.rri.ro\\\/wp-content\\\/uploads\\\/2023\\\/10\\\/stiri-germana-ok2-2.png\",\"width\":640,\"height\":427},{\"@type\":\"BreadcrumbList\",\"@id\":\"https:\\\/\\\/www.rri.ro\\\/de\\\/aktuell\\\/newsflash-de\\\/nachrichten-08-05-2020-id633492.html#breadcrumb\",\"itemListElement\":[{\"@type\":\"ListItem\",\"position\":1,\"name\":\"Startseite\",\"item\":\"https:\\\/\\\/www.rri.ro\\\/de\"},{\"@type\":\"ListItem\",\"position\":2,\"name\":\"Aktuell\",\"item\":\"https:\\\/\\\/www.rri.ro\\\/de\\\/aktuell\"},{\"@type\":\"ListItem\",\"position\":3,\"name\":\"Newsflash\",\"item\":\"https:\\\/\\\/www.rri.ro\\\/de\\\/aktuell\\\/newsflash-de\"},{\"@type\":\"ListItem\",\"position\":4,\"name\":\"Nachrichten 08.05.2020\"}]},{\"@type\":\"WebSite\",\"@id\":\"https:\\\/\\\/www.rri.ro\\\/#website\",\"url\":\"https:\\\/\\\/www.rri.ro\\\/\",\"name\":\"Radio Rum\u00e4nien International\",\"description\":\"Totul despre Rom\u00e2nia \u015fi rom\u00e2ni, \u00een 13 limbi\\\/dialecte!\",\"inLanguage\":\"de\"},{\"@type\":\"Person\",\"@id\":\"https:\\\/\\\/www.rri.ro\\\/#\\\/schema\\\/person\\\/4a479940371b9fdefd194f561e8a7f88\",\"name\":\"Newsroom\",\"url\":\"https:\\\/\\\/www.rri.ro\\\/de\\\/author\\\/newsroom\"}]}<\/script>\n<!-- \/ Yoast SEO plugin. -->","yoast_head_json":{"title":"Nachrichten 08.05.2020 - Radio Rum\u00e4nien International","robots":{"index":"index","follow":"follow","max-snippet":"max-snippet:-1","max-image-preview":"max-image-preview:large","max-video-preview":"max-video-preview:-1"},"canonical":"https:\/\/www.rri.ro\/de\/aktuell\/newsflash-de\/nachrichten-08-05-2020-id633492.html","og_locale":"de_DE","og_type":"article","og_title":"Nachrichten 08.05.2020 - Radio Rum\u00e4nien International","og_description":"Der rum\u00e4nische Pr\u00e4sident&#13; Klaus Iohannis hat am Freitag erkl\u00e4rt, dass das rum\u00e4nische Haushaltsdefizit&#13; h\u00f6her sein wird als geplant und finanziert werden muss. Das Staatsoberhaupt&#13; hatte ein Treffen mit Premierminister Ludovic Orban, Finanzminister Florin C\u00ee\u0163u&#13; und Notenbankchef Mugur Is\u0103rescu, um die wirtschaftliche Situation im Kontext&#13; der durch die COVID-19-Epidemie verursachten Krise zu bewerten. Klaus Iohannis&#13; sagte, [&hellip;]","og_url":"https:\/\/www.rri.ro\/de\/aktuell\/newsflash-de\/nachrichten-08-05-2020-id633492.html","og_site_name":"Radio Rum\u00e4nien International","article_published_time":"2020-05-08T14:16:00+00:00","og_image":[{"width":640,"height":427,"url":"https:\/\/www.rri.ro\/wp-content\/uploads\/2023\/10\/stiri-germana-ok2-2.png","type":"image\/png"}],"author":"Newsroom","twitter_card":"summary_large_image","twitter_misc":{"Verfasst von":"Newsroom","Gesch\u00e4tzte Lesezeit":"4\u00a0Minuten","Written by":"Newsroom"},"schema":{"@context":"https:\/\/schema.org","@graph":[{"@type":"Article","@id":"https:\/\/www.rri.ro\/de\/aktuell\/newsflash-de\/nachrichten-08-05-2020-id633492.html#article","isPartOf":{"@id":"https:\/\/www.rri.ro\/de\/aktuell\/newsflash-de\/nachrichten-08-05-2020-id633492.html"},"author":{"name":"Newsroom","@id":"https:\/\/www.rri.ro\/#\/schema\/person\/4a479940371b9fdefd194f561e8a7f88"},"headline":"Nachrichten 08.05.2020","datePublished":"2020-05-08T14:16:00+00:00","mainEntityOfPage":{"@id":"https:\/\/www.rri.ro\/de\/aktuell\/newsflash-de\/nachrichten-08-05-2020-id633492.html"},"wordCount":767,"image":{"@id":"https:\/\/www.rri.ro\/de\/aktuell\/newsflash-de\/nachrichten-08-05-2020-id633492.html#primaryimage"},"thumbnailUrl":"https:\/\/www.rri.ro\/wp-content\/uploads\/2023\/10\/stiri-germana-ok2-2.png","keywords":["Alarmzustand","Au\u00dfenminister Bogdan Aurescu","Beschr\u00e4nkungen","coronavirus","Europ\u00e4ische Union","Notenbank-Chef Mugur Isarescu","Premierminister Ludovic Orban","Region Transnistrien","Republik Moldau","Russland","Verfassungsgericht"],"articleSection":["Newsflash"],"inLanguage":"de"},{"@type":"WebPage","@id":"https:\/\/www.rri.ro\/de\/aktuell\/newsflash-de\/nachrichten-08-05-2020-id633492.html","url":"https:\/\/www.rri.ro\/de\/aktuell\/newsflash-de\/nachrichten-08-05-2020-id633492.html","name":"Nachrichten 08.05.2020 - Radio Rum\u00e4nien International","isPartOf":{"@id":"https:\/\/www.rri.ro\/#website"},"primaryImageOfPage":{"@id":"https:\/\/www.rri.ro\/de\/aktuell\/newsflash-de\/nachrichten-08-05-2020-id633492.html#primaryimage"},"image":{"@id":"https:\/\/www.rri.ro\/de\/aktuell\/newsflash-de\/nachrichten-08-05-2020-id633492.html#primaryimage"},"thumbnailUrl":"https:\/\/www.rri.ro\/wp-content\/uploads\/2023\/10\/stiri-germana-ok2-2.png","datePublished":"2020-05-08T14:16:00+00:00","author":{"@id":"https:\/\/www.rri.ro\/#\/schema\/person\/4a479940371b9fdefd194f561e8a7f88"},"breadcrumb":{"@id":"https:\/\/www.rri.ro\/de\/aktuell\/newsflash-de\/nachrichten-08-05-2020-id633492.html#breadcrumb"},"inLanguage":"de","potentialAction":[{"@type":"ReadAction","target":["https:\/\/www.rri.ro\/de\/aktuell\/newsflash-de\/nachrichten-08-05-2020-id633492.html"]}]},{"@type":"ImageObject","inLanguage":"de","@id":"https:\/\/www.rri.ro\/de\/aktuell\/newsflash-de\/nachrichten-08-05-2020-id633492.html#primaryimage","url":"https:\/\/www.rri.ro\/wp-content\/uploads\/2023\/10\/stiri-germana-ok2-2.png","contentUrl":"https:\/\/www.rri.ro\/wp-content\/uploads\/2023\/10\/stiri-germana-ok2-2.png","width":640,"height":427},{"@type":"BreadcrumbList","@id":"https:\/\/www.rri.ro\/de\/aktuell\/newsflash-de\/nachrichten-08-05-2020-id633492.html#breadcrumb","itemListElement":[{"@type":"ListItem","position":1,"name":"Startseite","item":"https:\/\/www.rri.ro\/de"},{"@type":"ListItem","position":2,"name":"Aktuell","item":"https:\/\/www.rri.ro\/de\/aktuell"},{"@type":"ListItem","position":3,"name":"Newsflash","item":"https:\/\/www.rri.ro\/de\/aktuell\/newsflash-de"},{"@type":"ListItem","position":4,"name":"Nachrichten 08.05.2020"}]},{"@type":"WebSite","@id":"https:\/\/www.rri.ro\/#website","url":"https:\/\/www.rri.ro\/","name":"Radio Rum\u00e4nien International","description":"Totul despre Rom\u00e2nia \u015fi rom\u00e2ni, \u00een 13 limbi\/dialecte!","inLanguage":"de"},{"@type":"Person","@id":"https:\/\/www.rri.ro\/#\/schema\/person\/4a479940371b9fdefd194f561e8a7f88","name":"Newsroom","url":"https:\/\/www.rri.ro\/de\/author\/newsroom"}]}},"_links":{"self":[{"href":"https:\/\/www.rri.ro\/de\/wp-json\/wp\/v2\/posts\/633492","targetHints":{"allow":["GET"]}}],"collection":[{"href":"https:\/\/www.rri.ro\/de\/wp-json\/wp\/v2\/posts"}],"about":[{"href":"https:\/\/www.rri.ro\/de\/wp-json\/wp\/v2\/types\/post"}],"author":[{"embeddable":true,"href":"https:\/\/www.rri.ro\/de\/wp-json\/wp\/v2\/users\/113"}],"replies":[{"embeddable":true,"href":"https:\/\/www.rri.ro\/de\/wp-json\/wp\/v2\/comments?post=633492"}],"version-history":[{"count":0,"href":"https:\/\/www.rri.ro\/de\/wp-json\/wp\/v2\/posts\/633492\/revisions"}],"wp:featuredmedia":[{"embeddable":true,"href":"https:\/\/www.rri.ro\/de\/wp-json\/wp\/v2\/media\/460330"}],"wp:attachment":[{"href":"https:\/\/www.rri.ro\/de\/wp-json\/wp\/v2\/media?parent=633492"}],"wp:term":[{"taxonomy":"category","embeddable":true,"href":"https:\/\/www.rri.ro\/de\/wp-json\/wp\/v2\/categories?post=633492"},{"taxonomy":"post_tag","embeddable":true,"href":"https:\/\/www.rri.ro\/de\/wp-json\/wp\/v2\/tags?post=633492"},{"taxonomy":"author","embeddable":true,"href":"https:\/\/www.rri.ro\/de\/wp-json\/wp\/v2\/coauthors?post=633492"}],"curies":[{"name":"wp","href":"https:\/\/api.w.org\/{rel}","templated":true}]}}