{"id":633505,"date":"2020-05-20T17:07:00","date_gmt":"2020-05-20T14:07:00","guid":{"rendered":"http:\/\/devrri.freshlemon.ro\/aktuell\/nachrichten-20-05-2020-id633505.html"},"modified":"2020-05-20T17:07:00","modified_gmt":"2020-05-20T14:07:00","slug":"nachrichten-20-05-2020","status":"publish","type":"post","link":"https:\/\/www.rri.ro\/de\/aktuell\/newsflash-de\/nachrichten-20-05-2020-id633505.html","title":{"rendered":"Nachrichten 20.05.2020"},"content":{"rendered":"<p>Weitere Menschen, die mit dem neuen Coronavirus infiziert waren, sind in Rum\u00e4nien gestorben, wodurch sich die Zahl der Todesf\u00e4lle auf 1147 erh\u00f6hte, teilte die Gruppe f\u00fcr strategische Kommunikation am Mittwoch mit. Nach Angaben der Beh\u00f6rden hat die Gesamtzahl der Infektionen 17 Tausend \u00fcberschritten. 10.000 Menschen sind genesen. Was die Rum\u00e4nen im Ausland betrifft, so wurden etwa dreitausend Menschen infiziert, vor allem in Italien, Spanien und Deutschland. 104 sind gestorben, die meisten davon in Gro\u00dfbritannien, Italien und Frankreich.<\/p>\n<p>&#13;<br \/>\n&#13;<\/p>\n<p>&#13;<br \/>\n&#13;<\/p>\n<p>Das Parlament in Bukarest hat am Mittwoch f\u00fcr den j\u00fcngsten&#13;<br \/>\nBeschluss der liberalen Regierung zum Warnzustand, der mit dem Zweck erkl\u00e4rt&#13;<br \/>\nwurde, die Auswirkungen der Covid-19-Pandemie einzud\u00e4mmen und zu bek\u00e4mpfen positiv&#13;<br \/>\nabgestimmt. Es gab 372 Stimmen f\u00fcr, 37 gegen und 7&#13;<br \/>\nEnthaltungen. Die Parlamentarier haben das Dokument der Exekutive erg\u00e4nzt.&#13;<br \/>\nDaher beschlossen sie, die Krankenh\u00e4user wieder der \u00f6rtlichen Verwaltung des&#13;<br \/>\nInnenministeriums zu unterstellen. Die Regierung muss auch kostenlose Masken&#13;<br \/>\nf\u00fcr benachteiligte Personen bereitstellen. Der Warnzustand dauert 30 Tage beginnend&#13;<br \/>\nmit dem 18. Mai.<\/p>\n<\/p>\n<p>&#13;<br \/>\n&#13;<\/p>\n<p>&#13;<br \/>\n&#13;<\/p>\n<p>Der rum\u00e4nische Premierminister Ludovic Orban hat an einem informellen Treffen mit seinen bulgarischen und griechischen Amtskollegen und dem Pr\u00e4sidenten Serbiens teilgenommen. Das Treffen fand auf Initiative des bulgarischen Premierministers statt und konzentrierte sich auf die durch die Covid-19-Pandemie entstandene Situation und die Aussichten auf eine koordinierte Lockerung der grenz\u00fcberschreitenden Verkehrsbeschr\u00e4nkungen zwischen den vier Staaten. Die bulgarische Regierung hat angek\u00fcndigt, dass der Personenverkehr zwischen Bulgarien, Griechenland und Serbien ab dem 1. Juni erlaubt sein wird, ohne dass eine 14-t\u00e4gige Quarant\u00e4ne verh\u00e4ngt werden muss. Rum\u00e4nien hat noch keine Entscheidung getroffen.<\/p>\n<p>&#13;<br \/>\n&#13;<\/p>\n<p>&#13;<br \/>\n&#13;<\/p>\n<p>Die rum\u00e4nische Arbeitsministerin Violeta Alexandru und ihr deutscher Amtskollege Hubertus Heil haben in Berlin \u00fcber die Situation der rum\u00e4nischen Saisonarbeitnehmer in Deutschland diskutiert und eine gemeinsame Absichtserkl\u00e4rung zur St\u00e4rkung der Zusammenarbeit im Bereich der Arbeitsmarkt- und Sozialpolitik unterzeichnet. Die rum\u00e4nischen Arbeitnehmer m\u00fcssten die gleichen Rechte auf sozialen Schutz, Gesundheit und Sicherheit am Arbeitsplatz genie\u00dfen, sagte der Bundesminister. Im Gegenzug erkl\u00e4rte der rum\u00e4nische Botschafter in Berlin Emil Hurezeanu, dass die Proteste der rum\u00e4nischen Arbeiter auf mehreren Bauernh\u00f6fen und Schlachth\u00f6fen in Deutschland gegen Arbeits- und Unterbringungsbedingungen zu einer \u00c4nderung der Arbeitsgesetzgebung des Landes f\u00fchren werden. Er f\u00fcgte hinzu, der deutsche Arbeitsminister werde Bundeskanzlerin Angela Merkel einen entsprechenden Gesetzentwurf vorlegen. Die F\u00fchrung des rum\u00e4nischen Parlaments hat auf Vorschlag der oppositionellen Sozialdemokraten der Einsetzung einer Untersuchungskommission zugestimmt, die die Situation von Saisonarbeitern im Ausland w\u00e4hrend der Pandemie \u00fcberpr\u00fcfen soll.<\/p>\n<p>&#13;<br \/>\n&#13;<\/p>\n<p>&#13;<br \/>\n&#13;<\/p>\n<p>Die D\u00fcrre, von der die L\u00e4nder im Osten der EU betroffen sind, bringt verheerende Ernten und wird laut Bloomberg, zitiert von Agerpress, die schwerste wirtschaftliche Rezession in der Region seit dem Fall des Kommunismus verursachen. Laut der zitierten Quelle ist die diesj\u00e4hrige D\u00fcrre in einigen Teilen Rum\u00e4niens und Polens die schlimmste der letzten 100 Jahre und in der Tschechischen Republik die schlimmste der letzten 500 Jahre. Rum\u00e4nien, das der zweitgr\u00f6\u00dfte Weizenexporteur der EU ist, meldete einen R\u00fcckgang auf die H\u00e4lfte des Jahresdurchschnitts, der in der Regel bei 9 Millionen Tonnen lag. Aus diesem Grund verbot die rum\u00e4nische Regierung den Weizenexport in andere L\u00e4nder als die EU, was viel Kritik ausl\u00f6ste. Eine Woche sp\u00e4ter lie\u00df die Regierung das Verbot fallen. K\u00fcrzlich erkl\u00e4rte der rum\u00e4nische Landwirtschaftsminister Adrian Oros, dass mehr als eine Million Hektar landwirtschaftlicher Nutzfl\u00e4che betroffen seien.<\/p>\n<p>&#13;<br \/>\n&#13;<\/p>\n<p>&#13;<br \/>\n&#13;<\/p>\n<p>Ab Mittwoch ist der Verkauf von Menthol-Zigaretten in Rum\u00e4nien verboten. Die Entscheidung f\u00e4llt unter die EU-Richtlinie \u00fcber Tabakerzeugnisse, die vor vier Jahren in rum\u00e4nisches Recht umgesetzt wurde. Nach Angaben der EG sind Mentholzigaretten sch\u00e4dlicher als andere Zigaretten, da sich Menthol in krebserregende Substanzen verwandelt. Nach Angaben von Marktvertretern gibt es in Rum\u00e4nien etwa 4,2 Millionen erwachsene Raucher, und 16% von ihnen rauchen Menthol-Zigaretten, meist Frauen.<\/p>\n<p>&#13;<\/p>\n","protected":false},"excerpt":{"rendered":"<p>Weitere Menschen, die mit dem neuen Coronavirus infiziert waren, sind in Rum\u00e4nien gestorben, wodurch sich die Zahl der Todesf\u00e4lle auf 1147 erh\u00f6hte, teilte die Gruppe f\u00fcr strategische Kommunikation am Mittwoch mit. Nach Angaben der Beh\u00f6rden hat die Gesamtzahl der Infektionen 17 Tausend \u00fcberschritten. 10.000 Menschen sind genesen. Was die Rum\u00e4nen im Ausland betrifft, so wurden [&hellip;]<\/p>\n","protected":false},"author":113,"featured_media":460330,"comment_status":"closed","ping_status":"closed","sticky":false,"template":"","format":"standard","meta":{"_acf_changed":false,"footnotes":""},"categories":[116753],"tags":[105045,61920,35339,127575,104784,127574,105028,105021],"coauthors":[],"class_list":["post-633505","post","type-post","status-publish","format-standard","has-post-thumbnail","hentry","category-newsflash-de","tag-arbeitsministerin-violeta-alexandru","tag-bloomberg","tag-coronavirus","tag-menthol-zigaretten","tag-premierminister-ludovic-orban","tag-saisonarbeitnehmer","tag-schutzmasken","tag-warnzustand"],"acf":[],"yoast_head":"<!-- This site is optimized with the Yoast SEO plugin v27.3 - https:\/\/yoast.com\/product\/yoast-seo-wordpress\/ -->\n<title>Nachrichten 20.05.2020 - Radio Rum\u00e4nien International<\/title>\n<meta name=\"robots\" content=\"index, follow, max-snippet:-1, max-image-preview:large, max-video-preview:-1\" \/>\n<link rel=\"canonical\" href=\"https:\/\/www.rri.ro\/de\/aktuell\/newsflash-de\/nachrichten-20-05-2020-id633505.html\" \/>\n<meta property=\"og:locale\" content=\"de_DE\" \/>\n<meta property=\"og:type\" content=\"article\" \/>\n<meta property=\"og:title\" content=\"Nachrichten 20.05.2020 - Radio Rum\u00e4nien International\" \/>\n<meta property=\"og:description\" content=\"Weitere Menschen, die mit dem neuen Coronavirus infiziert waren, sind in Rum\u00e4nien gestorben, wodurch sich die Zahl der Todesf\u00e4lle auf 1147 erh\u00f6hte, teilte die Gruppe f\u00fcr strategische Kommunikation am Mittwoch mit. Nach Angaben der Beh\u00f6rden hat die Gesamtzahl der Infektionen 17 Tausend \u00fcberschritten. 10.000 Menschen sind genesen. Was die Rum\u00e4nen im Ausland betrifft, so wurden [&hellip;]\" \/>\n<meta property=\"og:url\" content=\"https:\/\/www.rri.ro\/de\/aktuell\/newsflash-de\/nachrichten-20-05-2020-id633505.html\" \/>\n<meta property=\"og:site_name\" content=\"Radio Rum\u00e4nien International\" \/>\n<meta property=\"article:published_time\" content=\"2020-05-20T14:07:00+00:00\" \/>\n<meta property=\"og:image\" content=\"https:\/\/www.rri.ro\/wp-content\/uploads\/2023\/10\/stiri-germana-ok2-2.png\" \/>\n\t<meta property=\"og:image:width\" content=\"640\" \/>\n\t<meta property=\"og:image:height\" content=\"427\" \/>\n\t<meta property=\"og:image:type\" content=\"image\/png\" \/>\n<meta name=\"author\" content=\"Newsroom\" \/>\n<meta name=\"twitter:card\" content=\"summary_large_image\" \/>\n<meta name=\"twitter:label1\" content=\"Verfasst von\" \/>\n\t<meta name=\"twitter:data1\" content=\"Newsroom\" \/>\n\t<meta name=\"twitter:label2\" content=\"Gesch\u00e4tzte Lesezeit\" \/>\n\t<meta name=\"twitter:data2\" content=\"3\u00a0Minuten\" \/>\n\t<meta name=\"twitter:label3\" content=\"Written by\" \/>\n\t<meta name=\"twitter:data3\" content=\"Newsroom\" \/>\n<script type=\"application\/ld+json\" class=\"yoast-schema-graph\">{\"@context\":\"https:\\\/\\\/schema.org\",\"@graph\":[{\"@type\":\"Article\",\"@id\":\"https:\\\/\\\/www.rri.ro\\\/de\\\/aktuell\\\/newsflash-de\\\/nachrichten-20-05-2020-id633505.html#article\",\"isPartOf\":{\"@id\":\"https:\\\/\\\/www.rri.ro\\\/de\\\/aktuell\\\/newsflash-de\\\/nachrichten-20-05-2020-id633505.html\"},\"author\":{\"name\":\"Newsroom\",\"@id\":\"https:\\\/\\\/www.rri.ro\\\/#\\\/schema\\\/person\\\/4a479940371b9fdefd194f561e8a7f88\"},\"headline\":\"Nachrichten 20.05.2020\",\"datePublished\":\"2020-05-20T14:07:00+00:00\",\"mainEntityOfPage\":{\"@id\":\"https:\\\/\\\/www.rri.ro\\\/de\\\/aktuell\\\/newsflash-de\\\/nachrichten-20-05-2020-id633505.html\"},\"wordCount\":637,\"image\":{\"@id\":\"https:\\\/\\\/www.rri.ro\\\/de\\\/aktuell\\\/newsflash-de\\\/nachrichten-20-05-2020-id633505.html#primaryimage\"},\"thumbnailUrl\":\"https:\\\/\\\/www.rri.ro\\\/wp-content\\\/uploads\\\/2023\\\/10\\\/stiri-germana-ok2-2.png\",\"keywords\":[\"Arbeitsministerin Violeta Alexandru\",\"Bloomberg\",\"coronavirus\",\"Menthol-Zigaretten\",\"Premierminister Ludovic Orban\",\"Saisonarbeitnehmer\",\"Schutzmasken\",\"Warnzustand\"],\"articleSection\":[\"Newsflash\"],\"inLanguage\":\"de\"},{\"@type\":\"WebPage\",\"@id\":\"https:\\\/\\\/www.rri.ro\\\/de\\\/aktuell\\\/newsflash-de\\\/nachrichten-20-05-2020-id633505.html\",\"url\":\"https:\\\/\\\/www.rri.ro\\\/de\\\/aktuell\\\/newsflash-de\\\/nachrichten-20-05-2020-id633505.html\",\"name\":\"Nachrichten 20.05.2020 - Radio Rum\u00e4nien International\",\"isPartOf\":{\"@id\":\"https:\\\/\\\/www.rri.ro\\\/#website\"},\"primaryImageOfPage\":{\"@id\":\"https:\\\/\\\/www.rri.ro\\\/de\\\/aktuell\\\/newsflash-de\\\/nachrichten-20-05-2020-id633505.html#primaryimage\"},\"image\":{\"@id\":\"https:\\\/\\\/www.rri.ro\\\/de\\\/aktuell\\\/newsflash-de\\\/nachrichten-20-05-2020-id633505.html#primaryimage\"},\"thumbnailUrl\":\"https:\\\/\\\/www.rri.ro\\\/wp-content\\\/uploads\\\/2023\\\/10\\\/stiri-germana-ok2-2.png\",\"datePublished\":\"2020-05-20T14:07:00+00:00\",\"author\":{\"@id\":\"https:\\\/\\\/www.rri.ro\\\/#\\\/schema\\\/person\\\/4a479940371b9fdefd194f561e8a7f88\"},\"breadcrumb\":{\"@id\":\"https:\\\/\\\/www.rri.ro\\\/de\\\/aktuell\\\/newsflash-de\\\/nachrichten-20-05-2020-id633505.html#breadcrumb\"},\"inLanguage\":\"de\",\"potentialAction\":[{\"@type\":\"ReadAction\",\"target\":[\"https:\\\/\\\/www.rri.ro\\\/de\\\/aktuell\\\/newsflash-de\\\/nachrichten-20-05-2020-id633505.html\"]}]},{\"@type\":\"ImageObject\",\"inLanguage\":\"de\",\"@id\":\"https:\\\/\\\/www.rri.ro\\\/de\\\/aktuell\\\/newsflash-de\\\/nachrichten-20-05-2020-id633505.html#primaryimage\",\"url\":\"https:\\\/\\\/www.rri.ro\\\/wp-content\\\/uploads\\\/2023\\\/10\\\/stiri-germana-ok2-2.png\",\"contentUrl\":\"https:\\\/\\\/www.rri.ro\\\/wp-content\\\/uploads\\\/2023\\\/10\\\/stiri-germana-ok2-2.png\",\"width\":640,\"height\":427},{\"@type\":\"BreadcrumbList\",\"@id\":\"https:\\\/\\\/www.rri.ro\\\/de\\\/aktuell\\\/newsflash-de\\\/nachrichten-20-05-2020-id633505.html#breadcrumb\",\"itemListElement\":[{\"@type\":\"ListItem\",\"position\":1,\"name\":\"Startseite\",\"item\":\"https:\\\/\\\/www.rri.ro\\\/de\"},{\"@type\":\"ListItem\",\"position\":2,\"name\":\"Aktuell\",\"item\":\"https:\\\/\\\/www.rri.ro\\\/de\\\/aktuell\"},{\"@type\":\"ListItem\",\"position\":3,\"name\":\"Newsflash\",\"item\":\"https:\\\/\\\/www.rri.ro\\\/de\\\/aktuell\\\/newsflash-de\"},{\"@type\":\"ListItem\",\"position\":4,\"name\":\"Nachrichten 20.05.2020\"}]},{\"@type\":\"WebSite\",\"@id\":\"https:\\\/\\\/www.rri.ro\\\/#website\",\"url\":\"https:\\\/\\\/www.rri.ro\\\/\",\"name\":\"Radio Rum\u00e4nien International\",\"description\":\"Totul despre Rom\u00e2nia \u015fi rom\u00e2ni, \u00een 13 limbi\\\/dialecte!\",\"inLanguage\":\"de\"},{\"@type\":\"Person\",\"@id\":\"https:\\\/\\\/www.rri.ro\\\/#\\\/schema\\\/person\\\/4a479940371b9fdefd194f561e8a7f88\",\"name\":\"Newsroom\",\"url\":\"https:\\\/\\\/www.rri.ro\\\/de\\\/author\\\/newsroom\"}]}<\/script>\n<!-- \/ Yoast SEO plugin. -->","yoast_head_json":{"title":"Nachrichten 20.05.2020 - Radio Rum\u00e4nien International","robots":{"index":"index","follow":"follow","max-snippet":"max-snippet:-1","max-image-preview":"max-image-preview:large","max-video-preview":"max-video-preview:-1"},"canonical":"https:\/\/www.rri.ro\/de\/aktuell\/newsflash-de\/nachrichten-20-05-2020-id633505.html","og_locale":"de_DE","og_type":"article","og_title":"Nachrichten 20.05.2020 - Radio Rum\u00e4nien International","og_description":"Weitere Menschen, die mit dem neuen Coronavirus infiziert waren, sind in Rum\u00e4nien gestorben, wodurch sich die Zahl der Todesf\u00e4lle auf 1147 erh\u00f6hte, teilte die Gruppe f\u00fcr strategische Kommunikation am Mittwoch mit. Nach Angaben der Beh\u00f6rden hat die Gesamtzahl der Infektionen 17 Tausend \u00fcberschritten. 10.000 Menschen sind genesen. Was die Rum\u00e4nen im Ausland betrifft, so wurden [&hellip;]","og_url":"https:\/\/www.rri.ro\/de\/aktuell\/newsflash-de\/nachrichten-20-05-2020-id633505.html","og_site_name":"Radio Rum\u00e4nien International","article_published_time":"2020-05-20T14:07:00+00:00","og_image":[{"width":640,"height":427,"url":"https:\/\/www.rri.ro\/wp-content\/uploads\/2023\/10\/stiri-germana-ok2-2.png","type":"image\/png"}],"author":"Newsroom","twitter_card":"summary_large_image","twitter_misc":{"Verfasst von":"Newsroom","Gesch\u00e4tzte Lesezeit":"3\u00a0Minuten","Written by":"Newsroom"},"schema":{"@context":"https:\/\/schema.org","@graph":[{"@type":"Article","@id":"https:\/\/www.rri.ro\/de\/aktuell\/newsflash-de\/nachrichten-20-05-2020-id633505.html#article","isPartOf":{"@id":"https:\/\/www.rri.ro\/de\/aktuell\/newsflash-de\/nachrichten-20-05-2020-id633505.html"},"author":{"name":"Newsroom","@id":"https:\/\/www.rri.ro\/#\/schema\/person\/4a479940371b9fdefd194f561e8a7f88"},"headline":"Nachrichten 20.05.2020","datePublished":"2020-05-20T14:07:00+00:00","mainEntityOfPage":{"@id":"https:\/\/www.rri.ro\/de\/aktuell\/newsflash-de\/nachrichten-20-05-2020-id633505.html"},"wordCount":637,"image":{"@id":"https:\/\/www.rri.ro\/de\/aktuell\/newsflash-de\/nachrichten-20-05-2020-id633505.html#primaryimage"},"thumbnailUrl":"https:\/\/www.rri.ro\/wp-content\/uploads\/2023\/10\/stiri-germana-ok2-2.png","keywords":["Arbeitsministerin Violeta Alexandru","Bloomberg","coronavirus","Menthol-Zigaretten","Premierminister Ludovic Orban","Saisonarbeitnehmer","Schutzmasken","Warnzustand"],"articleSection":["Newsflash"],"inLanguage":"de"},{"@type":"WebPage","@id":"https:\/\/www.rri.ro\/de\/aktuell\/newsflash-de\/nachrichten-20-05-2020-id633505.html","url":"https:\/\/www.rri.ro\/de\/aktuell\/newsflash-de\/nachrichten-20-05-2020-id633505.html","name":"Nachrichten 20.05.2020 - Radio Rum\u00e4nien International","isPartOf":{"@id":"https:\/\/www.rri.ro\/#website"},"primaryImageOfPage":{"@id":"https:\/\/www.rri.ro\/de\/aktuell\/newsflash-de\/nachrichten-20-05-2020-id633505.html#primaryimage"},"image":{"@id":"https:\/\/www.rri.ro\/de\/aktuell\/newsflash-de\/nachrichten-20-05-2020-id633505.html#primaryimage"},"thumbnailUrl":"https:\/\/www.rri.ro\/wp-content\/uploads\/2023\/10\/stiri-germana-ok2-2.png","datePublished":"2020-05-20T14:07:00+00:00","author":{"@id":"https:\/\/www.rri.ro\/#\/schema\/person\/4a479940371b9fdefd194f561e8a7f88"},"breadcrumb":{"@id":"https:\/\/www.rri.ro\/de\/aktuell\/newsflash-de\/nachrichten-20-05-2020-id633505.html#breadcrumb"},"inLanguage":"de","potentialAction":[{"@type":"ReadAction","target":["https:\/\/www.rri.ro\/de\/aktuell\/newsflash-de\/nachrichten-20-05-2020-id633505.html"]}]},{"@type":"ImageObject","inLanguage":"de","@id":"https:\/\/www.rri.ro\/de\/aktuell\/newsflash-de\/nachrichten-20-05-2020-id633505.html#primaryimage","url":"https:\/\/www.rri.ro\/wp-content\/uploads\/2023\/10\/stiri-germana-ok2-2.png","contentUrl":"https:\/\/www.rri.ro\/wp-content\/uploads\/2023\/10\/stiri-germana-ok2-2.png","width":640,"height":427},{"@type":"BreadcrumbList","@id":"https:\/\/www.rri.ro\/de\/aktuell\/newsflash-de\/nachrichten-20-05-2020-id633505.html#breadcrumb","itemListElement":[{"@type":"ListItem","position":1,"name":"Startseite","item":"https:\/\/www.rri.ro\/de"},{"@type":"ListItem","position":2,"name":"Aktuell","item":"https:\/\/www.rri.ro\/de\/aktuell"},{"@type":"ListItem","position":3,"name":"Newsflash","item":"https:\/\/www.rri.ro\/de\/aktuell\/newsflash-de"},{"@type":"ListItem","position":4,"name":"Nachrichten 20.05.2020"}]},{"@type":"WebSite","@id":"https:\/\/www.rri.ro\/#website","url":"https:\/\/www.rri.ro\/","name":"Radio Rum\u00e4nien International","description":"Totul despre Rom\u00e2nia \u015fi rom\u00e2ni, \u00een 13 limbi\/dialecte!","inLanguage":"de"},{"@type":"Person","@id":"https:\/\/www.rri.ro\/#\/schema\/person\/4a479940371b9fdefd194f561e8a7f88","name":"Newsroom","url":"https:\/\/www.rri.ro\/de\/author\/newsroom"}]}},"_links":{"self":[{"href":"https:\/\/www.rri.ro\/de\/wp-json\/wp\/v2\/posts\/633505","targetHints":{"allow":["GET"]}}],"collection":[{"href":"https:\/\/www.rri.ro\/de\/wp-json\/wp\/v2\/posts"}],"about":[{"href":"https:\/\/www.rri.ro\/de\/wp-json\/wp\/v2\/types\/post"}],"author":[{"embeddable":true,"href":"https:\/\/www.rri.ro\/de\/wp-json\/wp\/v2\/users\/113"}],"replies":[{"embeddable":true,"href":"https:\/\/www.rri.ro\/de\/wp-json\/wp\/v2\/comments?post=633505"}],"version-history":[{"count":0,"href":"https:\/\/www.rri.ro\/de\/wp-json\/wp\/v2\/posts\/633505\/revisions"}],"wp:featuredmedia":[{"embeddable":true,"href":"https:\/\/www.rri.ro\/de\/wp-json\/wp\/v2\/media\/460330"}],"wp:attachment":[{"href":"https:\/\/www.rri.ro\/de\/wp-json\/wp\/v2\/media?parent=633505"}],"wp:term":[{"taxonomy":"category","embeddable":true,"href":"https:\/\/www.rri.ro\/de\/wp-json\/wp\/v2\/categories?post=633505"},{"taxonomy":"post_tag","embeddable":true,"href":"https:\/\/www.rri.ro\/de\/wp-json\/wp\/v2\/tags?post=633505"},{"taxonomy":"author","embeddable":true,"href":"https:\/\/www.rri.ro\/de\/wp-json\/wp\/v2\/coauthors?post=633505"}],"curies":[{"name":"wp","href":"https:\/\/api.w.org\/{rel}","templated":true}]}}