{"id":633580,"date":"2020-08-10T16:46:00","date_gmt":"2020-08-10T13:46:00","guid":{"rendered":"http:\/\/devrri.freshlemon.ro\/aktuell\/nachrichten-10-08-2020-id633580.html"},"modified":"2020-08-10T16:46:00","modified_gmt":"2020-08-10T13:46:00","slug":"nachrichten-10-08-2020","status":"publish","type":"post","link":"https:\/\/www.rri.ro\/de\/aktuell\/newsflash-de\/nachrichten-10-08-2020-id633580.html","title":{"rendered":"Nachrichten 10.08.2020"},"content":{"rendered":"<p><strong>Bukarest:<\/strong> In Rum\u00e4nien liegt die Gesamtzahl der COVID-19-Infektionen bei \u00fcber 62.500. Am Montag wurden 779 Neuinfektionen gemeldet. Die Zahl der Todesopfer liegt bei 2.729, 29 Menschen sind in den letzten 24 Stunden gestorben, so die Strategische Kommunikationsgruppe. Bis zu 476 Patienten befinden sich auf der Intensivstation, \u00fcber 30.311 haben sich erholt. Die meisten SARS-CoV-2-F\u00e4lle werden in Bukarest und in den Bezirken Suceava (im Nordosten) und Arge\u0219 (im S\u00fcden des Landes) gemeldet. Gesundheitsexperten forderten die B\u00fcrger erneut auf, die Schutzvorschriften zu beachten. Sie warnen davor, dass private Feste oder Familienzusammenk\u00fcnfte das Infektionsrisiko nicht ausschlie\u200e\u00dfen, auch wenn sie im Freien stattfinden. Dar\u00fcber hinaus beschloss am Montag das Nationale Institut f\u00fcr \u00f6ffentliche Gesundheit, Spanien in das &#8222;gelbe&#8220; Risikogebiet aufzunehmen. Ab Dienstag besteht die Verpflichtung zur Selbstisolierung f\u00fcr Einreisende aus Spanien und alle Fl\u00fcge von Spanien nach Rum\u00e4nien werden gestrichen.<\/p>\n<p>&#13;<br \/>\n&#13;<\/p>\n<p>&#13;<br \/>\n&#13;<\/p>\n<p>Die weltweit best\u00e4tigten Infektionszahlen mit dem neuen Coronavirus steigen weiter an. Die Gesamtzahl liegt bei 20 Millionen, 730.000 Menschen sind  weltweit an das neue Coronavirus gestorben. Die USA und Lateinamerika sind nach wie vor schwer betroffen, in Asien ist Indien mit \u00fcber 43.000 Todesf\u00e4llen das am schlimmsten betroffene Land, w\u00e4hrend in Afrika die schlimmste Situation in S\u00fcdafrika gemeldet wird. Die Golfregion ist ebenfalls schwer betroffen, allein im Iran und in Saudi-Arabien wurden \u00fcber 600.000 F\u00e4lle best\u00e4tigt.<\/p>\n<p>&#13;<br \/>\n&#13;<\/p>\n<p>&#13;<br \/>\n&#13;<\/p>\n<p><strong>Bukarest: <\/strong>Das Berufungsgericht analysiert den Antrag der Direktion zur Untersuchung von F\u00e4llen der organisierten Kriminalit\u00e4t und Terrorismus (DIICOT) bez\u00fcglich der Wiederaufnahme der Ermittlungen gegen die Leitung der Gendermerie  im Zusammenhang mit den regierungsfeindlichen Protesten vom 10. August 2018. In der vergangenen Woche wurde der Antrag vertagt. Am Dienstag wies die Chefankl\u00e4gerin des DIICOT, Giorgiana Hosu, die Entscheidung zur\u00fcck, laut der das Verfahren eingesteltt werden sollte  und ordnete die Wiederaufnahme der Strafverfolgung gegen die ehemaligen Beamten der rum\u00e4nischen Gendarmerie an. Der Fall war Ende Juni abgeschlossen worden, als der Staatsanwalt entschied, dass es weder Beweise f\u00fcr einen Putschversuch gab, wie damals von Gendarmeriebeamten behauptet worden war, noch Beweise daf\u00fcr, dass die Niederschlagung der Proteste im Voraus geplant worden war. Die Wiederaufnahme des Falles muss von einem Richter genehmigt werden, und dann wird die Untersuchung von der Milit\u00e4rstaatsanwaltschaft \u00fcbernommen. Gegen die ehemaligen Gendarmen-Chefs wird unter anderem wegen Amtsmissbrauchs und unzul\u00e4ssiger Beteiligung an Falschdarstellungen, missbr\u00e4uchlichem Verhalten und Betrug ermittelt.<\/p>\n<p>&#13;<br \/>\n&#13;<\/p>\n<p>&#13;<br \/>\n&#13;<\/p>\n<p><strong>Bukarest:<\/strong> Rum\u00e4niens Handelsbilanzdefizit f\u00fcr die ersten sechs Monate des Jahres bel\u00e4uft sich auf 8. 665 Milliarden Euro, um 936 Millionen Euro mehr als das f\u00fcr das erste Halbjahr 2019 gemeldete Niveau, teilte das Nationale Statistikinstitut am Montag mit. Zwischen dem 1. Januar und dem 30. Juni bezziferten sich die Exporte Rum\u00e4niens auf 28.590 Milliarden Euro und die Importe auf 37. 255 Milliarden Euro. Im gleichen Zeitraum gingen die Exporte um 18,1% zur\u00fcck, w\u00e4hrend die Importe gegen\u00fcber dem entsprechenden Zeitraum des Vorjahres um 12,6% zur\u00fcckgingen<\/p>\n<p>&#13;<br \/>\n&#13;<\/p>\n<p>&#13;<br \/>\n&#13;<\/p>\n<p>Fast eine Woche nach der verheerenden Explosion in Beirut, bei der 158 Menschen get\u00f6tet und 6.000 verletzt wurden, schn\u00fcrt die internationale Gemeinschaft ein Soforthilfepaket von fast 253 Millionen Euro f\u00fcr den Libanon und verspricht, dass es die libanesische Bev\u00f6lkerung direkt erreichen w\u00fcrde. Das Geld wurde auf einer von Frankreich ausgerichteten virtuellen Geberkonferenz zugesagt. Eine Untersuchung zur Kl\u00e4rung der Ursachen der Katastrophe ist im Gange, Staats-und  Regierungschefs auf der ganzen Welt haben um eine transparente Untersuchung gebeten. Unterdessen nehmen in Beirut die Proteste zu, die bereits zum R\u00fccktritt von zwei Kabinettsministern gef\u00fchrt haben. Zwei Tage hintereinander forderten die Demonstranten den R\u00fccktritt der Regierung und beschuldigten die Politiker der Inkompetenz und Korruption. Berichten zufolge kam es zu Zusammenst\u00f6\u200e\u00dfen zwischen den Demonstranten und der Polizei, bei denen, nach Angaben des libanesischen Roten Kreuzes, 250 Menschen verletzt und 65 ins Krankenhaus eingeliefert wurden. Ein Polizist wurde get\u00f6tet.<\/p>\n<p>&#13;<br \/>\n&#13;<\/p>\n<p>&#13;<br \/>\n&#13;<\/p>\n<p>Der amtierende Pr\u00e4sident von Belarus, Alexander Lukaschenko, hat am Sonntag mit 80,23% abgegebenen Stimmen eine neue Amtszeit gewonnen, so das vorl\u00e4ufige Ergebnis. Lukaschenko, der als letzter Diktator Europas gilt, regiert seit 1994 in Belarus. Svetlana Tihanovskaia, eine ehemalige Englischlehrerin, war Lukaschenkos Gegnerin bei den Pr\u00e4sidentschaftswahlen und erhielt 9,9% der Stimmen. Die Ergebnisse wurden von Demonstranten angefochten, die am Sonntag auf die Stra\u200e\u00dfe gingen. Es wurde von Zusammenst\u00f6\u200e\u00dfen mit der Polizei berichtet, bei denen mindestens eine Person starb und zahlreiche weitere verletzt wurden. Die Opposition vermutet Wahlbetrug und will weiter protestieren.<\/p>\n<p>&#13;<br \/>\n&#13;<\/p>\n<p>&#13;<\/p>\n","protected":false},"excerpt":{"rendered":"<p>Die Meldungen des Tages im \u00dcberblick<\/p>\n","protected":false},"author":113,"featured_media":460330,"comment_status":"closed","ping_status":"closed","sticky":false,"template":"","format":"standard","meta":{"_acf_changed":false,"footnotes":""},"categories":[116753],"tags":[35684,101434,117483,165216,127620,143895,99923],"coauthors":[],"class_list":["post-633580","post","type-post","status-publish","format-standard","has-post-thumbnail","hentry","category-newsflash-de","tag-belarus","tag-berufungsgericht","tag-covid-19-infektionen","tag-diicot-de","tag-libanon","tag-proteste-de","tag-spanien"],"acf":[],"yoast_head":"<!-- This site is optimized with the Yoast SEO plugin v27.3 - https:\/\/yoast.com\/product\/yoast-seo-wordpress\/ -->\n<title>Nachrichten 10.08.2020 - Radio Rum\u00e4nien International<\/title>\n<meta name=\"robots\" content=\"index, follow, max-snippet:-1, max-image-preview:large, max-video-preview:-1\" \/>\n<link rel=\"canonical\" href=\"https:\/\/www.rri.ro\/de\/aktuell\/newsflash-de\/nachrichten-10-08-2020-id633580.html\" \/>\n<meta property=\"og:locale\" content=\"de_DE\" \/>\n<meta property=\"og:type\" content=\"article\" \/>\n<meta property=\"og:title\" content=\"Nachrichten 10.08.2020 - Radio Rum\u00e4nien International\" \/>\n<meta property=\"og:description\" content=\"Die Meldungen des Tages im \u00dcberblick\" \/>\n<meta property=\"og:url\" content=\"https:\/\/www.rri.ro\/de\/aktuell\/newsflash-de\/nachrichten-10-08-2020-id633580.html\" \/>\n<meta property=\"og:site_name\" content=\"Radio Rum\u00e4nien International\" \/>\n<meta property=\"article:published_time\" content=\"2020-08-10T13:46:00+00:00\" \/>\n<meta property=\"og:image\" content=\"https:\/\/www.rri.ro\/wp-content\/uploads\/2023\/10\/stiri-germana-ok2-2.png\" \/>\n\t<meta property=\"og:image:width\" content=\"640\" \/>\n\t<meta property=\"og:image:height\" content=\"427\" \/>\n\t<meta property=\"og:image:type\" content=\"image\/png\" \/>\n<meta name=\"author\" content=\"Newsroom\" \/>\n<meta name=\"twitter:card\" content=\"summary_large_image\" \/>\n<meta name=\"twitter:label1\" content=\"Verfasst von\" \/>\n\t<meta name=\"twitter:data1\" content=\"Newsroom\" \/>\n\t<meta name=\"twitter:label2\" content=\"Gesch\u00e4tzte Lesezeit\" \/>\n\t<meta name=\"twitter:data2\" content=\"4\u00a0Minuten\" \/>\n\t<meta name=\"twitter:label3\" content=\"Written by\" \/>\n\t<meta name=\"twitter:data3\" content=\"Newsroom\" \/>\n<script type=\"application\/ld+json\" class=\"yoast-schema-graph\">{\"@context\":\"https:\\\/\\\/schema.org\",\"@graph\":[{\"@type\":\"Article\",\"@id\":\"https:\\\/\\\/www.rri.ro\\\/de\\\/aktuell\\\/newsflash-de\\\/nachrichten-10-08-2020-id633580.html#article\",\"isPartOf\":{\"@id\":\"https:\\\/\\\/www.rri.ro\\\/de\\\/aktuell\\\/newsflash-de\\\/nachrichten-10-08-2020-id633580.html\"},\"author\":{\"name\":\"Newsroom\",\"@id\":\"https:\\\/\\\/www.rri.ro\\\/#\\\/schema\\\/person\\\/4a479940371b9fdefd194f561e8a7f88\"},\"headline\":\"Nachrichten 10.08.2020\",\"datePublished\":\"2020-08-10T13:46:00+00:00\",\"mainEntityOfPage\":{\"@id\":\"https:\\\/\\\/www.rri.ro\\\/de\\\/aktuell\\\/newsflash-de\\\/nachrichten-10-08-2020-id633580.html\"},\"wordCount\":709,\"image\":{\"@id\":\"https:\\\/\\\/www.rri.ro\\\/de\\\/aktuell\\\/newsflash-de\\\/nachrichten-10-08-2020-id633580.html#primaryimage\"},\"thumbnailUrl\":\"https:\\\/\\\/www.rri.ro\\\/wp-content\\\/uploads\\\/2023\\\/10\\\/stiri-germana-ok2-2.png\",\"keywords\":[\"Belarus\",\"Berufungsgericht\",\"COVID-19-Infektionen\",\"DIICOT\",\"Libanon\",\"proteste\",\"Spanien\"],\"articleSection\":[\"Newsflash\"],\"inLanguage\":\"de\"},{\"@type\":\"WebPage\",\"@id\":\"https:\\\/\\\/www.rri.ro\\\/de\\\/aktuell\\\/newsflash-de\\\/nachrichten-10-08-2020-id633580.html\",\"url\":\"https:\\\/\\\/www.rri.ro\\\/de\\\/aktuell\\\/newsflash-de\\\/nachrichten-10-08-2020-id633580.html\",\"name\":\"Nachrichten 10.08.2020 - Radio Rum\u00e4nien International\",\"isPartOf\":{\"@id\":\"https:\\\/\\\/www.rri.ro\\\/#website\"},\"primaryImageOfPage\":{\"@id\":\"https:\\\/\\\/www.rri.ro\\\/de\\\/aktuell\\\/newsflash-de\\\/nachrichten-10-08-2020-id633580.html#primaryimage\"},\"image\":{\"@id\":\"https:\\\/\\\/www.rri.ro\\\/de\\\/aktuell\\\/newsflash-de\\\/nachrichten-10-08-2020-id633580.html#primaryimage\"},\"thumbnailUrl\":\"https:\\\/\\\/www.rri.ro\\\/wp-content\\\/uploads\\\/2023\\\/10\\\/stiri-germana-ok2-2.png\",\"datePublished\":\"2020-08-10T13:46:00+00:00\",\"author\":{\"@id\":\"https:\\\/\\\/www.rri.ro\\\/#\\\/schema\\\/person\\\/4a479940371b9fdefd194f561e8a7f88\"},\"breadcrumb\":{\"@id\":\"https:\\\/\\\/www.rri.ro\\\/de\\\/aktuell\\\/newsflash-de\\\/nachrichten-10-08-2020-id633580.html#breadcrumb\"},\"inLanguage\":\"de\",\"potentialAction\":[{\"@type\":\"ReadAction\",\"target\":[\"https:\\\/\\\/www.rri.ro\\\/de\\\/aktuell\\\/newsflash-de\\\/nachrichten-10-08-2020-id633580.html\"]}]},{\"@type\":\"ImageObject\",\"inLanguage\":\"de\",\"@id\":\"https:\\\/\\\/www.rri.ro\\\/de\\\/aktuell\\\/newsflash-de\\\/nachrichten-10-08-2020-id633580.html#primaryimage\",\"url\":\"https:\\\/\\\/www.rri.ro\\\/wp-content\\\/uploads\\\/2023\\\/10\\\/stiri-germana-ok2-2.png\",\"contentUrl\":\"https:\\\/\\\/www.rri.ro\\\/wp-content\\\/uploads\\\/2023\\\/10\\\/stiri-germana-ok2-2.png\",\"width\":640,\"height\":427},{\"@type\":\"BreadcrumbList\",\"@id\":\"https:\\\/\\\/www.rri.ro\\\/de\\\/aktuell\\\/newsflash-de\\\/nachrichten-10-08-2020-id633580.html#breadcrumb\",\"itemListElement\":[{\"@type\":\"ListItem\",\"position\":1,\"name\":\"Startseite\",\"item\":\"https:\\\/\\\/www.rri.ro\\\/de\"},{\"@type\":\"ListItem\",\"position\":2,\"name\":\"Aktuell\",\"item\":\"https:\\\/\\\/www.rri.ro\\\/de\\\/aktuell\"},{\"@type\":\"ListItem\",\"position\":3,\"name\":\"Newsflash\",\"item\":\"https:\\\/\\\/www.rri.ro\\\/de\\\/aktuell\\\/newsflash-de\"},{\"@type\":\"ListItem\",\"position\":4,\"name\":\"Nachrichten 10.08.2020\"}]},{\"@type\":\"WebSite\",\"@id\":\"https:\\\/\\\/www.rri.ro\\\/#website\",\"url\":\"https:\\\/\\\/www.rri.ro\\\/\",\"name\":\"Radio Rum\u00e4nien International\",\"description\":\"Totul despre Rom\u00e2nia \u015fi rom\u00e2ni, \u00een 13 limbi\\\/dialecte!\",\"inLanguage\":\"de\"},{\"@type\":\"Person\",\"@id\":\"https:\\\/\\\/www.rri.ro\\\/#\\\/schema\\\/person\\\/4a479940371b9fdefd194f561e8a7f88\",\"name\":\"Newsroom\",\"url\":\"https:\\\/\\\/www.rri.ro\\\/de\\\/author\\\/newsroom\"}]}<\/script>\n<!-- \/ Yoast SEO plugin. -->","yoast_head_json":{"title":"Nachrichten 10.08.2020 - Radio Rum\u00e4nien International","robots":{"index":"index","follow":"follow","max-snippet":"max-snippet:-1","max-image-preview":"max-image-preview:large","max-video-preview":"max-video-preview:-1"},"canonical":"https:\/\/www.rri.ro\/de\/aktuell\/newsflash-de\/nachrichten-10-08-2020-id633580.html","og_locale":"de_DE","og_type":"article","og_title":"Nachrichten 10.08.2020 - Radio Rum\u00e4nien International","og_description":"Die Meldungen des Tages im \u00dcberblick","og_url":"https:\/\/www.rri.ro\/de\/aktuell\/newsflash-de\/nachrichten-10-08-2020-id633580.html","og_site_name":"Radio Rum\u00e4nien International","article_published_time":"2020-08-10T13:46:00+00:00","og_image":[{"width":640,"height":427,"url":"https:\/\/www.rri.ro\/wp-content\/uploads\/2023\/10\/stiri-germana-ok2-2.png","type":"image\/png"}],"author":"Newsroom","twitter_card":"summary_large_image","twitter_misc":{"Verfasst von":"Newsroom","Gesch\u00e4tzte Lesezeit":"4\u00a0Minuten","Written by":"Newsroom"},"schema":{"@context":"https:\/\/schema.org","@graph":[{"@type":"Article","@id":"https:\/\/www.rri.ro\/de\/aktuell\/newsflash-de\/nachrichten-10-08-2020-id633580.html#article","isPartOf":{"@id":"https:\/\/www.rri.ro\/de\/aktuell\/newsflash-de\/nachrichten-10-08-2020-id633580.html"},"author":{"name":"Newsroom","@id":"https:\/\/www.rri.ro\/#\/schema\/person\/4a479940371b9fdefd194f561e8a7f88"},"headline":"Nachrichten 10.08.2020","datePublished":"2020-08-10T13:46:00+00:00","mainEntityOfPage":{"@id":"https:\/\/www.rri.ro\/de\/aktuell\/newsflash-de\/nachrichten-10-08-2020-id633580.html"},"wordCount":709,"image":{"@id":"https:\/\/www.rri.ro\/de\/aktuell\/newsflash-de\/nachrichten-10-08-2020-id633580.html#primaryimage"},"thumbnailUrl":"https:\/\/www.rri.ro\/wp-content\/uploads\/2023\/10\/stiri-germana-ok2-2.png","keywords":["Belarus","Berufungsgericht","COVID-19-Infektionen","DIICOT","Libanon","proteste","Spanien"],"articleSection":["Newsflash"],"inLanguage":"de"},{"@type":"WebPage","@id":"https:\/\/www.rri.ro\/de\/aktuell\/newsflash-de\/nachrichten-10-08-2020-id633580.html","url":"https:\/\/www.rri.ro\/de\/aktuell\/newsflash-de\/nachrichten-10-08-2020-id633580.html","name":"Nachrichten 10.08.2020 - Radio Rum\u00e4nien International","isPartOf":{"@id":"https:\/\/www.rri.ro\/#website"},"primaryImageOfPage":{"@id":"https:\/\/www.rri.ro\/de\/aktuell\/newsflash-de\/nachrichten-10-08-2020-id633580.html#primaryimage"},"image":{"@id":"https:\/\/www.rri.ro\/de\/aktuell\/newsflash-de\/nachrichten-10-08-2020-id633580.html#primaryimage"},"thumbnailUrl":"https:\/\/www.rri.ro\/wp-content\/uploads\/2023\/10\/stiri-germana-ok2-2.png","datePublished":"2020-08-10T13:46:00+00:00","author":{"@id":"https:\/\/www.rri.ro\/#\/schema\/person\/4a479940371b9fdefd194f561e8a7f88"},"breadcrumb":{"@id":"https:\/\/www.rri.ro\/de\/aktuell\/newsflash-de\/nachrichten-10-08-2020-id633580.html#breadcrumb"},"inLanguage":"de","potentialAction":[{"@type":"ReadAction","target":["https:\/\/www.rri.ro\/de\/aktuell\/newsflash-de\/nachrichten-10-08-2020-id633580.html"]}]},{"@type":"ImageObject","inLanguage":"de","@id":"https:\/\/www.rri.ro\/de\/aktuell\/newsflash-de\/nachrichten-10-08-2020-id633580.html#primaryimage","url":"https:\/\/www.rri.ro\/wp-content\/uploads\/2023\/10\/stiri-germana-ok2-2.png","contentUrl":"https:\/\/www.rri.ro\/wp-content\/uploads\/2023\/10\/stiri-germana-ok2-2.png","width":640,"height":427},{"@type":"BreadcrumbList","@id":"https:\/\/www.rri.ro\/de\/aktuell\/newsflash-de\/nachrichten-10-08-2020-id633580.html#breadcrumb","itemListElement":[{"@type":"ListItem","position":1,"name":"Startseite","item":"https:\/\/www.rri.ro\/de"},{"@type":"ListItem","position":2,"name":"Aktuell","item":"https:\/\/www.rri.ro\/de\/aktuell"},{"@type":"ListItem","position":3,"name":"Newsflash","item":"https:\/\/www.rri.ro\/de\/aktuell\/newsflash-de"},{"@type":"ListItem","position":4,"name":"Nachrichten 10.08.2020"}]},{"@type":"WebSite","@id":"https:\/\/www.rri.ro\/#website","url":"https:\/\/www.rri.ro\/","name":"Radio Rum\u00e4nien International","description":"Totul despre Rom\u00e2nia \u015fi rom\u00e2ni, \u00een 13 limbi\/dialecte!","inLanguage":"de"},{"@type":"Person","@id":"https:\/\/www.rri.ro\/#\/schema\/person\/4a479940371b9fdefd194f561e8a7f88","name":"Newsroom","url":"https:\/\/www.rri.ro\/de\/author\/newsroom"}]}},"_links":{"self":[{"href":"https:\/\/www.rri.ro\/de\/wp-json\/wp\/v2\/posts\/633580","targetHints":{"allow":["GET"]}}],"collection":[{"href":"https:\/\/www.rri.ro\/de\/wp-json\/wp\/v2\/posts"}],"about":[{"href":"https:\/\/www.rri.ro\/de\/wp-json\/wp\/v2\/types\/post"}],"author":[{"embeddable":true,"href":"https:\/\/www.rri.ro\/de\/wp-json\/wp\/v2\/users\/113"}],"replies":[{"embeddable":true,"href":"https:\/\/www.rri.ro\/de\/wp-json\/wp\/v2\/comments?post=633580"}],"version-history":[{"count":0,"href":"https:\/\/www.rri.ro\/de\/wp-json\/wp\/v2\/posts\/633580\/revisions"}],"wp:featuredmedia":[{"embeddable":true,"href":"https:\/\/www.rri.ro\/de\/wp-json\/wp\/v2\/media\/460330"}],"wp:attachment":[{"href":"https:\/\/www.rri.ro\/de\/wp-json\/wp\/v2\/media?parent=633580"}],"wp:term":[{"taxonomy":"category","embeddable":true,"href":"https:\/\/www.rri.ro\/de\/wp-json\/wp\/v2\/categories?post=633580"},{"taxonomy":"post_tag","embeddable":true,"href":"https:\/\/www.rri.ro\/de\/wp-json\/wp\/v2\/tags?post=633580"},{"taxonomy":"author","embeddable":true,"href":"https:\/\/www.rri.ro\/de\/wp-json\/wp\/v2\/coauthors?post=633580"}],"curies":[{"name":"wp","href":"https:\/\/api.w.org\/{rel}","templated":true}]}}