{"id":633615,"date":"2020-09-14T18:57:00","date_gmt":"2020-09-14T15:57:00","guid":{"rendered":"http:\/\/devrri.freshlemon.ro\/aktuell\/nachrichten-14-09-2020-id633615.html"},"modified":"2020-09-14T18:57:00","modified_gmt":"2020-09-14T15:57:00","slug":"nachrichten-14-09-2020","status":"publish","type":"post","link":"https:\/\/www.rri.ro\/de\/aktuell\/newsflash-de\/nachrichten-14-09-2020-id633615.html","title":{"rendered":"Nachrichten 14.09.2020"},"content":{"rendered":"<p style=margin: 0px 0px 13.33px; text-align: justify; line-height: 150%;>Die rum\u00e4nische Regierung hat zum 4. Mal den durch die COVID-19-Pandemie ausgel\u00f6sten Warnzustand verl\u00e4gert, auf Vorschlag des Nationalen Komitees f\u00fcr Notfallsituationen. Die betreffende Regierungsverordnung beinhaltet Ma\u200e\u00dfnahmen bez\u00fcglich der am 27. September anstehenden Kommunalwahlen. Premierminister Ludovic Orban sagte, dass die Beh\u00f6rden gr\u00f6\u200e\u00dfere Standorte f\u00fcr Wahllokale und Wartebereiche im Freien in Erw\u00e4gung z\u00f6gen, um den Anforderungen an die physische Distanzierung gerecht zu werden. Unterdessen erw\u00e4gt die Regierung, in der kommenden Zeit einige Beschr\u00e4nkungen zu lockern. Der Warnzustand wurde am 15. Mai nach einem 2-monatigen Notstand eingef\u00fchrt. Die Gesamtzahl der Coronavirus-Infektionen in Rum\u00e4nien betr\u00e4gt \u00fcber 104.000, die Zahl der Todesopfer liegt bei 4.185.<\/p>\n<p>&#13;<br \/>\n&#13;<\/p>\n<p style=margin: 0px 0px 13.33px; text-align: justify; line-height: 150%;>\n<p>&#13;<br \/>\n&#13;<\/p>\n<p style=margin: 0px 0px 13.33px; text-align: justify; line-height: 150%;>Am Montag hat in Rum\u00e4nien ein atypisches Schuljahr begonnen, in dem besondere Ma\u200e\u00dfnahmen zum Schutz vor Coronaviren getroffen wurden. Bildung ist eine Grundvoraussetzung f\u00fcr eine zivilisierte Gesellschaft, und die Kinder kehren mit einer weiteren Lektion in die Schulen zur\u00fcck, um zu lernen, wie man sich um seine eigene Gesundheit und die Gesundheit anderer k\u00fcmmert, sagte Premierminister Ludovic Orban in einer Botschaft zu diesem Anlass. Er warnte davor, dass die Gefahr, die von der Krankheit ausgeht, noch nicht vorbei ist und dass das neue Schuljahr eine Herausforderung f\u00fcr Kinder, ihre Familien, Lehrer und Beh\u00f6rden ist.<\/p>\n<p>&#13;<br \/>\n&#13;<\/p>\n<p style=margin: 0px 0px 13.33px; text-align: justify; line-height: 150%;>\n<p>&#13;<br \/>\n&#13;<\/p>\n<p style=margin: 0px 0px 13.33px; text-align: justify; line-height: 150%;>Der rum\u00e4nische Au\u200e\u00dfenminister Bogdan Aurescu hat im Anschluss an die politischen Konsultationen w\u00e4hrend seines Besuchs in Israel in diesem Monat Telefongespr\u00e4che mit seinem israelischen Amtskollegen Gabi Ashkenazi gef\u00fchrt. Nach Angaben des Au\u200e\u00dfenministeriums \u00fcberpr\u00fcften die beiden Beamten die Vorbereitungen f\u00fcr eine neue gemeinsame Regierungssitzung, die im n\u00e4chsten Jahr stattfinden soll. Sie befassten sich auch mit den Vorkehrungen f\u00fcr die Einsetzung einer neuen Expertengruppe, die das Treffen vorbereiten soll, das sich auf gegenseitig relevante Themen wie Landwirtschaft, Wassermanagement, IT, Cybersicherheit und k\u00fcnstliche Intelligenz konzentrieren wird. Das Gespr\u00e4ch gab auch Anlass zu einem Meinungsaustausch \u00fcber den Friedensprozess im Nahen Osten. &#8222;Rum\u00e4nien unterst\u00fctzt die L\u00f6sung dieses Problems auf der Grundlage des V\u00f6lkerrechts und der Zwei-Staaten-L\u00f6sung, Israel und Pal\u00e4stina, die in Frieden und Wohlstand nebeneinander leben&#8220;, sagte der rum\u00e4nische Au\u200e\u00dfenminister. Am 2. und 3. September diskutierte Minister Aurescu mit hochrangigen politischen Vertretern sowohl in Jerusalem und Tel Aviv als auch in Ramallah.<\/p>\n<p>&#13;<br \/>\n&#13;<\/p>\n<p style=margin: 0px 0px 13.33px; text-align: justify; line-height: 150%;>\n<p>&#13;<br \/>\n&#13;<\/p>\n<p style=margin: 0px 0px 13.33px; text-align: justify; line-height: 150%;>Die Abgeordnetenkammer in Bukarest hat am Montag ein Projekt zur \u00c4nderung mehrerer Wahlgesetze im Hinblick auf die Parlamentswahlen im Dezember verabschiedet. Das Dokument sieht vor, dass die W\u00e4hler bis Mitternacht w\u00e4hlen k\u00f6nnen, wenn sie sich zum Zeitpunkt des Wahlschlusses im Umkreis des Wahllokals befinden, und dass die Zahl der f\u00fcr die Einreichung von Kandidaturen erforderlichen Unterst\u00fctzer halbiert wird. Au\u200e\u00dferdem werden Rum\u00e4nen in der Diaspora zwei Tage lang an den allgemeinen Wahlen teilnehmen k\u00f6nnen. Die Abgeordnetenkammer ist in diesem Fall das Entscheidungsgremium, die Gesetzesvorlage wird dem Pr\u00e4sidenten zur Verk\u00fcndung \u00fcbermittelt.<\/p>\n<p>&#13;<br \/>\n&#13;<\/p>\n<p style=margin: 0px 0px 13.33px; text-align: justify; line-height: 150%;>\n<p>&#13;<br \/>\n&#13;<\/p>\n<p style=margin: 0px 0px 13.33px; text-align: justify; line-height: 150%;>Viele L\u00e4nder f\u00fchren im Zusammenhang mit einer so genannten &#8222;zweiten Welle&#8220; der COVID-19-Pandemie wieder Sperrma\u200e\u00dfnahmen ein. Die Weltgesundheitsorganisation meldete am Sonntag fast 308.000 Neuinfektionen in den letzten 24 Stunden, ein neuer Weltrekord, berichtet Reuters. Am deutlichsten war der Anstieg in Indien, den USA und Brasilien. Die Gesamtzahl der F\u00e4lle weltweit n\u00e4hert sich 29,2 Millionen, und die Zahl der COVID-bedingten Todesf\u00e4lle betr\u00e4gt 928.000. Israel f\u00fchrte erneut einen dreiw\u00f6chigen Lockdown ein, um die neue Welle einzud\u00e4mmen. Im Vereinigten K\u00f6nigreich sind heute strenge Beschr\u00e4nkungen f\u00fcr Gruppen von mehr als 6 Personen in Kraft getreten. Au\u200e\u00dferdem m\u00fcssen ab Montag in allen \u00f6ffentlichen Geb\u00e4uden und Gesch\u00e4ften in \u00d6sterreich Gesichtsmasken getragen werden, die in Superm\u00e4rkten und \u00f6ffentlichen Verkehrsmitteln bereits Pflicht sind.<\/p>\n<p>&#13;<br \/>\n&#13;<\/p>\n<p style=margin: 0px 0px 13.33px; text-align: justify; line-height: 150%;>\n<p>&#13;<br \/>\n&#13;<\/p>\n<p style=margin: 0px 0px 13.33px; text-align: justify; line-height: 150%;>Die rum\u00e4nische Tennisspielerin Patricia \u0162ig hat am Sonntag in Istanbul ihren ersten WTA-Titel ihrer Karriere in einem Turnier mit Gesamtpreisen von 225.500 Dollar gewonnen. Im Finale besiegte sie die Kanadierin Eugenie Bouchard mit 2:6, 6:1, 7:6 (7:4), nach einem dramatischen Finale, in dem sie nur ihren achten Ball des Spiels drehen konnte. F\u00fcr \u0162ig (26 Jahre alt, 88 WTA), die bis zum letzten Akt keinen Satz verloren hatte, war es das dritte WTA-Finale nach den Spielen in Baku (2015) und Bukarest (2019). Der Rum\u00e4ne hat auch einen WTA 125K-Titel, 2019, in Karlsruhe. In Italien qualifizierte sich die Rum\u00e4nin Irina Begu auf dem Hauptbrett des Turniers in Rom. Sie besiegte in der zweiten Qualifikationsrunde die Deutsche Anna-Lena Friedsam mit 6:1, 6:1 und trifft in der Er\u00f6ffnungsrunde auf die Italienerin Elisabetta Cocciaretto (128 WTA), die mit einer Wildcard ausgezeichnet wurde. Auf dem Hauptbrett des Turniers in Rom sitzt auch die an Nummer 1 gesetzte Rum\u00e4nin Simona Halep, die direkt in der zweiten Runde mit der Italienerin Jasmine Paolini spielen wird.<\/p>\n<p>&#13;<\/p>\n","protected":false},"excerpt":{"rendered":"<p>Warnzustand +++ Schulanfang +++ Israel-Beziehungen +++ Wahlgesetze +++ COVID 19 +++ Tennis<\/p>\n","protected":false},"author":113,"featured_media":460330,"comment_status":"closed","ping_status":"closed","sticky":false,"template":"","format":"standard","meta":{"_acf_changed":false,"footnotes":""},"categories":[116753],"tags":[35374,127639,105068,28939,127065,105021],"coauthors":[],"class_list":["post-633615","post","type-post","status-publish","format-standard","has-post-thumbnail","hentry","category-newsflash-de","tag-covid-19","tag-israel-beziehungen","tag-schulanfang","tag-tennis","tag-wahlgesetze","tag-warnzustand"],"acf":[],"yoast_head":"<!-- This site is optimized with the Yoast SEO plugin v27.3 - https:\/\/yoast.com\/product\/yoast-seo-wordpress\/ -->\n<title>Nachrichten 14.09.2020 - Radio Rum\u00e4nien International<\/title>\n<meta name=\"robots\" content=\"index, follow, max-snippet:-1, max-image-preview:large, max-video-preview:-1\" \/>\n<link rel=\"canonical\" href=\"https:\/\/www.rri.ro\/de\/aktuell\/newsflash-de\/nachrichten-14-09-2020-id633615.html\" \/>\n<meta property=\"og:locale\" content=\"de_DE\" \/>\n<meta property=\"og:type\" content=\"article\" \/>\n<meta property=\"og:title\" content=\"Nachrichten 14.09.2020 - Radio Rum\u00e4nien International\" \/>\n<meta property=\"og:description\" content=\"Warnzustand +++ Schulanfang +++ Israel-Beziehungen +++ Wahlgesetze +++ COVID 19 +++ Tennis\" \/>\n<meta property=\"og:url\" content=\"https:\/\/www.rri.ro\/de\/aktuell\/newsflash-de\/nachrichten-14-09-2020-id633615.html\" \/>\n<meta property=\"og:site_name\" content=\"Radio Rum\u00e4nien International\" \/>\n<meta property=\"article:published_time\" content=\"2020-09-14T15:57:00+00:00\" \/>\n<meta property=\"og:image\" content=\"https:\/\/www.rri.ro\/wp-content\/uploads\/2023\/10\/stiri-germana-ok2-2.png\" \/>\n\t<meta property=\"og:image:width\" content=\"640\" \/>\n\t<meta property=\"og:image:height\" content=\"427\" \/>\n\t<meta property=\"og:image:type\" content=\"image\/png\" \/>\n<meta name=\"author\" content=\"Newsroom\" \/>\n<meta name=\"twitter:card\" content=\"summary_large_image\" \/>\n<meta name=\"twitter:label1\" content=\"Verfasst von\" \/>\n\t<meta name=\"twitter:data1\" content=\"Newsroom\" \/>\n\t<meta name=\"twitter:label2\" content=\"Gesch\u00e4tzte Lesezeit\" \/>\n\t<meta name=\"twitter:data2\" content=\"4\u00a0Minuten\" \/>\n\t<meta name=\"twitter:label3\" content=\"Written by\" \/>\n\t<meta name=\"twitter:data3\" content=\"Newsroom\" \/>\n<script type=\"application\/ld+json\" class=\"yoast-schema-graph\">{\"@context\":\"https:\\\/\\\/schema.org\",\"@graph\":[{\"@type\":\"Article\",\"@id\":\"https:\\\/\\\/www.rri.ro\\\/de\\\/aktuell\\\/newsflash-de\\\/nachrichten-14-09-2020-id633615.html#article\",\"isPartOf\":{\"@id\":\"https:\\\/\\\/www.rri.ro\\\/de\\\/aktuell\\\/newsflash-de\\\/nachrichten-14-09-2020-id633615.html\"},\"author\":{\"name\":\"Newsroom\",\"@id\":\"https:\\\/\\\/www.rri.ro\\\/#\\\/schema\\\/person\\\/4a479940371b9fdefd194f561e8a7f88\"},\"headline\":\"Nachrichten 14.09.2020\",\"datePublished\":\"2020-09-14T15:57:00+00:00\",\"mainEntityOfPage\":{\"@id\":\"https:\\\/\\\/www.rri.ro\\\/de\\\/aktuell\\\/newsflash-de\\\/nachrichten-14-09-2020-id633615.html\"},\"wordCount\":767,\"image\":{\"@id\":\"https:\\\/\\\/www.rri.ro\\\/de\\\/aktuell\\\/newsflash-de\\\/nachrichten-14-09-2020-id633615.html#primaryimage\"},\"thumbnailUrl\":\"https:\\\/\\\/www.rri.ro\\\/wp-content\\\/uploads\\\/2023\\\/10\\\/stiri-germana-ok2-2.png\",\"keywords\":[\"Covid-19\",\"Israel-Beziehungen\",\"Schulanfang\",\"tennis\",\"Wahlgesetze\",\"Warnzustand\"],\"articleSection\":[\"Newsflash\"],\"inLanguage\":\"de\"},{\"@type\":\"WebPage\",\"@id\":\"https:\\\/\\\/www.rri.ro\\\/de\\\/aktuell\\\/newsflash-de\\\/nachrichten-14-09-2020-id633615.html\",\"url\":\"https:\\\/\\\/www.rri.ro\\\/de\\\/aktuell\\\/newsflash-de\\\/nachrichten-14-09-2020-id633615.html\",\"name\":\"Nachrichten 14.09.2020 - Radio Rum\u00e4nien International\",\"isPartOf\":{\"@id\":\"https:\\\/\\\/www.rri.ro\\\/#website\"},\"primaryImageOfPage\":{\"@id\":\"https:\\\/\\\/www.rri.ro\\\/de\\\/aktuell\\\/newsflash-de\\\/nachrichten-14-09-2020-id633615.html#primaryimage\"},\"image\":{\"@id\":\"https:\\\/\\\/www.rri.ro\\\/de\\\/aktuell\\\/newsflash-de\\\/nachrichten-14-09-2020-id633615.html#primaryimage\"},\"thumbnailUrl\":\"https:\\\/\\\/www.rri.ro\\\/wp-content\\\/uploads\\\/2023\\\/10\\\/stiri-germana-ok2-2.png\",\"datePublished\":\"2020-09-14T15:57:00+00:00\",\"author\":{\"@id\":\"https:\\\/\\\/www.rri.ro\\\/#\\\/schema\\\/person\\\/4a479940371b9fdefd194f561e8a7f88\"},\"breadcrumb\":{\"@id\":\"https:\\\/\\\/www.rri.ro\\\/de\\\/aktuell\\\/newsflash-de\\\/nachrichten-14-09-2020-id633615.html#breadcrumb\"},\"inLanguage\":\"de\",\"potentialAction\":[{\"@type\":\"ReadAction\",\"target\":[\"https:\\\/\\\/www.rri.ro\\\/de\\\/aktuell\\\/newsflash-de\\\/nachrichten-14-09-2020-id633615.html\"]}]},{\"@type\":\"ImageObject\",\"inLanguage\":\"de\",\"@id\":\"https:\\\/\\\/www.rri.ro\\\/de\\\/aktuell\\\/newsflash-de\\\/nachrichten-14-09-2020-id633615.html#primaryimage\",\"url\":\"https:\\\/\\\/www.rri.ro\\\/wp-content\\\/uploads\\\/2023\\\/10\\\/stiri-germana-ok2-2.png\",\"contentUrl\":\"https:\\\/\\\/www.rri.ro\\\/wp-content\\\/uploads\\\/2023\\\/10\\\/stiri-germana-ok2-2.png\",\"width\":640,\"height\":427},{\"@type\":\"BreadcrumbList\",\"@id\":\"https:\\\/\\\/www.rri.ro\\\/de\\\/aktuell\\\/newsflash-de\\\/nachrichten-14-09-2020-id633615.html#breadcrumb\",\"itemListElement\":[{\"@type\":\"ListItem\",\"position\":1,\"name\":\"Startseite\",\"item\":\"https:\\\/\\\/www.rri.ro\\\/de\"},{\"@type\":\"ListItem\",\"position\":2,\"name\":\"Aktuell\",\"item\":\"https:\\\/\\\/www.rri.ro\\\/de\\\/aktuell\"},{\"@type\":\"ListItem\",\"position\":3,\"name\":\"Newsflash\",\"item\":\"https:\\\/\\\/www.rri.ro\\\/de\\\/aktuell\\\/newsflash-de\"},{\"@type\":\"ListItem\",\"position\":4,\"name\":\"Nachrichten 14.09.2020\"}]},{\"@type\":\"WebSite\",\"@id\":\"https:\\\/\\\/www.rri.ro\\\/#website\",\"url\":\"https:\\\/\\\/www.rri.ro\\\/\",\"name\":\"Radio Rum\u00e4nien International\",\"description\":\"Totul despre Rom\u00e2nia \u015fi rom\u00e2ni, \u00een 13 limbi\\\/dialecte!\",\"inLanguage\":\"de\"},{\"@type\":\"Person\",\"@id\":\"https:\\\/\\\/www.rri.ro\\\/#\\\/schema\\\/person\\\/4a479940371b9fdefd194f561e8a7f88\",\"name\":\"Newsroom\",\"url\":\"https:\\\/\\\/www.rri.ro\\\/de\\\/author\\\/newsroom\"}]}<\/script>\n<!-- \/ Yoast SEO plugin. -->","yoast_head_json":{"title":"Nachrichten 14.09.2020 - Radio Rum\u00e4nien International","robots":{"index":"index","follow":"follow","max-snippet":"max-snippet:-1","max-image-preview":"max-image-preview:large","max-video-preview":"max-video-preview:-1"},"canonical":"https:\/\/www.rri.ro\/de\/aktuell\/newsflash-de\/nachrichten-14-09-2020-id633615.html","og_locale":"de_DE","og_type":"article","og_title":"Nachrichten 14.09.2020 - Radio Rum\u00e4nien International","og_description":"Warnzustand +++ Schulanfang +++ Israel-Beziehungen +++ Wahlgesetze +++ COVID 19 +++ Tennis","og_url":"https:\/\/www.rri.ro\/de\/aktuell\/newsflash-de\/nachrichten-14-09-2020-id633615.html","og_site_name":"Radio Rum\u00e4nien International","article_published_time":"2020-09-14T15:57:00+00:00","og_image":[{"width":640,"height":427,"url":"https:\/\/www.rri.ro\/wp-content\/uploads\/2023\/10\/stiri-germana-ok2-2.png","type":"image\/png"}],"author":"Newsroom","twitter_card":"summary_large_image","twitter_misc":{"Verfasst von":"Newsroom","Gesch\u00e4tzte Lesezeit":"4\u00a0Minuten","Written by":"Newsroom"},"schema":{"@context":"https:\/\/schema.org","@graph":[{"@type":"Article","@id":"https:\/\/www.rri.ro\/de\/aktuell\/newsflash-de\/nachrichten-14-09-2020-id633615.html#article","isPartOf":{"@id":"https:\/\/www.rri.ro\/de\/aktuell\/newsflash-de\/nachrichten-14-09-2020-id633615.html"},"author":{"name":"Newsroom","@id":"https:\/\/www.rri.ro\/#\/schema\/person\/4a479940371b9fdefd194f561e8a7f88"},"headline":"Nachrichten 14.09.2020","datePublished":"2020-09-14T15:57:00+00:00","mainEntityOfPage":{"@id":"https:\/\/www.rri.ro\/de\/aktuell\/newsflash-de\/nachrichten-14-09-2020-id633615.html"},"wordCount":767,"image":{"@id":"https:\/\/www.rri.ro\/de\/aktuell\/newsflash-de\/nachrichten-14-09-2020-id633615.html#primaryimage"},"thumbnailUrl":"https:\/\/www.rri.ro\/wp-content\/uploads\/2023\/10\/stiri-germana-ok2-2.png","keywords":["Covid-19","Israel-Beziehungen","Schulanfang","tennis","Wahlgesetze","Warnzustand"],"articleSection":["Newsflash"],"inLanguage":"de"},{"@type":"WebPage","@id":"https:\/\/www.rri.ro\/de\/aktuell\/newsflash-de\/nachrichten-14-09-2020-id633615.html","url":"https:\/\/www.rri.ro\/de\/aktuell\/newsflash-de\/nachrichten-14-09-2020-id633615.html","name":"Nachrichten 14.09.2020 - Radio Rum\u00e4nien International","isPartOf":{"@id":"https:\/\/www.rri.ro\/#website"},"primaryImageOfPage":{"@id":"https:\/\/www.rri.ro\/de\/aktuell\/newsflash-de\/nachrichten-14-09-2020-id633615.html#primaryimage"},"image":{"@id":"https:\/\/www.rri.ro\/de\/aktuell\/newsflash-de\/nachrichten-14-09-2020-id633615.html#primaryimage"},"thumbnailUrl":"https:\/\/www.rri.ro\/wp-content\/uploads\/2023\/10\/stiri-germana-ok2-2.png","datePublished":"2020-09-14T15:57:00+00:00","author":{"@id":"https:\/\/www.rri.ro\/#\/schema\/person\/4a479940371b9fdefd194f561e8a7f88"},"breadcrumb":{"@id":"https:\/\/www.rri.ro\/de\/aktuell\/newsflash-de\/nachrichten-14-09-2020-id633615.html#breadcrumb"},"inLanguage":"de","potentialAction":[{"@type":"ReadAction","target":["https:\/\/www.rri.ro\/de\/aktuell\/newsflash-de\/nachrichten-14-09-2020-id633615.html"]}]},{"@type":"ImageObject","inLanguage":"de","@id":"https:\/\/www.rri.ro\/de\/aktuell\/newsflash-de\/nachrichten-14-09-2020-id633615.html#primaryimage","url":"https:\/\/www.rri.ro\/wp-content\/uploads\/2023\/10\/stiri-germana-ok2-2.png","contentUrl":"https:\/\/www.rri.ro\/wp-content\/uploads\/2023\/10\/stiri-germana-ok2-2.png","width":640,"height":427},{"@type":"BreadcrumbList","@id":"https:\/\/www.rri.ro\/de\/aktuell\/newsflash-de\/nachrichten-14-09-2020-id633615.html#breadcrumb","itemListElement":[{"@type":"ListItem","position":1,"name":"Startseite","item":"https:\/\/www.rri.ro\/de"},{"@type":"ListItem","position":2,"name":"Aktuell","item":"https:\/\/www.rri.ro\/de\/aktuell"},{"@type":"ListItem","position":3,"name":"Newsflash","item":"https:\/\/www.rri.ro\/de\/aktuell\/newsflash-de"},{"@type":"ListItem","position":4,"name":"Nachrichten 14.09.2020"}]},{"@type":"WebSite","@id":"https:\/\/www.rri.ro\/#website","url":"https:\/\/www.rri.ro\/","name":"Radio Rum\u00e4nien International","description":"Totul despre Rom\u00e2nia \u015fi rom\u00e2ni, \u00een 13 limbi\/dialecte!","inLanguage":"de"},{"@type":"Person","@id":"https:\/\/www.rri.ro\/#\/schema\/person\/4a479940371b9fdefd194f561e8a7f88","name":"Newsroom","url":"https:\/\/www.rri.ro\/de\/author\/newsroom"}]}},"_links":{"self":[{"href":"https:\/\/www.rri.ro\/de\/wp-json\/wp\/v2\/posts\/633615","targetHints":{"allow":["GET"]}}],"collection":[{"href":"https:\/\/www.rri.ro\/de\/wp-json\/wp\/v2\/posts"}],"about":[{"href":"https:\/\/www.rri.ro\/de\/wp-json\/wp\/v2\/types\/post"}],"author":[{"embeddable":true,"href":"https:\/\/www.rri.ro\/de\/wp-json\/wp\/v2\/users\/113"}],"replies":[{"embeddable":true,"href":"https:\/\/www.rri.ro\/de\/wp-json\/wp\/v2\/comments?post=633615"}],"version-history":[{"count":0,"href":"https:\/\/www.rri.ro\/de\/wp-json\/wp\/v2\/posts\/633615\/revisions"}],"wp:featuredmedia":[{"embeddable":true,"href":"https:\/\/www.rri.ro\/de\/wp-json\/wp\/v2\/media\/460330"}],"wp:attachment":[{"href":"https:\/\/www.rri.ro\/de\/wp-json\/wp\/v2\/media?parent=633615"}],"wp:term":[{"taxonomy":"category","embeddable":true,"href":"https:\/\/www.rri.ro\/de\/wp-json\/wp\/v2\/categories?post=633615"},{"taxonomy":"post_tag","embeddable":true,"href":"https:\/\/www.rri.ro\/de\/wp-json\/wp\/v2\/tags?post=633615"},{"taxonomy":"author","embeddable":true,"href":"https:\/\/www.rri.ro\/de\/wp-json\/wp\/v2\/coauthors?post=633615"}],"curies":[{"name":"wp","href":"https:\/\/api.w.org\/{rel}","templated":true}]}}