{"id":633616,"date":"2020-09-15T17:49:00","date_gmt":"2020-09-15T14:49:00","guid":{"rendered":"http:\/\/devrri.freshlemon.ro\/aktuell\/nachrichten-15-09-2020-id633616.html"},"modified":"2020-09-15T17:49:00","modified_gmt":"2020-09-15T14:49:00","slug":"nachrichten-15-09-2020","status":"publish","type":"post","link":"https:\/\/www.rri.ro\/de\/aktuell\/newsflash-de\/nachrichten-15-09-2020-id633616.html","title":{"rendered":"Nachrichten 15.09.2020"},"content":{"rendered":"<p>Die Regierung in Bukarest hat am Dienstag einen Beschluss zur Verl\u00e4ngerung des Warnzustands f\u00fcr Rum\u00e4nien um weitere 30 Tage ab Dienstag gebilligt. Das Dokument sieht eine Reihe von Ma\u00dfnahmen vor, die den laufenden Kommunalwahlkampf und die Wahlverfahren regeln und gleichzeitig Versammlungen und Demonstrationen unter Einhaltung der Sicherheitsvorschriften auf 100 Personen beschr\u00e4nken. Die W\u00e4hler m\u00fcssen beim Betreten und Verlassen der Poller-Stationen Desinfektionsmittel verwenden. Ein mobiles Wahllokal wird zun\u00e4chst f\u00fcr die gesunden, aber nicht transportf\u00e4higen Personen und dann f\u00fcr die Personen in Isolation und Quarant\u00e4ne zur Verf\u00fcgung gestellt.<\/p>\n<p>&#13;<br \/>\n&#13;<\/p>\n<p>&#13;<br \/>\n&#13;<\/p>\n<p>Am Dienstag ist eine U-Bahn-Teilstrecke eingeweiht, die den Westen von Bukarest mit der Stadtmitte verbindet. Die Beh\u00f6rden versicherten, dass die Systeme funktionsf\u00e4hig sind, um einen sicheren und komfortablen Transport zu erm\u00f6glichen. Dieser 7 Kilometer lange unterirdische Abschnitt ist der erste, der seit dem Ende des kommunistischen Regimes in Rum\u00e4nien vor drei\u00dfig Jahren von Grund auf neu gebaut wurde. Der Abschnitt, der vor f\u00fcnf Jahren h\u00e4tte fertig gestellt werden sollen und einen Gesamtwert von 0,7 Milliarden Euro hat, ist Teil des Bukarester U-Bahn-Netzes von 78 Kilometern und 63 Stationen geworden.<\/p>\n<p><\/p>\n<p>Das rum\u00e4nische Au\u00dfenministerium hat aus dem&#13;<br \/>\nHaushalt f\u00fcr Entwicklungshilfe und humanit\u00e4re Hilfe f\u00fcr 2020 einen freiwilligen&#13;<br \/>\nfinanziellen Beitrag von 100.000 Euro zur Unterst\u00fctzung der Zivilgesellschaft&#13;<br \/>\nund der unabh\u00e4ngigen Presse in Belarus \u00fcberwiesen. Das Geld wurde an die&#13;<br \/>\nEurop\u00e4ische Stiftung f\u00fcr Demokratie (EED) \u00fcberwiesen, eine Institution, die&#13;<br \/>\nsich auf die Unterst\u00fctzung von Projekten zur St\u00e4rkung von Demokratie und&#13;<br \/>\nMenschenrechten spezialisiert hat. So schlie\u00dft sich Rum\u00e4nien anderen&#13;<br \/>\nEU-Partnern, Mitgliedstaaten und Institutionen an, die in Partnerschaft mit dem&#13;<br \/>\nEED Projekte zum direkten Nutzen der belarussischen Zivilgesellschaft&#13;<br \/>\nentwickeln, so Agerpres unter Berufung auf eine offizielle Mitteilung. Diese&#13;<br \/>\nbekr\u00e4ftigt, dass Rum\u00e4nien weiterhin ein konsequenter Bef\u00fcrworter der Festigung&#13;<br \/>\nder Demokratie in der \u00f6stlichen Nachbarschaft der Europ\u00e4ischen Union ist<\/p>\n<p>&#13;<br \/>\n&#13;<\/p>\n<p>&#13;<br \/>\n&#13;<\/p>\n<p>Die Schule ist am Montag in Rum\u00e4nien f\u00fcr rund 3 Millionen Sch\u00fcler gestartet. 12.500 Schulen \u00f6ffneten ihre Tore, w\u00e4hrend 5.000 weitere auch alternative Online-Kurse anbieten. Vor dem Hintergrund der Covid-19-Pandemie wollen mehr als die H\u00e4lfte der Eltern in den st\u00e4dtischen Gebieten Rum\u00e4niens, dass ihre Kinder zur Schule gehen, zeigt eine k\u00fcrzlich in mehreren St\u00e4dten des Landes durchgef\u00fchrte Umfrage. Gleichzeitig glauben 61% der Befragten, dass die Schulen derzeit keinen Unterricht unter sicheren Bedingungen anbieten k\u00f6nnen, w\u00e4hrend 66% der Ansicht sind, dass die Sch\u00fcler in den Klassenzimmern Gesichtsmasken tragen m\u00fcssen.<\/p>\n<p>&#13;<br \/>\n&#13;<\/p>\n<p>&#13;<br \/>\n&#13;<\/p>\n<p>Eine Reihe von 55 Mini-Konzerten von Pianisten aus der ganzen Welt ist am Dienstag im Rahmen des Internationalen George Enescu-Wettbewerbs f\u00fcr klassische Musik zu Ende gegangen. Die Veranstaltung wurde unter www.festivalenescu.ro zug\u00e4nglich gemacht, und die Jury wird die Gewinner voraussichtlich am Mittwoch bekannt geben. Nur 12 der insgesamt 55 Teilnehmer werden es in die n\u00e4chste Phase des Wettbewerbs schaffen. Das wichtigste internationale Kulturereignis, das George-Enescu-Festival mit den vier Wettbewerbssektionen Klavier, Cello, Violine und Komposition, belegt in der Weltrangliste der Wettbewerbe f\u00fcr klassische Musik den f\u00fcnften Platz.<\/p>\n<p>&#13;<br \/>\n&#13;<\/p>\n<p>&#13;<br \/>\n&#13;<\/p>\n<p>Laut worldometers.info sind die best\u00e4tigten Covid-19-Infektionen weltweit weiterhin auf dem Vormarsch. Die Gesamtzahl der Infektionen weltweit hat 29,4 Millionen erreicht, mit einer Zahl von 932 Tausend Todesopfern. Die am st\u00e4rksten betroffenen L\u00e4nder sind die USA, Indien, Brasilien, Russland, Peru, Kolumbien, Mexiko, S\u00fcdafrika, Spanien und Argentinien. Die am st\u00e4rksten betroffenen afrikanischen L\u00e4nder sind S\u00fcdafrika, \u00c4gypten, Marokko, \u00c4thiopien und Nigeria, w\u00e4hrend in Europa Russland, Spanien, Frankreich, Grossbritannien, die T\u00fcrkei, Italien, Deutschland, die Ukraine, Rum\u00e4nien, Belgien und Schweden am st\u00e4rksten betroffen sind. Nach Angaben der Weltgesundheitsorganisation wird sich die Situation verschlechtern und die Zahl der Todesopfer wird voraussichtlich im Oktober und November steigen.<\/p>\n<p>&#13;<\/p>\n","protected":false},"excerpt":{"rendered":"<p>Die Regierung in Bukarest hat am Dienstag einen Beschluss zur Verl\u00e4ngerung des Warnzustands f\u00fcr Rum\u00e4nien um weitere 30 Tage ab Dienstag gebilligt. Das Dokument sieht eine Reihe von Ma\u00dfnahmen vor, die den laufenden Kommunalwahlkampf und die Wahlverfahren regeln und gleichzeitig Versammlungen und Demonstrationen unter Einhaltung der Sicherheitsvorschriften auf 100 Personen beschr\u00e4nken. Die W\u00e4hler m\u00fcssen beim [&hellip;]<\/p>\n","protected":false},"author":113,"featured_media":460330,"comment_status":"closed","ping_status":"closed","sticky":false,"template":"","format":"standard","meta":{"_acf_changed":false,"footnotes":""},"categories":[116753],"tags":[35374,100586,121948,99586,127640,102606,105021],"coauthors":[],"class_list":["post-633616","post","type-post","status-publish","format-standard","has-post-thumbnail","hentry","category-newsflash-de","tag-covid-19","tag-konzert","tag-pianisten","tag-regierung","tag-schuke","tag-u-bahn","tag-warnzustand"],"acf":[],"yoast_head":"<!-- This site is optimized with the Yoast SEO plugin v27.3 - https:\/\/yoast.com\/product\/yoast-seo-wordpress\/ -->\n<title>Nachrichten 15.09.2020 - Radio Rum\u00e4nien International<\/title>\n<meta name=\"robots\" content=\"index, follow, max-snippet:-1, max-image-preview:large, max-video-preview:-1\" \/>\n<link rel=\"canonical\" href=\"https:\/\/www.rri.ro\/de\/aktuell\/newsflash-de\/nachrichten-15-09-2020-id633616.html\" \/>\n<meta property=\"og:locale\" content=\"de_DE\" \/>\n<meta property=\"og:type\" content=\"article\" \/>\n<meta property=\"og:title\" content=\"Nachrichten 15.09.2020 - Radio Rum\u00e4nien International\" \/>\n<meta property=\"og:description\" content=\"Die Regierung in Bukarest hat am Dienstag einen Beschluss zur Verl\u00e4ngerung des Warnzustands f\u00fcr Rum\u00e4nien um weitere 30 Tage ab Dienstag gebilligt. Das Dokument sieht eine Reihe von Ma\u00dfnahmen vor, die den laufenden Kommunalwahlkampf und die Wahlverfahren regeln und gleichzeitig Versammlungen und Demonstrationen unter Einhaltung der Sicherheitsvorschriften auf 100 Personen beschr\u00e4nken. Die W\u00e4hler m\u00fcssen beim [&hellip;]\" \/>\n<meta property=\"og:url\" content=\"https:\/\/www.rri.ro\/de\/aktuell\/newsflash-de\/nachrichten-15-09-2020-id633616.html\" \/>\n<meta property=\"og:site_name\" content=\"Radio Rum\u00e4nien International\" \/>\n<meta property=\"article:published_time\" content=\"2020-09-15T14:49:00+00:00\" \/>\n<meta property=\"og:image\" content=\"https:\/\/www.rri.ro\/wp-content\/uploads\/2023\/10\/stiri-germana-ok2-2.png\" \/>\n\t<meta property=\"og:image:width\" content=\"640\" \/>\n\t<meta property=\"og:image:height\" content=\"427\" \/>\n\t<meta property=\"og:image:type\" content=\"image\/png\" \/>\n<meta name=\"author\" content=\"Newsroom\" \/>\n<meta name=\"twitter:card\" content=\"summary_large_image\" \/>\n<meta name=\"twitter:label1\" content=\"Verfasst von\" \/>\n\t<meta name=\"twitter:data1\" content=\"Newsroom\" \/>\n\t<meta name=\"twitter:label2\" content=\"Gesch\u00e4tzte Lesezeit\" \/>\n\t<meta name=\"twitter:data2\" content=\"3\u00a0Minuten\" \/>\n\t<meta name=\"twitter:label3\" content=\"Written by\" \/>\n\t<meta name=\"twitter:data3\" content=\"Newsroom\" \/>\n<script type=\"application\/ld+json\" class=\"yoast-schema-graph\">{\"@context\":\"https:\\\/\\\/schema.org\",\"@graph\":[{\"@type\":\"Article\",\"@id\":\"https:\\\/\\\/www.rri.ro\\\/de\\\/aktuell\\\/newsflash-de\\\/nachrichten-15-09-2020-id633616.html#article\",\"isPartOf\":{\"@id\":\"https:\\\/\\\/www.rri.ro\\\/de\\\/aktuell\\\/newsflash-de\\\/nachrichten-15-09-2020-id633616.html\"},\"author\":{\"name\":\"Newsroom\",\"@id\":\"https:\\\/\\\/www.rri.ro\\\/#\\\/schema\\\/person\\\/4a479940371b9fdefd194f561e8a7f88\"},\"headline\":\"Nachrichten 15.09.2020\",\"datePublished\":\"2020-09-15T14:49:00+00:00\",\"mainEntityOfPage\":{\"@id\":\"https:\\\/\\\/www.rri.ro\\\/de\\\/aktuell\\\/newsflash-de\\\/nachrichten-15-09-2020-id633616.html\"},\"wordCount\":616,\"image\":{\"@id\":\"https:\\\/\\\/www.rri.ro\\\/de\\\/aktuell\\\/newsflash-de\\\/nachrichten-15-09-2020-id633616.html#primaryimage\"},\"thumbnailUrl\":\"https:\\\/\\\/www.rri.ro\\\/wp-content\\\/uploads\\\/2023\\\/10\\\/stiri-germana-ok2-2.png\",\"keywords\":[\"Covid-19\",\"Konzert\",\"Pianisten\",\"Regierung\",\"Schuke\",\"U-Bahn\",\"Warnzustand\"],\"articleSection\":[\"Newsflash\"],\"inLanguage\":\"de\"},{\"@type\":\"WebPage\",\"@id\":\"https:\\\/\\\/www.rri.ro\\\/de\\\/aktuell\\\/newsflash-de\\\/nachrichten-15-09-2020-id633616.html\",\"url\":\"https:\\\/\\\/www.rri.ro\\\/de\\\/aktuell\\\/newsflash-de\\\/nachrichten-15-09-2020-id633616.html\",\"name\":\"Nachrichten 15.09.2020 - Radio Rum\u00e4nien International\",\"isPartOf\":{\"@id\":\"https:\\\/\\\/www.rri.ro\\\/#website\"},\"primaryImageOfPage\":{\"@id\":\"https:\\\/\\\/www.rri.ro\\\/de\\\/aktuell\\\/newsflash-de\\\/nachrichten-15-09-2020-id633616.html#primaryimage\"},\"image\":{\"@id\":\"https:\\\/\\\/www.rri.ro\\\/de\\\/aktuell\\\/newsflash-de\\\/nachrichten-15-09-2020-id633616.html#primaryimage\"},\"thumbnailUrl\":\"https:\\\/\\\/www.rri.ro\\\/wp-content\\\/uploads\\\/2023\\\/10\\\/stiri-germana-ok2-2.png\",\"datePublished\":\"2020-09-15T14:49:00+00:00\",\"author\":{\"@id\":\"https:\\\/\\\/www.rri.ro\\\/#\\\/schema\\\/person\\\/4a479940371b9fdefd194f561e8a7f88\"},\"breadcrumb\":{\"@id\":\"https:\\\/\\\/www.rri.ro\\\/de\\\/aktuell\\\/newsflash-de\\\/nachrichten-15-09-2020-id633616.html#breadcrumb\"},\"inLanguage\":\"de\",\"potentialAction\":[{\"@type\":\"ReadAction\",\"target\":[\"https:\\\/\\\/www.rri.ro\\\/de\\\/aktuell\\\/newsflash-de\\\/nachrichten-15-09-2020-id633616.html\"]}]},{\"@type\":\"ImageObject\",\"inLanguage\":\"de\",\"@id\":\"https:\\\/\\\/www.rri.ro\\\/de\\\/aktuell\\\/newsflash-de\\\/nachrichten-15-09-2020-id633616.html#primaryimage\",\"url\":\"https:\\\/\\\/www.rri.ro\\\/wp-content\\\/uploads\\\/2023\\\/10\\\/stiri-germana-ok2-2.png\",\"contentUrl\":\"https:\\\/\\\/www.rri.ro\\\/wp-content\\\/uploads\\\/2023\\\/10\\\/stiri-germana-ok2-2.png\",\"width\":640,\"height\":427},{\"@type\":\"BreadcrumbList\",\"@id\":\"https:\\\/\\\/www.rri.ro\\\/de\\\/aktuell\\\/newsflash-de\\\/nachrichten-15-09-2020-id633616.html#breadcrumb\",\"itemListElement\":[{\"@type\":\"ListItem\",\"position\":1,\"name\":\"Startseite\",\"item\":\"https:\\\/\\\/www.rri.ro\\\/de\"},{\"@type\":\"ListItem\",\"position\":2,\"name\":\"Aktuell\",\"item\":\"https:\\\/\\\/www.rri.ro\\\/de\\\/aktuell\"},{\"@type\":\"ListItem\",\"position\":3,\"name\":\"Newsflash\",\"item\":\"https:\\\/\\\/www.rri.ro\\\/de\\\/aktuell\\\/newsflash-de\"},{\"@type\":\"ListItem\",\"position\":4,\"name\":\"Nachrichten 15.09.2020\"}]},{\"@type\":\"WebSite\",\"@id\":\"https:\\\/\\\/www.rri.ro\\\/#website\",\"url\":\"https:\\\/\\\/www.rri.ro\\\/\",\"name\":\"Radio Rum\u00e4nien International\",\"description\":\"Totul despre Rom\u00e2nia \u015fi rom\u00e2ni, \u00een 13 limbi\\\/dialecte!\",\"inLanguage\":\"de\"},{\"@type\":\"Person\",\"@id\":\"https:\\\/\\\/www.rri.ro\\\/#\\\/schema\\\/person\\\/4a479940371b9fdefd194f561e8a7f88\",\"name\":\"Newsroom\",\"url\":\"https:\\\/\\\/www.rri.ro\\\/de\\\/author\\\/newsroom\"}]}<\/script>\n<!-- \/ Yoast SEO plugin. -->","yoast_head_json":{"title":"Nachrichten 15.09.2020 - Radio Rum\u00e4nien International","robots":{"index":"index","follow":"follow","max-snippet":"max-snippet:-1","max-image-preview":"max-image-preview:large","max-video-preview":"max-video-preview:-1"},"canonical":"https:\/\/www.rri.ro\/de\/aktuell\/newsflash-de\/nachrichten-15-09-2020-id633616.html","og_locale":"de_DE","og_type":"article","og_title":"Nachrichten 15.09.2020 - Radio Rum\u00e4nien International","og_description":"Die Regierung in Bukarest hat am Dienstag einen Beschluss zur Verl\u00e4ngerung des Warnzustands f\u00fcr Rum\u00e4nien um weitere 30 Tage ab Dienstag gebilligt. Das Dokument sieht eine Reihe von Ma\u00dfnahmen vor, die den laufenden Kommunalwahlkampf und die Wahlverfahren regeln und gleichzeitig Versammlungen und Demonstrationen unter Einhaltung der Sicherheitsvorschriften auf 100 Personen beschr\u00e4nken. Die W\u00e4hler m\u00fcssen beim [&hellip;]","og_url":"https:\/\/www.rri.ro\/de\/aktuell\/newsflash-de\/nachrichten-15-09-2020-id633616.html","og_site_name":"Radio Rum\u00e4nien International","article_published_time":"2020-09-15T14:49:00+00:00","og_image":[{"width":640,"height":427,"url":"https:\/\/www.rri.ro\/wp-content\/uploads\/2023\/10\/stiri-germana-ok2-2.png","type":"image\/png"}],"author":"Newsroom","twitter_card":"summary_large_image","twitter_misc":{"Verfasst von":"Newsroom","Gesch\u00e4tzte Lesezeit":"3\u00a0Minuten","Written by":"Newsroom"},"schema":{"@context":"https:\/\/schema.org","@graph":[{"@type":"Article","@id":"https:\/\/www.rri.ro\/de\/aktuell\/newsflash-de\/nachrichten-15-09-2020-id633616.html#article","isPartOf":{"@id":"https:\/\/www.rri.ro\/de\/aktuell\/newsflash-de\/nachrichten-15-09-2020-id633616.html"},"author":{"name":"Newsroom","@id":"https:\/\/www.rri.ro\/#\/schema\/person\/4a479940371b9fdefd194f561e8a7f88"},"headline":"Nachrichten 15.09.2020","datePublished":"2020-09-15T14:49:00+00:00","mainEntityOfPage":{"@id":"https:\/\/www.rri.ro\/de\/aktuell\/newsflash-de\/nachrichten-15-09-2020-id633616.html"},"wordCount":616,"image":{"@id":"https:\/\/www.rri.ro\/de\/aktuell\/newsflash-de\/nachrichten-15-09-2020-id633616.html#primaryimage"},"thumbnailUrl":"https:\/\/www.rri.ro\/wp-content\/uploads\/2023\/10\/stiri-germana-ok2-2.png","keywords":["Covid-19","Konzert","Pianisten","Regierung","Schuke","U-Bahn","Warnzustand"],"articleSection":["Newsflash"],"inLanguage":"de"},{"@type":"WebPage","@id":"https:\/\/www.rri.ro\/de\/aktuell\/newsflash-de\/nachrichten-15-09-2020-id633616.html","url":"https:\/\/www.rri.ro\/de\/aktuell\/newsflash-de\/nachrichten-15-09-2020-id633616.html","name":"Nachrichten 15.09.2020 - Radio Rum\u00e4nien International","isPartOf":{"@id":"https:\/\/www.rri.ro\/#website"},"primaryImageOfPage":{"@id":"https:\/\/www.rri.ro\/de\/aktuell\/newsflash-de\/nachrichten-15-09-2020-id633616.html#primaryimage"},"image":{"@id":"https:\/\/www.rri.ro\/de\/aktuell\/newsflash-de\/nachrichten-15-09-2020-id633616.html#primaryimage"},"thumbnailUrl":"https:\/\/www.rri.ro\/wp-content\/uploads\/2023\/10\/stiri-germana-ok2-2.png","datePublished":"2020-09-15T14:49:00+00:00","author":{"@id":"https:\/\/www.rri.ro\/#\/schema\/person\/4a479940371b9fdefd194f561e8a7f88"},"breadcrumb":{"@id":"https:\/\/www.rri.ro\/de\/aktuell\/newsflash-de\/nachrichten-15-09-2020-id633616.html#breadcrumb"},"inLanguage":"de","potentialAction":[{"@type":"ReadAction","target":["https:\/\/www.rri.ro\/de\/aktuell\/newsflash-de\/nachrichten-15-09-2020-id633616.html"]}]},{"@type":"ImageObject","inLanguage":"de","@id":"https:\/\/www.rri.ro\/de\/aktuell\/newsflash-de\/nachrichten-15-09-2020-id633616.html#primaryimage","url":"https:\/\/www.rri.ro\/wp-content\/uploads\/2023\/10\/stiri-germana-ok2-2.png","contentUrl":"https:\/\/www.rri.ro\/wp-content\/uploads\/2023\/10\/stiri-germana-ok2-2.png","width":640,"height":427},{"@type":"BreadcrumbList","@id":"https:\/\/www.rri.ro\/de\/aktuell\/newsflash-de\/nachrichten-15-09-2020-id633616.html#breadcrumb","itemListElement":[{"@type":"ListItem","position":1,"name":"Startseite","item":"https:\/\/www.rri.ro\/de"},{"@type":"ListItem","position":2,"name":"Aktuell","item":"https:\/\/www.rri.ro\/de\/aktuell"},{"@type":"ListItem","position":3,"name":"Newsflash","item":"https:\/\/www.rri.ro\/de\/aktuell\/newsflash-de"},{"@type":"ListItem","position":4,"name":"Nachrichten 15.09.2020"}]},{"@type":"WebSite","@id":"https:\/\/www.rri.ro\/#website","url":"https:\/\/www.rri.ro\/","name":"Radio Rum\u00e4nien International","description":"Totul despre Rom\u00e2nia \u015fi rom\u00e2ni, \u00een 13 limbi\/dialecte!","inLanguage":"de"},{"@type":"Person","@id":"https:\/\/www.rri.ro\/#\/schema\/person\/4a479940371b9fdefd194f561e8a7f88","name":"Newsroom","url":"https:\/\/www.rri.ro\/de\/author\/newsroom"}]}},"_links":{"self":[{"href":"https:\/\/www.rri.ro\/de\/wp-json\/wp\/v2\/posts\/633616","targetHints":{"allow":["GET"]}}],"collection":[{"href":"https:\/\/www.rri.ro\/de\/wp-json\/wp\/v2\/posts"}],"about":[{"href":"https:\/\/www.rri.ro\/de\/wp-json\/wp\/v2\/types\/post"}],"author":[{"embeddable":true,"href":"https:\/\/www.rri.ro\/de\/wp-json\/wp\/v2\/users\/113"}],"replies":[{"embeddable":true,"href":"https:\/\/www.rri.ro\/de\/wp-json\/wp\/v2\/comments?post=633616"}],"version-history":[{"count":0,"href":"https:\/\/www.rri.ro\/de\/wp-json\/wp\/v2\/posts\/633616\/revisions"}],"wp:featuredmedia":[{"embeddable":true,"href":"https:\/\/www.rri.ro\/de\/wp-json\/wp\/v2\/media\/460330"}],"wp:attachment":[{"href":"https:\/\/www.rri.ro\/de\/wp-json\/wp\/v2\/media?parent=633616"}],"wp:term":[{"taxonomy":"category","embeddable":true,"href":"https:\/\/www.rri.ro\/de\/wp-json\/wp\/v2\/categories?post=633616"},{"taxonomy":"post_tag","embeddable":true,"href":"https:\/\/www.rri.ro\/de\/wp-json\/wp\/v2\/tags?post=633616"},{"taxonomy":"author","embeddable":true,"href":"https:\/\/www.rri.ro\/de\/wp-json\/wp\/v2\/coauthors?post=633616"}],"curies":[{"name":"wp","href":"https:\/\/api.w.org\/{rel}","templated":true}]}}