{"id":633621,"date":"2020-09-20T13:29:00","date_gmt":"2020-09-20T10:29:00","guid":{"rendered":"http:\/\/devrri.freshlemon.ro\/aktuell\/nachrichten-20-09-2020-id633621.html"},"modified":"2020-09-20T13:29:00","modified_gmt":"2020-09-20T10:29:00","slug":"nachrichten-20-09-2020","status":"publish","type":"post","link":"https:\/\/www.rri.ro\/de\/aktuell\/newsflash-de\/nachrichten-20-09-2020-id633621.html","title":{"rendered":"Nachrichten 20.09.2020"},"content":{"rendered":"<p>Die Bukarester Beh\u00f6rden meldeten 1.231 neue F\u00e4lle von COVID-19, nachdem sie \u00fcber 13.300 Tests durchgef\u00fchrt hatten. Seit Beginn der Pandemie, Ende Februar, wurden in Rum\u00e4nien mehr als 112.000 Menschen mit dem neuen Coronavirus infiziert. Davon wurden etwa 90.000 f\u00fcr geheilt erkl\u00e4rt und 4.435 sind gestorben. 470 Patienten befinden sich derzeit auf der Intensivstation. Am Samstagabend fand in Bukarest ein Protest gegen die Schutzma\u200e\u00dfnahmen in Schulen statt. Die Teilnehmer der Veranstaltung stellten medizinische Empfehlungen, wie das Tragen von Schutzmasken und die Einhaltung von k\u00f6rperlichem Abstand, in Frage. Sie stellten auch spezielle Studien in Frage, die die Wirksamkeit dieser Massnahmen bei der Begrenzung der Ausbreitung des neuen Coronavirus und sogar des damit verbundenen Risikos belegen. \u00c4hnliche Proteste fanden in Cluj (Nordwesten), Timisoara (Westen) und Oradea (Nordwesten) statt. Im Gegenzug betonten Fachleute erneut, dass es ernsthafte Bedenken hinsichtlich der mit der Infektion mit dem neuen Coronavirus verbundenen Risiken gibt, und forderten Verantwortung und die Einhaltung der Gesundheitsschutzvorschriften. Die \u00c4rzte betonen, dass das Tragen einer Schutzmaske eine der einfachsten und wirksamsten Ma\u200e\u00dfnahmen zur Infektionspr\u00e4vention ist.  <\/p>\n<p>&#13;<br \/>\n&#13;<\/p>\n<p>&#13;<br \/>\n&#13;<\/p>\n<p>Der rum\u00e4nische Au\u200e\u00dfenminister Bogdan Aurescu nimmt am Montag in Br\u00fcssel am Treffen der diplomatischen Leiter der Mitgliedsstaaten der Europ\u00e4ischen Union teil. Vor dem Treffen wird Minister Aurescu zusammen mit anderen EU-Ministern an einem Arbeitsbrunch mit Swetlana Tihanovskaia, der F\u00fchrerin der belarussischen Opposition, teilnehmen. W\u00e4hrend des Treffens werden die Au\u200e\u00dfenminister und der Hohe Vertreter Josep Borrell unter anderem die Lage im \u00f6stlichen Mittelmeerraum, im Libanon und in Venezuela sowie die Beziehungen zwischen der EU und China und zwischen der EU und Russland er\u00f6rtern. Auf der Tagesordnung der Gespr\u00e4che steht auch eine strategische Debatte \u00fcber die Zukunft der Partnerschaften der EU mit den Staaten in der s\u00fcdlichen Nachbarschaft. Ebenfalls am Rande des Ministertreffens wird der Leiter der rum\u00e4nischen Diplomatie ein bilaterales Treffen mit Miroslav Lajcak, dem EU-Sonderbeauftragten f\u00fcr den Belgrad-\/Pristina-Dialog, abhalten.<\/p>\n<p>&#13;<br \/>\n&#13;<\/p>\n<p>&#13;<br \/>\n&#13;<\/p>\n<p>Die Hauptstadt Rum\u00e4niens feierte am Sonntag 561 Jahre seit ihrer ersten urkundlichen Erw\u00e4hnung. Dieses Jahr fanden die Veranstaltungen im Rahmen der Bukarester Tage in einem besonderen Kontext statt, verursacht durch die Coronavirus-Pandemie. Am Abend fand ein Online-R\u00fcckblick auf die letzten sechs Ausgaben des internationalen iMapp-Festivals Bukarest statt. Au\u200e\u00dferdem wurden Videoprojektionen an den Fassaden des Nationaltheaters, des Hotels InterContinental und der Universit\u00e4tsgeb\u00e4ude durchgef\u00fchrt. Mehrere mit Graffiti personalisierte Stra\u200e\u00dfenbahnsets, die von einigen der besten Stra\u200e\u00dfenk\u00fcnstler Bukarests angefertigt wurden, fahren im Rahmen einer Ausstellung bewegter urbaner Kunst in verschiedene Bereiche der Hauptstadt.<\/p>\n<p>&#13;<br \/>\n&#13;<\/p>\n<p>&#13;<br \/>\n&#13;<\/p>\n<p>Eine Gedenktafel zum Gedenken an den apostolischen Besuch von Papst Franziskus in Rum\u00e4nien wurde am Samstag in der St.-Joseph-Kathedrale in Bukarest enth\u00fcllt. Die Gedenktafel enth\u00e4lt ein Medaillon, das den Heiligen Vater darstellt, der Rum\u00e4nien den apostolischen Segen erteilt. Im vergangenen Jahr, zwischen dem 31. Mai und dem 2. Juni, stattete Papst Franziskus Rum\u00e4nien einen historischen dreit\u00e4gigen Besuch ab, der unter dem Motto &#8222;Lasst uns gemeinsam gehen&#8220; stand. Dieser Besuch fand 20 Jahre nach dem Besuch von Papst Johannes Paul II. statt, dem ersten eines souver\u00e4nen Papstes in einem vorwiegend orthodoxen Land.<\/p>\n<p>&#13;<br \/>\n&#13;<\/p>\n<p>&#13;<br \/>\n&#13;<\/p>\n<p>Die Europ\u00e4ische Kommission wird am Mittwoch einen Entwurf zur Reform der EU-Migrationspolitik vorlegen. Dieser mehrfach verschobene neue Pakt zu Migration und Asyl sollte am 30. September vorgelegt werden, aber das Feuer, das am 9. September das Fl\u00fcchtlingslager in Moria (Griechenland) zerst\u00f6rte, unterstrich die Dringlichkeit einer dauerhaften europ\u00e4ischen L\u00f6sung. Die Pr\u00e4sidentin der Europ\u00e4ischen Kommission, Ursula von der Leyen, hat Ma\u200e\u00dfnahmen zur Bek\u00e4mpfung von Menschenh\u00e4ndlern, zur St\u00e4rkung der Au\u200e\u00dfengrenzen und zur Vertiefung der Partnerschaften mit Nicht-EU-L\u00e4ndern sowie zur Schaffung legaler Zugangswege zugesagt. In ihrer ersten Rede zur Lage der EU vor einigen Tagen sagte Ursula von der Leyen, dass es gemeinsame Strukturen f\u00fcr Asyl und R\u00fcckkehr sowie einen starken neuen Solidarit\u00e4tsmechanismus geben werde, wenn L\u00e4nder, die bei der Ankunft von Migranten an vorderster Front stehen &#8211; Griechenland, Malta oder Italien &#8211; sagen, dass sie mit einer unverh\u00e4ltnism\u00e4\u200e\u00dfigen Belastung zu k\u00e4mpfen h\u00e4tten. In den letzten Jahren wurden die Versuche, Asylsuchende innerhalb der EU umzusiedeln, durch die Weigerung der L\u00e4nder der Visegrad-Gruppe (Ungarn, Polen, Tschechische Republik und Slowakei), Migranten aufzunehmen, behindert.<\/p>\n<p>&#13;<br \/>\n&#13;<\/p>\n<p>&#13;<br \/>\n&#13;<\/p>\n<p>Die rum\u00e4nische Tennisspielerin Simona Halep, die Nummer 2 der Welt, qualifizierte sich am Sonntag mit \u00fcber 1,7 Millionen Euro Preisgeld f\u00fcr das Finale des WTA-Turniers in Rom, nachdem sie die Spanierin Garbine Muguruza mit 6:3, 4:6, 6:4 besiegt hatte. Halep (28 Jahre alt) wird in Rom ihr drittes Finale bestreiten, nachdem sie 2017 und 2018 im letzten Akt von der Ukrainerin Elina Svitolina besiegt wurde. Ebenfalls am Sonntag unterlag im Doppel das rum\u00e4nisch-deutsche Paar Raluca Olaru \/ Anna-Lena Friedsam gegen Su-Wei Hsieh (Taiwan) \/ Barbora Strycova (Tschechische Republik) mit 6:2, 6:2. Raluca Olaru spielte ihr 20. Doppelfinale. Sie hat 9 Titel gewonnen und 11 verloren.<\/p>\n<p>&#13;<\/p>\n","protected":false},"excerpt":{"rendered":"<p>COVID-19 +++ Au\u00dfenministertreffen +++ Jubil\u00e4um +++ Papst +++ Migration +++ Tennis<\/p>\n","protected":false},"author":113,"featured_media":460330,"comment_status":"closed","ping_status":"closed","sticky":false,"template":"","format":"standard","meta":{"_acf_changed":false,"footnotes":""},"categories":[116753],"tags":[101463,35374,101388,29207,104631,28939],"coauthors":[],"class_list":["post-633621","post","type-post","status-publish","format-standard","has-post-thumbnail","hentry","category-newsflash-de","tag-aussenministertreffen","tag-covid-19","tag-jubilaeum","tag-migration","tag-papst","tag-tennis"],"acf":[],"yoast_head":"<!-- This site is optimized with the Yoast SEO plugin v27.5 - https:\/\/yoast.com\/product\/yoast-seo-wordpress\/ -->\n<title>Nachrichten 20.09.2020 - Radio Rum\u00e4nien International<\/title>\n<meta name=\"robots\" content=\"index, follow, max-snippet:-1, max-image-preview:large, max-video-preview:-1\" \/>\n<link rel=\"canonical\" href=\"https:\/\/www.rri.ro\/de\/aktuell\/newsflash-de\/nachrichten-20-09-2020-id633621.html\" \/>\n<meta property=\"og:locale\" content=\"de_DE\" \/>\n<meta property=\"og:type\" content=\"article\" \/>\n<meta property=\"og:title\" content=\"Nachrichten 20.09.2020 - Radio Rum\u00e4nien International\" \/>\n<meta property=\"og:description\" content=\"COVID-19 +++ Au\u00dfenministertreffen +++ Jubil\u00e4um +++ Papst +++ Migration +++ Tennis\" \/>\n<meta property=\"og:url\" content=\"https:\/\/www.rri.ro\/de\/aktuell\/newsflash-de\/nachrichten-20-09-2020-id633621.html\" \/>\n<meta property=\"og:site_name\" content=\"Radio Rum\u00e4nien International\" \/>\n<meta property=\"article:published_time\" content=\"2020-09-20T10:29:00+00:00\" \/>\n<meta property=\"og:image\" content=\"https:\/\/www.rri.ro\/wp-content\/uploads\/2023\/10\/stiri-germana-ok2-2.png\" \/>\n\t<meta property=\"og:image:width\" content=\"640\" \/>\n\t<meta property=\"og:image:height\" content=\"427\" \/>\n\t<meta property=\"og:image:type\" content=\"image\/png\" \/>\n<meta name=\"author\" content=\"Newsroom\" \/>\n<meta name=\"twitter:card\" content=\"summary_large_image\" \/>\n<meta name=\"twitter:label1\" content=\"Verfasst von\" \/>\n\t<meta name=\"twitter:data1\" content=\"Newsroom\" \/>\n\t<meta name=\"twitter:label2\" content=\"Gesch\u00e4tzte Lesezeit\" \/>\n\t<meta name=\"twitter:data2\" content=\"4\u00a0Minuten\" \/>\n\t<meta name=\"twitter:label3\" content=\"Written by\" \/>\n\t<meta name=\"twitter:data3\" content=\"Newsroom\" \/>\n<script type=\"application\/ld+json\" class=\"yoast-schema-graph\">{\"@context\":\"https:\\\/\\\/schema.org\",\"@graph\":[{\"@type\":\"Article\",\"@id\":\"https:\\\/\\\/www.rri.ro\\\/de\\\/aktuell\\\/newsflash-de\\\/nachrichten-20-09-2020-id633621.html#article\",\"isPartOf\":{\"@id\":\"https:\\\/\\\/www.rri.ro\\\/de\\\/aktuell\\\/newsflash-de\\\/nachrichten-20-09-2020-id633621.html\"},\"author\":{\"name\":\"Newsroom\",\"@id\":\"https:\\\/\\\/www.rri.ro\\\/#\\\/schema\\\/person\\\/4a479940371b9fdefd194f561e8a7f88\"},\"headline\":\"Nachrichten 20.09.2020\",\"datePublished\":\"2020-09-20T10:29:00+00:00\",\"mainEntityOfPage\":{\"@id\":\"https:\\\/\\\/www.rri.ro\\\/de\\\/aktuell\\\/newsflash-de\\\/nachrichten-20-09-2020-id633621.html\"},\"wordCount\":792,\"image\":{\"@id\":\"https:\\\/\\\/www.rri.ro\\\/de\\\/aktuell\\\/newsflash-de\\\/nachrichten-20-09-2020-id633621.html#primaryimage\"},\"thumbnailUrl\":\"https:\\\/\\\/www.rri.ro\\\/wp-content\\\/uploads\\\/2023\\\/10\\\/stiri-germana-ok2-2.png\",\"keywords\":[\"Au\u00dfenministertreffen\",\"Covid-19\",\"Jubil\u00e4um\",\"migration\",\"Papst\",\"tennis\"],\"articleSection\":[\"Newsflash\"],\"inLanguage\":\"de\"},{\"@type\":\"WebPage\",\"@id\":\"https:\\\/\\\/www.rri.ro\\\/de\\\/aktuell\\\/newsflash-de\\\/nachrichten-20-09-2020-id633621.html\",\"url\":\"https:\\\/\\\/www.rri.ro\\\/de\\\/aktuell\\\/newsflash-de\\\/nachrichten-20-09-2020-id633621.html\",\"name\":\"Nachrichten 20.09.2020 - Radio Rum\u00e4nien International\",\"isPartOf\":{\"@id\":\"https:\\\/\\\/www.rri.ro\\\/#website\"},\"primaryImageOfPage\":{\"@id\":\"https:\\\/\\\/www.rri.ro\\\/de\\\/aktuell\\\/newsflash-de\\\/nachrichten-20-09-2020-id633621.html#primaryimage\"},\"image\":{\"@id\":\"https:\\\/\\\/www.rri.ro\\\/de\\\/aktuell\\\/newsflash-de\\\/nachrichten-20-09-2020-id633621.html#primaryimage\"},\"thumbnailUrl\":\"https:\\\/\\\/www.rri.ro\\\/wp-content\\\/uploads\\\/2023\\\/10\\\/stiri-germana-ok2-2.png\",\"datePublished\":\"2020-09-20T10:29:00+00:00\",\"author\":{\"@id\":\"https:\\\/\\\/www.rri.ro\\\/#\\\/schema\\\/person\\\/4a479940371b9fdefd194f561e8a7f88\"},\"breadcrumb\":{\"@id\":\"https:\\\/\\\/www.rri.ro\\\/de\\\/aktuell\\\/newsflash-de\\\/nachrichten-20-09-2020-id633621.html#breadcrumb\"},\"inLanguage\":\"de\",\"potentialAction\":[{\"@type\":\"ReadAction\",\"target\":[\"https:\\\/\\\/www.rri.ro\\\/de\\\/aktuell\\\/newsflash-de\\\/nachrichten-20-09-2020-id633621.html\"]}]},{\"@type\":\"ImageObject\",\"inLanguage\":\"de\",\"@id\":\"https:\\\/\\\/www.rri.ro\\\/de\\\/aktuell\\\/newsflash-de\\\/nachrichten-20-09-2020-id633621.html#primaryimage\",\"url\":\"https:\\\/\\\/www.rri.ro\\\/wp-content\\\/uploads\\\/2023\\\/10\\\/stiri-germana-ok2-2.png\",\"contentUrl\":\"https:\\\/\\\/www.rri.ro\\\/wp-content\\\/uploads\\\/2023\\\/10\\\/stiri-germana-ok2-2.png\",\"width\":640,\"height\":427},{\"@type\":\"BreadcrumbList\",\"@id\":\"https:\\\/\\\/www.rri.ro\\\/de\\\/aktuell\\\/newsflash-de\\\/nachrichten-20-09-2020-id633621.html#breadcrumb\",\"itemListElement\":[{\"@type\":\"ListItem\",\"position\":1,\"name\":\"Startseite\",\"item\":\"https:\\\/\\\/www.rri.ro\\\/de\"},{\"@type\":\"ListItem\",\"position\":2,\"name\":\"Aktuell\",\"item\":\"https:\\\/\\\/www.rri.ro\\\/de\\\/aktuell\"},{\"@type\":\"ListItem\",\"position\":3,\"name\":\"Newsflash\",\"item\":\"https:\\\/\\\/www.rri.ro\\\/de\\\/aktuell\\\/newsflash-de\"},{\"@type\":\"ListItem\",\"position\":4,\"name\":\"Nachrichten 20.09.2020\"}]},{\"@type\":\"WebSite\",\"@id\":\"https:\\\/\\\/www.rri.ro\\\/#website\",\"url\":\"https:\\\/\\\/www.rri.ro\\\/\",\"name\":\"Radio Rum\u00e4nien International\",\"description\":\"Totul despre Rom\u00e2nia \u015fi rom\u00e2ni, \u00een 13 limbi\\\/dialecte!\",\"inLanguage\":\"de\"},{\"@type\":\"Person\",\"@id\":\"https:\\\/\\\/www.rri.ro\\\/#\\\/schema\\\/person\\\/4a479940371b9fdefd194f561e8a7f88\",\"name\":\"Newsroom\",\"url\":\"https:\\\/\\\/www.rri.ro\\\/de\\\/author\\\/newsroom\"}]}<\/script>\n<!-- \/ Yoast SEO plugin. -->","yoast_head_json":{"title":"Nachrichten 20.09.2020 - Radio Rum\u00e4nien International","robots":{"index":"index","follow":"follow","max-snippet":"max-snippet:-1","max-image-preview":"max-image-preview:large","max-video-preview":"max-video-preview:-1"},"canonical":"https:\/\/www.rri.ro\/de\/aktuell\/newsflash-de\/nachrichten-20-09-2020-id633621.html","og_locale":"de_DE","og_type":"article","og_title":"Nachrichten 20.09.2020 - Radio Rum\u00e4nien International","og_description":"COVID-19 +++ Au\u00dfenministertreffen +++ Jubil\u00e4um +++ Papst +++ Migration +++ Tennis","og_url":"https:\/\/www.rri.ro\/de\/aktuell\/newsflash-de\/nachrichten-20-09-2020-id633621.html","og_site_name":"Radio Rum\u00e4nien International","article_published_time":"2020-09-20T10:29:00+00:00","og_image":[{"width":640,"height":427,"url":"https:\/\/www.rri.ro\/wp-content\/uploads\/2023\/10\/stiri-germana-ok2-2.png","type":"image\/png"}],"author":"Newsroom","twitter_card":"summary_large_image","twitter_misc":{"Verfasst von":"Newsroom","Gesch\u00e4tzte Lesezeit":"4\u00a0Minuten","Written by":"Newsroom"},"schema":{"@context":"https:\/\/schema.org","@graph":[{"@type":"Article","@id":"https:\/\/www.rri.ro\/de\/aktuell\/newsflash-de\/nachrichten-20-09-2020-id633621.html#article","isPartOf":{"@id":"https:\/\/www.rri.ro\/de\/aktuell\/newsflash-de\/nachrichten-20-09-2020-id633621.html"},"author":{"name":"Newsroom","@id":"https:\/\/www.rri.ro\/#\/schema\/person\/4a479940371b9fdefd194f561e8a7f88"},"headline":"Nachrichten 20.09.2020","datePublished":"2020-09-20T10:29:00+00:00","mainEntityOfPage":{"@id":"https:\/\/www.rri.ro\/de\/aktuell\/newsflash-de\/nachrichten-20-09-2020-id633621.html"},"wordCount":792,"image":{"@id":"https:\/\/www.rri.ro\/de\/aktuell\/newsflash-de\/nachrichten-20-09-2020-id633621.html#primaryimage"},"thumbnailUrl":"https:\/\/www.rri.ro\/wp-content\/uploads\/2023\/10\/stiri-germana-ok2-2.png","keywords":["Au\u00dfenministertreffen","Covid-19","Jubil\u00e4um","migration","Papst","tennis"],"articleSection":["Newsflash"],"inLanguage":"de"},{"@type":"WebPage","@id":"https:\/\/www.rri.ro\/de\/aktuell\/newsflash-de\/nachrichten-20-09-2020-id633621.html","url":"https:\/\/www.rri.ro\/de\/aktuell\/newsflash-de\/nachrichten-20-09-2020-id633621.html","name":"Nachrichten 20.09.2020 - Radio Rum\u00e4nien International","isPartOf":{"@id":"https:\/\/www.rri.ro\/#website"},"primaryImageOfPage":{"@id":"https:\/\/www.rri.ro\/de\/aktuell\/newsflash-de\/nachrichten-20-09-2020-id633621.html#primaryimage"},"image":{"@id":"https:\/\/www.rri.ro\/de\/aktuell\/newsflash-de\/nachrichten-20-09-2020-id633621.html#primaryimage"},"thumbnailUrl":"https:\/\/www.rri.ro\/wp-content\/uploads\/2023\/10\/stiri-germana-ok2-2.png","datePublished":"2020-09-20T10:29:00+00:00","author":{"@id":"https:\/\/www.rri.ro\/#\/schema\/person\/4a479940371b9fdefd194f561e8a7f88"},"breadcrumb":{"@id":"https:\/\/www.rri.ro\/de\/aktuell\/newsflash-de\/nachrichten-20-09-2020-id633621.html#breadcrumb"},"inLanguage":"de","potentialAction":[{"@type":"ReadAction","target":["https:\/\/www.rri.ro\/de\/aktuell\/newsflash-de\/nachrichten-20-09-2020-id633621.html"]}]},{"@type":"ImageObject","inLanguage":"de","@id":"https:\/\/www.rri.ro\/de\/aktuell\/newsflash-de\/nachrichten-20-09-2020-id633621.html#primaryimage","url":"https:\/\/www.rri.ro\/wp-content\/uploads\/2023\/10\/stiri-germana-ok2-2.png","contentUrl":"https:\/\/www.rri.ro\/wp-content\/uploads\/2023\/10\/stiri-germana-ok2-2.png","width":640,"height":427},{"@type":"BreadcrumbList","@id":"https:\/\/www.rri.ro\/de\/aktuell\/newsflash-de\/nachrichten-20-09-2020-id633621.html#breadcrumb","itemListElement":[{"@type":"ListItem","position":1,"name":"Startseite","item":"https:\/\/www.rri.ro\/de"},{"@type":"ListItem","position":2,"name":"Aktuell","item":"https:\/\/www.rri.ro\/de\/aktuell"},{"@type":"ListItem","position":3,"name":"Newsflash","item":"https:\/\/www.rri.ro\/de\/aktuell\/newsflash-de"},{"@type":"ListItem","position":4,"name":"Nachrichten 20.09.2020"}]},{"@type":"WebSite","@id":"https:\/\/www.rri.ro\/#website","url":"https:\/\/www.rri.ro\/","name":"Radio Rum\u00e4nien International","description":"Totul despre Rom\u00e2nia \u015fi rom\u00e2ni, \u00een 13 limbi\/dialecte!","inLanguage":"de"},{"@type":"Person","@id":"https:\/\/www.rri.ro\/#\/schema\/person\/4a479940371b9fdefd194f561e8a7f88","name":"Newsroom","url":"https:\/\/www.rri.ro\/de\/author\/newsroom"}]}},"_links":{"self":[{"href":"https:\/\/www.rri.ro\/de\/wp-json\/wp\/v2\/posts\/633621","targetHints":{"allow":["GET"]}}],"collection":[{"href":"https:\/\/www.rri.ro\/de\/wp-json\/wp\/v2\/posts"}],"about":[{"href":"https:\/\/www.rri.ro\/de\/wp-json\/wp\/v2\/types\/post"}],"author":[{"embeddable":true,"href":"https:\/\/www.rri.ro\/de\/wp-json\/wp\/v2\/users\/113"}],"replies":[{"embeddable":true,"href":"https:\/\/www.rri.ro\/de\/wp-json\/wp\/v2\/comments?post=633621"}],"version-history":[{"count":0,"href":"https:\/\/www.rri.ro\/de\/wp-json\/wp\/v2\/posts\/633621\/revisions"}],"wp:featuredmedia":[{"embeddable":true,"href":"https:\/\/www.rri.ro\/de\/wp-json\/wp\/v2\/media\/460330"}],"wp:attachment":[{"href":"https:\/\/www.rri.ro\/de\/wp-json\/wp\/v2\/media?parent=633621"}],"wp:term":[{"taxonomy":"category","embeddable":true,"href":"https:\/\/www.rri.ro\/de\/wp-json\/wp\/v2\/categories?post=633621"},{"taxonomy":"post_tag","embeddable":true,"href":"https:\/\/www.rri.ro\/de\/wp-json\/wp\/v2\/tags?post=633621"},{"taxonomy":"author","embeddable":true,"href":"https:\/\/www.rri.ro\/de\/wp-json\/wp\/v2\/coauthors?post=633621"}],"curies":[{"name":"wp","href":"https:\/\/api.w.org\/{rel}","templated":true}]}}