{"id":633645,"date":"2020-10-13T17:28:00","date_gmt":"2020-10-13T14:28:00","guid":{"rendered":"http:\/\/devrri.freshlemon.ro\/aktuell\/nachrichten-13-10-2020-id633645.html"},"modified":"2020-10-13T17:28:00","modified_gmt":"2020-10-13T14:28:00","slug":"nachrichten-13-10-2020","status":"publish","type":"post","link":"https:\/\/www.rri.ro\/de\/aktuell\/newsflash-de\/nachrichten-13-10-2020-id633645.html","title":{"rendered":"Nachrichten 13.10.2020"},"content":{"rendered":"<p>Der rum\u00e4nische Premierminister Ludovic Orban hat heute ein Arbeitstreffen mit den Ministern f\u00fcr Gesundheit Nelu T\u0103taru und f\u00fcr Inneres Marcel Vela sowie mit dem Staatssekret\u00e4r im Innenministerium Raed Arafat. Das Treffen findet im Zusammenhang mit der steigenden Zahl von Coronavirus-Infektionen statt. 3.109 neue F\u00e4lle von SARS-CoV-2-Infizierungen wurden im Vergleich zum letzten Bericht nach 26.718 Tests auf nationaler Ebene registriert &#8211; teilte die Gruppe f\u00fcr strategische Kommunikation am Dienstag mit. Weitere 68 Personen, die mit dem neuen Coronavirus infiziert waren, starben, so dass die Gesamtzahl der Todesf\u00e4lle in Rum\u00e4nien von Ende Februar bis heute 5.535 betr\u00e4gt. Seit Beginn der Epidemie wurden in Rum\u00e4nien \u00fcber 160.000 F\u00e4lle von Infizierten best\u00e4tigt; davon wurden \u00fcber 120.000 f\u00fcr geheilt erkl\u00e4rt.<\/p>\n<p>&#13;<br \/>\n&#13;<\/p>\n<p>&#13;<br \/>\n&#13;<\/p>\n<p>Der Pr\u00e4sident Rum\u00e4niens Klaus Iohannis wird am 15. und 16. Oktober in Br\u00fcssel an der Tagung des Europ\u00e4ischen Rates teilnehmen. Nach Angaben der Pr\u00e4sidialverwaltung in Bukarest werden auf der Tagesordnung Themen wie die Covid-19-Pandemie, die k\u00fcnftigen Beziehungen zwischen der Europ\u00e4ischen Union und dem Vereinigten K\u00f6nigreich sowie die Bek\u00e4mpfung des Klimawandels stehen. Haupthemen der Gespr\u00e4che im Kontext der aktulellen Gesundheitskrise sind die Ausbreitung des Coronavirus, die Ma\u00dfnahmen zur Eind\u00e4mmung der Ausbreitung, die wirtschaftlichen und sozialen Auswirkungen der Pandemie, die Notwendigkeit einer wirtschaftlichen Erholung sowie die Entwicklung von Impfstoffen gegen Covid-19.<\/p>\n<p><\/p>\n<p>Der Internationale W\u00e4hrungsfonds&#13;<br \/>\n(IWF) hat seine Sch\u00e4tzungen zur Entwicklung der rum\u00e4nischen&#13;<br \/>\nWirtschaft f\u00fcr 2020 und 2021 leicht korrigiert. Dies geht aus dem j\u00fcngsten&#13;<br \/>\nBericht World Economic Outlook hervor, der am Dienstag von der&#13;<br \/>\ninternationalen Finanzinstitution ver\u00f6ffentlicht wurde. Wenn der IWF im April sch\u00e4tzt,&#13;<br \/>\ndass Rum\u00e4nien in diesem Jahr einen R\u00fcckgang von 5% verzeichnen wird, wird nach den&#13;<br \/>\nneuen Prognosen f\u00fcr die rum\u00e4nische Wirtschaft ein R\u00fcckgang von 4,8% erwartet. F\u00fcr das&#13;<br \/>\nJahr 2021 erwartet der Fonds ein Wirtschaftswachstum von 4,6%, das \u00fcber&#13;<br \/>\ndem im Fr\u00fchjahr gestiegenen Wert von 3,9% liegt. Die neuen Sch\u00e4tzungen&#13;<br \/>\ndes IWF sind optimistischer als die der Weltbank, die letzte Woche&#13;<br \/>\nprognostizierte, dass Rum\u00e4nien 2020 einen R\u00fcckgang&#13;<br \/>\nvon 5,7% verzeichnen wird.  Die neuen Sch\u00e4tzungen des IWF sind auch optimistischer in&#13;<br \/>\nBezug auf die Entwicklung der Arbeitslosenquote in Rum\u00e4nien,&#13;<br \/>\ndie 2020 auf 7,9% steigen w\u00fcrde und damit deutlich unter den im April gesch\u00e4tzten&#13;<br \/>\n10,1% liegt.<\/p>\n<p>&#13;<br \/>\n&#13;<\/p>\n<p>&#13;<br \/>\n&#13;<\/p>\n<p>Mehr als 20.000 Rum\u00e4nen aus dem Ausland haben sich angemeldet, um bei den Parlamentswahlen in Dezember per Briefwahl abzustimmen. Wahlberechtigte rum\u00e4nische Staatsb\u00fcrger mit Wohnsitz oder Aufenthalt im Ausland, die an den Parlamentswahlen teilnehmen m\u00f6chten, k\u00f6nnen sich bis sp\u00e4testens 22. Oktober auf der Plattform www.votstrainatate.ro registrieren lassen. Der Staatssekret\u00e4r in der Abteilung f\u00fcr Rum\u00e4nen \u00fcberall Ovidiu Burdu\u015fa sagte, dass es bei diesen Wahlen aufgrund der COVID-19-Epidemie viel weniger Wahllokale im Ausland eingerichtet werden k\u00f6nnten.<\/p>\n<p>&#13;<br \/>\n&#13;<\/p>\n<p>&#13;<br \/>\n&#13;<\/p>\n<p>In Rum\u00e4nien gewann die regierende Nationalliberale Partei bei den j\u00fcngsten Kommunalwahlen die meisten Stimmen im Land, sowohl auf der Ebene der B\u00fcrgermeister\u00e4mter &#8211; 34,58% &#8211; als auch auf der Ebene der Kommunal- und Kreisr\u00e4te. Nach den endg\u00fcltigen Daten, die vom Zentralen Wahlb\u00fcro bekannt gegeben wurden, lag die Sozialdemokratische Partei PSD (von der Opposition) mit einem Ergebnis von 30,34% bei den B\u00fcrgermeister\u00e4mtern an zweiter Stelle Die Union Rettet Rum\u00e4nuien USR liegt bei der politischen Abstimmung mit einem Ergebnis von weniger als 7 Prozent auf dem dritten Platz. <\/p>\n<p>&#13;<br \/>\n&#13;<\/p>\n<p>&#13;<br \/>\n&#13;<\/p>\n<p>Die rum\u00e4nischen Abgeordneten haben am Dienstag den Gesetzentwurf, welcher  einen finanziellen Anreiz f\u00fcr Lehrer und Hilfskr\u00e4fte vorsieht, die dem Risiko einer Ansteckung mit COVID-19 ausgesetzt sind, gebilligt.Die Finalabstimmung soll am Mittwoch stattfinden, so dass der Gesetzentwurf vm Staatspr\u00e4ssidenten verabschiedet werden soll.  Der Betrag bel\u00e4uft sich auf 2.000 Lei (ca. 400 Euro) bzw. 1.500 Lei pro Monat (ca. 300 Euro) und wird w\u00e4hrend des gesamten Warn- und Ausnahmezustands gew\u00e4hrt. Die Initiatoren des Vorschlags sind die Sozialdemokraten. Das Projekt wurde vom Senat gebilligt, Entscheidungsgremium ist die Abgeordnetenkammer.<\/p>\n<p>&#13;<br \/>\n&#13;<\/p>\n<p>&#13;<br \/>\n&#13;<\/p>\n<p>Das nationale Netz zur \u00dcberwachung der Luftqualit\u00e4t wird in Rum\u00e4nien durch eine Investition von 81 Millionen Lei (etwa 17 Millionen Euro) erweitert, ein Betrag, der auch die Schaffung eines Systems zur Vorhersage der Luftqualit\u00e4t abdeckt. Von den 81 Millionen Lei sind 74 Millionen nicht r\u00fcckzahlbare europ\u00e4ische Gelder, die \u00fcber das Operationelle Programm f\u00fcr gro\u00dfe Infrastrukturen, Priorit\u00e4tsachse 4, bereitgestellt werden, erkl\u00e4rte am Dienstag der Minister f\u00fcr Umwelt, Wasser und W\u00e4lder, Costel Alexe. Das Nationale Netz zur \u00dcberwachung der Luftqualit\u00e4t umfasst derzeit 148 Stationen, acht davon in Bukarest. Mit der Unterzeichnung des Finanzierungsvertrags f\u00fcr die Modernisierung und den Ausbau wird das Netz 60 weitere Stationen umfassen. Gleichzeitig wird ein System zur Vorhersage der Luftqualit\u00e4t eingef\u00fchrt, das von der Bev\u00f6lkerung t\u00e4glich konsultiert werden kann. Die Vorhersage wird lang landesweit Informationen \u00fcber die H\u00f6he der Luftschadstoffe in Zeitspannen von 24, 48 oder 72 Stunden liefern.<\/p>\n<p>&#13;<br \/>\n&#13;<\/p>\n<p>&#13;<br \/>\n&#13;<\/p>\n<p>Fast ganz Rum\u00e4nien steht am Dienstag unter Wetteralarm Stufe Gelb wegen erheblichen Regenf\u00e4llen. Der Himmel ist bedeckt und es regnet in den meisten Regionen. Vereinzelt gibt es starke Regenschauer und Gewitter mit starken Windb\u00f6en, vor allem im Nordosten, Osten und S\u00fcdosten. Die Temperaturen sinken in der westlichen H\u00e4lfte des Landes, so dass das Wetter f\u00fcr diesen Zeitraum k\u00fchl, lokal sogar kalt wird. Im Rest des Territoriums sind die thermischen Werte normal f\u00fcr diese Jahreszeit, im Osten und S\u00fcdosten sogar etwas h\u00f6her. Im Gebirge wurde Wetteralarm Stufe Orange wegen starkem Wind verh\u00e4ngt. Die  Windb\u00f6en k\u00f6nnen 80 bis 100 km\/h erreichen. Die H\u00f6chsttemperaturen werden zwischen 10 und 26 Grad Celsius liegen.<\/p>\n<p>&#13;<\/p>\n","protected":false},"excerpt":{"rendered":"<p>Der rum\u00e4nische Premierminister Ludovic Orban hat heute ein Arbeitstreffen mit den Ministern f\u00fcr Gesundheit Nelu T\u0103taru und f\u00fcr Inneres Marcel Vela sowie mit dem Staatssekret\u00e4r im Innenministerium Raed Arafat. Das Treffen findet im Zusammenhang mit der steigenden Zahl von Coronavirus-Infektionen statt. 3.109 neue F\u00e4lle von SARS-CoV-2-Infizierungen wurden im Vergleich zum letzten Bericht nach 26.718 Tests [&hellip;]<\/p>\n","protected":false},"author":113,"featured_media":460330,"comment_status":"closed","ping_status":"closed","sticky":false,"template":"","format":"standard","meta":{"_acf_changed":false,"footnotes":""},"categories":[116753],"tags":[127672,127485,127671,101493,127673,101411,124967,104784],"coauthors":[],"class_list":["post-633645","post","type-post","status-publish","format-standard","has-post-thumbnail","hentry","category-newsflash-de","tag-abgeordnetenkamme","tag-coronavirus-infektionen","tag-gesundheit-nelu-tataru","tag-nationalliberale-partei","tag-netz-zur-ueberwachung-der-luftqualitaet","tag-parlamentswahlen","tag-praesident-rumaeniens-klaus-iohannis","tag-premierminister-ludovic-orban"],"acf":[],"yoast_head":"<!-- This site is optimized with the Yoast SEO plugin v27.3 - https:\/\/yoast.com\/product\/yoast-seo-wordpress\/ -->\n<title>Nachrichten 13.10.2020 - Radio Rum\u00e4nien International<\/title>\n<meta name=\"robots\" content=\"index, follow, max-snippet:-1, max-image-preview:large, max-video-preview:-1\" \/>\n<link rel=\"canonical\" href=\"https:\/\/www.rri.ro\/de\/aktuell\/newsflash-de\/nachrichten-13-10-2020-id633645.html\" \/>\n<meta property=\"og:locale\" content=\"de_DE\" \/>\n<meta property=\"og:type\" content=\"article\" \/>\n<meta property=\"og:title\" content=\"Nachrichten 13.10.2020 - Radio Rum\u00e4nien International\" \/>\n<meta property=\"og:description\" content=\"Der rum\u00e4nische Premierminister Ludovic Orban hat heute ein Arbeitstreffen mit den Ministern f\u00fcr Gesundheit Nelu T\u0103taru und f\u00fcr Inneres Marcel Vela sowie mit dem Staatssekret\u00e4r im Innenministerium Raed Arafat. Das Treffen findet im Zusammenhang mit der steigenden Zahl von Coronavirus-Infektionen statt. 3.109 neue F\u00e4lle von SARS-CoV-2-Infizierungen wurden im Vergleich zum letzten Bericht nach 26.718 Tests [&hellip;]\" \/>\n<meta property=\"og:url\" content=\"https:\/\/www.rri.ro\/de\/aktuell\/newsflash-de\/nachrichten-13-10-2020-id633645.html\" \/>\n<meta property=\"og:site_name\" content=\"Radio Rum\u00e4nien International\" \/>\n<meta property=\"article:published_time\" content=\"2020-10-13T14:28:00+00:00\" \/>\n<meta property=\"og:image\" content=\"https:\/\/www.rri.ro\/wp-content\/uploads\/2023\/10\/stiri-germana-ok2-2.png\" \/>\n\t<meta property=\"og:image:width\" content=\"640\" \/>\n\t<meta property=\"og:image:height\" content=\"427\" \/>\n\t<meta property=\"og:image:type\" content=\"image\/png\" \/>\n<meta name=\"author\" content=\"Newsroom\" \/>\n<meta name=\"twitter:card\" content=\"summary_large_image\" \/>\n<meta name=\"twitter:label1\" content=\"Verfasst von\" \/>\n\t<meta name=\"twitter:data1\" content=\"Newsroom\" \/>\n\t<meta name=\"twitter:label2\" content=\"Gesch\u00e4tzte Lesezeit\" \/>\n\t<meta name=\"twitter:data2\" content=\"5\u00a0Minuten\" \/>\n\t<meta name=\"twitter:label3\" content=\"Written by\" \/>\n\t<meta name=\"twitter:data3\" content=\"Newsroom\" \/>\n<script type=\"application\/ld+json\" class=\"yoast-schema-graph\">{\"@context\":\"https:\\\/\\\/schema.org\",\"@graph\":[{\"@type\":\"Article\",\"@id\":\"https:\\\/\\\/www.rri.ro\\\/de\\\/aktuell\\\/newsflash-de\\\/nachrichten-13-10-2020-id633645.html#article\",\"isPartOf\":{\"@id\":\"https:\\\/\\\/www.rri.ro\\\/de\\\/aktuell\\\/newsflash-de\\\/nachrichten-13-10-2020-id633645.html\"},\"author\":{\"name\":\"Newsroom\",\"@id\":\"https:\\\/\\\/www.rri.ro\\\/#\\\/schema\\\/person\\\/4a479940371b9fdefd194f561e8a7f88\"},\"headline\":\"Nachrichten 13.10.2020\",\"datePublished\":\"2020-10-13T14:28:00+00:00\",\"mainEntityOfPage\":{\"@id\":\"https:\\\/\\\/www.rri.ro\\\/de\\\/aktuell\\\/newsflash-de\\\/nachrichten-13-10-2020-id633645.html\"},\"wordCount\":917,\"image\":{\"@id\":\"https:\\\/\\\/www.rri.ro\\\/de\\\/aktuell\\\/newsflash-de\\\/nachrichten-13-10-2020-id633645.html#primaryimage\"},\"thumbnailUrl\":\"https:\\\/\\\/www.rri.ro\\\/wp-content\\\/uploads\\\/2023\\\/10\\\/stiri-germana-ok2-2.png\",\"keywords\":[\"Abgeordnetenkamme\",\"Coronavirus-Infektionen\",\"Gesundheit Nelu T\u0103taru\",\"Nationalliberale Partei\",\"Netz zur \u00dcberwachung der Luftqualit\u00e4t\",\"Parlamentswahlen\",\"Pr\u00e4sident Rum\u00e4niens Klaus Iohannis\",\"Premierminister Ludovic Orban\"],\"articleSection\":[\"Newsflash\"],\"inLanguage\":\"de\"},{\"@type\":\"WebPage\",\"@id\":\"https:\\\/\\\/www.rri.ro\\\/de\\\/aktuell\\\/newsflash-de\\\/nachrichten-13-10-2020-id633645.html\",\"url\":\"https:\\\/\\\/www.rri.ro\\\/de\\\/aktuell\\\/newsflash-de\\\/nachrichten-13-10-2020-id633645.html\",\"name\":\"Nachrichten 13.10.2020 - Radio Rum\u00e4nien International\",\"isPartOf\":{\"@id\":\"https:\\\/\\\/www.rri.ro\\\/#website\"},\"primaryImageOfPage\":{\"@id\":\"https:\\\/\\\/www.rri.ro\\\/de\\\/aktuell\\\/newsflash-de\\\/nachrichten-13-10-2020-id633645.html#primaryimage\"},\"image\":{\"@id\":\"https:\\\/\\\/www.rri.ro\\\/de\\\/aktuell\\\/newsflash-de\\\/nachrichten-13-10-2020-id633645.html#primaryimage\"},\"thumbnailUrl\":\"https:\\\/\\\/www.rri.ro\\\/wp-content\\\/uploads\\\/2023\\\/10\\\/stiri-germana-ok2-2.png\",\"datePublished\":\"2020-10-13T14:28:00+00:00\",\"author\":{\"@id\":\"https:\\\/\\\/www.rri.ro\\\/#\\\/schema\\\/person\\\/4a479940371b9fdefd194f561e8a7f88\"},\"breadcrumb\":{\"@id\":\"https:\\\/\\\/www.rri.ro\\\/de\\\/aktuell\\\/newsflash-de\\\/nachrichten-13-10-2020-id633645.html#breadcrumb\"},\"inLanguage\":\"de\",\"potentialAction\":[{\"@type\":\"ReadAction\",\"target\":[\"https:\\\/\\\/www.rri.ro\\\/de\\\/aktuell\\\/newsflash-de\\\/nachrichten-13-10-2020-id633645.html\"]}]},{\"@type\":\"ImageObject\",\"inLanguage\":\"de\",\"@id\":\"https:\\\/\\\/www.rri.ro\\\/de\\\/aktuell\\\/newsflash-de\\\/nachrichten-13-10-2020-id633645.html#primaryimage\",\"url\":\"https:\\\/\\\/www.rri.ro\\\/wp-content\\\/uploads\\\/2023\\\/10\\\/stiri-germana-ok2-2.png\",\"contentUrl\":\"https:\\\/\\\/www.rri.ro\\\/wp-content\\\/uploads\\\/2023\\\/10\\\/stiri-germana-ok2-2.png\",\"width\":640,\"height\":427},{\"@type\":\"BreadcrumbList\",\"@id\":\"https:\\\/\\\/www.rri.ro\\\/de\\\/aktuell\\\/newsflash-de\\\/nachrichten-13-10-2020-id633645.html#breadcrumb\",\"itemListElement\":[{\"@type\":\"ListItem\",\"position\":1,\"name\":\"Startseite\",\"item\":\"https:\\\/\\\/www.rri.ro\\\/de\"},{\"@type\":\"ListItem\",\"position\":2,\"name\":\"Aktuell\",\"item\":\"https:\\\/\\\/www.rri.ro\\\/de\\\/aktuell\"},{\"@type\":\"ListItem\",\"position\":3,\"name\":\"Newsflash\",\"item\":\"https:\\\/\\\/www.rri.ro\\\/de\\\/aktuell\\\/newsflash-de\"},{\"@type\":\"ListItem\",\"position\":4,\"name\":\"Nachrichten 13.10.2020\"}]},{\"@type\":\"WebSite\",\"@id\":\"https:\\\/\\\/www.rri.ro\\\/#website\",\"url\":\"https:\\\/\\\/www.rri.ro\\\/\",\"name\":\"Radio Rum\u00e4nien International\",\"description\":\"Totul despre Rom\u00e2nia \u015fi rom\u00e2ni, \u00een 13 limbi\\\/dialecte!\",\"inLanguage\":\"de\"},{\"@type\":\"Person\",\"@id\":\"https:\\\/\\\/www.rri.ro\\\/#\\\/schema\\\/person\\\/4a479940371b9fdefd194f561e8a7f88\",\"name\":\"Newsroom\",\"url\":\"https:\\\/\\\/www.rri.ro\\\/de\\\/author\\\/newsroom\"}]}<\/script>\n<!-- \/ Yoast SEO plugin. -->","yoast_head_json":{"title":"Nachrichten 13.10.2020 - Radio Rum\u00e4nien International","robots":{"index":"index","follow":"follow","max-snippet":"max-snippet:-1","max-image-preview":"max-image-preview:large","max-video-preview":"max-video-preview:-1"},"canonical":"https:\/\/www.rri.ro\/de\/aktuell\/newsflash-de\/nachrichten-13-10-2020-id633645.html","og_locale":"de_DE","og_type":"article","og_title":"Nachrichten 13.10.2020 - Radio Rum\u00e4nien International","og_description":"Der rum\u00e4nische Premierminister Ludovic Orban hat heute ein Arbeitstreffen mit den Ministern f\u00fcr Gesundheit Nelu T\u0103taru und f\u00fcr Inneres Marcel Vela sowie mit dem Staatssekret\u00e4r im Innenministerium Raed Arafat. Das Treffen findet im Zusammenhang mit der steigenden Zahl von Coronavirus-Infektionen statt. 3.109 neue F\u00e4lle von SARS-CoV-2-Infizierungen wurden im Vergleich zum letzten Bericht nach 26.718 Tests [&hellip;]","og_url":"https:\/\/www.rri.ro\/de\/aktuell\/newsflash-de\/nachrichten-13-10-2020-id633645.html","og_site_name":"Radio Rum\u00e4nien International","article_published_time":"2020-10-13T14:28:00+00:00","og_image":[{"width":640,"height":427,"url":"https:\/\/www.rri.ro\/wp-content\/uploads\/2023\/10\/stiri-germana-ok2-2.png","type":"image\/png"}],"author":"Newsroom","twitter_card":"summary_large_image","twitter_misc":{"Verfasst von":"Newsroom","Gesch\u00e4tzte Lesezeit":"5\u00a0Minuten","Written by":"Newsroom"},"schema":{"@context":"https:\/\/schema.org","@graph":[{"@type":"Article","@id":"https:\/\/www.rri.ro\/de\/aktuell\/newsflash-de\/nachrichten-13-10-2020-id633645.html#article","isPartOf":{"@id":"https:\/\/www.rri.ro\/de\/aktuell\/newsflash-de\/nachrichten-13-10-2020-id633645.html"},"author":{"name":"Newsroom","@id":"https:\/\/www.rri.ro\/#\/schema\/person\/4a479940371b9fdefd194f561e8a7f88"},"headline":"Nachrichten 13.10.2020","datePublished":"2020-10-13T14:28:00+00:00","mainEntityOfPage":{"@id":"https:\/\/www.rri.ro\/de\/aktuell\/newsflash-de\/nachrichten-13-10-2020-id633645.html"},"wordCount":917,"image":{"@id":"https:\/\/www.rri.ro\/de\/aktuell\/newsflash-de\/nachrichten-13-10-2020-id633645.html#primaryimage"},"thumbnailUrl":"https:\/\/www.rri.ro\/wp-content\/uploads\/2023\/10\/stiri-germana-ok2-2.png","keywords":["Abgeordnetenkamme","Coronavirus-Infektionen","Gesundheit Nelu T\u0103taru","Nationalliberale Partei","Netz zur \u00dcberwachung der Luftqualit\u00e4t","Parlamentswahlen","Pr\u00e4sident Rum\u00e4niens Klaus Iohannis","Premierminister Ludovic Orban"],"articleSection":["Newsflash"],"inLanguage":"de"},{"@type":"WebPage","@id":"https:\/\/www.rri.ro\/de\/aktuell\/newsflash-de\/nachrichten-13-10-2020-id633645.html","url":"https:\/\/www.rri.ro\/de\/aktuell\/newsflash-de\/nachrichten-13-10-2020-id633645.html","name":"Nachrichten 13.10.2020 - Radio Rum\u00e4nien International","isPartOf":{"@id":"https:\/\/www.rri.ro\/#website"},"primaryImageOfPage":{"@id":"https:\/\/www.rri.ro\/de\/aktuell\/newsflash-de\/nachrichten-13-10-2020-id633645.html#primaryimage"},"image":{"@id":"https:\/\/www.rri.ro\/de\/aktuell\/newsflash-de\/nachrichten-13-10-2020-id633645.html#primaryimage"},"thumbnailUrl":"https:\/\/www.rri.ro\/wp-content\/uploads\/2023\/10\/stiri-germana-ok2-2.png","datePublished":"2020-10-13T14:28:00+00:00","author":{"@id":"https:\/\/www.rri.ro\/#\/schema\/person\/4a479940371b9fdefd194f561e8a7f88"},"breadcrumb":{"@id":"https:\/\/www.rri.ro\/de\/aktuell\/newsflash-de\/nachrichten-13-10-2020-id633645.html#breadcrumb"},"inLanguage":"de","potentialAction":[{"@type":"ReadAction","target":["https:\/\/www.rri.ro\/de\/aktuell\/newsflash-de\/nachrichten-13-10-2020-id633645.html"]}]},{"@type":"ImageObject","inLanguage":"de","@id":"https:\/\/www.rri.ro\/de\/aktuell\/newsflash-de\/nachrichten-13-10-2020-id633645.html#primaryimage","url":"https:\/\/www.rri.ro\/wp-content\/uploads\/2023\/10\/stiri-germana-ok2-2.png","contentUrl":"https:\/\/www.rri.ro\/wp-content\/uploads\/2023\/10\/stiri-germana-ok2-2.png","width":640,"height":427},{"@type":"BreadcrumbList","@id":"https:\/\/www.rri.ro\/de\/aktuell\/newsflash-de\/nachrichten-13-10-2020-id633645.html#breadcrumb","itemListElement":[{"@type":"ListItem","position":1,"name":"Startseite","item":"https:\/\/www.rri.ro\/de"},{"@type":"ListItem","position":2,"name":"Aktuell","item":"https:\/\/www.rri.ro\/de\/aktuell"},{"@type":"ListItem","position":3,"name":"Newsflash","item":"https:\/\/www.rri.ro\/de\/aktuell\/newsflash-de"},{"@type":"ListItem","position":4,"name":"Nachrichten 13.10.2020"}]},{"@type":"WebSite","@id":"https:\/\/www.rri.ro\/#website","url":"https:\/\/www.rri.ro\/","name":"Radio Rum\u00e4nien International","description":"Totul despre Rom\u00e2nia \u015fi rom\u00e2ni, \u00een 13 limbi\/dialecte!","inLanguage":"de"},{"@type":"Person","@id":"https:\/\/www.rri.ro\/#\/schema\/person\/4a479940371b9fdefd194f561e8a7f88","name":"Newsroom","url":"https:\/\/www.rri.ro\/de\/author\/newsroom"}]}},"_links":{"self":[{"href":"https:\/\/www.rri.ro\/de\/wp-json\/wp\/v2\/posts\/633645","targetHints":{"allow":["GET"]}}],"collection":[{"href":"https:\/\/www.rri.ro\/de\/wp-json\/wp\/v2\/posts"}],"about":[{"href":"https:\/\/www.rri.ro\/de\/wp-json\/wp\/v2\/types\/post"}],"author":[{"embeddable":true,"href":"https:\/\/www.rri.ro\/de\/wp-json\/wp\/v2\/users\/113"}],"replies":[{"embeddable":true,"href":"https:\/\/www.rri.ro\/de\/wp-json\/wp\/v2\/comments?post=633645"}],"version-history":[{"count":0,"href":"https:\/\/www.rri.ro\/de\/wp-json\/wp\/v2\/posts\/633645\/revisions"}],"wp:featuredmedia":[{"embeddable":true,"href":"https:\/\/www.rri.ro\/de\/wp-json\/wp\/v2\/media\/460330"}],"wp:attachment":[{"href":"https:\/\/www.rri.ro\/de\/wp-json\/wp\/v2\/media?parent=633645"}],"wp:term":[{"taxonomy":"category","embeddable":true,"href":"https:\/\/www.rri.ro\/de\/wp-json\/wp\/v2\/categories?post=633645"},{"taxonomy":"post_tag","embeddable":true,"href":"https:\/\/www.rri.ro\/de\/wp-json\/wp\/v2\/tags?post=633645"},{"taxonomy":"author","embeddable":true,"href":"https:\/\/www.rri.ro\/de\/wp-json\/wp\/v2\/coauthors?post=633645"}],"curies":[{"name":"wp","href":"https:\/\/api.w.org\/{rel}","templated":true}]}}