{"id":633665,"date":"2020-11-02T17:38:00","date_gmt":"2020-11-02T15:38:00","guid":{"rendered":"http:\/\/devrri.freshlemon.ro\/aktuell\/nachrichten-02-11-2020-id633665.html"},"modified":"2020-11-02T17:38:00","modified_gmt":"2020-11-02T15:38:00","slug":"nachrichten-02-11-2020","status":"publish","type":"post","link":"https:\/\/www.rri.ro\/de\/aktuell\/newsflash-de\/nachrichten-02-11-2020-id633665.html","title":{"rendered":"Nachrichten 02.11.2020"},"content":{"rendered":"<p>Der Ausschuss f\u00fcr Notfallsituationen in Bukarest hat am Montag beschlossen, dass die Schulen in der rum\u00e4nischen Hauptstadt f\u00fcr weitere 14 Tage geschlossen bleiben, die Kurse werden weiterhin online gehalten. Im Kontext der Covid-19-Pandemie werden alle derzeitige Einschr\u00e4nkungen in den n\u00e4chsten zwei Wochen beibehalten. Der neue Pr\u00e4fekt der Hauptstadt Traian Berbeceanu sagte, dass infolge des Anstiegs der Zahl der Infektionsf\u00e4lle mit Covid-19 in Bukarest keine Lockerungsma\u00dfnahmen ergriffen werden. Er sagte jedoch, dass keine neue Restriktionen auferlegt w\u00fcrden. Nach den letzten von den Beh\u00f6rden vorgelegten Daten lag die Infektionsrate in der Hauptstadt bei 3,91 F\u00e4llen pro Tausend Einwohner. Am Montag wurden in Rum\u00e4nien von 10.566 durchgef\u00fchrten Tests weitere 4.041 neue F\u00e4lle von Infektionen mit dem Coronavirus gemeldet, die meisten davon in Bukarest. In den letzten 24 Stunden sind weitere 86 Menschen gestorben, und die Gesamtzahl der durch COVID-19 verursachten Todesf\u00e4lle erreichte 7.153. 916 Patienten befinden sich auf der Intensivstation. Bis jetzt gab es in Rum\u00e4nien seit Beginn der Pandemie mehr als 250.000  Covid-19-Erkrankungen.<\/p>\n<p>&#13;<br \/>\n&#13;<\/p>\n<p>&#13;<br \/>\n&#13;<\/p>\n<p>In der ex-sowjetischen, mehrheitlich rum\u00e4nischsprachigien Republik Moldau hat die pro-europ\u00e4ische Kandidatin Maia Sandu die erste Runde der Pr\u00e4sidentschaftswahlen vom Sonntag mit mehr als 36% der Stimmen gewonnen, wie aus Teilergebnissen hervorgeht. Auf Maia Sandu folgt der pro-russische Pr\u00e4sident Igor Dodon mit mehr als 32 Prozent der Stimmen. Im zweiten Wahlgang am 15. November werden sich die beiden gegen\u00fcberstehen. Auf den Pl\u00e4tzen 3 und 4 liegen zwei linksgerichtete Kandidaten. Die anderen vier pro-europ\u00e4ischen oder f\u00fcr die Union mit Rum\u00e4nien k\u00e4mpfenden Kandidaten erhielten zusammen etwas mehr als 8% der Stimmen. Mehr zu diesem Thema nach den Nachrichten.<\/p>\n<p>&#13;<br \/>\n&#13;<\/p>\n<p>&#13;<br \/>\n&#13;<\/p>\n<p>US-Pr\u00e4sident Donald Trump, von der Republikanischen Partei, und sein Gegner, der Demokrat Joe Biden haben das letztes Wochenende des Wahlkampfes in den Staaten beendet, die am Dienstag (3. November) \u00fcber den Ausgang der Pr\u00e4sidentschaftswahlen entscheiden k\u00f6nnten. Donald Trump rechnet mit einer Welle republikanischer Siege, w\u00e4hrend Joe Biden sagt, das Chaos der derzeitigen Trump-Regierung n\u00e4here sich dem Ende. Mindestens 90 Millionen Amerikaner haben bereits im Voraus gew\u00e4hlt. Die Teilnahme gilt als historisch. Wir erinnern daran, dass das in der Welt einzigartige Wahlsystem der Vereinigten Staaten vor \u00fcber 200 Jahren geschaffen wurde und an die heutige Bev\u00f6lkerung von \u00fcber 300 Millionen Menschen angepasst ist. Es handelt sich um eine komplizierte Kombination aus direkter und indirekter Stimmabgabe. Die Amerikaner haben drei M\u00f6glichkeiten, ihre Optionen zum Ausdruck zu bringen: per Post oder indem sie im Voraus oder am Wahltag zur Wahl gehen. Sie stimmen nicht f\u00fcr den Pr\u00e4sidenten, sondern f\u00fcr die Liste der W\u00e4hler, die ihre Unterst\u00fctzung f\u00fcr einen der Kandidaten best\u00e4tigt haben. Danach nominieren die Mitglieder des Electoral College alle vier Jahre am ersten Dienstag im November, am Tag der eigentlichen Wahl, den Pr\u00e4sidenten, der mindestens 270 von insgesamt 538 Stimmen auf sich vereinigen muss.<\/p>\n<p>&#13;<br \/>\n&#13;<\/p>\n<p>&#13;<br \/>\n&#13;<\/p>\n<p>Die Zahl der Sars-Cov-2-Kontaminationen in der Welt bel\u00e4uft sich auf fast 47 Millionen und die Zahl der Todesopfer hat 1,2 Millionen \u00fcberschritten. In Europa wurde die Schwelle von 10 Millionen Erkrankungen \u00fcberschritten. Deshalb beginnt die Woche in vielen L\u00e4ndern mit neuen Restriktionen. \u00d6sterreich, Deutschland und das Vereinigte K\u00f6nigreich haben strenge Ma\u00dfnahmen f\u00fcr mindestens einen Monat angek\u00fcndigt, \u00e4hnlich wie im M\u00e4rz und April, wobei die wirtschaftliche Aktivit\u00e4t ausgesetzt wird. Das Vereinigte K\u00f6nigreich l\u00e4sst jedoch Schulen und Universit\u00e4ten offen, und die britische Regierung wird bis Dezember 80% der Geh\u00e4lter der pandemiebedingten Arbeitslosen auszahlen. Portugal hat ebenfalls eine teilweise Quarant\u00e4ne verh\u00e4ngt, wobei die Beh\u00f6rden warnen, dass dies erst der Anfang sei. Frankreich, Spanien und Italien versch\u00e4rfen die bereits seit mehreren Wochen auferlegten Beschr\u00e4nkungen. Um eine allgemeine Quarant\u00e4ne zu vermeiden, ist die Slowakei hingegen auf massives Testen der Bev\u00f6lkerung angewiesen. Die Slowakei hat eine Bev\u00f6lkerung von 5,5 Millionen Personen, und von den mehr als 2,5 Millionen getesteten Slowaken haben mehr als 25.000, d.h. etwa 1%, einen positiven Test erhalten und werden unter Quarant\u00e4ne gestellt.<\/p>\n<p>&#13;<br \/>\n&#13;<\/p>\n<p>&#13;<br \/>\n&#13;<\/p>\n<p>Heute ist der Himmel im Westen, Nordwesten und teilweise in Zentralrum\u00e4nien bew\u00f6lkt, wo es \u00f6rtlich und vor\u00fcbergehend regnet. In den anderen Regionen ist der Himmel wechselhaft. Der Wind weht leicht und m\u00e4\u00dfig, mit Verst\u00e4rkungen im Gebirge und an der Schwarzmeerk\u00fcste. Die H\u00f6chsttemperaturen liegen zwischen 8 und 16 Grad Celsius. Mittags, in Bukarest, waren es 13 Grad Celsius.<\/p>\n<p>&#13;<\/p>\n","protected":false},"excerpt":{"rendered":"<p>Der Ausschuss f\u00fcr Notfallsituationen in Bukarest hat am Montag beschlossen, dass die Schulen in der rum\u00e4nischen Hauptstadt f\u00fcr weitere 14 Tage geschlossen bleiben, die Kurse werden weiterhin online gehalten. Im Kontext der Covid-19-Pandemie werden alle derzeitige Einschr\u00e4nkungen in den n\u00e4chsten zwei Wochen beibehalten. Der neue Pr\u00e4fekt der Hauptstadt Traian Berbeceanu sagte, dass infolge des Anstiegs [&hellip;]<\/p>\n","protected":false},"author":113,"featured_media":460330,"comment_status":"closed","ping_status":"closed","sticky":false,"template":"","format":"standard","meta":{"_acf_changed":false,"footnotes":""},"categories":[116753],"tags":[127696,35374,31175,29302,31174,100115,104708,101806],"coauthors":[],"class_list":["post-633665","post","type-post","status-publish","format-standard","has-post-thumbnail","hentry","category-newsflash-de","tag-ausschuss-fuer-notfallsituationen","tag-covid-19","tag-igor-dodon","tag-joe-biden","tag-maia-sandu","tag-republik-moldau","tag-us-praesident-donald-trump","tag-wetter"],"acf":[],"yoast_head":"<!-- This site is optimized with the Yoast SEO plugin v27.3 - https:\/\/yoast.com\/product\/yoast-seo-wordpress\/ -->\n<title>Nachrichten 02.11.2020 - Radio Rum\u00e4nien International<\/title>\n<meta name=\"robots\" content=\"index, follow, max-snippet:-1, max-image-preview:large, max-video-preview:-1\" \/>\n<link rel=\"canonical\" href=\"https:\/\/www.rri.ro\/de\/aktuell\/newsflash-de\/nachrichten-02-11-2020-id633665.html\" \/>\n<meta property=\"og:locale\" content=\"de_DE\" \/>\n<meta property=\"og:type\" content=\"article\" \/>\n<meta property=\"og:title\" content=\"Nachrichten 02.11.2020 - Radio Rum\u00e4nien International\" \/>\n<meta property=\"og:description\" content=\"Der Ausschuss f\u00fcr Notfallsituationen in Bukarest hat am Montag beschlossen, dass die Schulen in der rum\u00e4nischen Hauptstadt f\u00fcr weitere 14 Tage geschlossen bleiben, die Kurse werden weiterhin online gehalten. Im Kontext der Covid-19-Pandemie werden alle derzeitige Einschr\u00e4nkungen in den n\u00e4chsten zwei Wochen beibehalten. Der neue Pr\u00e4fekt der Hauptstadt Traian Berbeceanu sagte, dass infolge des Anstiegs [&hellip;]\" \/>\n<meta property=\"og:url\" content=\"https:\/\/www.rri.ro\/de\/aktuell\/newsflash-de\/nachrichten-02-11-2020-id633665.html\" \/>\n<meta property=\"og:site_name\" content=\"Radio Rum\u00e4nien International\" \/>\n<meta property=\"article:published_time\" content=\"2020-11-02T15:38:00+00:00\" \/>\n<meta property=\"og:image\" content=\"https:\/\/www.rri.ro\/wp-content\/uploads\/2023\/10\/stiri-germana-ok2-2.png\" \/>\n\t<meta property=\"og:image:width\" content=\"640\" \/>\n\t<meta property=\"og:image:height\" content=\"427\" \/>\n\t<meta property=\"og:image:type\" content=\"image\/png\" \/>\n<meta name=\"author\" content=\"Newsroom\" \/>\n<meta name=\"twitter:card\" content=\"summary_large_image\" \/>\n<meta name=\"twitter:label1\" content=\"Verfasst von\" \/>\n\t<meta name=\"twitter:data1\" content=\"Newsroom\" \/>\n\t<meta name=\"twitter:label2\" content=\"Gesch\u00e4tzte Lesezeit\" \/>\n\t<meta name=\"twitter:data2\" content=\"4\u00a0Minuten\" \/>\n\t<meta name=\"twitter:label3\" content=\"Written by\" \/>\n\t<meta name=\"twitter:data3\" content=\"Newsroom\" \/>\n<script type=\"application\/ld+json\" class=\"yoast-schema-graph\">{\"@context\":\"https:\\\/\\\/schema.org\",\"@graph\":[{\"@type\":\"Article\",\"@id\":\"https:\\\/\\\/www.rri.ro\\\/de\\\/aktuell\\\/newsflash-de\\\/nachrichten-02-11-2020-id633665.html#article\",\"isPartOf\":{\"@id\":\"https:\\\/\\\/www.rri.ro\\\/de\\\/aktuell\\\/newsflash-de\\\/nachrichten-02-11-2020-id633665.html\"},\"author\":{\"name\":\"Newsroom\",\"@id\":\"https:\\\/\\\/www.rri.ro\\\/#\\\/schema\\\/person\\\/4a479940371b9fdefd194f561e8a7f88\"},\"headline\":\"Nachrichten 02.11.2020\",\"datePublished\":\"2020-11-02T15:38:00+00:00\",\"mainEntityOfPage\":{\"@id\":\"https:\\\/\\\/www.rri.ro\\\/de\\\/aktuell\\\/newsflash-de\\\/nachrichten-02-11-2020-id633665.html\"},\"wordCount\":718,\"image\":{\"@id\":\"https:\\\/\\\/www.rri.ro\\\/de\\\/aktuell\\\/newsflash-de\\\/nachrichten-02-11-2020-id633665.html#primaryimage\"},\"thumbnailUrl\":\"https:\\\/\\\/www.rri.ro\\\/wp-content\\\/uploads\\\/2023\\\/10\\\/stiri-germana-ok2-2.png\",\"keywords\":[\"Ausschuss f\u00fcr Notfallsituationen\",\"Covid-19\",\"Igor Dodon\",\"Joe Biden\",\"Maia Sandu\",\"Republik Moldau\",\"US-Pr\u00e4sident Donald Trump\",\"Wetter\"],\"articleSection\":[\"Newsflash\"],\"inLanguage\":\"de\"},{\"@type\":\"WebPage\",\"@id\":\"https:\\\/\\\/www.rri.ro\\\/de\\\/aktuell\\\/newsflash-de\\\/nachrichten-02-11-2020-id633665.html\",\"url\":\"https:\\\/\\\/www.rri.ro\\\/de\\\/aktuell\\\/newsflash-de\\\/nachrichten-02-11-2020-id633665.html\",\"name\":\"Nachrichten 02.11.2020 - Radio Rum\u00e4nien International\",\"isPartOf\":{\"@id\":\"https:\\\/\\\/www.rri.ro\\\/#website\"},\"primaryImageOfPage\":{\"@id\":\"https:\\\/\\\/www.rri.ro\\\/de\\\/aktuell\\\/newsflash-de\\\/nachrichten-02-11-2020-id633665.html#primaryimage\"},\"image\":{\"@id\":\"https:\\\/\\\/www.rri.ro\\\/de\\\/aktuell\\\/newsflash-de\\\/nachrichten-02-11-2020-id633665.html#primaryimage\"},\"thumbnailUrl\":\"https:\\\/\\\/www.rri.ro\\\/wp-content\\\/uploads\\\/2023\\\/10\\\/stiri-germana-ok2-2.png\",\"datePublished\":\"2020-11-02T15:38:00+00:00\",\"author\":{\"@id\":\"https:\\\/\\\/www.rri.ro\\\/#\\\/schema\\\/person\\\/4a479940371b9fdefd194f561e8a7f88\"},\"breadcrumb\":{\"@id\":\"https:\\\/\\\/www.rri.ro\\\/de\\\/aktuell\\\/newsflash-de\\\/nachrichten-02-11-2020-id633665.html#breadcrumb\"},\"inLanguage\":\"de\",\"potentialAction\":[{\"@type\":\"ReadAction\",\"target\":[\"https:\\\/\\\/www.rri.ro\\\/de\\\/aktuell\\\/newsflash-de\\\/nachrichten-02-11-2020-id633665.html\"]}]},{\"@type\":\"ImageObject\",\"inLanguage\":\"de\",\"@id\":\"https:\\\/\\\/www.rri.ro\\\/de\\\/aktuell\\\/newsflash-de\\\/nachrichten-02-11-2020-id633665.html#primaryimage\",\"url\":\"https:\\\/\\\/www.rri.ro\\\/wp-content\\\/uploads\\\/2023\\\/10\\\/stiri-germana-ok2-2.png\",\"contentUrl\":\"https:\\\/\\\/www.rri.ro\\\/wp-content\\\/uploads\\\/2023\\\/10\\\/stiri-germana-ok2-2.png\",\"width\":640,\"height\":427},{\"@type\":\"BreadcrumbList\",\"@id\":\"https:\\\/\\\/www.rri.ro\\\/de\\\/aktuell\\\/newsflash-de\\\/nachrichten-02-11-2020-id633665.html#breadcrumb\",\"itemListElement\":[{\"@type\":\"ListItem\",\"position\":1,\"name\":\"Startseite\",\"item\":\"https:\\\/\\\/www.rri.ro\\\/de\"},{\"@type\":\"ListItem\",\"position\":2,\"name\":\"Aktuell\",\"item\":\"https:\\\/\\\/www.rri.ro\\\/de\\\/aktuell\"},{\"@type\":\"ListItem\",\"position\":3,\"name\":\"Newsflash\",\"item\":\"https:\\\/\\\/www.rri.ro\\\/de\\\/aktuell\\\/newsflash-de\"},{\"@type\":\"ListItem\",\"position\":4,\"name\":\"Nachrichten 02.11.2020\"}]},{\"@type\":\"WebSite\",\"@id\":\"https:\\\/\\\/www.rri.ro\\\/#website\",\"url\":\"https:\\\/\\\/www.rri.ro\\\/\",\"name\":\"Radio Rum\u00e4nien International\",\"description\":\"Totul despre Rom\u00e2nia \u015fi rom\u00e2ni, \u00een 13 limbi\\\/dialecte!\",\"inLanguage\":\"de\"},{\"@type\":\"Person\",\"@id\":\"https:\\\/\\\/www.rri.ro\\\/#\\\/schema\\\/person\\\/4a479940371b9fdefd194f561e8a7f88\",\"name\":\"Newsroom\",\"url\":\"https:\\\/\\\/www.rri.ro\\\/de\\\/author\\\/newsroom\"}]}<\/script>\n<!-- \/ Yoast SEO plugin. -->","yoast_head_json":{"title":"Nachrichten 02.11.2020 - Radio Rum\u00e4nien International","robots":{"index":"index","follow":"follow","max-snippet":"max-snippet:-1","max-image-preview":"max-image-preview:large","max-video-preview":"max-video-preview:-1"},"canonical":"https:\/\/www.rri.ro\/de\/aktuell\/newsflash-de\/nachrichten-02-11-2020-id633665.html","og_locale":"de_DE","og_type":"article","og_title":"Nachrichten 02.11.2020 - Radio Rum\u00e4nien International","og_description":"Der Ausschuss f\u00fcr Notfallsituationen in Bukarest hat am Montag beschlossen, dass die Schulen in der rum\u00e4nischen Hauptstadt f\u00fcr weitere 14 Tage geschlossen bleiben, die Kurse werden weiterhin online gehalten. Im Kontext der Covid-19-Pandemie werden alle derzeitige Einschr\u00e4nkungen in den n\u00e4chsten zwei Wochen beibehalten. Der neue Pr\u00e4fekt der Hauptstadt Traian Berbeceanu sagte, dass infolge des Anstiegs [&hellip;]","og_url":"https:\/\/www.rri.ro\/de\/aktuell\/newsflash-de\/nachrichten-02-11-2020-id633665.html","og_site_name":"Radio Rum\u00e4nien International","article_published_time":"2020-11-02T15:38:00+00:00","og_image":[{"width":640,"height":427,"url":"https:\/\/www.rri.ro\/wp-content\/uploads\/2023\/10\/stiri-germana-ok2-2.png","type":"image\/png"}],"author":"Newsroom","twitter_card":"summary_large_image","twitter_misc":{"Verfasst von":"Newsroom","Gesch\u00e4tzte Lesezeit":"4\u00a0Minuten","Written by":"Newsroom"},"schema":{"@context":"https:\/\/schema.org","@graph":[{"@type":"Article","@id":"https:\/\/www.rri.ro\/de\/aktuell\/newsflash-de\/nachrichten-02-11-2020-id633665.html#article","isPartOf":{"@id":"https:\/\/www.rri.ro\/de\/aktuell\/newsflash-de\/nachrichten-02-11-2020-id633665.html"},"author":{"name":"Newsroom","@id":"https:\/\/www.rri.ro\/#\/schema\/person\/4a479940371b9fdefd194f561e8a7f88"},"headline":"Nachrichten 02.11.2020","datePublished":"2020-11-02T15:38:00+00:00","mainEntityOfPage":{"@id":"https:\/\/www.rri.ro\/de\/aktuell\/newsflash-de\/nachrichten-02-11-2020-id633665.html"},"wordCount":718,"image":{"@id":"https:\/\/www.rri.ro\/de\/aktuell\/newsflash-de\/nachrichten-02-11-2020-id633665.html#primaryimage"},"thumbnailUrl":"https:\/\/www.rri.ro\/wp-content\/uploads\/2023\/10\/stiri-germana-ok2-2.png","keywords":["Ausschuss f\u00fcr Notfallsituationen","Covid-19","Igor Dodon","Joe Biden","Maia Sandu","Republik Moldau","US-Pr\u00e4sident Donald Trump","Wetter"],"articleSection":["Newsflash"],"inLanguage":"de"},{"@type":"WebPage","@id":"https:\/\/www.rri.ro\/de\/aktuell\/newsflash-de\/nachrichten-02-11-2020-id633665.html","url":"https:\/\/www.rri.ro\/de\/aktuell\/newsflash-de\/nachrichten-02-11-2020-id633665.html","name":"Nachrichten 02.11.2020 - Radio Rum\u00e4nien International","isPartOf":{"@id":"https:\/\/www.rri.ro\/#website"},"primaryImageOfPage":{"@id":"https:\/\/www.rri.ro\/de\/aktuell\/newsflash-de\/nachrichten-02-11-2020-id633665.html#primaryimage"},"image":{"@id":"https:\/\/www.rri.ro\/de\/aktuell\/newsflash-de\/nachrichten-02-11-2020-id633665.html#primaryimage"},"thumbnailUrl":"https:\/\/www.rri.ro\/wp-content\/uploads\/2023\/10\/stiri-germana-ok2-2.png","datePublished":"2020-11-02T15:38:00+00:00","author":{"@id":"https:\/\/www.rri.ro\/#\/schema\/person\/4a479940371b9fdefd194f561e8a7f88"},"breadcrumb":{"@id":"https:\/\/www.rri.ro\/de\/aktuell\/newsflash-de\/nachrichten-02-11-2020-id633665.html#breadcrumb"},"inLanguage":"de","potentialAction":[{"@type":"ReadAction","target":["https:\/\/www.rri.ro\/de\/aktuell\/newsflash-de\/nachrichten-02-11-2020-id633665.html"]}]},{"@type":"ImageObject","inLanguage":"de","@id":"https:\/\/www.rri.ro\/de\/aktuell\/newsflash-de\/nachrichten-02-11-2020-id633665.html#primaryimage","url":"https:\/\/www.rri.ro\/wp-content\/uploads\/2023\/10\/stiri-germana-ok2-2.png","contentUrl":"https:\/\/www.rri.ro\/wp-content\/uploads\/2023\/10\/stiri-germana-ok2-2.png","width":640,"height":427},{"@type":"BreadcrumbList","@id":"https:\/\/www.rri.ro\/de\/aktuell\/newsflash-de\/nachrichten-02-11-2020-id633665.html#breadcrumb","itemListElement":[{"@type":"ListItem","position":1,"name":"Startseite","item":"https:\/\/www.rri.ro\/de"},{"@type":"ListItem","position":2,"name":"Aktuell","item":"https:\/\/www.rri.ro\/de\/aktuell"},{"@type":"ListItem","position":3,"name":"Newsflash","item":"https:\/\/www.rri.ro\/de\/aktuell\/newsflash-de"},{"@type":"ListItem","position":4,"name":"Nachrichten 02.11.2020"}]},{"@type":"WebSite","@id":"https:\/\/www.rri.ro\/#website","url":"https:\/\/www.rri.ro\/","name":"Radio Rum\u00e4nien International","description":"Totul despre Rom\u00e2nia \u015fi rom\u00e2ni, \u00een 13 limbi\/dialecte!","inLanguage":"de"},{"@type":"Person","@id":"https:\/\/www.rri.ro\/#\/schema\/person\/4a479940371b9fdefd194f561e8a7f88","name":"Newsroom","url":"https:\/\/www.rri.ro\/de\/author\/newsroom"}]}},"_links":{"self":[{"href":"https:\/\/www.rri.ro\/de\/wp-json\/wp\/v2\/posts\/633665","targetHints":{"allow":["GET"]}}],"collection":[{"href":"https:\/\/www.rri.ro\/de\/wp-json\/wp\/v2\/posts"}],"about":[{"href":"https:\/\/www.rri.ro\/de\/wp-json\/wp\/v2\/types\/post"}],"author":[{"embeddable":true,"href":"https:\/\/www.rri.ro\/de\/wp-json\/wp\/v2\/users\/113"}],"replies":[{"embeddable":true,"href":"https:\/\/www.rri.ro\/de\/wp-json\/wp\/v2\/comments?post=633665"}],"version-history":[{"count":0,"href":"https:\/\/www.rri.ro\/de\/wp-json\/wp\/v2\/posts\/633665\/revisions"}],"wp:featuredmedia":[{"embeddable":true,"href":"https:\/\/www.rri.ro\/de\/wp-json\/wp\/v2\/media\/460330"}],"wp:attachment":[{"href":"https:\/\/www.rri.ro\/de\/wp-json\/wp\/v2\/media?parent=633665"}],"wp:term":[{"taxonomy":"category","embeddable":true,"href":"https:\/\/www.rri.ro\/de\/wp-json\/wp\/v2\/categories?post=633665"},{"taxonomy":"post_tag","embeddable":true,"href":"https:\/\/www.rri.ro\/de\/wp-json\/wp\/v2\/tags?post=633665"},{"taxonomy":"author","embeddable":true,"href":"https:\/\/www.rri.ro\/de\/wp-json\/wp\/v2\/coauthors?post=633665"}],"curies":[{"name":"wp","href":"https:\/\/api.w.org\/{rel}","templated":true}]}}