{"id":633669,"date":"2020-11-06T17:41:00","date_gmt":"2020-11-06T15:41:00","guid":{"rendered":"http:\/\/devrri.freshlemon.ro\/aktuell\/nachrichten-06-11-2020-id633669.html"},"modified":"2020-11-06T17:41:00","modified_gmt":"2020-11-06T15:41:00","slug":"nachrichten-06-11-2020","status":"publish","type":"post","link":"https:\/\/www.rri.ro\/de\/aktuell\/newsflash-de\/nachrichten-06-11-2020-id633669.html","title":{"rendered":"Nachrichten 06.11.2020"},"content":{"rendered":"<p>In Rum\u00e4nien wurde in den letzten 24 Stunden ein neuer Pandemie-Rekord gemeldet: 10.260 neue F\u00e4lle von Infektionen mit dem neuen Coronavirus wurden heute gemeldet, haupts\u00e4chlich in Landkreis Timis, im Westen. Es folgen Cluj (Westen) und die Hauptstadt Bukarest. Seit Ende Februar sind rund 287.000 Menschen positiv getestet worden. Am Freitag wurden 123 Todesf\u00e4lle gemeldet, wodurch sich die Zahl der Todesopfer auf 7.663 erh\u00f6hte. 1.001 Patienten befinden sich auf der Intensivstation. Au\u00dferhalb der Grenzen Rum\u00e4niens wurden 6.853 rum\u00e4nische Staatsb\u00fcrger als infiziert best\u00e4tigt, und 126 sind an Covid-19 gestorben.<\/p>\n<p>&#13;<br \/>\n&#13;<\/p>\n<p>&#13;<br \/>\n&#13;<\/p>\n<p>Am Montag werden in Rum\u00e4nien neue Beschr\u00e4nkungen zur Begrenzung der Ausbreitung der Coronavirus-Pandemie eingef\u00fchrt. Auf Vorschlag des Nationalen Komitees f\u00fcr Notfallsituationen w\u00fcrde die Maske daher in geschlossenen und offenen R\u00e4umen im ganzen Land obligatorisch sein. Verkehrsbeschr\u00e4nkungen werden zwischen 23:00 und 5:00 Uhr morgens verh\u00e4ngt. Kurse im voruniversit\u00e4ren Bildungssystem werden ausschlie\u00dflich online abgehalten, \u00f6ffentliche oder private Treffen und Partys werden verboten, und die Gesch\u00e4fte werden um 21:00 Uhr geschlossen. Die Ma\u00dfnahmen werden 30 Tage lang g\u00fcltig sein und m\u00fcssen durch Regierungsbeschluss genehmigt werden. Es gibt Ma\u00dfnahmen, die sicherlich zu einer Verlangsamung der Verbreitung des Virus f\u00fchren werden, sagte Pr\u00e4sident Klaus Iohannis am Freitag. Er f\u00fcgte hinzu, dass Kontakte zu anderen Staaten, zu denen Rum\u00e4nien besondere Beziehungen unterh\u00e4lt, f\u00fcr einen m\u00f6glichen Transfer von Patienten in schwerem Zustand aufgenommen wurden, \u00e4u\u00dferte jedoch seine Hoffnung, dass diese Situation nicht erreicht werde.<\/p>\n<p>&#13;<br \/>\n&#13;<\/p>\n<p>&#13;<br \/>\n&#13;<\/p>\n<p>Die Gesamtzahl der Menschen, die weltweit mit dem neuen Coronavirus infiziert sind, hat nach den von worldometers.info zentralisierten Daten 49.000.000 \u00fcberschritten. Die Zahl der Todesopfer liegt bei \u00fcber 1.240.000. Die USA, Indien und Brasilien sind am st\u00e4rksten betroffen. Auch in Europa verschlimmert sich die Situation. Frankreich ist das europ\u00e4ische Land mit der h\u00f6chsten Zahl von Infektionen, 1,6 Millionen. Die Pariser Beh\u00f6rden haben eine Rekordzahl von F\u00e4llen von Coronavirus-Infektionen innerhalb von 24 Stunden gemeldet &#8211; mehr als 58.000. Gesundheitsminister Olivier V\u00e9ran hat die Bev\u00f6lkerung davor gewarnt, dass die zweite Welle in Ermangelung eines verantwortungsvollen Verhaltens viel heftiger und l\u00e4nger anhaltend sein wird als die im Fr\u00fchjahr. In Italien wird  der Nachtverkehr verboten, Museen sind geschlossen und Einkaufszentren nur noch am Wochenende ge\u00f6ffnet. In Regionen mit vielen F\u00e4llen von Covid-19, wie der Lombardei, dem Piemont und Vale d&#8217;Aosta, kann die Bev\u00f6lkerung ihre Ortschaften nicht verlassen. Griechenland wird bis Ende des Monats eine nationale Quarant\u00e4ne einf\u00fchren.<\/p>\n<p>&#13;<br \/>\n&#13;<\/p>\n<p>&#13;<br \/>\n&#13;<\/p>\n<p>Das j\u00fcngste Protokoll einer nicht erstattungsf\u00e4higen Finanzhilfe in H\u00f6he von 100 Millionen Euro aus Rum\u00e4nien f\u00fcr die Republik Moldau ist von der Einhaltung der Rechtsstaatlichkeit und des europ\u00e4ischen Kurses des Nachbarstaates abh\u00e4ngig, sagte am Freitag der rum\u00e4nischen Au\u00dfenminister Bogdan Aurescu. W\u00e4hrend einer Pressekonferenz, in der er die Billianz seines ersten Amtsjahres vorstellte, pl\u00e4dierte Minister Aurescu f\u00fcr den Schutz der rum\u00e4nischen Investitionspr\u00e4senz in der Republik Moldau sowie f\u00fcr die Festigung der Gemeinschaft von Sprache, Kultur und Geschichte. Andererseits erinnerte er daran, dass Rum\u00e4nien st\u00e4ndig die Notwendigkeit einer raschen Reaktion und eines raschen Handelns der Europ\u00e4ischen Union auf die Entscheidungen der belarussischen Beh\u00f6rden betonte und anerkannte, dass sie kein Interesse am Dialog mit der Bev\u00f6lkerung und der Zivilgesellschaft in ihrem eigenen Land zeigen. Aurescu  erinnerte daran, dass das Ministerium einen finanziellen Beitrag von 100.000 Euro f\u00fcr die Unterst\u00fctzung der Zivilgesellschaft und der unabh\u00e4ngigen Presse in Belarus bereitgestellt habe.<\/p>\n<p>&#13;<br \/>\n&#13;<\/p>\n<p>&#13;<br \/>\n&#13;<\/p>\n<p>In Rum\u00e4nien hat am Freitag der Wahlkampf f\u00fcr die Parlamentswahlen vom 6. Dezember begonnen. Genau wie bei den Kommunalwahlen, die Ende September stattfanden, haben die Beh\u00f6rden die Zahl der Teilnehmer an den Wahlkundgebungen begrenzt und strenge Hygienevorschriften erlassen. Die Rum\u00e4nen im Ausland werden in zwei Tagen, am 5. und 6. Dezember, w\u00e4hlen k\u00f6nnen. Die Diaspora wird in der k\u00fcnftigen Legislaturperiode durch 4 Abgeordnete und zwei Senatoren vertreten sein.<\/p>\n<p><\/p>\n<\/p>\n<p>Rum\u00e4nen, die im Ausland arbeiten, haben nach&#13;<br \/>\nAngaben der Nationalbank zwischen Januar und August 2020  2,28 Milliarden Euro ins Land geschickt. In&#13;<br \/>\nden ersten acht Monaten des Jahres gingen die aus der Diaspora gesendeten&#13;<br \/>\nBetr\u00e4ge im Vergleich zum Vergleichszeitraum 2019 um 13% zur\u00fcck, da die&#13;<br \/>\nVolkswirtschaften der Aufnahmestaaten aufgrund der COVID-19-Pandemie&#13;<br \/>\nschrumpften. Daten der Nationalbank zeigen, dass Rum\u00e4nen, die im Ausland&#13;<br \/>\narbeiten, in den letzten 10 Jahren 37,3 Milliarden Euro in das Land geschickt&#13;<br \/>\nhaben, ein h\u00f6herer Betrag als die gesamten Auslandsinvestitionen im gleichen&#13;<br \/>\nZeitraum, die sich auf 34,5 Milliarden Euro beliefen. Seit dem Beitritt&#13;<br \/>\nRum\u00e4niens zur Europ\u00e4ischen Union im Januar 2007 und bis August 2020 haben die&#13;<br \/>\nRum\u00e4nen 56,8 Milliarden Euro nach Hause geschickt, und seit die Nationalbank&#13;<br \/>\ndie Statistiken \u00fcber \u00dcberweisungen aufbewahrt, seit Januar 2005, haben die Auslandsrum\u00e4nen&#13;<br \/>\n69 Milliarden Euro nach Rum\u00e4nien geschickt. Vor Beginn der Gesundheitskrise&#13;<br \/>\nlebten ungef\u00e4hr 5,6 Millionen Rum\u00e4nen in der Diaspora.<\/p>\n<p><\/p>\n<p>&#13;<br \/>\n&#13;<\/p>\n<p> <span style=font-size: 1em;>Die Ausz\u00e4hlung der Wahlstimmen in den Vereinigten Staaten geht zwei Tage nach dem Ende der Pr\u00e4sidentschaftswahlen weiter. Nach Sch\u00e4tzungen von CNN hat sich der demokratische Kandidat, der ehemalige Vizepr\u00e4sident Joe Biden, bisher 253 der 270 erforderlichen Wahlstimmen gesichert, w\u00e4hrend der derzeitige republikanische Pr\u00e4sident Donald Trump \u00fcber 213 verf\u00fcgt. Die W\u00e4hler werden von den Staaten auf der Grundlage der Stimmenmehrheit in jedem von ihnen nominiert. Joe Biden hat gesagt, er habe keinen Zweifel an seinem Sieg \u00fcber Donald Trump, sobald alle Ergebnisse bekannt seien, w\u00e4hrend sein republikanischer Rivale die Stimmenausz\u00e4hlung in Frage stellt.<\/span><\/p>\n<p>&#13;<br \/>\n&#13;<\/p>\n<p>&#13;<br \/>\n&#13;<\/p>\n<p>Hashim Thaci, der am Donnerstag von seinem Amt als Pr\u00e4sident des Kosovo zur\u00fcckgetreten ist, nachdem er vom Sondergerichtshof in Den Haag offiziell wegen Kriegsverbrechen angeklagt worden war, wurde festgenommen, teilte der Internationale Gerichtshof mit.  Im Juni war der 52-j\u00e4hrige Thaci, der ehemalige politische Anf\u00fchrer der separatistischen Rebellion im Kosovo, wegen Kriegsverbrechen w\u00e4hrend des Konflikts mit Serbien 1998-1999 angeklagt worden. Der Anklageschrift zufolge ist er fast 100 Verbrechen schuldig, darunter Hunderte von identifizierten Opfern, Kosovaren, Albanern, Serben, Roma und andere, darunter auch politische Gegner. Belgrad weigert sich, die 2008 proklamierte Unabh\u00e4ngigkeit des Kosovo anzuerkennen, nachdem der Krieg Ende der 1990iger Jahre 13.000 Tote gefordert hatte. Serbien wird von Verb\u00fcndeten wie Russland und China unterst\u00fctzt, w\u00e4hrend die Vereinigten Staaten zu den L\u00e4ndern geh\u00f6ren, die den neuen Kosovo-Staat sofort anerkannt haben.<\/p>\n<p>&#13;<\/p>\n","protected":false},"excerpt":{"rendered":"<p>In Rum\u00e4nien wurde in den letzten 24 Stunden ein neuer Pandemie-Rekord gemeldet: 10.260 neue F\u00e4lle von Infektionen mit dem neuen Coronavirus wurden heute gemeldet, haupts\u00e4chlich in Landkreis Timis, im Westen. Es folgen Cluj (Westen) und die Hauptstadt Bukarest. Seit Ende Februar sind rund 287.000 Menschen positiv getestet worden. Am Freitag wurden 123 Todesf\u00e4lle gemeldet, wodurch [&hellip;]<\/p>\n","protected":false},"author":113,"featured_media":460330,"comment_status":"closed","ping_status":"closed","sticky":false,"template":"","format":"standard","meta":{"_acf_changed":false,"footnotes":""},"categories":[116753],"tags":[105062,35374,22456,35849,30735,127700,101411,102143,100115,104711,101299],"coauthors":[],"class_list":["post-633669","post","type-post","status-publish","format-standard","has-post-thumbnail","hentry","category-newsflash-de","tag-beschraenkungen","tag-covid-19","tag-diaspora","tag-hashim-thaci","tag-kosovo","tag-pandemie-rekord","tag-parlamentswahlen","tag-praesident-klaus-iohannis","tag-republik-moldau","tag-vereinigten-staaten","tag-wahlkampf"],"acf":[],"yoast_head":"<!-- This site is optimized with the Yoast SEO plugin v27.3 - https:\/\/yoast.com\/product\/yoast-seo-wordpress\/ -->\n<title>Nachrichten 06.11.2020 - Radio Rum\u00e4nien International<\/title>\n<meta name=\"robots\" content=\"index, follow, max-snippet:-1, max-image-preview:large, max-video-preview:-1\" \/>\n<link rel=\"canonical\" href=\"https:\/\/www.rri.ro\/de\/aktuell\/newsflash-de\/nachrichten-06-11-2020-id633669.html\" \/>\n<meta property=\"og:locale\" content=\"de_DE\" \/>\n<meta property=\"og:type\" content=\"article\" \/>\n<meta property=\"og:title\" content=\"Nachrichten 06.11.2020 - Radio Rum\u00e4nien International\" \/>\n<meta property=\"og:description\" content=\"In Rum\u00e4nien wurde in den letzten 24 Stunden ein neuer Pandemie-Rekord gemeldet: 10.260 neue F\u00e4lle von Infektionen mit dem neuen Coronavirus wurden heute gemeldet, haupts\u00e4chlich in Landkreis Timis, im Westen. Es folgen Cluj (Westen) und die Hauptstadt Bukarest. Seit Ende Februar sind rund 287.000 Menschen positiv getestet worden. Am Freitag wurden 123 Todesf\u00e4lle gemeldet, wodurch [&hellip;]\" \/>\n<meta property=\"og:url\" content=\"https:\/\/www.rri.ro\/de\/aktuell\/newsflash-de\/nachrichten-06-11-2020-id633669.html\" \/>\n<meta property=\"og:site_name\" content=\"Radio Rum\u00e4nien International\" \/>\n<meta property=\"article:published_time\" content=\"2020-11-06T15:41:00+00:00\" \/>\n<meta property=\"og:image\" content=\"https:\/\/www.rri.ro\/wp-content\/uploads\/2023\/10\/stiri-germana-ok2-2.png\" \/>\n\t<meta property=\"og:image:width\" content=\"640\" \/>\n\t<meta property=\"og:image:height\" content=\"427\" \/>\n\t<meta property=\"og:image:type\" content=\"image\/png\" \/>\n<meta name=\"author\" content=\"Newsroom\" \/>\n<meta name=\"twitter:card\" content=\"summary_large_image\" \/>\n<meta name=\"twitter:label1\" content=\"Verfasst von\" \/>\n\t<meta name=\"twitter:data1\" content=\"Newsroom\" \/>\n\t<meta name=\"twitter:label2\" content=\"Gesch\u00e4tzte Lesezeit\" \/>\n\t<meta name=\"twitter:data2\" content=\"5\u00a0Minuten\" \/>\n\t<meta name=\"twitter:label3\" content=\"Written by\" \/>\n\t<meta name=\"twitter:data3\" content=\"Newsroom\" \/>\n<script type=\"application\/ld+json\" class=\"yoast-schema-graph\">{\"@context\":\"https:\\\/\\\/schema.org\",\"@graph\":[{\"@type\":\"Article\",\"@id\":\"https:\\\/\\\/www.rri.ro\\\/de\\\/aktuell\\\/newsflash-de\\\/nachrichten-06-11-2020-id633669.html#article\",\"isPartOf\":{\"@id\":\"https:\\\/\\\/www.rri.ro\\\/de\\\/aktuell\\\/newsflash-de\\\/nachrichten-06-11-2020-id633669.html\"},\"author\":{\"name\":\"Newsroom\",\"@id\":\"https:\\\/\\\/www.rri.ro\\\/#\\\/schema\\\/person\\\/4a479940371b9fdefd194f561e8a7f88\"},\"headline\":\"Nachrichten 06.11.2020\",\"datePublished\":\"2020-11-06T15:41:00+00:00\",\"mainEntityOfPage\":{\"@id\":\"https:\\\/\\\/www.rri.ro\\\/de\\\/aktuell\\\/newsflash-de\\\/nachrichten-06-11-2020-id633669.html\"},\"wordCount\":1031,\"image\":{\"@id\":\"https:\\\/\\\/www.rri.ro\\\/de\\\/aktuell\\\/newsflash-de\\\/nachrichten-06-11-2020-id633669.html#primaryimage\"},\"thumbnailUrl\":\"https:\\\/\\\/www.rri.ro\\\/wp-content\\\/uploads\\\/2023\\\/10\\\/stiri-germana-ok2-2.png\",\"keywords\":[\"Beschr\u00e4nkungen\",\"Covid-19\",\"diaspora\",\"Hashim Thaci\",\"KOSOVO\",\"Pandemie-Rekord\",\"Parlamentswahlen\",\"Pr\u00e4sident Klaus Iohannis\",\"Republik Moldau\",\"Vereinigten Staaten\",\"Wahlkampf\"],\"articleSection\":[\"Newsflash\"],\"inLanguage\":\"de\"},{\"@type\":\"WebPage\",\"@id\":\"https:\\\/\\\/www.rri.ro\\\/de\\\/aktuell\\\/newsflash-de\\\/nachrichten-06-11-2020-id633669.html\",\"url\":\"https:\\\/\\\/www.rri.ro\\\/de\\\/aktuell\\\/newsflash-de\\\/nachrichten-06-11-2020-id633669.html\",\"name\":\"Nachrichten 06.11.2020 - Radio Rum\u00e4nien International\",\"isPartOf\":{\"@id\":\"https:\\\/\\\/www.rri.ro\\\/#website\"},\"primaryImageOfPage\":{\"@id\":\"https:\\\/\\\/www.rri.ro\\\/de\\\/aktuell\\\/newsflash-de\\\/nachrichten-06-11-2020-id633669.html#primaryimage\"},\"image\":{\"@id\":\"https:\\\/\\\/www.rri.ro\\\/de\\\/aktuell\\\/newsflash-de\\\/nachrichten-06-11-2020-id633669.html#primaryimage\"},\"thumbnailUrl\":\"https:\\\/\\\/www.rri.ro\\\/wp-content\\\/uploads\\\/2023\\\/10\\\/stiri-germana-ok2-2.png\",\"datePublished\":\"2020-11-06T15:41:00+00:00\",\"author\":{\"@id\":\"https:\\\/\\\/www.rri.ro\\\/#\\\/schema\\\/person\\\/4a479940371b9fdefd194f561e8a7f88\"},\"breadcrumb\":{\"@id\":\"https:\\\/\\\/www.rri.ro\\\/de\\\/aktuell\\\/newsflash-de\\\/nachrichten-06-11-2020-id633669.html#breadcrumb\"},\"inLanguage\":\"de\",\"potentialAction\":[{\"@type\":\"ReadAction\",\"target\":[\"https:\\\/\\\/www.rri.ro\\\/de\\\/aktuell\\\/newsflash-de\\\/nachrichten-06-11-2020-id633669.html\"]}]},{\"@type\":\"ImageObject\",\"inLanguage\":\"de\",\"@id\":\"https:\\\/\\\/www.rri.ro\\\/de\\\/aktuell\\\/newsflash-de\\\/nachrichten-06-11-2020-id633669.html#primaryimage\",\"url\":\"https:\\\/\\\/www.rri.ro\\\/wp-content\\\/uploads\\\/2023\\\/10\\\/stiri-germana-ok2-2.png\",\"contentUrl\":\"https:\\\/\\\/www.rri.ro\\\/wp-content\\\/uploads\\\/2023\\\/10\\\/stiri-germana-ok2-2.png\",\"width\":640,\"height\":427},{\"@type\":\"BreadcrumbList\",\"@id\":\"https:\\\/\\\/www.rri.ro\\\/de\\\/aktuell\\\/newsflash-de\\\/nachrichten-06-11-2020-id633669.html#breadcrumb\",\"itemListElement\":[{\"@type\":\"ListItem\",\"position\":1,\"name\":\"Startseite\",\"item\":\"https:\\\/\\\/www.rri.ro\\\/de\"},{\"@type\":\"ListItem\",\"position\":2,\"name\":\"Aktuell\",\"item\":\"https:\\\/\\\/www.rri.ro\\\/de\\\/aktuell\"},{\"@type\":\"ListItem\",\"position\":3,\"name\":\"Newsflash\",\"item\":\"https:\\\/\\\/www.rri.ro\\\/de\\\/aktuell\\\/newsflash-de\"},{\"@type\":\"ListItem\",\"position\":4,\"name\":\"Nachrichten 06.11.2020\"}]},{\"@type\":\"WebSite\",\"@id\":\"https:\\\/\\\/www.rri.ro\\\/#website\",\"url\":\"https:\\\/\\\/www.rri.ro\\\/\",\"name\":\"Radio Rum\u00e4nien International\",\"description\":\"Totul despre Rom\u00e2nia \u015fi rom\u00e2ni, \u00een 13 limbi\\\/dialecte!\",\"inLanguage\":\"de\"},{\"@type\":\"Person\",\"@id\":\"https:\\\/\\\/www.rri.ro\\\/#\\\/schema\\\/person\\\/4a479940371b9fdefd194f561e8a7f88\",\"name\":\"Newsroom\",\"url\":\"https:\\\/\\\/www.rri.ro\\\/de\\\/author\\\/newsroom\"}]}<\/script>\n<!-- \/ Yoast SEO plugin. -->","yoast_head_json":{"title":"Nachrichten 06.11.2020 - Radio Rum\u00e4nien International","robots":{"index":"index","follow":"follow","max-snippet":"max-snippet:-1","max-image-preview":"max-image-preview:large","max-video-preview":"max-video-preview:-1"},"canonical":"https:\/\/www.rri.ro\/de\/aktuell\/newsflash-de\/nachrichten-06-11-2020-id633669.html","og_locale":"de_DE","og_type":"article","og_title":"Nachrichten 06.11.2020 - Radio Rum\u00e4nien International","og_description":"In Rum\u00e4nien wurde in den letzten 24 Stunden ein neuer Pandemie-Rekord gemeldet: 10.260 neue F\u00e4lle von Infektionen mit dem neuen Coronavirus wurden heute gemeldet, haupts\u00e4chlich in Landkreis Timis, im Westen. Es folgen Cluj (Westen) und die Hauptstadt Bukarest. Seit Ende Februar sind rund 287.000 Menschen positiv getestet worden. Am Freitag wurden 123 Todesf\u00e4lle gemeldet, wodurch [&hellip;]","og_url":"https:\/\/www.rri.ro\/de\/aktuell\/newsflash-de\/nachrichten-06-11-2020-id633669.html","og_site_name":"Radio Rum\u00e4nien International","article_published_time":"2020-11-06T15:41:00+00:00","og_image":[{"width":640,"height":427,"url":"https:\/\/www.rri.ro\/wp-content\/uploads\/2023\/10\/stiri-germana-ok2-2.png","type":"image\/png"}],"author":"Newsroom","twitter_card":"summary_large_image","twitter_misc":{"Verfasst von":"Newsroom","Gesch\u00e4tzte Lesezeit":"5\u00a0Minuten","Written by":"Newsroom"},"schema":{"@context":"https:\/\/schema.org","@graph":[{"@type":"Article","@id":"https:\/\/www.rri.ro\/de\/aktuell\/newsflash-de\/nachrichten-06-11-2020-id633669.html#article","isPartOf":{"@id":"https:\/\/www.rri.ro\/de\/aktuell\/newsflash-de\/nachrichten-06-11-2020-id633669.html"},"author":{"name":"Newsroom","@id":"https:\/\/www.rri.ro\/#\/schema\/person\/4a479940371b9fdefd194f561e8a7f88"},"headline":"Nachrichten 06.11.2020","datePublished":"2020-11-06T15:41:00+00:00","mainEntityOfPage":{"@id":"https:\/\/www.rri.ro\/de\/aktuell\/newsflash-de\/nachrichten-06-11-2020-id633669.html"},"wordCount":1031,"image":{"@id":"https:\/\/www.rri.ro\/de\/aktuell\/newsflash-de\/nachrichten-06-11-2020-id633669.html#primaryimage"},"thumbnailUrl":"https:\/\/www.rri.ro\/wp-content\/uploads\/2023\/10\/stiri-germana-ok2-2.png","keywords":["Beschr\u00e4nkungen","Covid-19","diaspora","Hashim Thaci","KOSOVO","Pandemie-Rekord","Parlamentswahlen","Pr\u00e4sident Klaus Iohannis","Republik Moldau","Vereinigten Staaten","Wahlkampf"],"articleSection":["Newsflash"],"inLanguage":"de"},{"@type":"WebPage","@id":"https:\/\/www.rri.ro\/de\/aktuell\/newsflash-de\/nachrichten-06-11-2020-id633669.html","url":"https:\/\/www.rri.ro\/de\/aktuell\/newsflash-de\/nachrichten-06-11-2020-id633669.html","name":"Nachrichten 06.11.2020 - Radio Rum\u00e4nien International","isPartOf":{"@id":"https:\/\/www.rri.ro\/#website"},"primaryImageOfPage":{"@id":"https:\/\/www.rri.ro\/de\/aktuell\/newsflash-de\/nachrichten-06-11-2020-id633669.html#primaryimage"},"image":{"@id":"https:\/\/www.rri.ro\/de\/aktuell\/newsflash-de\/nachrichten-06-11-2020-id633669.html#primaryimage"},"thumbnailUrl":"https:\/\/www.rri.ro\/wp-content\/uploads\/2023\/10\/stiri-germana-ok2-2.png","datePublished":"2020-11-06T15:41:00+00:00","author":{"@id":"https:\/\/www.rri.ro\/#\/schema\/person\/4a479940371b9fdefd194f561e8a7f88"},"breadcrumb":{"@id":"https:\/\/www.rri.ro\/de\/aktuell\/newsflash-de\/nachrichten-06-11-2020-id633669.html#breadcrumb"},"inLanguage":"de","potentialAction":[{"@type":"ReadAction","target":["https:\/\/www.rri.ro\/de\/aktuell\/newsflash-de\/nachrichten-06-11-2020-id633669.html"]}]},{"@type":"ImageObject","inLanguage":"de","@id":"https:\/\/www.rri.ro\/de\/aktuell\/newsflash-de\/nachrichten-06-11-2020-id633669.html#primaryimage","url":"https:\/\/www.rri.ro\/wp-content\/uploads\/2023\/10\/stiri-germana-ok2-2.png","contentUrl":"https:\/\/www.rri.ro\/wp-content\/uploads\/2023\/10\/stiri-germana-ok2-2.png","width":640,"height":427},{"@type":"BreadcrumbList","@id":"https:\/\/www.rri.ro\/de\/aktuell\/newsflash-de\/nachrichten-06-11-2020-id633669.html#breadcrumb","itemListElement":[{"@type":"ListItem","position":1,"name":"Startseite","item":"https:\/\/www.rri.ro\/de"},{"@type":"ListItem","position":2,"name":"Aktuell","item":"https:\/\/www.rri.ro\/de\/aktuell"},{"@type":"ListItem","position":3,"name":"Newsflash","item":"https:\/\/www.rri.ro\/de\/aktuell\/newsflash-de"},{"@type":"ListItem","position":4,"name":"Nachrichten 06.11.2020"}]},{"@type":"WebSite","@id":"https:\/\/www.rri.ro\/#website","url":"https:\/\/www.rri.ro\/","name":"Radio Rum\u00e4nien International","description":"Totul despre Rom\u00e2nia \u015fi rom\u00e2ni, \u00een 13 limbi\/dialecte!","inLanguage":"de"},{"@type":"Person","@id":"https:\/\/www.rri.ro\/#\/schema\/person\/4a479940371b9fdefd194f561e8a7f88","name":"Newsroom","url":"https:\/\/www.rri.ro\/de\/author\/newsroom"}]}},"_links":{"self":[{"href":"https:\/\/www.rri.ro\/de\/wp-json\/wp\/v2\/posts\/633669","targetHints":{"allow":["GET"]}}],"collection":[{"href":"https:\/\/www.rri.ro\/de\/wp-json\/wp\/v2\/posts"}],"about":[{"href":"https:\/\/www.rri.ro\/de\/wp-json\/wp\/v2\/types\/post"}],"author":[{"embeddable":true,"href":"https:\/\/www.rri.ro\/de\/wp-json\/wp\/v2\/users\/113"}],"replies":[{"embeddable":true,"href":"https:\/\/www.rri.ro\/de\/wp-json\/wp\/v2\/comments?post=633669"}],"version-history":[{"count":0,"href":"https:\/\/www.rri.ro\/de\/wp-json\/wp\/v2\/posts\/633669\/revisions"}],"wp:featuredmedia":[{"embeddable":true,"href":"https:\/\/www.rri.ro\/de\/wp-json\/wp\/v2\/media\/460330"}],"wp:attachment":[{"href":"https:\/\/www.rri.ro\/de\/wp-json\/wp\/v2\/media?parent=633669"}],"wp:term":[{"taxonomy":"category","embeddable":true,"href":"https:\/\/www.rri.ro\/de\/wp-json\/wp\/v2\/categories?post=633669"},{"taxonomy":"post_tag","embeddable":true,"href":"https:\/\/www.rri.ro\/de\/wp-json\/wp\/v2\/tags?post=633669"},{"taxonomy":"author","embeddable":true,"href":"https:\/\/www.rri.ro\/de\/wp-json\/wp\/v2\/coauthors?post=633669"}],"curies":[{"name":"wp","href":"https:\/\/api.w.org\/{rel}","templated":true}]}}