{"id":633672,"date":"2020-11-09T17:05:00","date_gmt":"2020-11-09T15:05:00","guid":{"rendered":"http:\/\/devrri.freshlemon.ro\/aktuell\/nachrichten-09-11-2020-id633672.html"},"modified":"2020-11-09T17:05:00","modified_gmt":"2020-11-09T15:05:00","slug":"nachrichten-09-11-2020","status":"publish","type":"post","link":"https:\/\/www.rri.ro\/de\/aktuell\/newsflash-de\/nachrichten-09-11-2020-id633672.html","title":{"rendered":"Nachrichten 09.11.2020"},"content":{"rendered":"<p>Weitere 3.240 neue F\u00e4lle von COVID-19 und 130 damit zusammenh\u00e4ngende Todesf\u00e4lle wurden in den letzten 24 Stunden in Rum\u00e4nien gemeldet. 1.076 Patienten befinden sich auf der Intensivstation. Am Montag traten neue Beschr\u00e4nkungen in Kraft, um die Ausbreitung des Virus einzud\u00e4mmen. Alle Klassen werden bis zum 9. Dezember online gehen. Die Gesch\u00e4fte werden um 21.00 Uhr geschlossen, und das Tragen von Schutzmasken wird in allen \u00f6ffentlichen Bereichen obligatorisch. Die n\u00e4chtliche Mobilit\u00e4t wird nur noch f\u00fcr Arbeits- und Gesundheitsnotf\u00e4lle erlaubt. Zustellservices, Apotheken und Tankstellen k\u00f6nnen auch nachts offen bleiben. Produktm\u00e4rkte in Innenr\u00e4umen werden f\u00fcr den folgenden Monat geschlossen.<\/p>\n<p>&#13;<br \/>\n&#13;<\/p>\n<p>&#13;<br \/>\n&#13;<\/p>\n<p>Die weltweite Zahl der Infektionen hat 50,8 Millionen \u00fcberschritten, w\u00e4hrend die weltweite Zahl der Todesopfer laut der letzten Aktualisierung von worldometers.info bei 1,26 Millionen liegt. Die Vereinigten Staaten haben weiterhin die h\u00f6chste Zahl an Infektionen, etwa 10,3 Millionen, gefolgt von Indien und Brasilien. Zahlreiche Staaten sind zu den Beschr\u00e4nkungen zur\u00fcckgekehrt, um eine neue Welle der Pandemie zu d\u00e4mpfen. In Europa meldet Frankreich \u00fcber 40.000 durch COVID-19 verursachte Todesf\u00e4lle. Die Schulen bleiben ge\u00f6ffnet, aber die Lehrer haben ihre Besorgnis ge\u00e4u\u00dfert und f\u00fcr Dienstag einen Streik angek\u00fcndigt. Sie fordern, die Zahl der Sch\u00fcler in den Klassen zu begrenzen, die Cafeterien neu zu organisieren, zus\u00e4tzliches Reinigungspersonal einzustellen, um alle Bereiche zu sanieren, und zus\u00e4tzliche Mittel f\u00fcr L\u00fcftungssysteme. Andere L\u00e4nder f\u00fchren wieder Sperrma\u00dfnahmen in ganz Europa ein, obwohl die meisten Regierungen beschlossen haben, dass die Schulen ge\u00f6ffnet bleiben sollen. Schulen in Italien, der Slowakei, Belgien und \u00d6sterreich sind ausschlie\u00dflich zum Fernunterricht \u00fcbergegangen, w\u00e4hrend Online-Unterricht nur f\u00fcr das Sekundarschulsystem und die Sekundarschulen in Griechenland vorgeschrieben wurde.<\/p>\n<p><\/p>\n<\/p>\n<p>Der rum\u00e4nische Pr\u00e4sident Klaus&#13;<br \/>\nIohannis sandte am Montag eine Gl\u00fcckwunschbotschaft an den gew\u00e4hlten&#13;<br \/>\nUS-Pr\u00e4sidenten Joseph R. Biden. Rum\u00e4nien als verl\u00e4sslicher strategischer&#13;<br \/>\nPartner der Vereinigten Staaten ist weiterhin fest entschlossen, unsere&#13;<br \/>\ngemeinsamen Ziele der strategischen Sicherheit, Verteidigung und Wirtschaft&#13;<br \/>\nweiter zu f\u00f6rdern, sagte das rum\u00e4nische Staatsoberhaupt gegen\u00fcber Joe&#13;<br \/>\nBiden. In den Vereinigten Staaten k\u00fcndigte der gew\u00e4hlte Pr\u00e4sident am Montag die&#13;<br \/>\nBildung einer Task Force von Experten f\u00fcr \u00f6ffentliche Gesundheit an, die die&#13;<br \/>\nCOVID-19-Pandemie als unmittelbare Priorit\u00e4t behandeln soll. Am Sonntag&#13;<br \/>\nstartete sein Team im Wei\u00dfen Haus eine Website zur Energiewende. Die ersten&#13;<br \/>\nangek\u00fcndigten Schritte konzentrierten sich auf die Wirtschaft, den Kampf gegen&#13;<br \/>\nRassismus und den Klimawandel. Joe Biden beabsichtigt, den vom Republikaner&#13;<br \/>\nDonald Trump beschlossenen R\u00fcckzug der Vereinigten Staaten aus der&#13;<br \/>\nWeltgesundheitsorganisation und dem Pariser Klimaabkommen aufzuheben. Der&#13;<br \/>\namtierende Pr\u00e4sident der Vereinigten Staaten hat seine Niederlage noch nicht&#13;<br \/>\nanerkannt und beabsichtigt, eine Reihe von  Kundgebungen gegen die Wahlergebnisse zu&#13;<br \/>\nstarten.<\/p>\n<p><\/p>\n<p>&#13;<br \/>\n&#13;<\/p>\n<p> <span style=font-size: 1em;>Der liberale Premierminister Ludovic Orban wird am Montag vor der Abgeordnetenkammer die Entw\u00fcrfe f\u00fcr den Staatshaushalt 2021 und den Haushalt der sozialen Versicherungen vorstellen. Die Sozialdemokraten fordern, dass das Haushaltsgesetz der \u00d6ffentlichkeit bekannt gemacht wird, und f\u00fcgen hinzu, dass die Regierung nach ihren Angaben Steuererh\u00f6hungen plant. Premierminister Orban sagte, sein liberales Kabinett wolle die Haushaltsgesetze 2021 bis zum 31. Dezember dieses Jahres verabschieden, h\u00f6chstwahrscheinlich nachdem das Kabinett vereidigt worden sei. Der Premierminister wies darauf hin, dass keine zus\u00e4tzlichen Steuern eingef\u00fchrt werden sollen. Der Haushalt f\u00fcr das kommende Jahr soll Investitionen in die Verkehrsinfrastruktur, das Gesundheits- und Bildungswesen sicherstellen und auch alle notwendigen Mittel f\u00fcr die Zahlung von Geh\u00e4ltern und Renten bereitstellen.<\/span><\/p>\n<p>&#13;<br \/>\n&#13;<\/p>\n<p>&#13;<br \/>\n&#13;<\/p>\n<p>Au\u00dfenminister Bogdan Aurescu ist auf Einladung seines niederl\u00e4ndischen Amtskollegen Stef Blok zu einem offiziellen Besuch in Den Haag. Der Besuch ist Teil der Bem\u00fchungen, den bilateralen Dialog im Rahmen der Feierlichkeiten zum 140. Jahrestag der Aufnahme diplomatischer Beziehungen zwischen den beiden Staaten im Jahr 2020 zu f\u00f6rdern. Laut einer Mitteilung des Au\u00dfenministeriums werden die beiden Minister den Stand der bilateralen Beziehungen \u00fcberpr\u00fcfen und die St\u00e4rkung der Zusammenarbeit in Bereichen von beiderseitigem Interesse er\u00f6rtern. Minister Aurescu wird wichtige Themen auf der europ\u00e4ischen Agenda ansprechen, wie die COVID-19-Pandemie, den mehrj\u00e4hrigen Finanzrahmen 2021-2027, das Konjunkturprogramm, die bevorstehende Partnerschaft zwischen der EU und Gro\u00dfbritannien, den Schengen-Beitritt Rum\u00e4niens und den Klimawandel. Der rum\u00e4nische Minister wird auch die Bedeutung einer verst\u00e4rkten Sicherheitszusammenarbeit auf NATO- und EU-Ebene sowie die F\u00f6rderung robuster transatlantischer Beziehungen unterstreichen.<\/p>\n<p>&#13;<br \/>\n&#13;<\/p>\n<p> <span style=font-size: 1em;>.<\/span><\/p>\n<p>&#13;<\/p>\n","protected":false},"excerpt":{"rendered":"<p>Weitere 3.240 neue F\u00e4lle von COVID-19 und 130 damit zusammenh\u00e4ngende Todesf\u00e4lle wurden in den letzten 24 Stunden in Rum\u00e4nien gemeldet. 1.076 Patienten befinden sich auf der Intensivstation. Am Montag traten neue Beschr\u00e4nkungen in Kraft, um die Ausbreitung des Virus einzud\u00e4mmen. Alle Klassen werden bis zum 9. Dezember online gehen. Die Gesch\u00e4fte werden um 21.00 Uhr [&hellip;]<\/p>\n","protected":false},"author":113,"featured_media":460330,"comment_status":"closed","ping_status":"closed","sticky":false,"template":"","format":"standard","meta":{"_acf_changed":false,"footnotes":""},"categories":[116753],"tags":[102144,105062,35374,127704,142490,127703,103138,105069,104784,51498,117488],"coauthors":[],"class_list":["post-633672","post","type-post","status-publish","format-standard","has-post-thumbnail","hentry","category-newsflash-de","tag-aussenminister-bogdan-aurescu","tag-beschraenkungen","tag-covid-19","tag-demokrat-joe-biden","tag-donald-trump-de","tag-haushaltsgesetze","tag-infektionen","tag-online-unterricht","tag-premierminister-ludovic-orban","tag-stef-blok","tag-us-praesidentschaftswahlen"],"acf":[],"yoast_head":"<!-- This site is optimized with the Yoast SEO plugin v27.3 - https:\/\/yoast.com\/product\/yoast-seo-wordpress\/ -->\n<title>Nachrichten 09.11.2020 - Radio Rum\u00e4nien International<\/title>\n<meta name=\"robots\" content=\"index, follow, max-snippet:-1, max-image-preview:large, max-video-preview:-1\" \/>\n<link rel=\"canonical\" href=\"https:\/\/www.rri.ro\/de\/aktuell\/newsflash-de\/nachrichten-09-11-2020-id633672.html\" \/>\n<meta property=\"og:locale\" content=\"de_DE\" \/>\n<meta property=\"og:type\" content=\"article\" \/>\n<meta property=\"og:title\" content=\"Nachrichten 09.11.2020 - Radio Rum\u00e4nien International\" \/>\n<meta property=\"og:description\" content=\"Weitere 3.240 neue F\u00e4lle von COVID-19 und 130 damit zusammenh\u00e4ngende Todesf\u00e4lle wurden in den letzten 24 Stunden in Rum\u00e4nien gemeldet. 1.076 Patienten befinden sich auf der Intensivstation. Am Montag traten neue Beschr\u00e4nkungen in Kraft, um die Ausbreitung des Virus einzud\u00e4mmen. Alle Klassen werden bis zum 9. Dezember online gehen. Die Gesch\u00e4fte werden um 21.00 Uhr [&hellip;]\" \/>\n<meta property=\"og:url\" content=\"https:\/\/www.rri.ro\/de\/aktuell\/newsflash-de\/nachrichten-09-11-2020-id633672.html\" \/>\n<meta property=\"og:site_name\" content=\"Radio Rum\u00e4nien International\" \/>\n<meta property=\"article:published_time\" content=\"2020-11-09T15:05:00+00:00\" \/>\n<meta property=\"og:image\" content=\"https:\/\/www.rri.ro\/wp-content\/uploads\/2023\/10\/stiri-germana-ok2-2.png\" \/>\n\t<meta property=\"og:image:width\" content=\"640\" \/>\n\t<meta property=\"og:image:height\" content=\"427\" \/>\n\t<meta property=\"og:image:type\" content=\"image\/png\" \/>\n<meta name=\"author\" content=\"Newsroom\" \/>\n<meta name=\"twitter:card\" content=\"summary_large_image\" \/>\n<meta name=\"twitter:label1\" content=\"Verfasst von\" \/>\n\t<meta name=\"twitter:data1\" content=\"Newsroom\" \/>\n\t<meta name=\"twitter:label2\" content=\"Gesch\u00e4tzte Lesezeit\" \/>\n\t<meta name=\"twitter:data2\" content=\"4\u00a0Minuten\" \/>\n\t<meta name=\"twitter:label3\" content=\"Written by\" \/>\n\t<meta name=\"twitter:data3\" content=\"Newsroom\" \/>\n<script type=\"application\/ld+json\" class=\"yoast-schema-graph\">{\"@context\":\"https:\\\/\\\/schema.org\",\"@graph\":[{\"@type\":\"Article\",\"@id\":\"https:\\\/\\\/www.rri.ro\\\/de\\\/aktuell\\\/newsflash-de\\\/nachrichten-09-11-2020-id633672.html#article\",\"isPartOf\":{\"@id\":\"https:\\\/\\\/www.rri.ro\\\/de\\\/aktuell\\\/newsflash-de\\\/nachrichten-09-11-2020-id633672.html\"},\"author\":{\"name\":\"Newsroom\",\"@id\":\"https:\\\/\\\/www.rri.ro\\\/#\\\/schema\\\/person\\\/4a479940371b9fdefd194f561e8a7f88\"},\"headline\":\"Nachrichten 09.11.2020\",\"datePublished\":\"2020-11-09T15:05:00+00:00\",\"mainEntityOfPage\":{\"@id\":\"https:\\\/\\\/www.rri.ro\\\/de\\\/aktuell\\\/newsflash-de\\\/nachrichten-09-11-2020-id633672.html\"},\"wordCount\":715,\"image\":{\"@id\":\"https:\\\/\\\/www.rri.ro\\\/de\\\/aktuell\\\/newsflash-de\\\/nachrichten-09-11-2020-id633672.html#primaryimage\"},\"thumbnailUrl\":\"https:\\\/\\\/www.rri.ro\\\/wp-content\\\/uploads\\\/2023\\\/10\\\/stiri-germana-ok2-2.png\",\"keywords\":[\"Au\u00dfenminister Bogdan Aurescu\",\"Beschr\u00e4nkungen\",\"Covid-19\",\"Demokrat Joe Biden\",\"Donald Trump\",\"Haushaltsgesetze\",\"Infektionen\",\"Online-Unterricht\",\"Premierminister Ludovic Orban\",\"Stef Blok\",\"US-Pr\u00e4sidentschaftswahlen\"],\"articleSection\":[\"Newsflash\"],\"inLanguage\":\"de\"},{\"@type\":\"WebPage\",\"@id\":\"https:\\\/\\\/www.rri.ro\\\/de\\\/aktuell\\\/newsflash-de\\\/nachrichten-09-11-2020-id633672.html\",\"url\":\"https:\\\/\\\/www.rri.ro\\\/de\\\/aktuell\\\/newsflash-de\\\/nachrichten-09-11-2020-id633672.html\",\"name\":\"Nachrichten 09.11.2020 - Radio Rum\u00e4nien International\",\"isPartOf\":{\"@id\":\"https:\\\/\\\/www.rri.ro\\\/#website\"},\"primaryImageOfPage\":{\"@id\":\"https:\\\/\\\/www.rri.ro\\\/de\\\/aktuell\\\/newsflash-de\\\/nachrichten-09-11-2020-id633672.html#primaryimage\"},\"image\":{\"@id\":\"https:\\\/\\\/www.rri.ro\\\/de\\\/aktuell\\\/newsflash-de\\\/nachrichten-09-11-2020-id633672.html#primaryimage\"},\"thumbnailUrl\":\"https:\\\/\\\/www.rri.ro\\\/wp-content\\\/uploads\\\/2023\\\/10\\\/stiri-germana-ok2-2.png\",\"datePublished\":\"2020-11-09T15:05:00+00:00\",\"author\":{\"@id\":\"https:\\\/\\\/www.rri.ro\\\/#\\\/schema\\\/person\\\/4a479940371b9fdefd194f561e8a7f88\"},\"breadcrumb\":{\"@id\":\"https:\\\/\\\/www.rri.ro\\\/de\\\/aktuell\\\/newsflash-de\\\/nachrichten-09-11-2020-id633672.html#breadcrumb\"},\"inLanguage\":\"de\",\"potentialAction\":[{\"@type\":\"ReadAction\",\"target\":[\"https:\\\/\\\/www.rri.ro\\\/de\\\/aktuell\\\/newsflash-de\\\/nachrichten-09-11-2020-id633672.html\"]}]},{\"@type\":\"ImageObject\",\"inLanguage\":\"de\",\"@id\":\"https:\\\/\\\/www.rri.ro\\\/de\\\/aktuell\\\/newsflash-de\\\/nachrichten-09-11-2020-id633672.html#primaryimage\",\"url\":\"https:\\\/\\\/www.rri.ro\\\/wp-content\\\/uploads\\\/2023\\\/10\\\/stiri-germana-ok2-2.png\",\"contentUrl\":\"https:\\\/\\\/www.rri.ro\\\/wp-content\\\/uploads\\\/2023\\\/10\\\/stiri-germana-ok2-2.png\",\"width\":640,\"height\":427},{\"@type\":\"BreadcrumbList\",\"@id\":\"https:\\\/\\\/www.rri.ro\\\/de\\\/aktuell\\\/newsflash-de\\\/nachrichten-09-11-2020-id633672.html#breadcrumb\",\"itemListElement\":[{\"@type\":\"ListItem\",\"position\":1,\"name\":\"Startseite\",\"item\":\"https:\\\/\\\/www.rri.ro\\\/de\"},{\"@type\":\"ListItem\",\"position\":2,\"name\":\"Aktuell\",\"item\":\"https:\\\/\\\/www.rri.ro\\\/de\\\/aktuell\"},{\"@type\":\"ListItem\",\"position\":3,\"name\":\"Newsflash\",\"item\":\"https:\\\/\\\/www.rri.ro\\\/de\\\/aktuell\\\/newsflash-de\"},{\"@type\":\"ListItem\",\"position\":4,\"name\":\"Nachrichten 09.11.2020\"}]},{\"@type\":\"WebSite\",\"@id\":\"https:\\\/\\\/www.rri.ro\\\/#website\",\"url\":\"https:\\\/\\\/www.rri.ro\\\/\",\"name\":\"Radio Rum\u00e4nien International\",\"description\":\"Totul despre Rom\u00e2nia \u015fi rom\u00e2ni, \u00een 13 limbi\\\/dialecte!\",\"inLanguage\":\"de\"},{\"@type\":\"Person\",\"@id\":\"https:\\\/\\\/www.rri.ro\\\/#\\\/schema\\\/person\\\/4a479940371b9fdefd194f561e8a7f88\",\"name\":\"Newsroom\",\"url\":\"https:\\\/\\\/www.rri.ro\\\/de\\\/author\\\/newsroom\"}]}<\/script>\n<!-- \/ Yoast SEO plugin. -->","yoast_head_json":{"title":"Nachrichten 09.11.2020 - Radio Rum\u00e4nien International","robots":{"index":"index","follow":"follow","max-snippet":"max-snippet:-1","max-image-preview":"max-image-preview:large","max-video-preview":"max-video-preview:-1"},"canonical":"https:\/\/www.rri.ro\/de\/aktuell\/newsflash-de\/nachrichten-09-11-2020-id633672.html","og_locale":"de_DE","og_type":"article","og_title":"Nachrichten 09.11.2020 - Radio Rum\u00e4nien International","og_description":"Weitere 3.240 neue F\u00e4lle von COVID-19 und 130 damit zusammenh\u00e4ngende Todesf\u00e4lle wurden in den letzten 24 Stunden in Rum\u00e4nien gemeldet. 1.076 Patienten befinden sich auf der Intensivstation. Am Montag traten neue Beschr\u00e4nkungen in Kraft, um die Ausbreitung des Virus einzud\u00e4mmen. Alle Klassen werden bis zum 9. Dezember online gehen. Die Gesch\u00e4fte werden um 21.00 Uhr [&hellip;]","og_url":"https:\/\/www.rri.ro\/de\/aktuell\/newsflash-de\/nachrichten-09-11-2020-id633672.html","og_site_name":"Radio Rum\u00e4nien International","article_published_time":"2020-11-09T15:05:00+00:00","og_image":[{"width":640,"height":427,"url":"https:\/\/www.rri.ro\/wp-content\/uploads\/2023\/10\/stiri-germana-ok2-2.png","type":"image\/png"}],"author":"Newsroom","twitter_card":"summary_large_image","twitter_misc":{"Verfasst von":"Newsroom","Gesch\u00e4tzte Lesezeit":"4\u00a0Minuten","Written by":"Newsroom"},"schema":{"@context":"https:\/\/schema.org","@graph":[{"@type":"Article","@id":"https:\/\/www.rri.ro\/de\/aktuell\/newsflash-de\/nachrichten-09-11-2020-id633672.html#article","isPartOf":{"@id":"https:\/\/www.rri.ro\/de\/aktuell\/newsflash-de\/nachrichten-09-11-2020-id633672.html"},"author":{"name":"Newsroom","@id":"https:\/\/www.rri.ro\/#\/schema\/person\/4a479940371b9fdefd194f561e8a7f88"},"headline":"Nachrichten 09.11.2020","datePublished":"2020-11-09T15:05:00+00:00","mainEntityOfPage":{"@id":"https:\/\/www.rri.ro\/de\/aktuell\/newsflash-de\/nachrichten-09-11-2020-id633672.html"},"wordCount":715,"image":{"@id":"https:\/\/www.rri.ro\/de\/aktuell\/newsflash-de\/nachrichten-09-11-2020-id633672.html#primaryimage"},"thumbnailUrl":"https:\/\/www.rri.ro\/wp-content\/uploads\/2023\/10\/stiri-germana-ok2-2.png","keywords":["Au\u00dfenminister Bogdan Aurescu","Beschr\u00e4nkungen","Covid-19","Demokrat Joe Biden","Donald Trump","Haushaltsgesetze","Infektionen","Online-Unterricht","Premierminister Ludovic Orban","Stef Blok","US-Pr\u00e4sidentschaftswahlen"],"articleSection":["Newsflash"],"inLanguage":"de"},{"@type":"WebPage","@id":"https:\/\/www.rri.ro\/de\/aktuell\/newsflash-de\/nachrichten-09-11-2020-id633672.html","url":"https:\/\/www.rri.ro\/de\/aktuell\/newsflash-de\/nachrichten-09-11-2020-id633672.html","name":"Nachrichten 09.11.2020 - Radio Rum\u00e4nien International","isPartOf":{"@id":"https:\/\/www.rri.ro\/#website"},"primaryImageOfPage":{"@id":"https:\/\/www.rri.ro\/de\/aktuell\/newsflash-de\/nachrichten-09-11-2020-id633672.html#primaryimage"},"image":{"@id":"https:\/\/www.rri.ro\/de\/aktuell\/newsflash-de\/nachrichten-09-11-2020-id633672.html#primaryimage"},"thumbnailUrl":"https:\/\/www.rri.ro\/wp-content\/uploads\/2023\/10\/stiri-germana-ok2-2.png","datePublished":"2020-11-09T15:05:00+00:00","author":{"@id":"https:\/\/www.rri.ro\/#\/schema\/person\/4a479940371b9fdefd194f561e8a7f88"},"breadcrumb":{"@id":"https:\/\/www.rri.ro\/de\/aktuell\/newsflash-de\/nachrichten-09-11-2020-id633672.html#breadcrumb"},"inLanguage":"de","potentialAction":[{"@type":"ReadAction","target":["https:\/\/www.rri.ro\/de\/aktuell\/newsflash-de\/nachrichten-09-11-2020-id633672.html"]}]},{"@type":"ImageObject","inLanguage":"de","@id":"https:\/\/www.rri.ro\/de\/aktuell\/newsflash-de\/nachrichten-09-11-2020-id633672.html#primaryimage","url":"https:\/\/www.rri.ro\/wp-content\/uploads\/2023\/10\/stiri-germana-ok2-2.png","contentUrl":"https:\/\/www.rri.ro\/wp-content\/uploads\/2023\/10\/stiri-germana-ok2-2.png","width":640,"height":427},{"@type":"BreadcrumbList","@id":"https:\/\/www.rri.ro\/de\/aktuell\/newsflash-de\/nachrichten-09-11-2020-id633672.html#breadcrumb","itemListElement":[{"@type":"ListItem","position":1,"name":"Startseite","item":"https:\/\/www.rri.ro\/de"},{"@type":"ListItem","position":2,"name":"Aktuell","item":"https:\/\/www.rri.ro\/de\/aktuell"},{"@type":"ListItem","position":3,"name":"Newsflash","item":"https:\/\/www.rri.ro\/de\/aktuell\/newsflash-de"},{"@type":"ListItem","position":4,"name":"Nachrichten 09.11.2020"}]},{"@type":"WebSite","@id":"https:\/\/www.rri.ro\/#website","url":"https:\/\/www.rri.ro\/","name":"Radio Rum\u00e4nien International","description":"Totul despre Rom\u00e2nia \u015fi rom\u00e2ni, \u00een 13 limbi\/dialecte!","inLanguage":"de"},{"@type":"Person","@id":"https:\/\/www.rri.ro\/#\/schema\/person\/4a479940371b9fdefd194f561e8a7f88","name":"Newsroom","url":"https:\/\/www.rri.ro\/de\/author\/newsroom"}]}},"_links":{"self":[{"href":"https:\/\/www.rri.ro\/de\/wp-json\/wp\/v2\/posts\/633672","targetHints":{"allow":["GET"]}}],"collection":[{"href":"https:\/\/www.rri.ro\/de\/wp-json\/wp\/v2\/posts"}],"about":[{"href":"https:\/\/www.rri.ro\/de\/wp-json\/wp\/v2\/types\/post"}],"author":[{"embeddable":true,"href":"https:\/\/www.rri.ro\/de\/wp-json\/wp\/v2\/users\/113"}],"replies":[{"embeddable":true,"href":"https:\/\/www.rri.ro\/de\/wp-json\/wp\/v2\/comments?post=633672"}],"version-history":[{"count":0,"href":"https:\/\/www.rri.ro\/de\/wp-json\/wp\/v2\/posts\/633672\/revisions"}],"wp:featuredmedia":[{"embeddable":true,"href":"https:\/\/www.rri.ro\/de\/wp-json\/wp\/v2\/media\/460330"}],"wp:attachment":[{"href":"https:\/\/www.rri.ro\/de\/wp-json\/wp\/v2\/media?parent=633672"}],"wp:term":[{"taxonomy":"category","embeddable":true,"href":"https:\/\/www.rri.ro\/de\/wp-json\/wp\/v2\/categories?post=633672"},{"taxonomy":"post_tag","embeddable":true,"href":"https:\/\/www.rri.ro\/de\/wp-json\/wp\/v2\/tags?post=633672"},{"taxonomy":"author","embeddable":true,"href":"https:\/\/www.rri.ro\/de\/wp-json\/wp\/v2\/coauthors?post=633672"}],"curies":[{"name":"wp","href":"https:\/\/api.w.org\/{rel}","templated":true}]}}