{"id":633720,"date":"2020-12-23T17:25:00","date_gmt":"2020-12-23T15:25:00","guid":{"rendered":"http:\/\/devrri.freshlemon.ro\/aktuell\/nachrichten-23-12-2020-id633720.html"},"modified":"2020-12-23T17:25:00","modified_gmt":"2020-12-23T15:25:00","slug":"nachrichten-23-12-2020","status":"publish","type":"post","link":"https:\/\/www.rri.ro\/de\/aktuell\/newsflash-de\/nachrichten-23-12-2020-id633720.html","title":{"rendered":"Nachrichten 23.12.2020"},"content":{"rendered":"<p>Einsetzung. In Bukarest findet die Sitzung des Parlaments zur Einsetzung der Regierung, die vom ernannten Premierminister Florin C\u00ee\u0163u vorgeschlagen wurde statt. Die Sitzung wird vom neuen Pr\u00e4sidenten der Abgeordnetenkammer Ludovic Orban geleitet, der bekannt gab, dass 363 der 455 validierten Parlamentarier anwesend sind. Alle vorgeschlagenen Minister wurden von den spezialisierten parlamentarischen Kommissionen gebilligt, wobei diese Stellungnahme beratend war. Die Regierung ist eine Mitte-Rechts-Koalition, die von der Nationalliberalen Partei, der Union Rettet Rum\u00e4nien &#8211; PLUS und dem Demokratischen Verband der Ungarn in Rum\u00e4nien gebildet wurde und versprach die Modernisierung des Landes sowie eine Partnerschaft mit dem Staatsoberhaupt f\u00fcr die Umsetzung der Reformen. Die Regierung hat 18 Ministerien mit zwei stellvertretenden Ministerpr\u00e4sidenten. Florin&#13;<br \/>\nC\u00ee\u0163u erkl\u00e4rte, dass das Regierungsprogramm die Unterst\u00fctzung des&#13;<br \/>\nInvestitionsprozesses vorsehe, aber auch einen umfassenden Reformprozess der&#13;<br \/>\nStruktur, der die Konsolidierung des nachhaltigen Wirtschaftswachstums&#13;<br \/>\nsicherstellen w\u00fcrde. Er betonte, dass alle Ziele der Regierung klare Fristen&#13;<br \/>\nhaben werden, die eingehalten werden m\u00fcssen. Die Sozialdemokratische Partei, die bei den Wahlen den ersten Platz belegte, aber kein Regierungsb\u00fcndnis bilden konnte, k\u00fcndigte an, dass die Parteien auf v\u00f6lligen Widerstand treffen werden. AUR, die vierte Kraft im Parlament, sagte, sie werde gegen die Regierung des liberal-liberalen Florin Citu stimmen.<\/p>\n<p>&#13;<br \/>\n&#13;<\/p>\n<p>&#13;<br \/>\n&#13;<\/p>\n<p>Impfung. Fast 5.500 neue Coronavirus-F\u00e4lle wurden am Mittwoch in Rum\u00e4nien gemeldet, womit die Gesamtzahl der best\u00e4tigten Infektionen nun die 600.000er-Marke \u00fcberschreitet. Au\u00dferdem wurden 130 neue Todesf\u00e4lle gemeldet, womit sich die Zahl der Toten auf 14.766 erh\u00f6ht hat. Etwa 1.250 Covid-Patienten befinden sich auf der Intensivstation. Die Beh\u00f6rden haben die Bev\u00f6lkerung erneut dazu aufgerufen, die bestehenden Anti-Covid-Ma\u00dfnahmen zu respektieren, und davor gewarnt, dass die Infektion nicht \u00fcber Weihnachten und Neujahr pausiert.<\/p>\n<p>&#13;<br \/>\n&#13;<\/p>\n<p>&#13;<br \/>\n&#13;<\/p>\n<p>Covid Europa. Europa wird die erste Region in der Welt, die den Meilenstein von 500.000 Coronavirus-Todesf\u00e4llen \u00fcberschreitet, nach Sch\u00e4tzungen von Reuters, w\u00e4hrend der neue Stamm des Virus, der in Gro\u00dfbritannien entdeckt wurde, die Bem\u00fchungen, die Ausbreitung der Pandemie einzud\u00e4mmen, zu behindern droht. In Italien, dem Land mit der h\u00f6chsten Covid-Todesrate in Europa, wurde ein mit der neuen Variante infizierter Patient identifiziert, ebenso in Frankreich und D\u00e4nemark. Laut Reuters befinden sich etwa 30 % der weltweiten Covid-Todesf\u00e4lle in Europa, wo die Todesrate in den letzten Monaten gestiegen ist und sich innerhalb von 60 Tagen verdoppelt hat. Die EU-L\u00e4nder bereiten sich auf Massenimpfungen vor, die unmittelbar nach Weihnachten beginnen sollen, da die Europ\u00e4ische Arzneimittelagentur am Montag den ersten Impfstoff gegen Covid-19 zugelassen hat.<\/p>\n<p>&#13;<br \/>\n&#13;<\/p>\n<p>&#13;<br \/>\n&#13;<\/p>\n<p>Kulturhauptstadt. Die Stadt Timisoara im Westen Rum\u00e4niens wird 2023 zusammen mit Elefsina (Griechenland) und Veszprem (Ungarn) die Kulturhauptstadt Europas sein. Sie sollten den Titel n\u00e4chstes Jahr halten, wurde aber aufgrund der Coronavirus-Pandemie verschoben. Das zust\u00e4ndige Ministerium wird die Projekte und die kulturelle Infrastruktur f\u00fcr diese Veranstaltung finanzieren. 2007 teilte eine andere Stadt in Rum\u00e4nien Sibiu mit Luxemburg den Titel.<\/p>\n<p>&#13;<br \/>\n&#13;<\/p>\n<p>&#13;<br \/>\n&#13;<\/p>\n<p>Schule. Drei Millionen Kinder haben am Mittwoch ihre Ferien nach mehr als anderthalb Monaten Fernunterricht begonnen. Der Unterricht wird am 11. Januar wieder aufgenommen, aber die Beh\u00f6rden m\u00fcssen noch entscheiden, ob er \u00fcber dieses Datum hinaus online abgehalten werden soll. Die Entscheidung wird vom Komitee f\u00fcr Notfallsituationen in Abh\u00e4ngigkeit von der epidemiologischen Situation getroffen.<\/p>\n<p>&#13;<br \/>\n&#13;<\/p>\n<p>&#13;<br \/>\n&#13;<\/p>\n<p>Gedenken. Am Mittwoch sind es 31 Jahre seit dem Massaker am Flughafen Otopeni in der N\u00e4he von Bukarest. Am 23. Dezember 1989, einen Tag nach der Verhaftung des fliehenden kommunistischen Diktators Nicolae Ceau\u015fescu, wurden 40 Gendarmen von den den Flughafen bewachenden Truppen erschossen, die sie f\u00e4lschlicherweise f\u00fcr Terroristen hielten. Die Gendarmen waren in Wirklichkeit eingesetzt worden, um die Verteidigung des Flughafens zu verst\u00e4rken.<\/p>\n<p>&#13;<br \/>\n&#13;<\/p>\n<p>&#13;<br \/>\n&#13;<\/p>\n<p>Republik Moldau. Die linke Regierung der Republik Moldau (ein ex-sowjetischer Staat mit einer mehrheitlich rum\u00e4nischsprachigen Bev\u00f6lkerung) trat am Mittwoch vor einem Misstrauensvotum im Parlament zur\u00fcck. Die Ank\u00fcndigung wurde von Premierminister Ion Chicu bei einer Pressekonferenz gemacht, die vom scheidenden pro-russischen sozialistischen Pr\u00e4sidenten Igor Dodon am letzten Tag seiner Amtszeit veranstaltet wurde. Letzten Monat verlor Dodon die Pr\u00e4sidentschaftswahlen gegen den ehemaligen pro-westlichen Premierministerin Maia Sandu.<\/p>\n<p>&#13;<\/p>\n","protected":false},"excerpt":{"rendered":"<p>Einsetzung. In Bukarest findet die Sitzung des Parlaments zur Einsetzung der Regierung, die vom ernannten Premierminister Florin C\u00ee\u0163u vorgeschlagen wurde statt. Die Sitzung wird vom neuen Pr\u00e4sidenten der Abgeordnetenkammer Ludovic Orban geleitet, der bekannt gab, dass 363 der 455 validierten Parlamentarier anwesend sind. Alle vorgeschlagenen Minister wurden von den spezialisierten parlamentarischen Kommissionen gebilligt, wobei diese [&hellip;]<\/p>\n","protected":false},"author":113,"featured_media":460330,"comment_status":"closed","ping_status":"closed","sticky":false,"template":"","format":"standard","meta":{"_acf_changed":false,"footnotes":""},"categories":[116753],"tags":[127488,127766,127764,103047,121892,127765,100576,34767,99586,117176,100933,154083],"coauthors":[],"class_list":["post-633720","post","type-post","status-publish","format-standard","has-post-thumbnail","hentry","category-newsflash-de","tag-coronavirus-faelle","tag-diktator-ceausescu","tag-eisetzung","tag-ferien","tag-kulturhaupstadt","tag-massenimpfungen","tag-moldau","tag-otopeni","tag-regierung","tag-revolution-1989","tag-ruecktritt","tag-timisoara-de"],"acf":[],"yoast_head":"<!-- This site is optimized with the Yoast SEO plugin v27.5 - https:\/\/yoast.com\/product\/yoast-seo-wordpress\/ -->\n<title>Nachrichten 23.12.2020 - Radio Rum\u00e4nien International<\/title>\n<meta name=\"robots\" content=\"index, follow, max-snippet:-1, max-image-preview:large, max-video-preview:-1\" \/>\n<link rel=\"canonical\" href=\"https:\/\/www.rri.ro\/de\/aktuell\/newsflash-de\/nachrichten-23-12-2020-id633720.html\" \/>\n<meta property=\"og:locale\" content=\"de_DE\" \/>\n<meta property=\"og:type\" content=\"article\" \/>\n<meta property=\"og:title\" content=\"Nachrichten 23.12.2020 - Radio Rum\u00e4nien International\" \/>\n<meta property=\"og:description\" content=\"Einsetzung. In Bukarest findet die Sitzung des Parlaments zur Einsetzung der Regierung, die vom ernannten Premierminister Florin C\u00ee\u0163u vorgeschlagen wurde statt. Die Sitzung wird vom neuen Pr\u00e4sidenten der Abgeordnetenkammer Ludovic Orban geleitet, der bekannt gab, dass 363 der 455 validierten Parlamentarier anwesend sind. Alle vorgeschlagenen Minister wurden von den spezialisierten parlamentarischen Kommissionen gebilligt, wobei diese [&hellip;]\" \/>\n<meta property=\"og:url\" content=\"https:\/\/www.rri.ro\/de\/aktuell\/newsflash-de\/nachrichten-23-12-2020-id633720.html\" \/>\n<meta property=\"og:site_name\" content=\"Radio Rum\u00e4nien International\" \/>\n<meta property=\"article:published_time\" content=\"2020-12-23T15:25:00+00:00\" \/>\n<meta property=\"og:image\" content=\"https:\/\/www.rri.ro\/wp-content\/uploads\/2023\/10\/stiri-germana-ok2-2.png\" \/>\n\t<meta property=\"og:image:width\" content=\"640\" \/>\n\t<meta property=\"og:image:height\" content=\"427\" \/>\n\t<meta property=\"og:image:type\" content=\"image\/png\" \/>\n<meta name=\"author\" content=\"Newsroom\" \/>\n<meta name=\"twitter:card\" content=\"summary_large_image\" \/>\n<meta name=\"twitter:label1\" content=\"Verfasst von\" \/>\n\t<meta name=\"twitter:data1\" content=\"Newsroom\" \/>\n\t<meta name=\"twitter:label2\" content=\"Gesch\u00e4tzte Lesezeit\" \/>\n\t<meta name=\"twitter:data2\" content=\"3\u00a0Minuten\" \/>\n\t<meta name=\"twitter:label3\" content=\"Written by\" \/>\n\t<meta name=\"twitter:data3\" content=\"Newsroom\" \/>\n<script type=\"application\/ld+json\" class=\"yoast-schema-graph\">{\"@context\":\"https:\\\/\\\/schema.org\",\"@graph\":[{\"@type\":\"Article\",\"@id\":\"https:\\\/\\\/www.rri.ro\\\/de\\\/aktuell\\\/newsflash-de\\\/nachrichten-23-12-2020-id633720.html#article\",\"isPartOf\":{\"@id\":\"https:\\\/\\\/www.rri.ro\\\/de\\\/aktuell\\\/newsflash-de\\\/nachrichten-23-12-2020-id633720.html\"},\"author\":{\"name\":\"Newsroom\",\"@id\":\"https:\\\/\\\/www.rri.ro\\\/#\\\/schema\\\/person\\\/4a479940371b9fdefd194f561e8a7f88\"},\"headline\":\"Nachrichten 23.12.2020\",\"datePublished\":\"2020-12-23T15:25:00+00:00\",\"mainEntityOfPage\":{\"@id\":\"https:\\\/\\\/www.rri.ro\\\/de\\\/aktuell\\\/newsflash-de\\\/nachrichten-23-12-2020-id633720.html\"},\"wordCount\":662,\"image\":{\"@id\":\"https:\\\/\\\/www.rri.ro\\\/de\\\/aktuell\\\/newsflash-de\\\/nachrichten-23-12-2020-id633720.html#primaryimage\"},\"thumbnailUrl\":\"https:\\\/\\\/www.rri.ro\\\/wp-content\\\/uploads\\\/2023\\\/10\\\/stiri-germana-ok2-2.png\",\"keywords\":[\"Coronavirus-F\u00e4lle\",\"Diktator Ceausescu\",\"Eisetzung\",\"Ferien\",\"Kulturhaupstadt\",\"Massenimpfungen\",\"Moldau\",\"Otopeni\",\"Regierung\",\"Revolution 1989\",\"R\u00fccktritt\",\"Timisoara\"],\"articleSection\":[\"Newsflash\"],\"inLanguage\":\"de\"},{\"@type\":\"WebPage\",\"@id\":\"https:\\\/\\\/www.rri.ro\\\/de\\\/aktuell\\\/newsflash-de\\\/nachrichten-23-12-2020-id633720.html\",\"url\":\"https:\\\/\\\/www.rri.ro\\\/de\\\/aktuell\\\/newsflash-de\\\/nachrichten-23-12-2020-id633720.html\",\"name\":\"Nachrichten 23.12.2020 - Radio Rum\u00e4nien International\",\"isPartOf\":{\"@id\":\"https:\\\/\\\/www.rri.ro\\\/#website\"},\"primaryImageOfPage\":{\"@id\":\"https:\\\/\\\/www.rri.ro\\\/de\\\/aktuell\\\/newsflash-de\\\/nachrichten-23-12-2020-id633720.html#primaryimage\"},\"image\":{\"@id\":\"https:\\\/\\\/www.rri.ro\\\/de\\\/aktuell\\\/newsflash-de\\\/nachrichten-23-12-2020-id633720.html#primaryimage\"},\"thumbnailUrl\":\"https:\\\/\\\/www.rri.ro\\\/wp-content\\\/uploads\\\/2023\\\/10\\\/stiri-germana-ok2-2.png\",\"datePublished\":\"2020-12-23T15:25:00+00:00\",\"author\":{\"@id\":\"https:\\\/\\\/www.rri.ro\\\/#\\\/schema\\\/person\\\/4a479940371b9fdefd194f561e8a7f88\"},\"breadcrumb\":{\"@id\":\"https:\\\/\\\/www.rri.ro\\\/de\\\/aktuell\\\/newsflash-de\\\/nachrichten-23-12-2020-id633720.html#breadcrumb\"},\"inLanguage\":\"de\",\"potentialAction\":[{\"@type\":\"ReadAction\",\"target\":[\"https:\\\/\\\/www.rri.ro\\\/de\\\/aktuell\\\/newsflash-de\\\/nachrichten-23-12-2020-id633720.html\"]}]},{\"@type\":\"ImageObject\",\"inLanguage\":\"de\",\"@id\":\"https:\\\/\\\/www.rri.ro\\\/de\\\/aktuell\\\/newsflash-de\\\/nachrichten-23-12-2020-id633720.html#primaryimage\",\"url\":\"https:\\\/\\\/www.rri.ro\\\/wp-content\\\/uploads\\\/2023\\\/10\\\/stiri-germana-ok2-2.png\",\"contentUrl\":\"https:\\\/\\\/www.rri.ro\\\/wp-content\\\/uploads\\\/2023\\\/10\\\/stiri-germana-ok2-2.png\",\"width\":640,\"height\":427},{\"@type\":\"BreadcrumbList\",\"@id\":\"https:\\\/\\\/www.rri.ro\\\/de\\\/aktuell\\\/newsflash-de\\\/nachrichten-23-12-2020-id633720.html#breadcrumb\",\"itemListElement\":[{\"@type\":\"ListItem\",\"position\":1,\"name\":\"Startseite\",\"item\":\"https:\\\/\\\/www.rri.ro\\\/de\"},{\"@type\":\"ListItem\",\"position\":2,\"name\":\"Aktuell\",\"item\":\"https:\\\/\\\/www.rri.ro\\\/de\\\/aktuell\"},{\"@type\":\"ListItem\",\"position\":3,\"name\":\"Newsflash\",\"item\":\"https:\\\/\\\/www.rri.ro\\\/de\\\/aktuell\\\/newsflash-de\"},{\"@type\":\"ListItem\",\"position\":4,\"name\":\"Nachrichten 23.12.2020\"}]},{\"@type\":\"WebSite\",\"@id\":\"https:\\\/\\\/www.rri.ro\\\/#website\",\"url\":\"https:\\\/\\\/www.rri.ro\\\/\",\"name\":\"Radio Rum\u00e4nien International\",\"description\":\"Totul despre Rom\u00e2nia \u015fi rom\u00e2ni, \u00een 13 limbi\\\/dialecte!\",\"inLanguage\":\"de\"},{\"@type\":\"Person\",\"@id\":\"https:\\\/\\\/www.rri.ro\\\/#\\\/schema\\\/person\\\/4a479940371b9fdefd194f561e8a7f88\",\"name\":\"Newsroom\",\"url\":\"https:\\\/\\\/www.rri.ro\\\/de\\\/author\\\/newsroom\"}]}<\/script>\n<!-- \/ Yoast SEO plugin. -->","yoast_head_json":{"title":"Nachrichten 23.12.2020 - Radio Rum\u00e4nien International","robots":{"index":"index","follow":"follow","max-snippet":"max-snippet:-1","max-image-preview":"max-image-preview:large","max-video-preview":"max-video-preview:-1"},"canonical":"https:\/\/www.rri.ro\/de\/aktuell\/newsflash-de\/nachrichten-23-12-2020-id633720.html","og_locale":"de_DE","og_type":"article","og_title":"Nachrichten 23.12.2020 - Radio Rum\u00e4nien International","og_description":"Einsetzung. In Bukarest findet die Sitzung des Parlaments zur Einsetzung der Regierung, die vom ernannten Premierminister Florin C\u00ee\u0163u vorgeschlagen wurde statt. Die Sitzung wird vom neuen Pr\u00e4sidenten der Abgeordnetenkammer Ludovic Orban geleitet, der bekannt gab, dass 363 der 455 validierten Parlamentarier anwesend sind. Alle vorgeschlagenen Minister wurden von den spezialisierten parlamentarischen Kommissionen gebilligt, wobei diese [&hellip;]","og_url":"https:\/\/www.rri.ro\/de\/aktuell\/newsflash-de\/nachrichten-23-12-2020-id633720.html","og_site_name":"Radio Rum\u00e4nien International","article_published_time":"2020-12-23T15:25:00+00:00","og_image":[{"width":640,"height":427,"url":"https:\/\/www.rri.ro\/wp-content\/uploads\/2023\/10\/stiri-germana-ok2-2.png","type":"image\/png"}],"author":"Newsroom","twitter_card":"summary_large_image","twitter_misc":{"Verfasst von":"Newsroom","Gesch\u00e4tzte Lesezeit":"3\u00a0Minuten","Written by":"Newsroom"},"schema":{"@context":"https:\/\/schema.org","@graph":[{"@type":"Article","@id":"https:\/\/www.rri.ro\/de\/aktuell\/newsflash-de\/nachrichten-23-12-2020-id633720.html#article","isPartOf":{"@id":"https:\/\/www.rri.ro\/de\/aktuell\/newsflash-de\/nachrichten-23-12-2020-id633720.html"},"author":{"name":"Newsroom","@id":"https:\/\/www.rri.ro\/#\/schema\/person\/4a479940371b9fdefd194f561e8a7f88"},"headline":"Nachrichten 23.12.2020","datePublished":"2020-12-23T15:25:00+00:00","mainEntityOfPage":{"@id":"https:\/\/www.rri.ro\/de\/aktuell\/newsflash-de\/nachrichten-23-12-2020-id633720.html"},"wordCount":662,"image":{"@id":"https:\/\/www.rri.ro\/de\/aktuell\/newsflash-de\/nachrichten-23-12-2020-id633720.html#primaryimage"},"thumbnailUrl":"https:\/\/www.rri.ro\/wp-content\/uploads\/2023\/10\/stiri-germana-ok2-2.png","keywords":["Coronavirus-F\u00e4lle","Diktator Ceausescu","Eisetzung","Ferien","Kulturhaupstadt","Massenimpfungen","Moldau","Otopeni","Regierung","Revolution 1989","R\u00fccktritt","Timisoara"],"articleSection":["Newsflash"],"inLanguage":"de"},{"@type":"WebPage","@id":"https:\/\/www.rri.ro\/de\/aktuell\/newsflash-de\/nachrichten-23-12-2020-id633720.html","url":"https:\/\/www.rri.ro\/de\/aktuell\/newsflash-de\/nachrichten-23-12-2020-id633720.html","name":"Nachrichten 23.12.2020 - Radio Rum\u00e4nien International","isPartOf":{"@id":"https:\/\/www.rri.ro\/#website"},"primaryImageOfPage":{"@id":"https:\/\/www.rri.ro\/de\/aktuell\/newsflash-de\/nachrichten-23-12-2020-id633720.html#primaryimage"},"image":{"@id":"https:\/\/www.rri.ro\/de\/aktuell\/newsflash-de\/nachrichten-23-12-2020-id633720.html#primaryimage"},"thumbnailUrl":"https:\/\/www.rri.ro\/wp-content\/uploads\/2023\/10\/stiri-germana-ok2-2.png","datePublished":"2020-12-23T15:25:00+00:00","author":{"@id":"https:\/\/www.rri.ro\/#\/schema\/person\/4a479940371b9fdefd194f561e8a7f88"},"breadcrumb":{"@id":"https:\/\/www.rri.ro\/de\/aktuell\/newsflash-de\/nachrichten-23-12-2020-id633720.html#breadcrumb"},"inLanguage":"de","potentialAction":[{"@type":"ReadAction","target":["https:\/\/www.rri.ro\/de\/aktuell\/newsflash-de\/nachrichten-23-12-2020-id633720.html"]}]},{"@type":"ImageObject","inLanguage":"de","@id":"https:\/\/www.rri.ro\/de\/aktuell\/newsflash-de\/nachrichten-23-12-2020-id633720.html#primaryimage","url":"https:\/\/www.rri.ro\/wp-content\/uploads\/2023\/10\/stiri-germana-ok2-2.png","contentUrl":"https:\/\/www.rri.ro\/wp-content\/uploads\/2023\/10\/stiri-germana-ok2-2.png","width":640,"height":427},{"@type":"BreadcrumbList","@id":"https:\/\/www.rri.ro\/de\/aktuell\/newsflash-de\/nachrichten-23-12-2020-id633720.html#breadcrumb","itemListElement":[{"@type":"ListItem","position":1,"name":"Startseite","item":"https:\/\/www.rri.ro\/de"},{"@type":"ListItem","position":2,"name":"Aktuell","item":"https:\/\/www.rri.ro\/de\/aktuell"},{"@type":"ListItem","position":3,"name":"Newsflash","item":"https:\/\/www.rri.ro\/de\/aktuell\/newsflash-de"},{"@type":"ListItem","position":4,"name":"Nachrichten 23.12.2020"}]},{"@type":"WebSite","@id":"https:\/\/www.rri.ro\/#website","url":"https:\/\/www.rri.ro\/","name":"Radio Rum\u00e4nien International","description":"Totul despre Rom\u00e2nia \u015fi rom\u00e2ni, \u00een 13 limbi\/dialecte!","inLanguage":"de"},{"@type":"Person","@id":"https:\/\/www.rri.ro\/#\/schema\/person\/4a479940371b9fdefd194f561e8a7f88","name":"Newsroom","url":"https:\/\/www.rri.ro\/de\/author\/newsroom"}]}},"_links":{"self":[{"href":"https:\/\/www.rri.ro\/de\/wp-json\/wp\/v2\/posts\/633720","targetHints":{"allow":["GET"]}}],"collection":[{"href":"https:\/\/www.rri.ro\/de\/wp-json\/wp\/v2\/posts"}],"about":[{"href":"https:\/\/www.rri.ro\/de\/wp-json\/wp\/v2\/types\/post"}],"author":[{"embeddable":true,"href":"https:\/\/www.rri.ro\/de\/wp-json\/wp\/v2\/users\/113"}],"replies":[{"embeddable":true,"href":"https:\/\/www.rri.ro\/de\/wp-json\/wp\/v2\/comments?post=633720"}],"version-history":[{"count":0,"href":"https:\/\/www.rri.ro\/de\/wp-json\/wp\/v2\/posts\/633720\/revisions"}],"wp:featuredmedia":[{"embeddable":true,"href":"https:\/\/www.rri.ro\/de\/wp-json\/wp\/v2\/media\/460330"}],"wp:attachment":[{"href":"https:\/\/www.rri.ro\/de\/wp-json\/wp\/v2\/media?parent=633720"}],"wp:term":[{"taxonomy":"category","embeddable":true,"href":"https:\/\/www.rri.ro\/de\/wp-json\/wp\/v2\/categories?post=633720"},{"taxonomy":"post_tag","embeddable":true,"href":"https:\/\/www.rri.ro\/de\/wp-json\/wp\/v2\/tags?post=633720"},{"taxonomy":"author","embeddable":true,"href":"https:\/\/www.rri.ro\/de\/wp-json\/wp\/v2\/coauthors?post=633720"}],"curies":[{"name":"wp","href":"https:\/\/api.w.org\/{rel}","templated":true}]}}