{"id":633743,"date":"2021-01-15T17:25:00","date_gmt":"2021-01-15T15:25:00","guid":{"rendered":"http:\/\/devrri.freshlemon.ro\/aktuell\/nachrichten-15-01-2021-id633743.html"},"modified":"2021-01-15T17:25:00","modified_gmt":"2021-01-15T15:25:00","slug":"nachrichten-15-01-2021","status":"publish","type":"post","link":"https:\/\/www.rri.ro\/de\/aktuell\/newsflash-de\/nachrichten-15-01-2021-id633743.html","title":{"rendered":"Nachrichten 15.01.2021"},"content":{"rendered":"<p><\/p>\n<p>Landespr\u00e4sident Klaus&#13;<br \/>\nIohannis hat sich \u00f6ffentlich, im Milit\u00e4rkrankenhaus in Bukarest, gegen Corona&#13;<br \/>\nimpfen lassen. Im Anschluss daran erkl\u00e4rte er, die Impfung sei sicher und&#13;<br \/>\neffizient und mit der Immunisierung und Einhaltung der Beschr\u00e4nkungen werden&#13;<br \/>\nwir die Pandemie \u00fcberwinden. Beginnend mit dem 15 Januar wird die Impfung der&#13;<br \/>\nzweiten Gruppe vorgenommen, der Menschen mit gesundheitlichen Risiken und der&#13;<br \/>\nin systemrelevanten Bereichen. Bis&#13;<br \/>\nFreitag haben sich in Rum\u00e4nien fast 688  Tausend&#13;<br \/>\nMenschen mit dem Coronavirus Sars-CoV-2 infiziert. \u00dcber 619 Tausend von ihnen&#13;<br \/>\ngelten als gesund, mehr als 17.000 Infizierte sind gestorben. <span style=font-size: 1em;>Nach offiziellen Angaben wurden in der&#13;<br \/>\nersten Phase der Kampagne, die am 27. Dezember begann und sich an Besch\u00e4ftigte&#13;<br \/>\nim Gesundheitssektor richtet, bisher etwa 170.000 Menschen geimpft, dh zwei&#13;<br \/>\nDrittel der in dieser Phase eingeschlossenen Personen.<\/span><span style=font-size: 1em;> Die Beh\u00f6rden&#13;<br \/>\nhaben angek\u00fcndigt, dass derzeit 309 Impfzentren in Betrieb sind.<\/span><span style=font-size: 1em;>&#13;<br \/>\n<\/span><span style=font-size: 1em;>Der&#13;<br \/>\nLandkreis Ilfov (in der N\u00e4he von Bukarest) weist nach wie vor die h\u00f6chste&#13;<br \/>\nInfektionsrate mit dem neuen Coronavirus des Landes auf, mit \u00fcber 4,5 F\u00e4llen&#13;<br \/>\npro tausend Einwohner binnen 14 Tagen.<\/span><span style=font-size: 1em;> Es folgen die&#13;<br \/>\nLandkreise Timis (Westen), Cluj (Nordwesten) und Bukarest.<\/span><\/p>\n<\/p>\n<p>&#13;<br \/>\n&#13;<\/p>\n<p>&#13;<br \/>\n&#13;<\/p>\n<p>Corona-Kranke, die wieder gesund sind, k\u00f6nnten f\u00fcr mindestens 5 Monate immun sein. Dennoch gibt es Hinweise darauf, dass diese Menschen weiterhin Tr\u00e4ger des Virus sein k\u00f6nnen, geht aus einer britischen Studie hervor.  Experten warnen davor, dass Menschen, die w\u00e4hrend der ersten Welle der Pandemie infiziert wurden, sich neu anstecken k\u00f6nnen. Bisher haben sich weltweit mindestens 93,5 Millionen Menschen mit dem neuen Coronavirus infiziert, mehr als 2 Millionen sind gestorben und etwa 66 Millionen gelten als gesund, so die Website von worldometers.<\/p>\n<p>&#13;<br \/>\n&#13;<\/p>\n<p>&#13;<br \/>\n&#13;<\/p>\n<p><span style=font-size: 1em;>Liviu Dragnea,&#13;<br \/>\nehemaliger Vorsitzender der Sozialdemokratischen Partei und ehemaliger&#13;<br \/>\nVorsitzender der rum\u00e4nischen Abgeordnetenkammer, wurde in einem neuen Korruptionsfall&#13;<br \/>\nwegen Einflussnahme angeklagt. Dabei geht es um seine Teilnahme an der&#13;<br \/>\nAmtseinf\u00fchrungszeremonie von US-Pr\u00e4sident Donald Trump, Anfang 2017. Die&#13;<br \/>\nStaatsanwaltschaft wirft dem ehemaligen Vorsitzenden der rum\u00e4nischen&#13;<br \/>\nSozialdemokraten vor, f\u00fcr sich und die Partei unrechtm\u00e4\u00dfige Vorteile in H\u00f6he&#13;<br \/>\nvon 380.000 Dollar entgegengenommen zu haben, und zwar in Form eines&#13;<br \/>\nDienstleistungspakets f\u00fcr die fragliche Reise, politischer Beratung und&#13;<br \/>\nLobbying-Dienste.. Liviu Dragnea verb\u00fc\u00dft derzeit eine Haftstrafe von 3,5 Jahren&#13;<br \/>\nwegen Anstiftung zum Amtsmissbrauch. <\/span><span style=font-size: 1em;>Andererseits k\u00fcndigte die Anti- Korruptionsbeh\u00f6rde&#13;<br \/>\nden Beginn der strafrechtlichen Ermittlungen gegen den ehemaligen Premierminister&#13;<br \/>\nund Senatsvorsitzenden C\u0103lin Popescu T\u0103riceanu an, weil er Bestechungsgelder&#13;<br \/>\nangenommen und eine Beschlagnahme seiner Immobilie in H\u00f6he von 800.000 Dollar  angeordnet hatte.<\/span><span style=font-size: 1em;>.<\/span><span style=font-size: 1em;> Calin Popescu&#13;<br \/>\nTariceanu, der am Freitag geh\u00f6rt wurde, erkl\u00e4rte, dass der Ansatz der&#13;<br \/>\nStaatsanwaltschaft von falschen Voraussetzungen ausgehe.<\/span><\/p>\n<\/p>\n<p>&#13;<br \/>\n&#13;<\/p>\n<p><span style=font-size: 1em;>Der nationale Kulturtag wird jedes Jahr am 15. Januar in Rum\u00e4nien und der benachbarten Republik Moldau begangen. Seit 2010 feiern die beiden L\u00e4nder gemeinsam den Geburtstag des rum\u00e4nischen Nationaldichters Mihai Eminescu (1850-1889), des letzten gro\u00dfen Vertreters der europ\u00e4ischen Romantik. In diesem Jahr organisieren die diplomatischen und konsularischen Vertretungen und die rum\u00e4nischen Kulturinstitute im Ausland mehrere Sonderveranstaltungen, sowohl on- als auch offline, unter Einhaltung aller Einschr\u00e4nkungen. Mit dem Nationalen Kulturtag sollen Kultur, Kunst und akademische Aktivit\u00e4ten pr\u00e4sentiert werden. Radio Rum\u00e4nien nimmt mit speziellen Sendungen und Programmen daran teil.<\/span><\/p>\n<p>&#13;<br \/>\n&#13;<\/p>\n<p>&#13;<br \/>\n&#13;<\/p>\n<p>Die Bukarester Regierung tagt heute online. Laut Finanzminister,Alexandru Nazare bereitet die Exekutive eine Reform der staatlichen Unternehmen vor und muss die Ziele zur Reduzierung von Verlusten und Schulden sowie Ma\u00dfnahmen zur \u00dcberwachung der T\u00e4tigkeit der betreffenden Unternehmen definieren. Der Staatshaushalt f\u00fcr 2021 wird Ende dieses Monats erwartet.<\/p>\n<p>&#13;<br \/>\n&#13;<\/p>\n<p><span style=font-size: 1em;> Nur 14,6 % der rum\u00e4nischen Unternehmen mit mindestens 10 Besch\u00e4ftigten berichteten im Zeitraum 2016 und 2018 \u00fcber Innovationst\u00e4tigkeiten. Damit ist Rum\u00e4nien das Schlusslicht in der Europ\u00e4ischen Union, wo die H\u00e4lfte der Unternehmen innovativ t\u00e4tig waren, so die heute von Eurostat ver\u00f6ffentlichten Daten. Die EU-Mitgliedstaaten, die im Zeitraum 2016-2018 die h\u00f6chste Anzahl innovativer Unternehmen verzeichnen, sind Estland, Zypern, Belgien und Deutschland. Am entgegengesetzten Pol befinden sich Rum\u00e4nien, Polen, Ungarn und Bulgarien. In Rum\u00e4nien stieg der Anteil der innovativen Unternehmen von 10 % im Jahr 2016 auf 14,6 % im Jahr 2018.<\/span><\/p>\n<p>&#13;<br \/>\n&#13;<\/p>\n<p>&#13;<br \/>\n&#13;<\/p>\n<p>Eine K\u00e4ltewelle ist nach Rum\u00e4nien gekommen. Besonders tiefe Temperaturen  wurden im Norden, Nordosten und in der Landesmitte gemessen. Die Tagesh\u00f6chsttemperaturen kletterten am Freitag auf -5\u00b0 bis 5\u00b0. In Bukarest wurden am Mittag -1\u00b0 gemessen. Voraussichtlich werden die Tiefsttemperaturen in den kommenden Tagen auf -20\u00b0 und -8\u00b0sinken.<\/p>\n<p>&#13;<\/p>\n","protected":false},"excerpt":{"rendered":"<p>Landespr\u00e4sident Klaus&#13; Iohannis hat sich \u00f6ffentlich, im Milit\u00e4rkrankenhaus in Bukarest, gegen Corona&#13; impfen lassen. Im Anschluss daran erkl\u00e4rte er, die Impfung sei sicher und&#13; effizient und mit der Immunisierung und Einhaltung der Beschr\u00e4nkungen werden&#13; wir die Pandemie \u00fcberwinden. Beginnend mit dem 15 Januar wird die Impfung der&#13; zweiten Gruppe vorgenommen, der Menschen mit gesundheitlichen Risiken [&hellip;]<\/p>\n","protected":false},"author":113,"featured_media":460330,"comment_status":"closed","ping_status":"closed","sticky":false,"template":"","format":"standard","meta":{"_acf_changed":false,"footnotes":""},"categories":[116753],"tags":[176367,151561,100434,102204,127804,29080,47026,100115,35601,100969],"coauthors":[],"class_list":["post-633743","post","type-post","status-publish","format-standard","has-post-thumbnail","hentry","category-newsflash-de","tag-alexandru-nazare-de","tag-eurostat-de","tag-finanzminister","tag-kaeltewelle","tag-landespraesident-klaus-iohannis","tag-liviu-dragnea","tag-pandemie","tag-republik-moldau","tag-sars-cov-2","tag-unternehmen"],"acf":[],"yoast_head":"<!-- This site is optimized with the Yoast SEO plugin v27.3 - https:\/\/yoast.com\/product\/yoast-seo-wordpress\/ -->\n<title>Nachrichten 15.01.2021 - Radio Rum\u00e4nien International<\/title>\n<meta name=\"robots\" content=\"index, follow, max-snippet:-1, max-image-preview:large, max-video-preview:-1\" \/>\n<link rel=\"canonical\" href=\"https:\/\/www.rri.ro\/de\/aktuell\/newsflash-de\/nachrichten-15-01-2021-id633743.html\" \/>\n<meta property=\"og:locale\" content=\"de_DE\" \/>\n<meta property=\"og:type\" content=\"article\" \/>\n<meta property=\"og:title\" content=\"Nachrichten 15.01.2021 - Radio Rum\u00e4nien International\" \/>\n<meta property=\"og:description\" content=\"Landespr\u00e4sident Klaus&#013; Iohannis hat sich \u00f6ffentlich, im Milit\u00e4rkrankenhaus in Bukarest, gegen Corona&#013; impfen lassen. Im Anschluss daran erkl\u00e4rte er, die Impfung sei sicher und&#013; effizient und mit der Immunisierung und Einhaltung der Beschr\u00e4nkungen werden&#013; wir die Pandemie \u00fcberwinden. Beginnend mit dem 15 Januar wird die Impfung der&#013; zweiten Gruppe vorgenommen, der Menschen mit gesundheitlichen Risiken [&hellip;]\" \/>\n<meta property=\"og:url\" content=\"https:\/\/www.rri.ro\/de\/aktuell\/newsflash-de\/nachrichten-15-01-2021-id633743.html\" \/>\n<meta property=\"og:site_name\" content=\"Radio Rum\u00e4nien International\" \/>\n<meta property=\"article:published_time\" content=\"2021-01-15T15:25:00+00:00\" \/>\n<meta property=\"og:image\" content=\"https:\/\/www.rri.ro\/wp-content\/uploads\/2023\/10\/stiri-germana-ok2-2.png\" \/>\n\t<meta property=\"og:image:width\" content=\"640\" \/>\n\t<meta property=\"og:image:height\" content=\"427\" \/>\n\t<meta property=\"og:image:type\" content=\"image\/png\" \/>\n<meta name=\"author\" content=\"Newsroom\" \/>\n<meta name=\"twitter:card\" content=\"summary_large_image\" \/>\n<meta name=\"twitter:label1\" content=\"Verfasst von\" \/>\n\t<meta name=\"twitter:data1\" content=\"Newsroom\" \/>\n\t<meta name=\"twitter:label2\" content=\"Gesch\u00e4tzte Lesezeit\" \/>\n\t<meta name=\"twitter:data2\" content=\"4\u00a0Minuten\" \/>\n\t<meta name=\"twitter:label3\" content=\"Written by\" \/>\n\t<meta name=\"twitter:data3\" content=\"Newsroom\" \/>\n<script type=\"application\/ld+json\" class=\"yoast-schema-graph\">{\"@context\":\"https:\\\/\\\/schema.org\",\"@graph\":[{\"@type\":\"Article\",\"@id\":\"https:\\\/\\\/www.rri.ro\\\/de\\\/aktuell\\\/newsflash-de\\\/nachrichten-15-01-2021-id633743.html#article\",\"isPartOf\":{\"@id\":\"https:\\\/\\\/www.rri.ro\\\/de\\\/aktuell\\\/newsflash-de\\\/nachrichten-15-01-2021-id633743.html\"},\"author\":{\"name\":\"Newsroom\",\"@id\":\"https:\\\/\\\/www.rri.ro\\\/#\\\/schema\\\/person\\\/4a479940371b9fdefd194f561e8a7f88\"},\"headline\":\"Nachrichten 15.01.2021\",\"datePublished\":\"2021-01-15T15:25:00+00:00\",\"mainEntityOfPage\":{\"@id\":\"https:\\\/\\\/www.rri.ro\\\/de\\\/aktuell\\\/newsflash-de\\\/nachrichten-15-01-2021-id633743.html\"},\"wordCount\":702,\"image\":{\"@id\":\"https:\\\/\\\/www.rri.ro\\\/de\\\/aktuell\\\/newsflash-de\\\/nachrichten-15-01-2021-id633743.html#primaryimage\"},\"thumbnailUrl\":\"https:\\\/\\\/www.rri.ro\\\/wp-content\\\/uploads\\\/2023\\\/10\\\/stiri-germana-ok2-2.png\",\"keywords\":[\"Alexandru Nazare\",\"Eurostat\",\"Finanzminister\",\"K\u00e4ltewelle\",\"Landespr\u00e4sident Klaus Iohannis\",\"Liviu Dragnea\",\"pandemie\",\"Republik Moldau\",\"SARS-CoV-2\",\"Unternehmen\"],\"articleSection\":[\"Newsflash\"],\"inLanguage\":\"de\"},{\"@type\":\"WebPage\",\"@id\":\"https:\\\/\\\/www.rri.ro\\\/de\\\/aktuell\\\/newsflash-de\\\/nachrichten-15-01-2021-id633743.html\",\"url\":\"https:\\\/\\\/www.rri.ro\\\/de\\\/aktuell\\\/newsflash-de\\\/nachrichten-15-01-2021-id633743.html\",\"name\":\"Nachrichten 15.01.2021 - Radio Rum\u00e4nien International\",\"isPartOf\":{\"@id\":\"https:\\\/\\\/www.rri.ro\\\/#website\"},\"primaryImageOfPage\":{\"@id\":\"https:\\\/\\\/www.rri.ro\\\/de\\\/aktuell\\\/newsflash-de\\\/nachrichten-15-01-2021-id633743.html#primaryimage\"},\"image\":{\"@id\":\"https:\\\/\\\/www.rri.ro\\\/de\\\/aktuell\\\/newsflash-de\\\/nachrichten-15-01-2021-id633743.html#primaryimage\"},\"thumbnailUrl\":\"https:\\\/\\\/www.rri.ro\\\/wp-content\\\/uploads\\\/2023\\\/10\\\/stiri-germana-ok2-2.png\",\"datePublished\":\"2021-01-15T15:25:00+00:00\",\"author\":{\"@id\":\"https:\\\/\\\/www.rri.ro\\\/#\\\/schema\\\/person\\\/4a479940371b9fdefd194f561e8a7f88\"},\"breadcrumb\":{\"@id\":\"https:\\\/\\\/www.rri.ro\\\/de\\\/aktuell\\\/newsflash-de\\\/nachrichten-15-01-2021-id633743.html#breadcrumb\"},\"inLanguage\":\"de\",\"potentialAction\":[{\"@type\":\"ReadAction\",\"target\":[\"https:\\\/\\\/www.rri.ro\\\/de\\\/aktuell\\\/newsflash-de\\\/nachrichten-15-01-2021-id633743.html\"]}]},{\"@type\":\"ImageObject\",\"inLanguage\":\"de\",\"@id\":\"https:\\\/\\\/www.rri.ro\\\/de\\\/aktuell\\\/newsflash-de\\\/nachrichten-15-01-2021-id633743.html#primaryimage\",\"url\":\"https:\\\/\\\/www.rri.ro\\\/wp-content\\\/uploads\\\/2023\\\/10\\\/stiri-germana-ok2-2.png\",\"contentUrl\":\"https:\\\/\\\/www.rri.ro\\\/wp-content\\\/uploads\\\/2023\\\/10\\\/stiri-germana-ok2-2.png\",\"width\":640,\"height\":427},{\"@type\":\"BreadcrumbList\",\"@id\":\"https:\\\/\\\/www.rri.ro\\\/de\\\/aktuell\\\/newsflash-de\\\/nachrichten-15-01-2021-id633743.html#breadcrumb\",\"itemListElement\":[{\"@type\":\"ListItem\",\"position\":1,\"name\":\"Startseite\",\"item\":\"https:\\\/\\\/www.rri.ro\\\/de\"},{\"@type\":\"ListItem\",\"position\":2,\"name\":\"Aktuell\",\"item\":\"https:\\\/\\\/www.rri.ro\\\/de\\\/aktuell\"},{\"@type\":\"ListItem\",\"position\":3,\"name\":\"Newsflash\",\"item\":\"https:\\\/\\\/www.rri.ro\\\/de\\\/aktuell\\\/newsflash-de\"},{\"@type\":\"ListItem\",\"position\":4,\"name\":\"Nachrichten 15.01.2021\"}]},{\"@type\":\"WebSite\",\"@id\":\"https:\\\/\\\/www.rri.ro\\\/#website\",\"url\":\"https:\\\/\\\/www.rri.ro\\\/\",\"name\":\"Radio Rum\u00e4nien International\",\"description\":\"Totul despre Rom\u00e2nia \u015fi rom\u00e2ni, \u00een 13 limbi\\\/dialecte!\",\"inLanguage\":\"de\"},{\"@type\":\"Person\",\"@id\":\"https:\\\/\\\/www.rri.ro\\\/#\\\/schema\\\/person\\\/4a479940371b9fdefd194f561e8a7f88\",\"name\":\"Newsroom\",\"url\":\"https:\\\/\\\/www.rri.ro\\\/de\\\/author\\\/newsroom\"}]}<\/script>\n<!-- \/ Yoast SEO plugin. -->","yoast_head_json":{"title":"Nachrichten 15.01.2021 - Radio Rum\u00e4nien International","robots":{"index":"index","follow":"follow","max-snippet":"max-snippet:-1","max-image-preview":"max-image-preview:large","max-video-preview":"max-video-preview:-1"},"canonical":"https:\/\/www.rri.ro\/de\/aktuell\/newsflash-de\/nachrichten-15-01-2021-id633743.html","og_locale":"de_DE","og_type":"article","og_title":"Nachrichten 15.01.2021 - Radio Rum\u00e4nien International","og_description":"Landespr\u00e4sident Klaus&#13; Iohannis hat sich \u00f6ffentlich, im Milit\u00e4rkrankenhaus in Bukarest, gegen Corona&#13; impfen lassen. Im Anschluss daran erkl\u00e4rte er, die Impfung sei sicher und&#13; effizient und mit der Immunisierung und Einhaltung der Beschr\u00e4nkungen werden&#13; wir die Pandemie \u00fcberwinden. Beginnend mit dem 15 Januar wird die Impfung der&#13; zweiten Gruppe vorgenommen, der Menschen mit gesundheitlichen Risiken [&hellip;]","og_url":"https:\/\/www.rri.ro\/de\/aktuell\/newsflash-de\/nachrichten-15-01-2021-id633743.html","og_site_name":"Radio Rum\u00e4nien International","article_published_time":"2021-01-15T15:25:00+00:00","og_image":[{"width":640,"height":427,"url":"https:\/\/www.rri.ro\/wp-content\/uploads\/2023\/10\/stiri-germana-ok2-2.png","type":"image\/png"}],"author":"Newsroom","twitter_card":"summary_large_image","twitter_misc":{"Verfasst von":"Newsroom","Gesch\u00e4tzte Lesezeit":"4\u00a0Minuten","Written by":"Newsroom"},"schema":{"@context":"https:\/\/schema.org","@graph":[{"@type":"Article","@id":"https:\/\/www.rri.ro\/de\/aktuell\/newsflash-de\/nachrichten-15-01-2021-id633743.html#article","isPartOf":{"@id":"https:\/\/www.rri.ro\/de\/aktuell\/newsflash-de\/nachrichten-15-01-2021-id633743.html"},"author":{"name":"Newsroom","@id":"https:\/\/www.rri.ro\/#\/schema\/person\/4a479940371b9fdefd194f561e8a7f88"},"headline":"Nachrichten 15.01.2021","datePublished":"2021-01-15T15:25:00+00:00","mainEntityOfPage":{"@id":"https:\/\/www.rri.ro\/de\/aktuell\/newsflash-de\/nachrichten-15-01-2021-id633743.html"},"wordCount":702,"image":{"@id":"https:\/\/www.rri.ro\/de\/aktuell\/newsflash-de\/nachrichten-15-01-2021-id633743.html#primaryimage"},"thumbnailUrl":"https:\/\/www.rri.ro\/wp-content\/uploads\/2023\/10\/stiri-germana-ok2-2.png","keywords":["Alexandru Nazare","Eurostat","Finanzminister","K\u00e4ltewelle","Landespr\u00e4sident Klaus Iohannis","Liviu Dragnea","pandemie","Republik Moldau","SARS-CoV-2","Unternehmen"],"articleSection":["Newsflash"],"inLanguage":"de"},{"@type":"WebPage","@id":"https:\/\/www.rri.ro\/de\/aktuell\/newsflash-de\/nachrichten-15-01-2021-id633743.html","url":"https:\/\/www.rri.ro\/de\/aktuell\/newsflash-de\/nachrichten-15-01-2021-id633743.html","name":"Nachrichten 15.01.2021 - Radio Rum\u00e4nien International","isPartOf":{"@id":"https:\/\/www.rri.ro\/#website"},"primaryImageOfPage":{"@id":"https:\/\/www.rri.ro\/de\/aktuell\/newsflash-de\/nachrichten-15-01-2021-id633743.html#primaryimage"},"image":{"@id":"https:\/\/www.rri.ro\/de\/aktuell\/newsflash-de\/nachrichten-15-01-2021-id633743.html#primaryimage"},"thumbnailUrl":"https:\/\/www.rri.ro\/wp-content\/uploads\/2023\/10\/stiri-germana-ok2-2.png","datePublished":"2021-01-15T15:25:00+00:00","author":{"@id":"https:\/\/www.rri.ro\/#\/schema\/person\/4a479940371b9fdefd194f561e8a7f88"},"breadcrumb":{"@id":"https:\/\/www.rri.ro\/de\/aktuell\/newsflash-de\/nachrichten-15-01-2021-id633743.html#breadcrumb"},"inLanguage":"de","potentialAction":[{"@type":"ReadAction","target":["https:\/\/www.rri.ro\/de\/aktuell\/newsflash-de\/nachrichten-15-01-2021-id633743.html"]}]},{"@type":"ImageObject","inLanguage":"de","@id":"https:\/\/www.rri.ro\/de\/aktuell\/newsflash-de\/nachrichten-15-01-2021-id633743.html#primaryimage","url":"https:\/\/www.rri.ro\/wp-content\/uploads\/2023\/10\/stiri-germana-ok2-2.png","contentUrl":"https:\/\/www.rri.ro\/wp-content\/uploads\/2023\/10\/stiri-germana-ok2-2.png","width":640,"height":427},{"@type":"BreadcrumbList","@id":"https:\/\/www.rri.ro\/de\/aktuell\/newsflash-de\/nachrichten-15-01-2021-id633743.html#breadcrumb","itemListElement":[{"@type":"ListItem","position":1,"name":"Startseite","item":"https:\/\/www.rri.ro\/de"},{"@type":"ListItem","position":2,"name":"Aktuell","item":"https:\/\/www.rri.ro\/de\/aktuell"},{"@type":"ListItem","position":3,"name":"Newsflash","item":"https:\/\/www.rri.ro\/de\/aktuell\/newsflash-de"},{"@type":"ListItem","position":4,"name":"Nachrichten 15.01.2021"}]},{"@type":"WebSite","@id":"https:\/\/www.rri.ro\/#website","url":"https:\/\/www.rri.ro\/","name":"Radio Rum\u00e4nien International","description":"Totul despre Rom\u00e2nia \u015fi rom\u00e2ni, \u00een 13 limbi\/dialecte!","inLanguage":"de"},{"@type":"Person","@id":"https:\/\/www.rri.ro\/#\/schema\/person\/4a479940371b9fdefd194f561e8a7f88","name":"Newsroom","url":"https:\/\/www.rri.ro\/de\/author\/newsroom"}]}},"_links":{"self":[{"href":"https:\/\/www.rri.ro\/de\/wp-json\/wp\/v2\/posts\/633743","targetHints":{"allow":["GET"]}}],"collection":[{"href":"https:\/\/www.rri.ro\/de\/wp-json\/wp\/v2\/posts"}],"about":[{"href":"https:\/\/www.rri.ro\/de\/wp-json\/wp\/v2\/types\/post"}],"author":[{"embeddable":true,"href":"https:\/\/www.rri.ro\/de\/wp-json\/wp\/v2\/users\/113"}],"replies":[{"embeddable":true,"href":"https:\/\/www.rri.ro\/de\/wp-json\/wp\/v2\/comments?post=633743"}],"version-history":[{"count":0,"href":"https:\/\/www.rri.ro\/de\/wp-json\/wp\/v2\/posts\/633743\/revisions"}],"wp:featuredmedia":[{"embeddable":true,"href":"https:\/\/www.rri.ro\/de\/wp-json\/wp\/v2\/media\/460330"}],"wp:attachment":[{"href":"https:\/\/www.rri.ro\/de\/wp-json\/wp\/v2\/media?parent=633743"}],"wp:term":[{"taxonomy":"category","embeddable":true,"href":"https:\/\/www.rri.ro\/de\/wp-json\/wp\/v2\/categories?post=633743"},{"taxonomy":"post_tag","embeddable":true,"href":"https:\/\/www.rri.ro\/de\/wp-json\/wp\/v2\/tags?post=633743"},{"taxonomy":"author","embeddable":true,"href":"https:\/\/www.rri.ro\/de\/wp-json\/wp\/v2\/coauthors?post=633743"}],"curies":[{"name":"wp","href":"https:\/\/api.w.org\/{rel}","templated":true}]}}