{"id":633770,"date":"2021-02-12T17:23:00","date_gmt":"2021-02-12T15:23:00","guid":{"rendered":"http:\/\/devrri.freshlemon.ro\/aktuell\/nachrichten-12-022021-id633770.html"},"modified":"2021-02-12T17:23:00","modified_gmt":"2021-02-12T15:23:00","slug":"nachrichten-12-022021","status":"publish","type":"post","link":"https:\/\/www.rri.ro\/de\/aktuell\/newsflash-de\/nachrichten-12-022021-id633770.html","title":{"rendered":"Nachrichten 12.02,2021"},"content":{"rendered":"<p>Der Entwurf des Staatshaushalts f\u00fcr das laufende Jahr wurde auf der Website des Finanzministeriums zur \u00f6ffentlichen Diskussion gestellt. Er geht von einem Defizit von rund 7% des BIP und einem Wirtschaftswachstum von 4,3% aus. Der Haushaltsentwurf sieht vor, dass das Kindergeld unver\u00e4ndert bleibt, die Renten erst ab dem 1. Januar 2022 steigen, es in diesem Jahr keine Urlaubsgutscheine mehr geben wird und Studenten nur noch 50 % Erm\u00e4\u00dfigung auf den Bahntransport erhalten werden. Au\u00dferdem werden die Investitionen mit 5,5 % des BIP veranschlagt, was mehr ist als im letzten Jahr. Die linke Opposition sowie die Arbeitgeber- und Gewerkschaftsverb\u00e4nde kritisieren die von der Regierung vorgeschlagenen Sparma\u00dfnahmen.<\/p>\n<p>&#13;<br \/>\n&#13;<\/p>\n<p>&#13;<br \/>\n&#13;<\/p>\n<p>In Rum\u00e4nien wurde der Warnzustand wegen der Coronavirus-Pandemie um 30 Tage verl\u00e4ngert. Zu den Ma\u00dfnahmen geh\u00f6ren das obligatorische Tragen von Masken, Reisebeschr\u00e4nkungen w\u00e4hrend der Nacht, besondere Bedingungen f\u00fcr kulturelle und sportliche Veranstaltungen sowie f\u00fcr Aktivit\u00e4ten im Tourismus und im Gastgewerbe. F\u00fcr jede dieser Ma\u00dfnahmen gibt es Ausnahmen oder besondere Durchf\u00fchrungsbestimmungen. Die Art der Berechnung der Anzahl der Infektionen, auf deren Grundlage die Beschr\u00e4nkungen f\u00fcr Regionen und Orte festgelegt werden, wird ge\u00e4ndert.<\/p>\n<p>&#13;<br \/>\n&#13;<\/p>\n<p>&#13;<br \/>\n&#13;<\/p>\n<p>Wichtige EU-Themen wie die Bew\u00e4ltigung der durch die COVID-19-Pandemie verursachten Krise, die Bem\u00fchungen zur wirtschaftlichen Erholung in der Gemeinschaft oder die Au\u00dfenpolitik waren die Hauptthemen der am Freitag in Br\u00fcssel gef\u00fchrten Gespr\u00e4che des rum\u00e4nischen Premierministers Florin C\u00ee\u0163u und des Pr\u00e4sidenten des Europ\u00e4ischen Rates Charles Michel. Der Chef der rum\u00e4nischen Exekutive unterstrich die Bedeutung, die Rum\u00e4nien der Gew\u00e4hrleistung eines kontinuierlichen Impfprozesses schenkt. Florin C\u00ee\u0163u ist auch der Ansicht, dass die EU-L\u00e4nder solidarisch mit Partnern auf dem westlichen Balkan und der \u00d6stlichen Partnerschaft sein m\u00fcssen, um Impfkampagnen durch Spenden von Impfdosen zu unterst\u00fctzen. In diesem Zusammenhang erinnerte er an die Zusage Rum\u00e4niens, der Republik Moldau 200.000 Dosen Immunisierungsserum zu spenden. Der rum\u00e4nische Premierminister trifft sich heute mit dem Pr\u00e4sidenten des Europ\u00e4ischen Rates Charles Michel, und mit der Pr\u00e4sidentin der EU-Kommission Ursula von der Leyen. Bei den Treffen mit europ\u00e4ischen Beamten am Donnerstag ging es um den Schengen-Beitritt Rum\u00e4niens und das Kooperations- und Kontrollmechanismus.<\/p>\n<p>&#13;<br \/>\n&#13;<\/p>\n<p>&#13;<br \/>\n&#13;<\/p>\n<p>In Rum\u00e4nien stieg die j\u00e4hrliche Inflationsrate in diesem Januar auf fast 3%, von 2,1% im Dezember 2020. Der Preis von Nicht-Lebensmitteln stieg um 3,25%, der von Lebensmitteln um 2,88% und von Dienstleistungen um 2,51%, so die heute ver\u00f6ffentlichten Daten des Nationalen Statistikinstituts. Die Rum\u00e4nische Nationalbank prognostiziert eine Inflationsrate von 2% am Ende des ersten Quartals des Jahres, eine Inflationsrate von 2,2% am Ende des zweiten Quartals und eine Rate von 2,4% am Ende des dritten Quartals. Die Inflationsrate am Ende des Jahres 2020 wird auf 2,5% gesch\u00e4tzt. <\/p>\n<p>&#13;<br \/>\n&#13;<\/p>\n<p>&#13;<br \/>\n&#13;<\/p>\n<p>Die Republik Moldau kommt der Ausrufung vorgezogener Wahlen n\u00e4her, ein Schritt, den die pro-europ\u00e4ische Pr\u00e4sidentin Maia Sandu und die sie unterst\u00fctzenden Parteien bef\u00fcrworten, da das derzeitige Parlament in Chisinau von den Sozialisten und ihren Verb\u00fcndeten dominiert wird. Das moldauische Parlament hat am Donnerstag den Vorschlag der Pr\u00e4sidentin f\u00fcr den Premierminister abgelehnt und ein zweiter gescheiterter Versuch, den Regierungschef zu ernennen, wird vorgezogene Neuwahlen ausl\u00f6sen. Die Chance daf\u00fcr ist gro\u00df, da Maia Sandu erneut Natalia Gavrilita nominiert hat, die Kandidatin, die das Parlament gerade abgelehnt hat. Gavrilita hat die Zusammensetzung des derzeitigen Parlaments scharf kritisiert und gesagt, dass es nicht mehr die Interessen der moldauischen B\u00fcrger vertritt.<\/p>\n<p>&#13;<\/p>\n","protected":false},"excerpt":{"rendered":"<p>Der Entwurf des Staatshaushalts f\u00fcr das laufende Jahr wurde auf der Website des Finanzministeriums zur \u00f6ffentlichen Diskussion gestellt. Er geht von einem Defizit von rund 7% des BIP und einem Wirtschaftswachstum von 4,3% aus. Der Haushaltsentwurf sieht vor, dass das Kindergeld unver\u00e4ndert bleibt, die Renten erst ab dem 1. Januar 2022 steigen, es in diesem [&hellip;]<\/p>\n","protected":false},"author":113,"featured_media":460330,"comment_status":"closed","ping_status":"closed","sticky":false,"template":"","format":"standard","meta":{"_acf_changed":false,"footnotes":""},"categories":[116753],"tags":[35206,104978,100260,31174,105318,100115,99798,35307,105021],"coauthors":[],"class_list":["post-633770","post","type-post","status-publish","format-standard","has-post-thumbnail","hentry","category-newsflash-de","tag-charles-michel","tag-covid-19-pandemie","tag-inflationsrate","tag-maia-sandu","tag-premierminister-florin-citu","tag-republik-moldau","tag-staatshaushalt","tag-ursula-von-der-leyen","tag-warnzustand"],"acf":[],"yoast_head":"<!-- This site is optimized with the Yoast SEO plugin v27.3 - https:\/\/yoast.com\/product\/yoast-seo-wordpress\/ -->\n<title>Nachrichten 12.02,2021 - Radio Rum\u00e4nien International<\/title>\n<meta name=\"robots\" content=\"index, follow, max-snippet:-1, max-image-preview:large, max-video-preview:-1\" \/>\n<link rel=\"canonical\" href=\"https:\/\/www.rri.ro\/de\/aktuell\/newsflash-de\/nachrichten-12-022021-id633770.html\" \/>\n<meta property=\"og:locale\" content=\"de_DE\" \/>\n<meta property=\"og:type\" content=\"article\" \/>\n<meta property=\"og:title\" content=\"Nachrichten 12.02,2021 - Radio Rum\u00e4nien International\" \/>\n<meta property=\"og:description\" content=\"Der Entwurf des Staatshaushalts f\u00fcr das laufende Jahr wurde auf der Website des Finanzministeriums zur \u00f6ffentlichen Diskussion gestellt. Er geht von einem Defizit von rund 7% des BIP und einem Wirtschaftswachstum von 4,3% aus. Der Haushaltsentwurf sieht vor, dass das Kindergeld unver\u00e4ndert bleibt, die Renten erst ab dem 1. Januar 2022 steigen, es in diesem [&hellip;]\" \/>\n<meta property=\"og:url\" content=\"https:\/\/www.rri.ro\/de\/aktuell\/newsflash-de\/nachrichten-12-022021-id633770.html\" \/>\n<meta property=\"og:site_name\" content=\"Radio Rum\u00e4nien International\" \/>\n<meta property=\"article:published_time\" content=\"2021-02-12T15:23:00+00:00\" \/>\n<meta property=\"og:image\" content=\"https:\/\/www.rri.ro\/wp-content\/uploads\/2023\/10\/stiri-germana-ok2-2.png\" \/>\n\t<meta property=\"og:image:width\" content=\"640\" \/>\n\t<meta property=\"og:image:height\" content=\"427\" \/>\n\t<meta property=\"og:image:type\" content=\"image\/png\" \/>\n<meta name=\"author\" content=\"Newsroom\" \/>\n<meta name=\"twitter:card\" content=\"summary_large_image\" \/>\n<meta name=\"twitter:label1\" content=\"Verfasst von\" \/>\n\t<meta name=\"twitter:data1\" content=\"Newsroom\" \/>\n\t<meta name=\"twitter:label2\" content=\"Gesch\u00e4tzte Lesezeit\" \/>\n\t<meta name=\"twitter:data2\" content=\"3\u00a0Minuten\" \/>\n\t<meta name=\"twitter:label3\" content=\"Written by\" \/>\n\t<meta name=\"twitter:data3\" content=\"Newsroom\" \/>\n<script type=\"application\/ld+json\" class=\"yoast-schema-graph\">{\"@context\":\"https:\\\/\\\/schema.org\",\"@graph\":[{\"@type\":\"Article\",\"@id\":\"https:\\\/\\\/www.rri.ro\\\/de\\\/aktuell\\\/newsflash-de\\\/nachrichten-12-022021-id633770.html#article\",\"isPartOf\":{\"@id\":\"https:\\\/\\\/www.rri.ro\\\/de\\\/aktuell\\\/newsflash-de\\\/nachrichten-12-022021-id633770.html\"},\"author\":{\"name\":\"Newsroom\",\"@id\":\"https:\\\/\\\/www.rri.ro\\\/#\\\/schema\\\/person\\\/4a479940371b9fdefd194f561e8a7f88\"},\"headline\":\"Nachrichten 12.02,2021\",\"datePublished\":\"2021-02-12T15:23:00+00:00\",\"mainEntityOfPage\":{\"@id\":\"https:\\\/\\\/www.rri.ro\\\/de\\\/aktuell\\\/newsflash-de\\\/nachrichten-12-022021-id633770.html\"},\"wordCount\":562,\"image\":{\"@id\":\"https:\\\/\\\/www.rri.ro\\\/de\\\/aktuell\\\/newsflash-de\\\/nachrichten-12-022021-id633770.html#primaryimage\"},\"thumbnailUrl\":\"https:\\\/\\\/www.rri.ro\\\/wp-content\\\/uploads\\\/2023\\\/10\\\/stiri-germana-ok2-2.png\",\"keywords\":[\"Charles Michel\",\"COVID-19-Pandemie\",\"Inflationsrate\",\"Maia Sandu\",\"Premierminister Florin Citu\",\"Republik Moldau\",\"Staatshaushalt\",\"Ursula von der Leyen\",\"Warnzustand\"],\"articleSection\":[\"Newsflash\"],\"inLanguage\":\"de\"},{\"@type\":\"WebPage\",\"@id\":\"https:\\\/\\\/www.rri.ro\\\/de\\\/aktuell\\\/newsflash-de\\\/nachrichten-12-022021-id633770.html\",\"url\":\"https:\\\/\\\/www.rri.ro\\\/de\\\/aktuell\\\/newsflash-de\\\/nachrichten-12-022021-id633770.html\",\"name\":\"Nachrichten 12.02,2021 - Radio Rum\u00e4nien International\",\"isPartOf\":{\"@id\":\"https:\\\/\\\/www.rri.ro\\\/#website\"},\"primaryImageOfPage\":{\"@id\":\"https:\\\/\\\/www.rri.ro\\\/de\\\/aktuell\\\/newsflash-de\\\/nachrichten-12-022021-id633770.html#primaryimage\"},\"image\":{\"@id\":\"https:\\\/\\\/www.rri.ro\\\/de\\\/aktuell\\\/newsflash-de\\\/nachrichten-12-022021-id633770.html#primaryimage\"},\"thumbnailUrl\":\"https:\\\/\\\/www.rri.ro\\\/wp-content\\\/uploads\\\/2023\\\/10\\\/stiri-germana-ok2-2.png\",\"datePublished\":\"2021-02-12T15:23:00+00:00\",\"author\":{\"@id\":\"https:\\\/\\\/www.rri.ro\\\/#\\\/schema\\\/person\\\/4a479940371b9fdefd194f561e8a7f88\"},\"breadcrumb\":{\"@id\":\"https:\\\/\\\/www.rri.ro\\\/de\\\/aktuell\\\/newsflash-de\\\/nachrichten-12-022021-id633770.html#breadcrumb\"},\"inLanguage\":\"de\",\"potentialAction\":[{\"@type\":\"ReadAction\",\"target\":[\"https:\\\/\\\/www.rri.ro\\\/de\\\/aktuell\\\/newsflash-de\\\/nachrichten-12-022021-id633770.html\"]}]},{\"@type\":\"ImageObject\",\"inLanguage\":\"de\",\"@id\":\"https:\\\/\\\/www.rri.ro\\\/de\\\/aktuell\\\/newsflash-de\\\/nachrichten-12-022021-id633770.html#primaryimage\",\"url\":\"https:\\\/\\\/www.rri.ro\\\/wp-content\\\/uploads\\\/2023\\\/10\\\/stiri-germana-ok2-2.png\",\"contentUrl\":\"https:\\\/\\\/www.rri.ro\\\/wp-content\\\/uploads\\\/2023\\\/10\\\/stiri-germana-ok2-2.png\",\"width\":640,\"height\":427},{\"@type\":\"BreadcrumbList\",\"@id\":\"https:\\\/\\\/www.rri.ro\\\/de\\\/aktuell\\\/newsflash-de\\\/nachrichten-12-022021-id633770.html#breadcrumb\",\"itemListElement\":[{\"@type\":\"ListItem\",\"position\":1,\"name\":\"Startseite\",\"item\":\"https:\\\/\\\/www.rri.ro\\\/de\"},{\"@type\":\"ListItem\",\"position\":2,\"name\":\"Aktuell\",\"item\":\"https:\\\/\\\/www.rri.ro\\\/de\\\/aktuell\"},{\"@type\":\"ListItem\",\"position\":3,\"name\":\"Newsflash\",\"item\":\"https:\\\/\\\/www.rri.ro\\\/de\\\/aktuell\\\/newsflash-de\"},{\"@type\":\"ListItem\",\"position\":4,\"name\":\"Nachrichten 12.02,2021\"}]},{\"@type\":\"WebSite\",\"@id\":\"https:\\\/\\\/www.rri.ro\\\/#website\",\"url\":\"https:\\\/\\\/www.rri.ro\\\/\",\"name\":\"Radio Rum\u00e4nien International\",\"description\":\"Totul despre Rom\u00e2nia \u015fi rom\u00e2ni, \u00een 13 limbi\\\/dialecte!\",\"inLanguage\":\"de\"},{\"@type\":\"Person\",\"@id\":\"https:\\\/\\\/www.rri.ro\\\/#\\\/schema\\\/person\\\/4a479940371b9fdefd194f561e8a7f88\",\"name\":\"Newsroom\",\"url\":\"https:\\\/\\\/www.rri.ro\\\/de\\\/author\\\/newsroom\"}]}<\/script>\n<!-- \/ Yoast SEO plugin. -->","yoast_head_json":{"title":"Nachrichten 12.02,2021 - Radio Rum\u00e4nien International","robots":{"index":"index","follow":"follow","max-snippet":"max-snippet:-1","max-image-preview":"max-image-preview:large","max-video-preview":"max-video-preview:-1"},"canonical":"https:\/\/www.rri.ro\/de\/aktuell\/newsflash-de\/nachrichten-12-022021-id633770.html","og_locale":"de_DE","og_type":"article","og_title":"Nachrichten 12.02,2021 - Radio Rum\u00e4nien International","og_description":"Der Entwurf des Staatshaushalts f\u00fcr das laufende Jahr wurde auf der Website des Finanzministeriums zur \u00f6ffentlichen Diskussion gestellt. Er geht von einem Defizit von rund 7% des BIP und einem Wirtschaftswachstum von 4,3% aus. Der Haushaltsentwurf sieht vor, dass das Kindergeld unver\u00e4ndert bleibt, die Renten erst ab dem 1. Januar 2022 steigen, es in diesem [&hellip;]","og_url":"https:\/\/www.rri.ro\/de\/aktuell\/newsflash-de\/nachrichten-12-022021-id633770.html","og_site_name":"Radio Rum\u00e4nien International","article_published_time":"2021-02-12T15:23:00+00:00","og_image":[{"width":640,"height":427,"url":"https:\/\/www.rri.ro\/wp-content\/uploads\/2023\/10\/stiri-germana-ok2-2.png","type":"image\/png"}],"author":"Newsroom","twitter_card":"summary_large_image","twitter_misc":{"Verfasst von":"Newsroom","Gesch\u00e4tzte Lesezeit":"3\u00a0Minuten","Written by":"Newsroom"},"schema":{"@context":"https:\/\/schema.org","@graph":[{"@type":"Article","@id":"https:\/\/www.rri.ro\/de\/aktuell\/newsflash-de\/nachrichten-12-022021-id633770.html#article","isPartOf":{"@id":"https:\/\/www.rri.ro\/de\/aktuell\/newsflash-de\/nachrichten-12-022021-id633770.html"},"author":{"name":"Newsroom","@id":"https:\/\/www.rri.ro\/#\/schema\/person\/4a479940371b9fdefd194f561e8a7f88"},"headline":"Nachrichten 12.02,2021","datePublished":"2021-02-12T15:23:00+00:00","mainEntityOfPage":{"@id":"https:\/\/www.rri.ro\/de\/aktuell\/newsflash-de\/nachrichten-12-022021-id633770.html"},"wordCount":562,"image":{"@id":"https:\/\/www.rri.ro\/de\/aktuell\/newsflash-de\/nachrichten-12-022021-id633770.html#primaryimage"},"thumbnailUrl":"https:\/\/www.rri.ro\/wp-content\/uploads\/2023\/10\/stiri-germana-ok2-2.png","keywords":["Charles Michel","COVID-19-Pandemie","Inflationsrate","Maia Sandu","Premierminister Florin Citu","Republik Moldau","Staatshaushalt","Ursula von der Leyen","Warnzustand"],"articleSection":["Newsflash"],"inLanguage":"de"},{"@type":"WebPage","@id":"https:\/\/www.rri.ro\/de\/aktuell\/newsflash-de\/nachrichten-12-022021-id633770.html","url":"https:\/\/www.rri.ro\/de\/aktuell\/newsflash-de\/nachrichten-12-022021-id633770.html","name":"Nachrichten 12.02,2021 - Radio Rum\u00e4nien International","isPartOf":{"@id":"https:\/\/www.rri.ro\/#website"},"primaryImageOfPage":{"@id":"https:\/\/www.rri.ro\/de\/aktuell\/newsflash-de\/nachrichten-12-022021-id633770.html#primaryimage"},"image":{"@id":"https:\/\/www.rri.ro\/de\/aktuell\/newsflash-de\/nachrichten-12-022021-id633770.html#primaryimage"},"thumbnailUrl":"https:\/\/www.rri.ro\/wp-content\/uploads\/2023\/10\/stiri-germana-ok2-2.png","datePublished":"2021-02-12T15:23:00+00:00","author":{"@id":"https:\/\/www.rri.ro\/#\/schema\/person\/4a479940371b9fdefd194f561e8a7f88"},"breadcrumb":{"@id":"https:\/\/www.rri.ro\/de\/aktuell\/newsflash-de\/nachrichten-12-022021-id633770.html#breadcrumb"},"inLanguage":"de","potentialAction":[{"@type":"ReadAction","target":["https:\/\/www.rri.ro\/de\/aktuell\/newsflash-de\/nachrichten-12-022021-id633770.html"]}]},{"@type":"ImageObject","inLanguage":"de","@id":"https:\/\/www.rri.ro\/de\/aktuell\/newsflash-de\/nachrichten-12-022021-id633770.html#primaryimage","url":"https:\/\/www.rri.ro\/wp-content\/uploads\/2023\/10\/stiri-germana-ok2-2.png","contentUrl":"https:\/\/www.rri.ro\/wp-content\/uploads\/2023\/10\/stiri-germana-ok2-2.png","width":640,"height":427},{"@type":"BreadcrumbList","@id":"https:\/\/www.rri.ro\/de\/aktuell\/newsflash-de\/nachrichten-12-022021-id633770.html#breadcrumb","itemListElement":[{"@type":"ListItem","position":1,"name":"Startseite","item":"https:\/\/www.rri.ro\/de"},{"@type":"ListItem","position":2,"name":"Aktuell","item":"https:\/\/www.rri.ro\/de\/aktuell"},{"@type":"ListItem","position":3,"name":"Newsflash","item":"https:\/\/www.rri.ro\/de\/aktuell\/newsflash-de"},{"@type":"ListItem","position":4,"name":"Nachrichten 12.02,2021"}]},{"@type":"WebSite","@id":"https:\/\/www.rri.ro\/#website","url":"https:\/\/www.rri.ro\/","name":"Radio Rum\u00e4nien International","description":"Totul despre Rom\u00e2nia \u015fi rom\u00e2ni, \u00een 13 limbi\/dialecte!","inLanguage":"de"},{"@type":"Person","@id":"https:\/\/www.rri.ro\/#\/schema\/person\/4a479940371b9fdefd194f561e8a7f88","name":"Newsroom","url":"https:\/\/www.rri.ro\/de\/author\/newsroom"}]}},"_links":{"self":[{"href":"https:\/\/www.rri.ro\/de\/wp-json\/wp\/v2\/posts\/633770","targetHints":{"allow":["GET"]}}],"collection":[{"href":"https:\/\/www.rri.ro\/de\/wp-json\/wp\/v2\/posts"}],"about":[{"href":"https:\/\/www.rri.ro\/de\/wp-json\/wp\/v2\/types\/post"}],"author":[{"embeddable":true,"href":"https:\/\/www.rri.ro\/de\/wp-json\/wp\/v2\/users\/113"}],"replies":[{"embeddable":true,"href":"https:\/\/www.rri.ro\/de\/wp-json\/wp\/v2\/comments?post=633770"}],"version-history":[{"count":0,"href":"https:\/\/www.rri.ro\/de\/wp-json\/wp\/v2\/posts\/633770\/revisions"}],"wp:featuredmedia":[{"embeddable":true,"href":"https:\/\/www.rri.ro\/de\/wp-json\/wp\/v2\/media\/460330"}],"wp:attachment":[{"href":"https:\/\/www.rri.ro\/de\/wp-json\/wp\/v2\/media?parent=633770"}],"wp:term":[{"taxonomy":"category","embeddable":true,"href":"https:\/\/www.rri.ro\/de\/wp-json\/wp\/v2\/categories?post=633770"},{"taxonomy":"post_tag","embeddable":true,"href":"https:\/\/www.rri.ro\/de\/wp-json\/wp\/v2\/tags?post=633770"},{"taxonomy":"author","embeddable":true,"href":"https:\/\/www.rri.ro\/de\/wp-json\/wp\/v2\/coauthors?post=633770"}],"curies":[{"name":"wp","href":"https:\/\/api.w.org\/{rel}","templated":true}]}}