{"id":633790,"date":"2021-03-01T14:21:00","date_gmt":"2021-03-01T12:21:00","guid":{"rendered":"http:\/\/devrri.freshlemon.ro\/aktuell\/nachrichten-01-03-2021-id633790.html"},"modified":"2021-03-01T14:21:00","modified_gmt":"2021-03-01T12:21:00","slug":"nachrichten-01-03-2021","status":"publish","type":"post","link":"https:\/\/www.rri.ro\/de\/aktuell\/newsflash-de\/nachrichten-01-03-2021-id633790.html","title":{"rendered":"Nachrichten 01.03.2021"},"content":{"rendered":"<p>&#8212; Das Parlament ist am Montag zusammengekommen, um im Plenum  \u00fcber den Entwurf des \u00f6ffentlichen Haushalts und des Haushalts f\u00fcr die Sozialversicherung f\u00fcr das laufende Jahr zu debattieren. Die endg\u00fcltige Abstimmung ist f\u00fcr morgen vorgesehen. Beide Texte passierten gestern die Haushalts- und Finanzaussch\u00fcssen des Parlaments, wobei keiner der etwa 4.000 eingereichten \u00c4nderungsantr\u00e4ge angenommen wurde. Die meisten von ihnen wurden von ihren Initiatoren nicht mehr vorgebracht.  Diese werfen der Exekutive vor, einen Sparhaushalt aufgestellt zu haben. Die Regierung behauptet hingegen, der Staatshaushalt stelle die Entwicklung sicher und unterst\u00fctze die Reformen. Nach Meinung des Finanzministers Alexandru Nazare, wird  der Haushalt eine wirtschaftliche Erholung erm\u00f6glichen, ohne Lohnk\u00fcrzungen oder Steuererh\u00f6hungen vornehmen zu m\u00fcssen.<\/p>\n<p>&#13;<br \/>\n&#13;<\/p>\n<p>&#13;<br \/>\n&#13;<\/p>\n<p>&#13;<br \/>\n&#13;<\/p>\n<p> &#8212; Vertreter der F\u00f6deration Gesundheitssolidarit\u00e4t\u201c protestieren am Montag und Dienstag in Bukarest, w\u00e4hrend das Parlament \u00fcber den Entwurf des \u00f6ffentlichen und des Sozialversicherungshaushalts f\u00fcr das laufende Jahr ber\u00e4t. Die Demonstranten wollen die Parlamentarier \u00fcberzeugen, \u00c4nderungen zu verabschieden, die mehr Geld f\u00fcr das Gesundheitswesen und die Erh\u00f6hung der Geh\u00e4lter im Gesundheitsbereich vorsehen. Dar\u00fcber hinaus fordern die Demonstranten Ma\u200e\u00dfnahmen, durch welche die Legislative einen besseren Schutz f\u00fcr das Gesundheitspersonal gew\u00e4hrleistet und die Zahl derer, die sich mit dem Virus infizieren oder an diesem sterben, verringert.<\/p>\n<p>&#13;<br \/>\n&#13;<\/p>\n<p>&#13;<br \/>\n&#13;<\/p>\n<p>&#13;<br \/>\n&#13;<\/p>\n<p> &#8211; 130 neue Impfzentren sind am 1. M\u00e4rz in Rum\u00e4nien er\u00f6ffnet worden. Bisher wurden \u00fcber 915.000 Menschen gegen Covid-19 geimpft. Am Montag wird Rum\u00e4nien eine neue Lieferung von mehr als 214.000 Dosen des Pfizer\/Biontech-Impfstoffs erhalten. Dar\u00fcber hinaus hat der Arzt Valeriu Gheorghi\u0163\u0103, der Leiter der Nationalen Impfkampagne, angek\u00fcndigt, dass die dritte Etappe der Impfung im April beginnen wird.  Die Rum\u00e4nen, die sich einschreiben m\u00f6chten, forderte er auf, beginnend mit den 15. M\u00e4rz einen Termin auf der Online-Plattform zu reservieren. In der Zwischenzeit warnt das Gesundheitspersonal vor der dritten Corona-Welle, und ruft die Bev\u00f6lkerung auf, weiterhin die Vorsorge-Ma\u200e\u00dfnahmen einzuhalten, das hei\u200e\u00dft: Masken tragen, Abstand halten und H\u00e4ndewaschen<strong>. <\/strong><\/p>\n<p>&#13;<br \/>\n&#13;<\/p>\n<p>In den letzten 24 Stunden wurden in Rum\u00e4nien \u00fcber 2.096  Corona-F\u00e4lle registriert. 53  Menschen sind im Zusammenhang mit dem Virus gestorben. 1.022 Corona-Patienten befinden sich auf Intensivstationen. Seit Beginn der Pandemie haben sich in Rum\u00e4nien \u00fcber 804 Tausende Menschen mit dem Coronavirus SARS-CoV-2 infiziert. \u00dcber 741.000 von ihnen gelten als gesund, mehr als 20.400 Infizierte sind gestorben.<\/p>\n<p>&#13;<br \/>\n&#13;<\/p>\n<p>&#13;<br \/>\n&#13;<\/p>\n<p>&#13;<br \/>\n&#13;<\/p>\n<p> &#8212; Die Dacia-Werke in der s\u00fcdrum\u00e4nischen Stadt Mioveni, die zum franz\u00f6sischen Hersteller Renault geh\u00f6ren, werden im M\u00e4rz und m\u00f6glicherweise auch im April die Produktion f\u00fcr je f\u00fcnf Tage aussetzen.  Ein Mangel an Halbleitern f\u00fchrte zu dieser Entscheidung. Nur einige wenige Abteilungen werden ihre Arbeit wie gewohnt fortsetzen.<\/p>\n<p>&#13;<br \/>\n&#13;<\/p>\n<p>&#13;<br \/>\n&#13;<\/p>\n<p>&#13;<br \/>\n&#13;<\/p>\n<p> &#8212; Ein Online-Marathon der Gaudeamus-Buchmesse startet an diesem Montag. Die Veranstaltung wird von Radio Rum\u00e4nien organisiert und findet den ganzen M\u00e4rz \u00fcber unter www.gaudeamus.ro statt. Mehr als 70 Aussteller, darunter die renommiertesten Verlage des Landes, Dutzende von Veranstaltungen, die neuesten Buchver\u00f6ffentlichungen und auch viele \u00dcberraschungen erwarten die Besucher dieser Marathon-Ausgabe, die im Zeichen des Fr\u00fchlingsanfangs steht. Dabei werden auch Sachb\u00fccher, Lyrik und Kinderliteratur vorgestellt.<\/p>\n<p>&#13;<br \/>\n&#13;<\/p>\n<p>&#13;<br \/>\n&#13;<\/p>\n<p>&#13;<br \/>\n&#13;<\/p>\n<p>&#8212; Im S\u00fcden und S\u00fcdosten Rum\u00e4niens ist der Himmel bedeckt. Vereinzelt werden Regen und Graupel erwartet. Der Wind weht mit mehr als 50 km\/h, st\u00e4rker auf den Berggipfeln, besonders in den S\u00fcdkarpaten, wo die B\u00f6en 90 km\/h erreichen. Die H\u00f6chsttemperaturen lagen am Mittag zwischen 4 und 12 Grad. In Bukarest wurden am Montagmittag 4 Grad gemessen.<\/p>\n<p>&#13;<br \/>\n&#13;<\/p>\n<p>&#13;<\/p>\n","protected":false},"excerpt":{"rendered":"<p>130 neue Impfzentren wurden am 1. M\u00e4rz er\u00f6ffnet+++Das Parlament debattiert \u00fcber den Entwurf des \u00f6ffentlichen Haushalts und des Haushalts f\u00fcr die Sozialversicherung+++Gewerkschaftsvertreter der Gesundheitsbranche protestieren gegen den Haushalt+++<\/p>\n","protected":false},"author":113,"featured_media":460330,"comment_status":"closed","ping_status":"closed","sticky":false,"template":"","format":"standard","meta":{"_acf_changed":false,"footnotes":""},"categories":[116753],"tags":[35529,100261,103518,102128,143895,29797],"coauthors":[],"class_list":["post-633790","post","type-post","status-publish","format-standard","has-post-thumbnail","hentry","category-newsflash-de","tag-corona","tag-haushalt","tag-impfung","tag-literatur","tag-proteste-de","tag-renault"],"acf":[],"yoast_head":"<!-- This site is optimized with the Yoast SEO plugin v27.3 - https:\/\/yoast.com\/product\/yoast-seo-wordpress\/ -->\n<title>Nachrichten 01.03.2021 - Radio Rum\u00e4nien International<\/title>\n<meta name=\"robots\" content=\"index, follow, max-snippet:-1, max-image-preview:large, max-video-preview:-1\" \/>\n<link rel=\"canonical\" href=\"https:\/\/www.rri.ro\/de\/aktuell\/newsflash-de\/nachrichten-01-03-2021-id633790.html\" \/>\n<meta property=\"og:locale\" content=\"de_DE\" \/>\n<meta property=\"og:type\" content=\"article\" \/>\n<meta property=\"og:title\" content=\"Nachrichten 01.03.2021 - Radio Rum\u00e4nien International\" \/>\n<meta property=\"og:description\" content=\"130 neue Impfzentren wurden am 1. M\u00e4rz er\u00f6ffnet+++Das Parlament debattiert \u00fcber den Entwurf des \u00f6ffentlichen Haushalts und des Haushalts f\u00fcr die Sozialversicherung+++Gewerkschaftsvertreter der Gesundheitsbranche protestieren gegen den Haushalt+++\" \/>\n<meta property=\"og:url\" content=\"https:\/\/www.rri.ro\/de\/aktuell\/newsflash-de\/nachrichten-01-03-2021-id633790.html\" \/>\n<meta property=\"og:site_name\" content=\"Radio Rum\u00e4nien International\" \/>\n<meta property=\"article:published_time\" content=\"2021-03-01T12:21:00+00:00\" \/>\n<meta property=\"og:image\" content=\"https:\/\/www.rri.ro\/wp-content\/uploads\/2023\/10\/stiri-germana-ok2-2.png\" \/>\n\t<meta property=\"og:image:width\" content=\"640\" \/>\n\t<meta property=\"og:image:height\" content=\"427\" \/>\n\t<meta property=\"og:image:type\" content=\"image\/png\" \/>\n<meta name=\"author\" content=\"Newsroom\" \/>\n<meta name=\"twitter:card\" content=\"summary_large_image\" \/>\n<meta name=\"twitter:label1\" content=\"Verfasst von\" \/>\n\t<meta name=\"twitter:data1\" content=\"Newsroom\" \/>\n\t<meta name=\"twitter:label2\" content=\"Gesch\u00e4tzte Lesezeit\" \/>\n\t<meta name=\"twitter:data2\" content=\"3\u00a0Minuten\" \/>\n\t<meta name=\"twitter:label3\" content=\"Written by\" \/>\n\t<meta name=\"twitter:data3\" content=\"Newsroom\" \/>\n<script type=\"application\/ld+json\" class=\"yoast-schema-graph\">{\"@context\":\"https:\\\/\\\/schema.org\",\"@graph\":[{\"@type\":\"Article\",\"@id\":\"https:\\\/\\\/www.rri.ro\\\/de\\\/aktuell\\\/newsflash-de\\\/nachrichten-01-03-2021-id633790.html#article\",\"isPartOf\":{\"@id\":\"https:\\\/\\\/www.rri.ro\\\/de\\\/aktuell\\\/newsflash-de\\\/nachrichten-01-03-2021-id633790.html\"},\"author\":{\"name\":\"Newsroom\",\"@id\":\"https:\\\/\\\/www.rri.ro\\\/#\\\/schema\\\/person\\\/4a479940371b9fdefd194f561e8a7f88\"},\"headline\":\"Nachrichten 01.03.2021\",\"datePublished\":\"2021-03-01T12:21:00+00:00\",\"mainEntityOfPage\":{\"@id\":\"https:\\\/\\\/www.rri.ro\\\/de\\\/aktuell\\\/newsflash-de\\\/nachrichten-01-03-2021-id633790.html\"},\"wordCount\":569,\"image\":{\"@id\":\"https:\\\/\\\/www.rri.ro\\\/de\\\/aktuell\\\/newsflash-de\\\/nachrichten-01-03-2021-id633790.html#primaryimage\"},\"thumbnailUrl\":\"https:\\\/\\\/www.rri.ro\\\/wp-content\\\/uploads\\\/2023\\\/10\\\/stiri-germana-ok2-2.png\",\"keywords\":[\"corona\",\"Haushalt\",\"Impfung\",\"Literatur\",\"proteste\",\"Renault\"],\"articleSection\":[\"Newsflash\"],\"inLanguage\":\"de\"},{\"@type\":\"WebPage\",\"@id\":\"https:\\\/\\\/www.rri.ro\\\/de\\\/aktuell\\\/newsflash-de\\\/nachrichten-01-03-2021-id633790.html\",\"url\":\"https:\\\/\\\/www.rri.ro\\\/de\\\/aktuell\\\/newsflash-de\\\/nachrichten-01-03-2021-id633790.html\",\"name\":\"Nachrichten 01.03.2021 - Radio Rum\u00e4nien International\",\"isPartOf\":{\"@id\":\"https:\\\/\\\/www.rri.ro\\\/#website\"},\"primaryImageOfPage\":{\"@id\":\"https:\\\/\\\/www.rri.ro\\\/de\\\/aktuell\\\/newsflash-de\\\/nachrichten-01-03-2021-id633790.html#primaryimage\"},\"image\":{\"@id\":\"https:\\\/\\\/www.rri.ro\\\/de\\\/aktuell\\\/newsflash-de\\\/nachrichten-01-03-2021-id633790.html#primaryimage\"},\"thumbnailUrl\":\"https:\\\/\\\/www.rri.ro\\\/wp-content\\\/uploads\\\/2023\\\/10\\\/stiri-germana-ok2-2.png\",\"datePublished\":\"2021-03-01T12:21:00+00:00\",\"author\":{\"@id\":\"https:\\\/\\\/www.rri.ro\\\/#\\\/schema\\\/person\\\/4a479940371b9fdefd194f561e8a7f88\"},\"breadcrumb\":{\"@id\":\"https:\\\/\\\/www.rri.ro\\\/de\\\/aktuell\\\/newsflash-de\\\/nachrichten-01-03-2021-id633790.html#breadcrumb\"},\"inLanguage\":\"de\",\"potentialAction\":[{\"@type\":\"ReadAction\",\"target\":[\"https:\\\/\\\/www.rri.ro\\\/de\\\/aktuell\\\/newsflash-de\\\/nachrichten-01-03-2021-id633790.html\"]}]},{\"@type\":\"ImageObject\",\"inLanguage\":\"de\",\"@id\":\"https:\\\/\\\/www.rri.ro\\\/de\\\/aktuell\\\/newsflash-de\\\/nachrichten-01-03-2021-id633790.html#primaryimage\",\"url\":\"https:\\\/\\\/www.rri.ro\\\/wp-content\\\/uploads\\\/2023\\\/10\\\/stiri-germana-ok2-2.png\",\"contentUrl\":\"https:\\\/\\\/www.rri.ro\\\/wp-content\\\/uploads\\\/2023\\\/10\\\/stiri-germana-ok2-2.png\",\"width\":640,\"height\":427},{\"@type\":\"BreadcrumbList\",\"@id\":\"https:\\\/\\\/www.rri.ro\\\/de\\\/aktuell\\\/newsflash-de\\\/nachrichten-01-03-2021-id633790.html#breadcrumb\",\"itemListElement\":[{\"@type\":\"ListItem\",\"position\":1,\"name\":\"Startseite\",\"item\":\"https:\\\/\\\/www.rri.ro\\\/de\"},{\"@type\":\"ListItem\",\"position\":2,\"name\":\"Aktuell\",\"item\":\"https:\\\/\\\/www.rri.ro\\\/de\\\/aktuell\"},{\"@type\":\"ListItem\",\"position\":3,\"name\":\"Newsflash\",\"item\":\"https:\\\/\\\/www.rri.ro\\\/de\\\/aktuell\\\/newsflash-de\"},{\"@type\":\"ListItem\",\"position\":4,\"name\":\"Nachrichten 01.03.2021\"}]},{\"@type\":\"WebSite\",\"@id\":\"https:\\\/\\\/www.rri.ro\\\/#website\",\"url\":\"https:\\\/\\\/www.rri.ro\\\/\",\"name\":\"Radio Rum\u00e4nien International\",\"description\":\"Totul despre Rom\u00e2nia \u015fi rom\u00e2ni, \u00een 13 limbi\\\/dialecte!\",\"inLanguage\":\"de\"},{\"@type\":\"Person\",\"@id\":\"https:\\\/\\\/www.rri.ro\\\/#\\\/schema\\\/person\\\/4a479940371b9fdefd194f561e8a7f88\",\"name\":\"Newsroom\",\"url\":\"https:\\\/\\\/www.rri.ro\\\/de\\\/author\\\/newsroom\"}]}<\/script>\n<!-- \/ Yoast SEO plugin. -->","yoast_head_json":{"title":"Nachrichten 01.03.2021 - Radio Rum\u00e4nien International","robots":{"index":"index","follow":"follow","max-snippet":"max-snippet:-1","max-image-preview":"max-image-preview:large","max-video-preview":"max-video-preview:-1"},"canonical":"https:\/\/www.rri.ro\/de\/aktuell\/newsflash-de\/nachrichten-01-03-2021-id633790.html","og_locale":"de_DE","og_type":"article","og_title":"Nachrichten 01.03.2021 - Radio Rum\u00e4nien International","og_description":"130 neue Impfzentren wurden am 1. M\u00e4rz er\u00f6ffnet+++Das Parlament debattiert \u00fcber den Entwurf des \u00f6ffentlichen Haushalts und des Haushalts f\u00fcr die Sozialversicherung+++Gewerkschaftsvertreter der Gesundheitsbranche protestieren gegen den Haushalt+++","og_url":"https:\/\/www.rri.ro\/de\/aktuell\/newsflash-de\/nachrichten-01-03-2021-id633790.html","og_site_name":"Radio Rum\u00e4nien International","article_published_time":"2021-03-01T12:21:00+00:00","og_image":[{"width":640,"height":427,"url":"https:\/\/www.rri.ro\/wp-content\/uploads\/2023\/10\/stiri-germana-ok2-2.png","type":"image\/png"}],"author":"Newsroom","twitter_card":"summary_large_image","twitter_misc":{"Verfasst von":"Newsroom","Gesch\u00e4tzte Lesezeit":"3\u00a0Minuten","Written by":"Newsroom"},"schema":{"@context":"https:\/\/schema.org","@graph":[{"@type":"Article","@id":"https:\/\/www.rri.ro\/de\/aktuell\/newsflash-de\/nachrichten-01-03-2021-id633790.html#article","isPartOf":{"@id":"https:\/\/www.rri.ro\/de\/aktuell\/newsflash-de\/nachrichten-01-03-2021-id633790.html"},"author":{"name":"Newsroom","@id":"https:\/\/www.rri.ro\/#\/schema\/person\/4a479940371b9fdefd194f561e8a7f88"},"headline":"Nachrichten 01.03.2021","datePublished":"2021-03-01T12:21:00+00:00","mainEntityOfPage":{"@id":"https:\/\/www.rri.ro\/de\/aktuell\/newsflash-de\/nachrichten-01-03-2021-id633790.html"},"wordCount":569,"image":{"@id":"https:\/\/www.rri.ro\/de\/aktuell\/newsflash-de\/nachrichten-01-03-2021-id633790.html#primaryimage"},"thumbnailUrl":"https:\/\/www.rri.ro\/wp-content\/uploads\/2023\/10\/stiri-germana-ok2-2.png","keywords":["corona","Haushalt","Impfung","Literatur","proteste","Renault"],"articleSection":["Newsflash"],"inLanguage":"de"},{"@type":"WebPage","@id":"https:\/\/www.rri.ro\/de\/aktuell\/newsflash-de\/nachrichten-01-03-2021-id633790.html","url":"https:\/\/www.rri.ro\/de\/aktuell\/newsflash-de\/nachrichten-01-03-2021-id633790.html","name":"Nachrichten 01.03.2021 - Radio Rum\u00e4nien International","isPartOf":{"@id":"https:\/\/www.rri.ro\/#website"},"primaryImageOfPage":{"@id":"https:\/\/www.rri.ro\/de\/aktuell\/newsflash-de\/nachrichten-01-03-2021-id633790.html#primaryimage"},"image":{"@id":"https:\/\/www.rri.ro\/de\/aktuell\/newsflash-de\/nachrichten-01-03-2021-id633790.html#primaryimage"},"thumbnailUrl":"https:\/\/www.rri.ro\/wp-content\/uploads\/2023\/10\/stiri-germana-ok2-2.png","datePublished":"2021-03-01T12:21:00+00:00","author":{"@id":"https:\/\/www.rri.ro\/#\/schema\/person\/4a479940371b9fdefd194f561e8a7f88"},"breadcrumb":{"@id":"https:\/\/www.rri.ro\/de\/aktuell\/newsflash-de\/nachrichten-01-03-2021-id633790.html#breadcrumb"},"inLanguage":"de","potentialAction":[{"@type":"ReadAction","target":["https:\/\/www.rri.ro\/de\/aktuell\/newsflash-de\/nachrichten-01-03-2021-id633790.html"]}]},{"@type":"ImageObject","inLanguage":"de","@id":"https:\/\/www.rri.ro\/de\/aktuell\/newsflash-de\/nachrichten-01-03-2021-id633790.html#primaryimage","url":"https:\/\/www.rri.ro\/wp-content\/uploads\/2023\/10\/stiri-germana-ok2-2.png","contentUrl":"https:\/\/www.rri.ro\/wp-content\/uploads\/2023\/10\/stiri-germana-ok2-2.png","width":640,"height":427},{"@type":"BreadcrumbList","@id":"https:\/\/www.rri.ro\/de\/aktuell\/newsflash-de\/nachrichten-01-03-2021-id633790.html#breadcrumb","itemListElement":[{"@type":"ListItem","position":1,"name":"Startseite","item":"https:\/\/www.rri.ro\/de"},{"@type":"ListItem","position":2,"name":"Aktuell","item":"https:\/\/www.rri.ro\/de\/aktuell"},{"@type":"ListItem","position":3,"name":"Newsflash","item":"https:\/\/www.rri.ro\/de\/aktuell\/newsflash-de"},{"@type":"ListItem","position":4,"name":"Nachrichten 01.03.2021"}]},{"@type":"WebSite","@id":"https:\/\/www.rri.ro\/#website","url":"https:\/\/www.rri.ro\/","name":"Radio Rum\u00e4nien International","description":"Totul despre Rom\u00e2nia \u015fi rom\u00e2ni, \u00een 13 limbi\/dialecte!","inLanguage":"de"},{"@type":"Person","@id":"https:\/\/www.rri.ro\/#\/schema\/person\/4a479940371b9fdefd194f561e8a7f88","name":"Newsroom","url":"https:\/\/www.rri.ro\/de\/author\/newsroom"}]}},"_links":{"self":[{"href":"https:\/\/www.rri.ro\/de\/wp-json\/wp\/v2\/posts\/633790","targetHints":{"allow":["GET"]}}],"collection":[{"href":"https:\/\/www.rri.ro\/de\/wp-json\/wp\/v2\/posts"}],"about":[{"href":"https:\/\/www.rri.ro\/de\/wp-json\/wp\/v2\/types\/post"}],"author":[{"embeddable":true,"href":"https:\/\/www.rri.ro\/de\/wp-json\/wp\/v2\/users\/113"}],"replies":[{"embeddable":true,"href":"https:\/\/www.rri.ro\/de\/wp-json\/wp\/v2\/comments?post=633790"}],"version-history":[{"count":0,"href":"https:\/\/www.rri.ro\/de\/wp-json\/wp\/v2\/posts\/633790\/revisions"}],"wp:featuredmedia":[{"embeddable":true,"href":"https:\/\/www.rri.ro\/de\/wp-json\/wp\/v2\/media\/460330"}],"wp:attachment":[{"href":"https:\/\/www.rri.ro\/de\/wp-json\/wp\/v2\/media?parent=633790"}],"wp:term":[{"taxonomy":"category","embeddable":true,"href":"https:\/\/www.rri.ro\/de\/wp-json\/wp\/v2\/categories?post=633790"},{"taxonomy":"post_tag","embeddable":true,"href":"https:\/\/www.rri.ro\/de\/wp-json\/wp\/v2\/tags?post=633790"},{"taxonomy":"author","embeddable":true,"href":"https:\/\/www.rri.ro\/de\/wp-json\/wp\/v2\/coauthors?post=633790"}],"curies":[{"name":"wp","href":"https:\/\/api.w.org\/{rel}","templated":true}]}}