{"id":633892,"date":"2021-06-15T17:29:00","date_gmt":"2021-06-15T14:29:00","guid":{"rendered":"http:\/\/devrri.freshlemon.ro\/aktuell\/nachrichten-15-06-2021-id633892.html"},"modified":"2021-06-15T17:29:00","modified_gmt":"2021-06-15T14:29:00","slug":"nachrichten-15-06-2021","status":"publish","type":"post","link":"https:\/\/www.rri.ro\/de\/aktuell\/newsflash-de\/nachrichten-15-06-2021-id633892.html","title":{"rendered":"Nachrichten 15.06.2021"},"content":{"rendered":"<p>BESUCH Der rum\u00e4nische Staatspr\u00e4sident Klaus Iohannis wird am Mittwoch und Donnerstag zu einem offiziellen Besuch in Estland sein, teilte die Pr\u00e4sidentschaft mit. Iohannis wird Gespr\u00e4che mit seiner estnischen Amtskollegin Kersti Kaljulaid, mit Premierministerin Kaja Kallas und mit dem  Parlamentsvorsitzender J\u00fcri Ratas f\u00fchren. Die Agenda konzentriert sich auf die St\u00e4rkung der bilateralen Beziehungen, einschlie\u00dflich der wirtschaftlichen und sektoralen Zusammenarbeit, mit einem Schwerpunkt auf dem digitalen Sektor, auf die Bek\u00e4mpfung der COVID-19-Pandemie und auf EU-bezogene Themen, wie das EU-Konjunkturprogramm, die gr\u00fcne Transition und die digitale Transition, den EU-Erweiterungsprozess und die Entwicklungen in der Republik Moldau, der Ukraine und Belarus. Die Beamten werden auch die rum\u00e4nisch-estnische Zusammenarbeit innerhalb der NATO besprechen, auch in Bezug auf die Sicherheit am Schwarzen Meer und an der Ostsee, sowie die Zusammenarbeit im Rahmen der Bukarest 9 und der Drei-Meere-Initiative.<\/p>\n<p>&#13;<br \/>\n&#13;<\/p>\n<p>&#13;<br \/>\n&#13;<\/p>\n<p>COVID-19 Die Beh\u00f6rden meldeten am Dienstag 103 Neuf\u00e4lle von Coronavirus-Infektionen und 96 COVID-19-bedingte Todesf\u00e4lle, von denen die meisten jedoch aus den vergangenen Monaten stammen. Etwa 200 Patienten befinden sich auf der Intensivstation. Unterdessen werden die Bem\u00fchungen, die Menschen zur Impfung zu bewegen, verst\u00e4rkt. Mehr als 4,5 Millionen Menschen haben seit Dezember den COVID-19-Impfstoff erhalten, und mehr als 4,2 Millionen haben beide Dosen bekommen. Aufgrund des deutlichen R\u00fcckgangs der Zahl der Impfwilligen wurden mehrere Impfzentren geschlossen w\u00e4hrend andere ihre \u00d6ffnungszeiten verk\u00fcrzt haben. Mit den entlassenen Mitarbeitern werden mobile Teams gebildet, um die Impfkampagne in l\u00e4ndlichen Gebieten und in Kleinst\u00e4dten fortzusetzen. Gleichzeitig beantragte Rum\u00e4nien im Juni die Aussetzung der Lieferung einiger Dosen des Anti-COVID-Impfstoffs und wird nur etwa ein Drittel der insgesamt geplanten 7,1 Millionen erhalten.<\/p>\n<p>&#13;<br \/>\n&#13;<\/p>\n<p>&#13;<br \/>\n&#13;<\/p>\n<p>KORRUPTION Die Coronavirus-Pandemie hat die Korruption unter den EU-B\u00fcrgern angeheizt. Weniger als die H\u00e4lfte von ihnen glaubt, dass die Krise von den Beh\u00f6rden transparent gehandhabt wurde, so eine am Dienstag ver\u00f6ffentlichte und von AFP zitierte Umfrage von Transparency International. Nach Angaben der Organisation ist das Gesundheitswesen besonders von Korruption betroffen. Obwohl nur 6% der Befragten angaben, Bestechungsgelder im Austausch f\u00fcr den Zugang zur Gesundheitsversorgung angeboten zu haben, gaben 29% an, pers\u00f6nliche Verbindungen genutzt zu haben, um privilegierten Zugang zu erhalten. Die H\u00e4ufigkeit von Bestechungsgeldern im Gesundheitssektor ist nach Angaben der Befragten in Rum\u00e4nien (22%) und Bulgarien (19%) h\u00f6her, w\u00e4hrend die Nutzung pers\u00f6nlicher Verbindungen in der Tschechischen Republik (54%) und Portugal (46%) h\u00f6her ist. Die Autoren des Berichts fordern die EU-Regierungen auf, ihre Bem\u00fchungen zu verst\u00e4rken, um zu gew\u00e4hrleisten, dass die anhaltende Pandemie auf faire und gerechte Weise \u00fcberwunden wird. An diesem europ\u00e4ischen Korruptionsbarometer, das von Oktober bis Dezember 2020 durchgef\u00fchrt wurde, nahmen \u00fcber 40.000 B\u00fcrgerinnen und B\u00fcrger aus den 27 EU-Mitgliedsstaaten teil.<\/p>\n<p>&#13;<br \/>\n&#13;<\/p>\n<p>&#13;<br \/>\n&#13;<\/p>\n<p>ANTRAG In Bukarest hat das Abgeordnetenhaus den einfachen Antrag gegen den Minister f\u00fcr Investitionen und EU-finanzierte Projekte Cristian Ghinea, der von den Sozialdemokraten in der Opposition eingereicht wurde, abgelehnt. Es waren 143 Ja-Stimmen, 171 Nein-Stimmen  und eine Enthaltung. Der von 82 sozialdemokratischen Abgeordneten unterzeichnete Antrag wurde am Montag im Parlament diskutiert. Die Autoren argumentieren, dass Minister Ghinea wegen seines Manager-Dilettantismus entlassen werden muss und dass der Nationale Plan f\u00fcr Widerstandsf\u00e4higkeit und Wiederaufbau ein Desaster ist und Rum\u00e4nien f\u00fcr die n\u00e4chsten 5 Jahre zerst\u00f6ren wird. Cristian Ghinea wies den Antrag als eine Sammlung von L\u00fcgen, F\u00e4lschungen und sich selbst widersprechenden Behauptungen zur\u00fcck und sagte, dass Rum\u00e4niens derzeitige Absorptionsrate der EU-Fonds 55% betr\u00e4gt.<\/p>\n<p>&#13;<br \/>\n&#13;<\/p>\n<p>&#13;<br \/>\n&#13;<\/p>\n<p>COLECTIV Das Bukarester Berufungsgericht verhandelt Dienstag und Mittwoch den Fall gegen die Besitzer des Nachtclubs Colectiv in Bukarest und die Techniker, die das Feuerwerk organisierten, das den Brand verursachte, bei dem in der Nacht zum 30. Oktober 2015 64 Menschen starben. Am Montag beschloss das Gericht, den Colectiv-Fall in zwei Teile aufzuteilen, wobei der ehemalige B\u00fcrgermeister, die Mitarbeiter des Rathauses und die Feuerwehrleute im Herbst getrennt von den Clubbesitzern vor Gericht gestellt werden sollen. Im Dezember 2019 wurden alle Angeklagten zu Haftstrafen verurteilt und zur Zahlung von Schadensersatz in H\u00f6he von fast 50 Millionen Euro an die Opfer des Brandes verurteilt.<\/p>\n<p>&#13;<\/p>\n","protected":false},"excerpt":{"rendered":"<p>Funkjournal<\/p>\n","protected":false},"author":113,"featured_media":460330,"comment_status":"closed","ping_status":"closed","sticky":false,"template":"","format":"standard","meta":{"_acf_changed":false,"footnotes":""},"categories":[116753],"tags":[127705,128032,101434,127485,36249,121261,128033,105794],"coauthors":[],"class_list":["post-633892","post","type-post","status-publish","format-standard","has-post-thumbnail","hentry","category-newsflash-de","tag-abgeordnetenhaus","tag-anti-covid-impfstoff","tag-berufungsgericht","tag-coronavirus-infektionen","tag-cristian-ghinea","tag-estland","tag-korruptionsbarometer","tag-staatspraesident-klaus-iohannis"],"acf":[],"yoast_head":"<!-- This site is optimized with the Yoast SEO plugin v27.5 - https:\/\/yoast.com\/product\/yoast-seo-wordpress\/ -->\n<title>Nachrichten 15.06.2021 - Radio Rum\u00e4nien International<\/title>\n<meta name=\"robots\" content=\"index, follow, max-snippet:-1, max-image-preview:large, max-video-preview:-1\" \/>\n<link rel=\"canonical\" href=\"https:\/\/www.rri.ro\/de\/aktuell\/newsflash-de\/nachrichten-15-06-2021-id633892.html\" \/>\n<meta property=\"og:locale\" content=\"de_DE\" \/>\n<meta property=\"og:type\" content=\"article\" \/>\n<meta property=\"og:title\" content=\"Nachrichten 15.06.2021 - Radio Rum\u00e4nien International\" \/>\n<meta property=\"og:description\" content=\"Funkjournal\" \/>\n<meta property=\"og:url\" content=\"https:\/\/www.rri.ro\/de\/aktuell\/newsflash-de\/nachrichten-15-06-2021-id633892.html\" \/>\n<meta property=\"og:site_name\" content=\"Radio Rum\u00e4nien International\" \/>\n<meta property=\"article:published_time\" content=\"2021-06-15T14:29:00+00:00\" \/>\n<meta property=\"og:image\" content=\"https:\/\/www.rri.ro\/wp-content\/uploads\/2023\/10\/stiri-germana-ok2-2.png\" \/>\n\t<meta property=\"og:image:width\" content=\"640\" \/>\n\t<meta property=\"og:image:height\" content=\"427\" \/>\n\t<meta property=\"og:image:type\" content=\"image\/png\" \/>\n<meta name=\"author\" content=\"Newsroom\" \/>\n<meta name=\"twitter:card\" content=\"summary_large_image\" \/>\n<meta name=\"twitter:label1\" content=\"Verfasst von\" \/>\n\t<meta name=\"twitter:data1\" content=\"Newsroom\" \/>\n\t<meta name=\"twitter:label2\" content=\"Gesch\u00e4tzte Lesezeit\" \/>\n\t<meta name=\"twitter:data2\" content=\"3\u00a0Minuten\" \/>\n\t<meta name=\"twitter:label3\" content=\"Written by\" \/>\n\t<meta name=\"twitter:data3\" content=\"Newsroom\" \/>\n<script type=\"application\/ld+json\" class=\"yoast-schema-graph\">{\"@context\":\"https:\\\/\\\/schema.org\",\"@graph\":[{\"@type\":\"Article\",\"@id\":\"https:\\\/\\\/www.rri.ro\\\/de\\\/aktuell\\\/newsflash-de\\\/nachrichten-15-06-2021-id633892.html#article\",\"isPartOf\":{\"@id\":\"https:\\\/\\\/www.rri.ro\\\/de\\\/aktuell\\\/newsflash-de\\\/nachrichten-15-06-2021-id633892.html\"},\"author\":{\"name\":\"Newsroom\",\"@id\":\"https:\\\/\\\/www.rri.ro\\\/#\\\/schema\\\/person\\\/4a479940371b9fdefd194f561e8a7f88\"},\"headline\":\"Nachrichten 15.06.2021\",\"datePublished\":\"2021-06-15T14:29:00+00:00\",\"mainEntityOfPage\":{\"@id\":\"https:\\\/\\\/www.rri.ro\\\/de\\\/aktuell\\\/newsflash-de\\\/nachrichten-15-06-2021-id633892.html\"},\"wordCount\":663,\"image\":{\"@id\":\"https:\\\/\\\/www.rri.ro\\\/de\\\/aktuell\\\/newsflash-de\\\/nachrichten-15-06-2021-id633892.html#primaryimage\"},\"thumbnailUrl\":\"https:\\\/\\\/www.rri.ro\\\/wp-content\\\/uploads\\\/2023\\\/10\\\/stiri-germana-ok2-2.png\",\"keywords\":[\"Abgeordnetenhaus\",\"Anti-COVID-Impfstoff\",\"Berufungsgericht\",\"Coronavirus-Infektionen\",\"Cristian Ghinea\",\"Estland\",\"Korruptionsbarometer\",\"Staatspr\u00e4sident Klaus Iohannis\"],\"articleSection\":[\"Newsflash\"],\"inLanguage\":\"de\"},{\"@type\":\"WebPage\",\"@id\":\"https:\\\/\\\/www.rri.ro\\\/de\\\/aktuell\\\/newsflash-de\\\/nachrichten-15-06-2021-id633892.html\",\"url\":\"https:\\\/\\\/www.rri.ro\\\/de\\\/aktuell\\\/newsflash-de\\\/nachrichten-15-06-2021-id633892.html\",\"name\":\"Nachrichten 15.06.2021 - Radio Rum\u00e4nien International\",\"isPartOf\":{\"@id\":\"https:\\\/\\\/www.rri.ro\\\/#website\"},\"primaryImageOfPage\":{\"@id\":\"https:\\\/\\\/www.rri.ro\\\/de\\\/aktuell\\\/newsflash-de\\\/nachrichten-15-06-2021-id633892.html#primaryimage\"},\"image\":{\"@id\":\"https:\\\/\\\/www.rri.ro\\\/de\\\/aktuell\\\/newsflash-de\\\/nachrichten-15-06-2021-id633892.html#primaryimage\"},\"thumbnailUrl\":\"https:\\\/\\\/www.rri.ro\\\/wp-content\\\/uploads\\\/2023\\\/10\\\/stiri-germana-ok2-2.png\",\"datePublished\":\"2021-06-15T14:29:00+00:00\",\"author\":{\"@id\":\"https:\\\/\\\/www.rri.ro\\\/#\\\/schema\\\/person\\\/4a479940371b9fdefd194f561e8a7f88\"},\"breadcrumb\":{\"@id\":\"https:\\\/\\\/www.rri.ro\\\/de\\\/aktuell\\\/newsflash-de\\\/nachrichten-15-06-2021-id633892.html#breadcrumb\"},\"inLanguage\":\"de\",\"potentialAction\":[{\"@type\":\"ReadAction\",\"target\":[\"https:\\\/\\\/www.rri.ro\\\/de\\\/aktuell\\\/newsflash-de\\\/nachrichten-15-06-2021-id633892.html\"]}]},{\"@type\":\"ImageObject\",\"inLanguage\":\"de\",\"@id\":\"https:\\\/\\\/www.rri.ro\\\/de\\\/aktuell\\\/newsflash-de\\\/nachrichten-15-06-2021-id633892.html#primaryimage\",\"url\":\"https:\\\/\\\/www.rri.ro\\\/wp-content\\\/uploads\\\/2023\\\/10\\\/stiri-germana-ok2-2.png\",\"contentUrl\":\"https:\\\/\\\/www.rri.ro\\\/wp-content\\\/uploads\\\/2023\\\/10\\\/stiri-germana-ok2-2.png\",\"width\":640,\"height\":427},{\"@type\":\"BreadcrumbList\",\"@id\":\"https:\\\/\\\/www.rri.ro\\\/de\\\/aktuell\\\/newsflash-de\\\/nachrichten-15-06-2021-id633892.html#breadcrumb\",\"itemListElement\":[{\"@type\":\"ListItem\",\"position\":1,\"name\":\"Startseite\",\"item\":\"https:\\\/\\\/www.rri.ro\\\/de\"},{\"@type\":\"ListItem\",\"position\":2,\"name\":\"Aktuell\",\"item\":\"https:\\\/\\\/www.rri.ro\\\/de\\\/aktuell\"},{\"@type\":\"ListItem\",\"position\":3,\"name\":\"Newsflash\",\"item\":\"https:\\\/\\\/www.rri.ro\\\/de\\\/aktuell\\\/newsflash-de\"},{\"@type\":\"ListItem\",\"position\":4,\"name\":\"Nachrichten 15.06.2021\"}]},{\"@type\":\"WebSite\",\"@id\":\"https:\\\/\\\/www.rri.ro\\\/#website\",\"url\":\"https:\\\/\\\/www.rri.ro\\\/\",\"name\":\"Radio Rum\u00e4nien International\",\"description\":\"Totul despre Rom\u00e2nia \u015fi rom\u00e2ni, \u00een 13 limbi\\\/dialecte!\",\"inLanguage\":\"de\"},{\"@type\":\"Person\",\"@id\":\"https:\\\/\\\/www.rri.ro\\\/#\\\/schema\\\/person\\\/4a479940371b9fdefd194f561e8a7f88\",\"name\":\"Newsroom\",\"url\":\"https:\\\/\\\/www.rri.ro\\\/de\\\/author\\\/newsroom\"}]}<\/script>\n<!-- \/ Yoast SEO plugin. -->","yoast_head_json":{"title":"Nachrichten 15.06.2021 - Radio Rum\u00e4nien International","robots":{"index":"index","follow":"follow","max-snippet":"max-snippet:-1","max-image-preview":"max-image-preview:large","max-video-preview":"max-video-preview:-1"},"canonical":"https:\/\/www.rri.ro\/de\/aktuell\/newsflash-de\/nachrichten-15-06-2021-id633892.html","og_locale":"de_DE","og_type":"article","og_title":"Nachrichten 15.06.2021 - Radio Rum\u00e4nien International","og_description":"Funkjournal","og_url":"https:\/\/www.rri.ro\/de\/aktuell\/newsflash-de\/nachrichten-15-06-2021-id633892.html","og_site_name":"Radio Rum\u00e4nien International","article_published_time":"2021-06-15T14:29:00+00:00","og_image":[{"width":640,"height":427,"url":"https:\/\/www.rri.ro\/wp-content\/uploads\/2023\/10\/stiri-germana-ok2-2.png","type":"image\/png"}],"author":"Newsroom","twitter_card":"summary_large_image","twitter_misc":{"Verfasst von":"Newsroom","Gesch\u00e4tzte Lesezeit":"3\u00a0Minuten","Written by":"Newsroom"},"schema":{"@context":"https:\/\/schema.org","@graph":[{"@type":"Article","@id":"https:\/\/www.rri.ro\/de\/aktuell\/newsflash-de\/nachrichten-15-06-2021-id633892.html#article","isPartOf":{"@id":"https:\/\/www.rri.ro\/de\/aktuell\/newsflash-de\/nachrichten-15-06-2021-id633892.html"},"author":{"name":"Newsroom","@id":"https:\/\/www.rri.ro\/#\/schema\/person\/4a479940371b9fdefd194f561e8a7f88"},"headline":"Nachrichten 15.06.2021","datePublished":"2021-06-15T14:29:00+00:00","mainEntityOfPage":{"@id":"https:\/\/www.rri.ro\/de\/aktuell\/newsflash-de\/nachrichten-15-06-2021-id633892.html"},"wordCount":663,"image":{"@id":"https:\/\/www.rri.ro\/de\/aktuell\/newsflash-de\/nachrichten-15-06-2021-id633892.html#primaryimage"},"thumbnailUrl":"https:\/\/www.rri.ro\/wp-content\/uploads\/2023\/10\/stiri-germana-ok2-2.png","keywords":["Abgeordnetenhaus","Anti-COVID-Impfstoff","Berufungsgericht","Coronavirus-Infektionen","Cristian Ghinea","Estland","Korruptionsbarometer","Staatspr\u00e4sident Klaus Iohannis"],"articleSection":["Newsflash"],"inLanguage":"de"},{"@type":"WebPage","@id":"https:\/\/www.rri.ro\/de\/aktuell\/newsflash-de\/nachrichten-15-06-2021-id633892.html","url":"https:\/\/www.rri.ro\/de\/aktuell\/newsflash-de\/nachrichten-15-06-2021-id633892.html","name":"Nachrichten 15.06.2021 - Radio Rum\u00e4nien International","isPartOf":{"@id":"https:\/\/www.rri.ro\/#website"},"primaryImageOfPage":{"@id":"https:\/\/www.rri.ro\/de\/aktuell\/newsflash-de\/nachrichten-15-06-2021-id633892.html#primaryimage"},"image":{"@id":"https:\/\/www.rri.ro\/de\/aktuell\/newsflash-de\/nachrichten-15-06-2021-id633892.html#primaryimage"},"thumbnailUrl":"https:\/\/www.rri.ro\/wp-content\/uploads\/2023\/10\/stiri-germana-ok2-2.png","datePublished":"2021-06-15T14:29:00+00:00","author":{"@id":"https:\/\/www.rri.ro\/#\/schema\/person\/4a479940371b9fdefd194f561e8a7f88"},"breadcrumb":{"@id":"https:\/\/www.rri.ro\/de\/aktuell\/newsflash-de\/nachrichten-15-06-2021-id633892.html#breadcrumb"},"inLanguage":"de","potentialAction":[{"@type":"ReadAction","target":["https:\/\/www.rri.ro\/de\/aktuell\/newsflash-de\/nachrichten-15-06-2021-id633892.html"]}]},{"@type":"ImageObject","inLanguage":"de","@id":"https:\/\/www.rri.ro\/de\/aktuell\/newsflash-de\/nachrichten-15-06-2021-id633892.html#primaryimage","url":"https:\/\/www.rri.ro\/wp-content\/uploads\/2023\/10\/stiri-germana-ok2-2.png","contentUrl":"https:\/\/www.rri.ro\/wp-content\/uploads\/2023\/10\/stiri-germana-ok2-2.png","width":640,"height":427},{"@type":"BreadcrumbList","@id":"https:\/\/www.rri.ro\/de\/aktuell\/newsflash-de\/nachrichten-15-06-2021-id633892.html#breadcrumb","itemListElement":[{"@type":"ListItem","position":1,"name":"Startseite","item":"https:\/\/www.rri.ro\/de"},{"@type":"ListItem","position":2,"name":"Aktuell","item":"https:\/\/www.rri.ro\/de\/aktuell"},{"@type":"ListItem","position":3,"name":"Newsflash","item":"https:\/\/www.rri.ro\/de\/aktuell\/newsflash-de"},{"@type":"ListItem","position":4,"name":"Nachrichten 15.06.2021"}]},{"@type":"WebSite","@id":"https:\/\/www.rri.ro\/#website","url":"https:\/\/www.rri.ro\/","name":"Radio Rum\u00e4nien International","description":"Totul despre Rom\u00e2nia \u015fi rom\u00e2ni, \u00een 13 limbi\/dialecte!","inLanguage":"de"},{"@type":"Person","@id":"https:\/\/www.rri.ro\/#\/schema\/person\/4a479940371b9fdefd194f561e8a7f88","name":"Newsroom","url":"https:\/\/www.rri.ro\/de\/author\/newsroom"}]}},"_links":{"self":[{"href":"https:\/\/www.rri.ro\/de\/wp-json\/wp\/v2\/posts\/633892","targetHints":{"allow":["GET"]}}],"collection":[{"href":"https:\/\/www.rri.ro\/de\/wp-json\/wp\/v2\/posts"}],"about":[{"href":"https:\/\/www.rri.ro\/de\/wp-json\/wp\/v2\/types\/post"}],"author":[{"embeddable":true,"href":"https:\/\/www.rri.ro\/de\/wp-json\/wp\/v2\/users\/113"}],"replies":[{"embeddable":true,"href":"https:\/\/www.rri.ro\/de\/wp-json\/wp\/v2\/comments?post=633892"}],"version-history":[{"count":0,"href":"https:\/\/www.rri.ro\/de\/wp-json\/wp\/v2\/posts\/633892\/revisions"}],"wp:featuredmedia":[{"embeddable":true,"href":"https:\/\/www.rri.ro\/de\/wp-json\/wp\/v2\/media\/460330"}],"wp:attachment":[{"href":"https:\/\/www.rri.ro\/de\/wp-json\/wp\/v2\/media?parent=633892"}],"wp:term":[{"taxonomy":"category","embeddable":true,"href":"https:\/\/www.rri.ro\/de\/wp-json\/wp\/v2\/categories?post=633892"},{"taxonomy":"post_tag","embeddable":true,"href":"https:\/\/www.rri.ro\/de\/wp-json\/wp\/v2\/tags?post=633892"},{"taxonomy":"author","embeddable":true,"href":"https:\/\/www.rri.ro\/de\/wp-json\/wp\/v2\/coauthors?post=633892"}],"curies":[{"name":"wp","href":"https:\/\/api.w.org\/{rel}","templated":true}]}}