{"id":633914,"date":"2021-07-06T16:14:00","date_gmt":"2021-07-06T13:14:00","guid":{"rendered":"http:\/\/devrri.freshlemon.ro\/aktuell\/nachrichten-06-07-2021-id633914.html"},"modified":"2021-07-06T16:14:00","modified_gmt":"2021-07-06T13:14:00","slug":"nachrichten-06-07-2021","status":"publish","type":"post","link":"https:\/\/www.rri.ro\/de\/aktuell\/newsflash-de\/nachrichten-06-07-2021-id633914.html","title":{"rendered":"Nachrichten 06.07.2021"},"content":{"rendered":"<p><strong>Bukarest:<\/strong> In den letzten 24 Stunden sind 51 Coronavirus-Neuinfektionen und 4 neue Todesf\u00e4lle gemeldet worden, berichtet die Strategische Kommunikationsgruppe. Die meisten neu best\u00e4tigten F\u00e4lle wurden in Cluj &#8211; 6 und Bukarest &#8211; 4 registriert, in 21 Landkreisen wurden keine neuen F\u00e4lle registriert. Das gesamte Territorium Rum\u00e4niens befindet sich im gr\u00fcnen Bereich, wobei die h\u00f6chste Inzidenz pro 1.000 Einwohner in den Landkreisen Prahova &#8211; 0,11, Ilfov und Dolj &#8211; 0,07 gemeldet wurde. 392 infizierte Menschen befinden sich noch im Krankenhaus, davon 61 auf der Intensivstation. Gleichzeitig befinden sich 19.677 Menschen in h\u00e4uslicher Quarant\u00e4ne und 37 in institutioneller Quarant\u00e4ne, w\u00e4hrend 1.853 Personen in h\u00e4uslicher Isolation und 705 in institutioneller Isolation sind. Seit Beginn der Impfkampagne in Rum\u00e4nien, am 27. Dezember 2020, sind fast 4,6 Millionen Menschen vollst\u00e4ndig geimpft worden.<\/p>\n<p>&#13;<br \/>\n&#13;<\/p>\n<p>&#13;<br \/>\n&#13;<\/p>\n<p><strong>Bukarest:<\/strong> In mehreren europ\u00e4ischen L\u00e4ndern w\u00e4chst die Besorgnis \u00fcber die Ausbreitung der neuen &#8222;Delta&#8220;-Variante des SARS-COV-2-Virus. Infolgedessen haben sich die Aufrufe zur Impfung verst\u00e4rkt, wobei die Impfung f\u00fcr bestimmte Kategorien von Arbeitnehmern obligatorisch ist. Nach Angaben der Korrespondenten von Radio Rum\u00e4nien wurden in Spanien in der Altersgruppe der 20- bis 29-J\u00e4hrigen mehr als 640 F\u00e4lle pro 100.000 Einwohner festgestellt, aber keine schweren F\u00e4lle gemeldet. In Frankreich warnte der Gesundheitsminister vor einem erneuten Anstieg der Zahl der Neuinfektionen. Wie \u00fcberall in Europa wird auch in Frankreich \u00fcber eine Impfpflicht f\u00fcr medizinisches und Pflegepersonal in Krankenh\u00e4usern und Seniorenzentren diskutiert, da dort die Impfquote unter den Erwartungen liegt. Weltweit wurden laut wordlmeters.info fast 185 Millionen Neuinfektionen gemeldet und mehr als 4 Millionen Menschen sind daran gestorben. Die meisten Neuinfektionen und Todesf\u00e4lle wurden in den USA, Indien und Brasilien verzeichnet.<\/p>\n<p>&#13;<br \/>\n&#13;<\/p>\n<p>&#13;<br \/>\n&#13;<\/p>\n<p><strong>Bukarest:<\/strong> Rum\u00e4nische Regierungs- und Oppositionspolitiker haben auf die Stellungnahme der Venedig-Kommission reagiert, die empfohlen hat, dass Bukarest die Sonderabteilung zur Untersuchung von Verbrechen, die von Richtern begangen wurden (SIIJ), aufl\u00f6st. Die Stellungnahme der Venedig-Kommission ist nicht \u00fcberraschend, da die Einrichtung einer Sektion zur Untersuchung von Straftaten, die von Richtern begangen wurden, von Anfang an von allen europ\u00e4ischen Institutionen kritisiert worden war. Der Umgang mit Korruptionsf\u00e4llen sollte in der Verantwortung der Nationalen Antikorruptionsbeh\u00f6rde liegen und die \u00c4nderungen zum jeweiligen Gesetz sollten beseitigt werden &#8211; sagt die Allianz USR PLUS von der Regierungskoalition. Das B\u00fcndnis USR-PLUS hofft allrdings, dass der von Ressortminister Stelian Ion initiierte Gesetzesentwurf so schnell wie m\u00f6glich vom Parlament verabschiedet wird. Das Fazit der Venedig-Kommission best\u00e4tig zudem, dass der Schritt der Liberalen bez\u00fcglich der Abschaffung der Superimmunit\u00e4t f\u00fcr Richter richtig gewesen sei, sagte auch die Vorsitzende der Rechtskommission des Senats, die Liberale Iulia Sc\u00e2ntei. Die sozial-demokratische Partei PSD aus der Opposition ist weiterhin gegen jede \u00c4nderung der Justizgesetze, da es unter den Richtern keinen gro\u200e\u00dfen Konsens \u00fcber den Schutz der Richter vor Druck und Missbrauch jeglicher Art gibt.<\/p>\n<p>&#13;<br \/>\n&#13;<\/p>\n<p>&#13;<br \/>\n&#13;<\/p>\n<p><strong>Bukarest:<\/strong> Der bulgarische Chef der Verteidigung, Admiral Emil Eftimov, weilt von Dienstag bis Donnerstag auf Einladung seines rum\u00e4nischen Amtskollegen, Generalleutnant Daniel Petrescu, zu einem offiziellen Besuch in Rum\u00e4nien. Nach Angaben des rum\u00e4nischen Verteidigungsministeriums geht es bei den Gespr\u00e4chen um eine verst\u00e4rkte Zusammenarbeit durch die gemeinsame Teilnahme an einer Reihe von regionalen Initiativen und \u00dcbungen sowie um die St\u00e4rkung der Ma\u200e\u00dfnahmen im Rahmen der NATO-Pr\u00e4senz in der Schwarzmeerregion. Auf dem Programm stehen Treffen im Hauptquartier der Multinationalen Brigade S\u00fcd-Ost in Craiova (S\u00fcdwesten), der Multinationalen Division S\u00fcd-Ost in Bukarest, der 8. Taktischen Operativen Raketenbrigade und der 282. Panzerbrigade in Focsani (Osten) sowie des 74. PATRIOT-Regiments in Mihai Bravu.<\/p>\n<p>&#13;<br \/>\n&#13;<\/p>\n<p>&#13;<br \/>\n&#13;<\/p>\n<p>&#13;<br \/>\n&#13;<\/p>\n<p>&#13;<br \/>\n&#13;<\/p>\n<p>&#13;<br \/>\n&#13;<\/p>\n<p>&#13;<\/p>\n","protected":false},"excerpt":{"rendered":"<p>Die Meldungen des Tages im \u00dcberblick<\/p>\n","protected":false},"author":113,"featured_media":633915,"comment_status":"closed","ping_status":"closed","sticky":false,"template":"","format":"standard","meta":{"_acf_changed":false,"footnotes":""},"categories":[116753],"tags":[99587,35339,128053,43804,105076,104913,100151],"coauthors":[],"class_list":["post-633914","post","type-post","status-publish","format-standard","has-post-thumbnail","hentry","category-newsflash-de","tag-bukarest","tag-coronavirus","tag-emil-eftimov","tag-ilfov","tag-neuinfektionen","tag-quarantaene","tag-venedig-kommission"],"acf":[],"yoast_head":"<!-- This site is optimized with the Yoast SEO plugin v27.3 - https:\/\/yoast.com\/product\/yoast-seo-wordpress\/ -->\n<title>Nachrichten 06.07.2021 - Radio Rum\u00e4nien International<\/title>\n<meta name=\"robots\" content=\"index, follow, max-snippet:-1, max-image-preview:large, max-video-preview:-1\" \/>\n<link rel=\"canonical\" href=\"https:\/\/www.rri.ro\/de\/aktuell\/newsflash-de\/nachrichten-06-07-2021-id633914.html\" \/>\n<meta property=\"og:locale\" content=\"de_DE\" \/>\n<meta property=\"og:type\" content=\"article\" \/>\n<meta property=\"og:title\" content=\"Nachrichten 06.07.2021 - Radio Rum\u00e4nien International\" \/>\n<meta property=\"og:description\" content=\"Die Meldungen des Tages im \u00dcberblick\" \/>\n<meta property=\"og:url\" content=\"https:\/\/www.rri.ro\/de\/aktuell\/newsflash-de\/nachrichten-06-07-2021-id633914.html\" \/>\n<meta property=\"og:site_name\" content=\"Radio Rum\u00e4nien International\" \/>\n<meta property=\"article:published_time\" content=\"2021-07-06T13:14:00+00:00\" \/>\n<meta property=\"og:image\" content=\"https:\/\/www.rri.ro\/wp-content\/uploads\/2024\/02\/stiri-germana-alb.png\" \/>\n\t<meta property=\"og:image:width\" content=\"640\" \/>\n\t<meta property=\"og:image:height\" content=\"480\" \/>\n\t<meta property=\"og:image:type\" content=\"image\/png\" \/>\n<meta name=\"author\" content=\"Newsroom\" \/>\n<meta name=\"twitter:card\" content=\"summary_large_image\" \/>\n<meta name=\"twitter:label1\" content=\"Verfasst von\" \/>\n\t<meta name=\"twitter:data1\" content=\"Newsroom\" \/>\n\t<meta name=\"twitter:label2\" content=\"Gesch\u00e4tzte Lesezeit\" \/>\n\t<meta name=\"twitter:data2\" content=\"3\u00a0Minuten\" \/>\n\t<meta name=\"twitter:label3\" content=\"Written by\" \/>\n\t<meta name=\"twitter:data3\" content=\"Newsroom\" \/>\n<script type=\"application\/ld+json\" class=\"yoast-schema-graph\">{\"@context\":\"https:\\\/\\\/schema.org\",\"@graph\":[{\"@type\":\"Article\",\"@id\":\"https:\\\/\\\/www.rri.ro\\\/de\\\/aktuell\\\/newsflash-de\\\/nachrichten-06-07-2021-id633914.html#article\",\"isPartOf\":{\"@id\":\"https:\\\/\\\/www.rri.ro\\\/de\\\/aktuell\\\/newsflash-de\\\/nachrichten-06-07-2021-id633914.html\"},\"author\":{\"name\":\"Newsroom\",\"@id\":\"https:\\\/\\\/www.rri.ro\\\/#\\\/schema\\\/person\\\/4a479940371b9fdefd194f561e8a7f88\"},\"headline\":\"Nachrichten 06.07.2021\",\"datePublished\":\"2021-07-06T13:14:00+00:00\",\"mainEntityOfPage\":{\"@id\":\"https:\\\/\\\/www.rri.ro\\\/de\\\/aktuell\\\/newsflash-de\\\/nachrichten-06-07-2021-id633914.html\"},\"wordCount\":577,\"image\":{\"@id\":\"https:\\\/\\\/www.rri.ro\\\/de\\\/aktuell\\\/newsflash-de\\\/nachrichten-06-07-2021-id633914.html#primaryimage\"},\"thumbnailUrl\":\"https:\\\/\\\/www.rri.ro\\\/wp-content\\\/uploads\\\/2024\\\/02\\\/stiri-germana-alb.png\",\"keywords\":[\"Bukarest\",\"coronavirus\",\"Emil Eftimov\",\"Ilfov\",\"Neuinfektionen\",\"Quarant\u00e4ne\",\"Venedig Kommission\"],\"articleSection\":[\"Newsflash\"],\"inLanguage\":\"de\"},{\"@type\":\"WebPage\",\"@id\":\"https:\\\/\\\/www.rri.ro\\\/de\\\/aktuell\\\/newsflash-de\\\/nachrichten-06-07-2021-id633914.html\",\"url\":\"https:\\\/\\\/www.rri.ro\\\/de\\\/aktuell\\\/newsflash-de\\\/nachrichten-06-07-2021-id633914.html\",\"name\":\"Nachrichten 06.07.2021 - Radio Rum\u00e4nien International\",\"isPartOf\":{\"@id\":\"https:\\\/\\\/www.rri.ro\\\/#website\"},\"primaryImageOfPage\":{\"@id\":\"https:\\\/\\\/www.rri.ro\\\/de\\\/aktuell\\\/newsflash-de\\\/nachrichten-06-07-2021-id633914.html#primaryimage\"},\"image\":{\"@id\":\"https:\\\/\\\/www.rri.ro\\\/de\\\/aktuell\\\/newsflash-de\\\/nachrichten-06-07-2021-id633914.html#primaryimage\"},\"thumbnailUrl\":\"https:\\\/\\\/www.rri.ro\\\/wp-content\\\/uploads\\\/2024\\\/02\\\/stiri-germana-alb.png\",\"datePublished\":\"2021-07-06T13:14:00+00:00\",\"author\":{\"@id\":\"https:\\\/\\\/www.rri.ro\\\/#\\\/schema\\\/person\\\/4a479940371b9fdefd194f561e8a7f88\"},\"breadcrumb\":{\"@id\":\"https:\\\/\\\/www.rri.ro\\\/de\\\/aktuell\\\/newsflash-de\\\/nachrichten-06-07-2021-id633914.html#breadcrumb\"},\"inLanguage\":\"de\",\"potentialAction\":[{\"@type\":\"ReadAction\",\"target\":[\"https:\\\/\\\/www.rri.ro\\\/de\\\/aktuell\\\/newsflash-de\\\/nachrichten-06-07-2021-id633914.html\"]}]},{\"@type\":\"ImageObject\",\"inLanguage\":\"de\",\"@id\":\"https:\\\/\\\/www.rri.ro\\\/de\\\/aktuell\\\/newsflash-de\\\/nachrichten-06-07-2021-id633914.html#primaryimage\",\"url\":\"https:\\\/\\\/www.rri.ro\\\/wp-content\\\/uploads\\\/2024\\\/02\\\/stiri-germana-alb.png\",\"contentUrl\":\"https:\\\/\\\/www.rri.ro\\\/wp-content\\\/uploads\\\/2024\\\/02\\\/stiri-germana-alb.png\",\"width\":640,\"height\":480},{\"@type\":\"BreadcrumbList\",\"@id\":\"https:\\\/\\\/www.rri.ro\\\/de\\\/aktuell\\\/newsflash-de\\\/nachrichten-06-07-2021-id633914.html#breadcrumb\",\"itemListElement\":[{\"@type\":\"ListItem\",\"position\":1,\"name\":\"Startseite\",\"item\":\"https:\\\/\\\/www.rri.ro\\\/de\"},{\"@type\":\"ListItem\",\"position\":2,\"name\":\"Aktuell\",\"item\":\"https:\\\/\\\/www.rri.ro\\\/de\\\/aktuell\"},{\"@type\":\"ListItem\",\"position\":3,\"name\":\"Newsflash\",\"item\":\"https:\\\/\\\/www.rri.ro\\\/de\\\/aktuell\\\/newsflash-de\"},{\"@type\":\"ListItem\",\"position\":4,\"name\":\"Nachrichten 06.07.2021\"}]},{\"@type\":\"WebSite\",\"@id\":\"https:\\\/\\\/www.rri.ro\\\/#website\",\"url\":\"https:\\\/\\\/www.rri.ro\\\/\",\"name\":\"Radio Rum\u00e4nien International\",\"description\":\"Totul despre Rom\u00e2nia \u015fi rom\u00e2ni, \u00een 13 limbi\\\/dialecte!\",\"inLanguage\":\"de\"},{\"@type\":\"Person\",\"@id\":\"https:\\\/\\\/www.rri.ro\\\/#\\\/schema\\\/person\\\/4a479940371b9fdefd194f561e8a7f88\",\"name\":\"Newsroom\",\"url\":\"https:\\\/\\\/www.rri.ro\\\/de\\\/author\\\/newsroom\"}]}<\/script>\n<!-- \/ Yoast SEO plugin. -->","yoast_head_json":{"title":"Nachrichten 06.07.2021 - Radio Rum\u00e4nien International","robots":{"index":"index","follow":"follow","max-snippet":"max-snippet:-1","max-image-preview":"max-image-preview:large","max-video-preview":"max-video-preview:-1"},"canonical":"https:\/\/www.rri.ro\/de\/aktuell\/newsflash-de\/nachrichten-06-07-2021-id633914.html","og_locale":"de_DE","og_type":"article","og_title":"Nachrichten 06.07.2021 - Radio Rum\u00e4nien International","og_description":"Die Meldungen des Tages im \u00dcberblick","og_url":"https:\/\/www.rri.ro\/de\/aktuell\/newsflash-de\/nachrichten-06-07-2021-id633914.html","og_site_name":"Radio Rum\u00e4nien International","article_published_time":"2021-07-06T13:14:00+00:00","og_image":[{"width":640,"height":480,"url":"https:\/\/www.rri.ro\/wp-content\/uploads\/2024\/02\/stiri-germana-alb.png","type":"image\/png"}],"author":"Newsroom","twitter_card":"summary_large_image","twitter_misc":{"Verfasst von":"Newsroom","Gesch\u00e4tzte Lesezeit":"3\u00a0Minuten","Written by":"Newsroom"},"schema":{"@context":"https:\/\/schema.org","@graph":[{"@type":"Article","@id":"https:\/\/www.rri.ro\/de\/aktuell\/newsflash-de\/nachrichten-06-07-2021-id633914.html#article","isPartOf":{"@id":"https:\/\/www.rri.ro\/de\/aktuell\/newsflash-de\/nachrichten-06-07-2021-id633914.html"},"author":{"name":"Newsroom","@id":"https:\/\/www.rri.ro\/#\/schema\/person\/4a479940371b9fdefd194f561e8a7f88"},"headline":"Nachrichten 06.07.2021","datePublished":"2021-07-06T13:14:00+00:00","mainEntityOfPage":{"@id":"https:\/\/www.rri.ro\/de\/aktuell\/newsflash-de\/nachrichten-06-07-2021-id633914.html"},"wordCount":577,"image":{"@id":"https:\/\/www.rri.ro\/de\/aktuell\/newsflash-de\/nachrichten-06-07-2021-id633914.html#primaryimage"},"thumbnailUrl":"https:\/\/www.rri.ro\/wp-content\/uploads\/2024\/02\/stiri-germana-alb.png","keywords":["Bukarest","coronavirus","Emil Eftimov","Ilfov","Neuinfektionen","Quarant\u00e4ne","Venedig Kommission"],"articleSection":["Newsflash"],"inLanguage":"de"},{"@type":"WebPage","@id":"https:\/\/www.rri.ro\/de\/aktuell\/newsflash-de\/nachrichten-06-07-2021-id633914.html","url":"https:\/\/www.rri.ro\/de\/aktuell\/newsflash-de\/nachrichten-06-07-2021-id633914.html","name":"Nachrichten 06.07.2021 - Radio Rum\u00e4nien International","isPartOf":{"@id":"https:\/\/www.rri.ro\/#website"},"primaryImageOfPage":{"@id":"https:\/\/www.rri.ro\/de\/aktuell\/newsflash-de\/nachrichten-06-07-2021-id633914.html#primaryimage"},"image":{"@id":"https:\/\/www.rri.ro\/de\/aktuell\/newsflash-de\/nachrichten-06-07-2021-id633914.html#primaryimage"},"thumbnailUrl":"https:\/\/www.rri.ro\/wp-content\/uploads\/2024\/02\/stiri-germana-alb.png","datePublished":"2021-07-06T13:14:00+00:00","author":{"@id":"https:\/\/www.rri.ro\/#\/schema\/person\/4a479940371b9fdefd194f561e8a7f88"},"breadcrumb":{"@id":"https:\/\/www.rri.ro\/de\/aktuell\/newsflash-de\/nachrichten-06-07-2021-id633914.html#breadcrumb"},"inLanguage":"de","potentialAction":[{"@type":"ReadAction","target":["https:\/\/www.rri.ro\/de\/aktuell\/newsflash-de\/nachrichten-06-07-2021-id633914.html"]}]},{"@type":"ImageObject","inLanguage":"de","@id":"https:\/\/www.rri.ro\/de\/aktuell\/newsflash-de\/nachrichten-06-07-2021-id633914.html#primaryimage","url":"https:\/\/www.rri.ro\/wp-content\/uploads\/2024\/02\/stiri-germana-alb.png","contentUrl":"https:\/\/www.rri.ro\/wp-content\/uploads\/2024\/02\/stiri-germana-alb.png","width":640,"height":480},{"@type":"BreadcrumbList","@id":"https:\/\/www.rri.ro\/de\/aktuell\/newsflash-de\/nachrichten-06-07-2021-id633914.html#breadcrumb","itemListElement":[{"@type":"ListItem","position":1,"name":"Startseite","item":"https:\/\/www.rri.ro\/de"},{"@type":"ListItem","position":2,"name":"Aktuell","item":"https:\/\/www.rri.ro\/de\/aktuell"},{"@type":"ListItem","position":3,"name":"Newsflash","item":"https:\/\/www.rri.ro\/de\/aktuell\/newsflash-de"},{"@type":"ListItem","position":4,"name":"Nachrichten 06.07.2021"}]},{"@type":"WebSite","@id":"https:\/\/www.rri.ro\/#website","url":"https:\/\/www.rri.ro\/","name":"Radio Rum\u00e4nien International","description":"Totul despre Rom\u00e2nia \u015fi rom\u00e2ni, \u00een 13 limbi\/dialecte!","inLanguage":"de"},{"@type":"Person","@id":"https:\/\/www.rri.ro\/#\/schema\/person\/4a479940371b9fdefd194f561e8a7f88","name":"Newsroom","url":"https:\/\/www.rri.ro\/de\/author\/newsroom"}]}},"_links":{"self":[{"href":"https:\/\/www.rri.ro\/de\/wp-json\/wp\/v2\/posts\/633914","targetHints":{"allow":["GET"]}}],"collection":[{"href":"https:\/\/www.rri.ro\/de\/wp-json\/wp\/v2\/posts"}],"about":[{"href":"https:\/\/www.rri.ro\/de\/wp-json\/wp\/v2\/types\/post"}],"author":[{"embeddable":true,"href":"https:\/\/www.rri.ro\/de\/wp-json\/wp\/v2\/users\/113"}],"replies":[{"embeddable":true,"href":"https:\/\/www.rri.ro\/de\/wp-json\/wp\/v2\/comments?post=633914"}],"version-history":[{"count":0,"href":"https:\/\/www.rri.ro\/de\/wp-json\/wp\/v2\/posts\/633914\/revisions"}],"wp:featuredmedia":[{"embeddable":true,"href":"https:\/\/www.rri.ro\/de\/wp-json\/wp\/v2\/media\/633915"}],"wp:attachment":[{"href":"https:\/\/www.rri.ro\/de\/wp-json\/wp\/v2\/media?parent=633914"}],"wp:term":[{"taxonomy":"category","embeddable":true,"href":"https:\/\/www.rri.ro\/de\/wp-json\/wp\/v2\/categories?post=633914"},{"taxonomy":"post_tag","embeddable":true,"href":"https:\/\/www.rri.ro\/de\/wp-json\/wp\/v2\/tags?post=633914"},{"taxonomy":"author","embeddable":true,"href":"https:\/\/www.rri.ro\/de\/wp-json\/wp\/v2\/coauthors?post=633914"}],"curies":[{"name":"wp","href":"https:\/\/api.w.org\/{rel}","templated":true}]}}