{"id":633921,"date":"2021-07-12T14:29:00","date_gmt":"2021-07-12T11:29:00","guid":{"rendered":"http:\/\/devrri.freshlemon.ro\/aktuell\/nachrichten-12-07-2021-id633921.html"},"modified":"2021-07-12T14:29:00","modified_gmt":"2021-07-12T11:29:00","slug":"nachrichten-12-07-2021","status":"publish","type":"post","link":"https:\/\/www.rri.ro\/de\/aktuell\/newsflash-de\/nachrichten-12-07-2021-id633921.html","title":{"rendered":"Nachrichten, 12.07.2021"},"content":{"rendered":"<p>Bukarest \u2013 Am Montag ist in Rum\u00e4nien der Alarmzustand um weitere 30 Tage verl\u00e4ngert worden. Die Ma\u00dfnahme, die letzte Woche vom Nationalen Komitee f\u00fcr Notfallsituationen getroffen wurde, sieht unter anderem vor, dass die \u00e4rztliche Best\u00e4tigung f\u00fcr 180 Tage nach einer abgelaufenen Infektion g\u00fcltig ist. Vorher galt diese lediglich f\u00fcr 90 Tage. F\u00fcr Geimpfte und Genesene sind weitere Lockerungen bei der Teilnahme an kulturellen und sportlichen Veranstaltungen im Freien und an Hochzeiten oder Taufen in geschlossenen R\u00e4umen vorgesehen.<\/p>\n<p>&#13;<br \/>\n&#13;<\/p>\n<p>&#13;<br \/>\n&#13;<\/p>\n<p>In den letzten 24 Stunden wurden \u00fcber 39 neue Corona-F\u00e4lle registriert. 2 Menschen sind im Kontext des Virus gestorben. 55 Corona-Patienten befinden sich auf Intensivstationen. Seit Beginn der Pandemie haben sich \u00fcber eine Million Menschen in Rum\u00e4nien mit dem neuen Coronavirus infiziert. Gleichfalls \u00fcber 1.000.000 von ihnen gelten als gesund, mehr als 34.200 Infizierte sind gestorben. In Rum\u00e4nien sind 4,63 Millionen Menschen vollst\u00e4ndig geimpft.<\/p>\n<p>&#13;<br \/>\n&#13;<\/p>\n<p>&#13;<br \/>\n&#13;<\/p>\n<p>&#13;<br \/>\n&#13;<\/p>\n<p>Br\u00fcssel \u2013 Der Chef der rum\u00e4nischen Diplomatie, Bogdan Aurescu, nahm am Montag in Br\u00fcssel am Treffen der Au\u00dfenminister der EU-Mitgliedstaaten (FAC) teil. Auf der Tagesordnung standen geopolitische Aspekte der neuen digitalen Technologien, der Strategische Kompass\u201c der EU, die Situation in \u00c4thiopien sowie die j\u00fcngsten Entwicklungen in Afghanistan und im Libanon. Der Leiter der rum\u00e4nischen Diplomatie stellte auch die Ergebnisse der k\u00fcrzlichen Reise an der Seite der Au\u00dfenminister \u00d6sterreichs und Litauens in den S\u00fcdkaukasus (24.-26. Juni) vor. Betreffend den Strategischen Kompass\u201c der EU, der die Richtung f\u00fcr das k\u00fcnftige Handeln der EU im sicherheitspolitischen Umfeld angeben soll,  wies Bogdan Aurescu auf die Bedeutung der Partnerschaften hin. Dabei verwies er auf die Partnerschaft mit den USA und in der NATO und betonte die Notwendigkeit, die Komplementarit\u00e4t zwischen der EU und der NATO sicherzustellen.<\/p>\n<p>&#13;<br \/>\n&#13;<\/p>\n<p>&#13;<br \/>\n&#13;<\/p>\n<p>&#13;<br \/>\n&#13;<\/p>\n<p>&#13;<br \/>\n&#13;<\/p>\n<p>\u2013 Die Vertreter Rum\u00e4niens begr\u00fc\u00dften den Sieg der von der Pr\u00e4sidentin Maia Sandu gegr\u00fcndeten Partei Aktion und Solidarit\u00e4t\u201c bei den gestrigen vorgezogenen Parlamentswahlen in der Republik Moldau. Pr\u00e4sident Klaus Iohannis begl\u00fcckw\u00fcnschte die moldauischen B\u00fcrger f\u00fcr ihren B\u00fcrgersinn und ihre klare Entscheidung f\u00fcr Reformen, Rechtsstaatlichkeit und europ\u00e4ische Integration. Das Staatsoberhaupt begl\u00fcckw\u00fcnschte auch Pr\u00e4sidentin Maia Sandu zu ihrem Mut, ihrer Ausdauer und ihrer Vision und versicherte ihr, dass Rum\u00e4nien der Republik Moldau bei der Unterst\u00fctzung der Reformen und des europ\u00e4ischen Weges zur Seite stehen werde. Auch Premierminister Florin C\u00ee\u021bu brachte seine Gl\u00fcckw\u00fcnsche und Unterst\u00fctzung f\u00fcr die Reformen im Nachbarland zum Ausdruck. Das rum\u00e4nische Au\u00dfenministerium begr\u00fc\u00dfte seinerseits den Sieg der europ\u00e4ischen und reformorientierten Kr\u00e4fte und \u00e4u\u00dferte die Hoffnung, dass in Chisinau so bald wie m\u00f6glich eine Regierung gebildet werde, die den europafreundlichen Ansatz unterst\u00fctzt und die Reformen fortsetzt. Die Partei Aktion und Solidarit\u00e4t\u201c erhielt 52,5 % der Stimmen, der Wahlblock der Kommunisten und Sozialisten \u2013 \u00fcber 28 %, und die Shor-Partei &#8211; 5,78 %. Diese sind auch die Parteien, die ins Parlament einziehen werden.<\/p>\n<p>&#13;<br \/>\n&#13;<\/p>\n<p>&#13;<br \/>\n&#13;<\/p>\n<p>&#13;<br \/>\n&#13;<\/p>\n<p>SOFIA \u2013 Bei den vorgezogenen Parlamentswahlen vom Sonntag in Bulgarien liegt die populistische, systemkritische Partei Es gibt ein solches Volk\u201c (ITN), laut Prognosen, knapp vor der Mitte-Rechts-Partei B\u00fcrger f\u00fcr die europ\u00e4ische Entwicklung Bulgariens\u201c (GERB). Letztere beherrschte mehr als ein Jahrzehnt die politische Szene in Sofia.  Die Neugegr\u00fcndete ITN des Entertainers Slawi Trifonow erreichte, nach vorl\u00e4ufiger Ausz\u00e4hlung der Stimmen, 33,26 %. Es gibt ein solches Volk\u201c werde keine Koalitionen eingehen, sondern dem Parlament eine aus Experten bestehende Regierung vorschlagen, schreibt Radio Bulgarien. Die Sozialisten, die Nachfolger der prosowjetischen ehemaligen kommunistischen Einheitspartei, belegen den dritten Platz. Die Neuwahlen waren erforderlich, weil die am 4. April neu gew\u00e4hlte Legislative keine Mehrheit f\u00fcr die Einsetzung einer neuen Regierung bilden konnte.<\/p>\n<p>&#13;<br \/>\n&#13;<\/p>\n<p>&#13;<br \/>\n&#13;<\/p>\n<p>&#13;<br \/>\n&#13;<\/p>\n<p>&#13;<br \/>\n&#13;<\/p>\n<p>Wetter \u2013 Der Himmel ist heiter in Rum\u00e4nien, die H\u00f6chsttemperaturen liegen zwischen 27 und 36 Grad Celsius.<\/p>\n<p>&#13;<br \/>\n&#13;<\/p>\n<p>&#13;<\/p>\n","protected":false},"excerpt":{"rendered":"<p>Alarmzustand verl\u00e4ngert +++Partei Aktion und Solidarit\u00e4t\u201c gewinnt Wahlen in der Moldau+++ITN liegt bei den Wahlen im Bulgarien knapp vorn<\/p>\n","protected":false},"author":113,"featured_media":633917,"comment_status":"closed","ping_status":"closed","sticky":false,"template":"","format":"standard","meta":{"_acf_changed":false,"footnotes":""},"categories":[116753],"tags":[105027,28963,99778,35529,142493,100115,101290],"coauthors":[],"class_list":["post-633921","post","type-post","status-publish","format-standard","has-post-thumbnail","hentry","category-newsflash-de","tag-alarmzustand","tag-bogdan-aurescu","tag-bulgarien","tag-corona","tag-maia-sandu-de","tag-republik-moldau","tag-wahlen"],"acf":[],"yoast_head":"<!-- This site is optimized with the Yoast SEO plugin v27.3 - https:\/\/yoast.com\/product\/yoast-seo-wordpress\/ -->\n<title>Nachrichten, 12.07.2021 - Radio Rum\u00e4nien International<\/title>\n<meta name=\"robots\" content=\"index, follow, max-snippet:-1, max-image-preview:large, max-video-preview:-1\" \/>\n<link rel=\"canonical\" href=\"https:\/\/www.rri.ro\/de\/aktuell\/newsflash-de\/nachrichten-12-07-2021-id633921.html\" \/>\n<meta property=\"og:locale\" content=\"de_DE\" \/>\n<meta property=\"og:type\" content=\"article\" \/>\n<meta property=\"og:title\" content=\"Nachrichten, 12.07.2021 - Radio Rum\u00e4nien International\" \/>\n<meta property=\"og:description\" content=\"Alarmzustand verl\u00e4ngert +++Partei Aktion und Solidarit\u00e4t\u201c gewinnt Wahlen in der Moldau+++ITN liegt bei den Wahlen im Bulgarien knapp vorn\" \/>\n<meta property=\"og:url\" content=\"https:\/\/www.rri.ro\/de\/aktuell\/newsflash-de\/nachrichten-12-07-2021-id633921.html\" \/>\n<meta property=\"og:site_name\" content=\"Radio Rum\u00e4nien International\" \/>\n<meta property=\"article:published_time\" content=\"2021-07-12T11:29:00+00:00\" \/>\n<meta property=\"og:image\" content=\"https:\/\/www.rri.ro\/wp-content\/uploads\/2024\/02\/stiri-germana-bleu.png\" \/>\n\t<meta property=\"og:image:width\" content=\"640\" \/>\n\t<meta property=\"og:image:height\" content=\"480\" \/>\n\t<meta property=\"og:image:type\" content=\"image\/png\" \/>\n<meta name=\"author\" content=\"Newsroom\" \/>\n<meta name=\"twitter:card\" content=\"summary_large_image\" \/>\n<meta name=\"twitter:label1\" content=\"Verfasst von\" \/>\n\t<meta name=\"twitter:data1\" content=\"Newsroom\" \/>\n\t<meta name=\"twitter:label2\" content=\"Gesch\u00e4tzte Lesezeit\" \/>\n\t<meta name=\"twitter:data2\" content=\"3\u00a0Minuten\" \/>\n\t<meta name=\"twitter:label3\" content=\"Written by\" \/>\n\t<meta name=\"twitter:data3\" content=\"Newsroom\" \/>\n<script type=\"application\/ld+json\" class=\"yoast-schema-graph\">{\"@context\":\"https:\\\/\\\/schema.org\",\"@graph\":[{\"@type\":\"Article\",\"@id\":\"https:\\\/\\\/www.rri.ro\\\/de\\\/aktuell\\\/newsflash-de\\\/nachrichten-12-07-2021-id633921.html#article\",\"isPartOf\":{\"@id\":\"https:\\\/\\\/www.rri.ro\\\/de\\\/aktuell\\\/newsflash-de\\\/nachrichten-12-07-2021-id633921.html\"},\"author\":{\"name\":\"Newsroom\",\"@id\":\"https:\\\/\\\/www.rri.ro\\\/#\\\/schema\\\/person\\\/4a479940371b9fdefd194f561e8a7f88\"},\"headline\":\"Nachrichten, 12.07.2021\",\"datePublished\":\"2021-07-12T11:29:00+00:00\",\"mainEntityOfPage\":{\"@id\":\"https:\\\/\\\/www.rri.ro\\\/de\\\/aktuell\\\/newsflash-de\\\/nachrichten-12-07-2021-id633921.html\"},\"wordCount\":619,\"image\":{\"@id\":\"https:\\\/\\\/www.rri.ro\\\/de\\\/aktuell\\\/newsflash-de\\\/nachrichten-12-07-2021-id633921.html#primaryimage\"},\"thumbnailUrl\":\"https:\\\/\\\/www.rri.ro\\\/wp-content\\\/uploads\\\/2024\\\/02\\\/stiri-germana-bleu.png\",\"keywords\":[\"Alarmzustand\",\"Bogdan Aurescu\",\"Bulgarien\",\"corona\",\"Maia Sandu\",\"Republik Moldau\",\"Wahlen\"],\"articleSection\":[\"Newsflash\"],\"inLanguage\":\"de\"},{\"@type\":\"WebPage\",\"@id\":\"https:\\\/\\\/www.rri.ro\\\/de\\\/aktuell\\\/newsflash-de\\\/nachrichten-12-07-2021-id633921.html\",\"url\":\"https:\\\/\\\/www.rri.ro\\\/de\\\/aktuell\\\/newsflash-de\\\/nachrichten-12-07-2021-id633921.html\",\"name\":\"Nachrichten, 12.07.2021 - Radio Rum\u00e4nien International\",\"isPartOf\":{\"@id\":\"https:\\\/\\\/www.rri.ro\\\/#website\"},\"primaryImageOfPage\":{\"@id\":\"https:\\\/\\\/www.rri.ro\\\/de\\\/aktuell\\\/newsflash-de\\\/nachrichten-12-07-2021-id633921.html#primaryimage\"},\"image\":{\"@id\":\"https:\\\/\\\/www.rri.ro\\\/de\\\/aktuell\\\/newsflash-de\\\/nachrichten-12-07-2021-id633921.html#primaryimage\"},\"thumbnailUrl\":\"https:\\\/\\\/www.rri.ro\\\/wp-content\\\/uploads\\\/2024\\\/02\\\/stiri-germana-bleu.png\",\"datePublished\":\"2021-07-12T11:29:00+00:00\",\"author\":{\"@id\":\"https:\\\/\\\/www.rri.ro\\\/#\\\/schema\\\/person\\\/4a479940371b9fdefd194f561e8a7f88\"},\"breadcrumb\":{\"@id\":\"https:\\\/\\\/www.rri.ro\\\/de\\\/aktuell\\\/newsflash-de\\\/nachrichten-12-07-2021-id633921.html#breadcrumb\"},\"inLanguage\":\"de\",\"potentialAction\":[{\"@type\":\"ReadAction\",\"target\":[\"https:\\\/\\\/www.rri.ro\\\/de\\\/aktuell\\\/newsflash-de\\\/nachrichten-12-07-2021-id633921.html\"]}]},{\"@type\":\"ImageObject\",\"inLanguage\":\"de\",\"@id\":\"https:\\\/\\\/www.rri.ro\\\/de\\\/aktuell\\\/newsflash-de\\\/nachrichten-12-07-2021-id633921.html#primaryimage\",\"url\":\"https:\\\/\\\/www.rri.ro\\\/wp-content\\\/uploads\\\/2024\\\/02\\\/stiri-germana-bleu.png\",\"contentUrl\":\"https:\\\/\\\/www.rri.ro\\\/wp-content\\\/uploads\\\/2024\\\/02\\\/stiri-germana-bleu.png\",\"width\":640,\"height\":480},{\"@type\":\"BreadcrumbList\",\"@id\":\"https:\\\/\\\/www.rri.ro\\\/de\\\/aktuell\\\/newsflash-de\\\/nachrichten-12-07-2021-id633921.html#breadcrumb\",\"itemListElement\":[{\"@type\":\"ListItem\",\"position\":1,\"name\":\"Startseite\",\"item\":\"https:\\\/\\\/www.rri.ro\\\/de\"},{\"@type\":\"ListItem\",\"position\":2,\"name\":\"Aktuell\",\"item\":\"https:\\\/\\\/www.rri.ro\\\/de\\\/aktuell\"},{\"@type\":\"ListItem\",\"position\":3,\"name\":\"Newsflash\",\"item\":\"https:\\\/\\\/www.rri.ro\\\/de\\\/aktuell\\\/newsflash-de\"},{\"@type\":\"ListItem\",\"position\":4,\"name\":\"Nachrichten, 12.07.2021\"}]},{\"@type\":\"WebSite\",\"@id\":\"https:\\\/\\\/www.rri.ro\\\/#website\",\"url\":\"https:\\\/\\\/www.rri.ro\\\/\",\"name\":\"Radio Rum\u00e4nien International\",\"description\":\"Totul despre Rom\u00e2nia \u015fi rom\u00e2ni, \u00een 13 limbi\\\/dialecte!\",\"inLanguage\":\"de\"},{\"@type\":\"Person\",\"@id\":\"https:\\\/\\\/www.rri.ro\\\/#\\\/schema\\\/person\\\/4a479940371b9fdefd194f561e8a7f88\",\"name\":\"Newsroom\",\"url\":\"https:\\\/\\\/www.rri.ro\\\/de\\\/author\\\/newsroom\"}]}<\/script>\n<!-- \/ Yoast SEO plugin. -->","yoast_head_json":{"title":"Nachrichten, 12.07.2021 - Radio Rum\u00e4nien International","robots":{"index":"index","follow":"follow","max-snippet":"max-snippet:-1","max-image-preview":"max-image-preview:large","max-video-preview":"max-video-preview:-1"},"canonical":"https:\/\/www.rri.ro\/de\/aktuell\/newsflash-de\/nachrichten-12-07-2021-id633921.html","og_locale":"de_DE","og_type":"article","og_title":"Nachrichten, 12.07.2021 - Radio Rum\u00e4nien International","og_description":"Alarmzustand verl\u00e4ngert +++Partei Aktion und Solidarit\u00e4t\u201c gewinnt Wahlen in der Moldau+++ITN liegt bei den Wahlen im Bulgarien knapp vorn","og_url":"https:\/\/www.rri.ro\/de\/aktuell\/newsflash-de\/nachrichten-12-07-2021-id633921.html","og_site_name":"Radio Rum\u00e4nien International","article_published_time":"2021-07-12T11:29:00+00:00","og_image":[{"width":640,"height":480,"url":"https:\/\/www.rri.ro\/wp-content\/uploads\/2024\/02\/stiri-germana-bleu.png","type":"image\/png"}],"author":"Newsroom","twitter_card":"summary_large_image","twitter_misc":{"Verfasst von":"Newsroom","Gesch\u00e4tzte Lesezeit":"3\u00a0Minuten","Written by":"Newsroom"},"schema":{"@context":"https:\/\/schema.org","@graph":[{"@type":"Article","@id":"https:\/\/www.rri.ro\/de\/aktuell\/newsflash-de\/nachrichten-12-07-2021-id633921.html#article","isPartOf":{"@id":"https:\/\/www.rri.ro\/de\/aktuell\/newsflash-de\/nachrichten-12-07-2021-id633921.html"},"author":{"name":"Newsroom","@id":"https:\/\/www.rri.ro\/#\/schema\/person\/4a479940371b9fdefd194f561e8a7f88"},"headline":"Nachrichten, 12.07.2021","datePublished":"2021-07-12T11:29:00+00:00","mainEntityOfPage":{"@id":"https:\/\/www.rri.ro\/de\/aktuell\/newsflash-de\/nachrichten-12-07-2021-id633921.html"},"wordCount":619,"image":{"@id":"https:\/\/www.rri.ro\/de\/aktuell\/newsflash-de\/nachrichten-12-07-2021-id633921.html#primaryimage"},"thumbnailUrl":"https:\/\/www.rri.ro\/wp-content\/uploads\/2024\/02\/stiri-germana-bleu.png","keywords":["Alarmzustand","Bogdan Aurescu","Bulgarien","corona","Maia Sandu","Republik Moldau","Wahlen"],"articleSection":["Newsflash"],"inLanguage":"de"},{"@type":"WebPage","@id":"https:\/\/www.rri.ro\/de\/aktuell\/newsflash-de\/nachrichten-12-07-2021-id633921.html","url":"https:\/\/www.rri.ro\/de\/aktuell\/newsflash-de\/nachrichten-12-07-2021-id633921.html","name":"Nachrichten, 12.07.2021 - Radio Rum\u00e4nien International","isPartOf":{"@id":"https:\/\/www.rri.ro\/#website"},"primaryImageOfPage":{"@id":"https:\/\/www.rri.ro\/de\/aktuell\/newsflash-de\/nachrichten-12-07-2021-id633921.html#primaryimage"},"image":{"@id":"https:\/\/www.rri.ro\/de\/aktuell\/newsflash-de\/nachrichten-12-07-2021-id633921.html#primaryimage"},"thumbnailUrl":"https:\/\/www.rri.ro\/wp-content\/uploads\/2024\/02\/stiri-germana-bleu.png","datePublished":"2021-07-12T11:29:00+00:00","author":{"@id":"https:\/\/www.rri.ro\/#\/schema\/person\/4a479940371b9fdefd194f561e8a7f88"},"breadcrumb":{"@id":"https:\/\/www.rri.ro\/de\/aktuell\/newsflash-de\/nachrichten-12-07-2021-id633921.html#breadcrumb"},"inLanguage":"de","potentialAction":[{"@type":"ReadAction","target":["https:\/\/www.rri.ro\/de\/aktuell\/newsflash-de\/nachrichten-12-07-2021-id633921.html"]}]},{"@type":"ImageObject","inLanguage":"de","@id":"https:\/\/www.rri.ro\/de\/aktuell\/newsflash-de\/nachrichten-12-07-2021-id633921.html#primaryimage","url":"https:\/\/www.rri.ro\/wp-content\/uploads\/2024\/02\/stiri-germana-bleu.png","contentUrl":"https:\/\/www.rri.ro\/wp-content\/uploads\/2024\/02\/stiri-germana-bleu.png","width":640,"height":480},{"@type":"BreadcrumbList","@id":"https:\/\/www.rri.ro\/de\/aktuell\/newsflash-de\/nachrichten-12-07-2021-id633921.html#breadcrumb","itemListElement":[{"@type":"ListItem","position":1,"name":"Startseite","item":"https:\/\/www.rri.ro\/de"},{"@type":"ListItem","position":2,"name":"Aktuell","item":"https:\/\/www.rri.ro\/de\/aktuell"},{"@type":"ListItem","position":3,"name":"Newsflash","item":"https:\/\/www.rri.ro\/de\/aktuell\/newsflash-de"},{"@type":"ListItem","position":4,"name":"Nachrichten, 12.07.2021"}]},{"@type":"WebSite","@id":"https:\/\/www.rri.ro\/#website","url":"https:\/\/www.rri.ro\/","name":"Radio Rum\u00e4nien International","description":"Totul despre Rom\u00e2nia \u015fi rom\u00e2ni, \u00een 13 limbi\/dialecte!","inLanguage":"de"},{"@type":"Person","@id":"https:\/\/www.rri.ro\/#\/schema\/person\/4a479940371b9fdefd194f561e8a7f88","name":"Newsroom","url":"https:\/\/www.rri.ro\/de\/author\/newsroom"}]}},"_links":{"self":[{"href":"https:\/\/www.rri.ro\/de\/wp-json\/wp\/v2\/posts\/633921","targetHints":{"allow":["GET"]}}],"collection":[{"href":"https:\/\/www.rri.ro\/de\/wp-json\/wp\/v2\/posts"}],"about":[{"href":"https:\/\/www.rri.ro\/de\/wp-json\/wp\/v2\/types\/post"}],"author":[{"embeddable":true,"href":"https:\/\/www.rri.ro\/de\/wp-json\/wp\/v2\/users\/113"}],"replies":[{"embeddable":true,"href":"https:\/\/www.rri.ro\/de\/wp-json\/wp\/v2\/comments?post=633921"}],"version-history":[{"count":0,"href":"https:\/\/www.rri.ro\/de\/wp-json\/wp\/v2\/posts\/633921\/revisions"}],"wp:featuredmedia":[{"embeddable":true,"href":"https:\/\/www.rri.ro\/de\/wp-json\/wp\/v2\/media\/633917"}],"wp:attachment":[{"href":"https:\/\/www.rri.ro\/de\/wp-json\/wp\/v2\/media?parent=633921"}],"wp:term":[{"taxonomy":"category","embeddable":true,"href":"https:\/\/www.rri.ro\/de\/wp-json\/wp\/v2\/categories?post=633921"},{"taxonomy":"post_tag","embeddable":true,"href":"https:\/\/www.rri.ro\/de\/wp-json\/wp\/v2\/tags?post=633921"},{"taxonomy":"author","embeddable":true,"href":"https:\/\/www.rri.ro\/de\/wp-json\/wp\/v2\/coauthors?post=633921"}],"curies":[{"name":"wp","href":"https:\/\/api.w.org\/{rel}","templated":true}]}}