{"id":633969,"date":"2021-09-07T17:16:00","date_gmt":"2021-09-07T14:16:00","guid":{"rendered":"http:\/\/devrri.freshlemon.ro\/aktuell\/nachrichten-07-09-2021-id633969.html"},"modified":"2021-09-07T17:16:00","modified_gmt":"2021-09-07T14:16:00","slug":"nachrichten-07-09-2021","status":"publish","type":"post","link":"https:\/\/www.rri.ro\/de\/aktuell\/newsflash-de\/nachrichten-07-09-2021-id633969.html","title":{"rendered":"Nachrichten 07.09.2021"},"content":{"rendered":"<p><strong>Bukarest:<\/strong> In Rum\u00e4nien sind der stellvertretende Ministerpr\u00e4sident Dan Barna und die anderen Minister der USR PLUS aus dem Koalitionskabinett des Liberalen Florin C\u00ee\u0163u zur\u00fcckgetreten, wie sie am Montagabend angek\u00fcndigt hatten. Die USR PLUS ist der Meinung, dass der Premier die Koalition platzen lie\u200e\u00df, nachdem er unerwartet den Justizminister Stelian Ion entlassen hatte. Am Freitag hatten die USR PLUS und die nationalistische Partei AUR einen Misstrauensantrag gegen das Kabinett C\u00ee\u0163u eingereicht. Die st\u00e4ndigen Aussch\u00fcsse des Senats und der Abgeordnetenkammer versuchen heute, sich auf einen Zeitplan f\u00fcr den Antrag zu einigen.<\/p>\n<p>&#13;<br \/>\n&#13;<\/p>\n<p>&#13;<br \/>\n&#13;<\/p>\n<p><strong>Bukarest:<\/strong> Trotz des R\u00fccktritts der USR PLUS-Minister hat Premierminister Florin C\u00ee\u0163u eine Kabinettssitzung einberufen, um \u00fcber eine neue Haushaltsanpassung zu beraten. Der Premierminister k\u00fcndigte Montag Abend an, dass das Haushaltsanpassungsgesetz verabschiedet wird, unabh\u00e4ngig davon, ob die Partei USR PLUS aus der Regierungskoalition aussteigt oder nicht. Bei der Haushaltsanpassung werden die meisten Finanzmittel dem Gesundheitsministerium, den \u00f6ffentlichen Finanzen, der Entwicklung und den Investitionen zugute kommen. Die Haushaltsk\u00fcrzungen werden das Arbeitsministerium, den Senat und den Rechnungshof betreffen.<\/p>\n<p>&#13;<br \/>\n&#13;<\/p>\n<p>&#13;<br \/>\n&#13;<\/p>\n<p><strong>Bukarest:<\/strong> In Bukarest findet ab Dienstag das j\u00e4hrliche Treffen der rum\u00e4nischen Diplomaten statt, an dem die Leiter der diplomatischen Vertretungen und konsularischen B\u00fcros Rum\u00e4niens im Ausland teilnehmen. Den Vorsitz des Treffens f\u00fchrt Au\u200e\u00dfenminister Bogdan Aurescu. Das Hauptthema des diesj\u00e4hrigen Treffens ist das Konzept der Resilienz, das im Zusammenhang mit der Pandemiekrise an Bedeutung gewinnt. Auf der Gespr\u00e4chsagenda stehen zudem neue Entwicklungen wie der Klimawandel, der digitale Wandel, die wachsende Bedeutung neuer Technologien und die Cybersicherheit. Au\u200e\u00dfenminister Bogdan Aurescu hat ebenfalls Gespr\u00e4che mit seinem moldawischen Amtskollegen Nicolae Popescu geplant, der an dem Treffen teilnimmt. Im Mittelpunkt der bilateralen Gespr\u00e4che steht die Unterst\u00fctzung Rum\u00e4niens f\u00fcr die von der neuen Regierung in Chi\u015fin\u0103u durchgef\u00fchrten Reformen und f\u00fcr die EU-Beitrittsbem\u00fchungen der Republik Moldau.<\/p>\n<p>&#13;<br \/>\n&#13;<\/p>\n<p>&#13;<br \/>\n&#13;<\/p>\n<p><strong>Bukarest:<\/strong> Der rum\u00e4nische Staatspr\u00e4sident Klaus Iohannis wird am Donnerstag auf Einladung seines Amtskollegen Guy Parmelin zu einem offiziellen Besuch in die Schweiz reisen. Nach Angaben des Pr\u00e4sidialamtes findet der Besuch aus Anlass des diesj\u00e4hrigen Jubil\u00e4ums der 110-j\u00e4hrigen diplomatischen Beziehungen zwischen den beiden Staaten statt. Die Gespr\u00e4che werden sich auf die St\u00e4rkung der bilateralen Zusammenarbeit konzentrieren, einschlie\u200e\u00dflich der wirtschaftlichen Zusammenarbeit, mit Schwerpunkt auf Investitionen. Die Schweiz ist der zehntgr\u00f6sste ausl\u00e4ndische Investor in Rum\u00e4nien.<\/p>\n<p>&#13;<br \/>\n&#13;<\/p>\n<p>&#13;<br \/>\n&#13;<\/p>\n<p><strong>Bukarest:<\/strong> Die Zahl der Neuinfektionen mit Covid-19 bleibt in Rum\u00e4nien hoch: Am Montag wurden 1.035 Neuinfektionen und 25 Todesf\u00e4lle gemeldet. Es gibt 405 Intensivpatienten. Von den Patienten in den Krankenh\u00e4usern sind 107 unter 18 Jahre alt, und 5 von ihnen befinden sich auf der Intensivstation. In den letzten 24 Stunden wurden mehr als 8.000 Menschen geimpft, aber die Gesamtzahl der vollst\u00e4ndig geimpften Rum\u00e4nen liegt bei fast 5,2 Millionen, was immer noch weniger als ein Drittel der gesamten in Frage kommenden Bev\u00f6lkerung ausmacht.<\/p>\n<p>&#13;<br \/>\n&#13;<\/p>\n<p>&#13;<br \/>\n&#13;<\/p>\n<p><strong>Sport:<\/strong> Die Rum\u00e4ninnen Monica Niculescu\/Gabriela Ruse sind ins Viertelfinale des Doppelwettbewerbs bei den US Open eingezogen. Im Achtelfinale des letzten Grand Slam Turniers des Jahres haben sie sich gegen Leylah Fernandez (Kanada)\/Erin Routliff (Neuseeland) durchgesetzt. Die Rum\u00e4ninnen treffen als n\u00e4chstes auf Alexa Guarachi (Chile)\/Desirae Krawczyk (USA), die Raluca Olaru (Rum\u00e4nien)\/Nadia Kicenok (Ukraine) besiegten.<\/p>\n<p>&#13;<\/p>\n","protected":false},"excerpt":{"rendered":"<p>Die Meldungen des Tages im \u00dcberblick<\/p>\n","protected":false},"author":113,"featured_media":633917,"comment_status":"closed","ping_status":"closed","sticky":false,"template":"","format":"standard","meta":{"_acf_changed":false,"footnotes":""},"categories":[116753],"tags":[28963,150651,35391,128084,128085,105076,100730,29231,35898],"coauthors":[],"class_list":["post-633969","post","type-post","status-publish","format-standard","has-post-thumbnail","hentry","category-newsflash-de","tag-bogdan-aurescu","tag-dan-barna-de","tag-florin-citu","tag-guy-parmeli","tag-intensivpatienten","tag-neuinfektionen","tag-regierungskoalition","tag-us-open","tag-usr-plus"],"acf":[],"yoast_head":"<!-- This site is optimized with the Yoast SEO plugin v27.3 - https:\/\/yoast.com\/product\/yoast-seo-wordpress\/ -->\n<title>Nachrichten 07.09.2021 - Radio Rum\u00e4nien International<\/title>\n<meta name=\"robots\" content=\"index, follow, max-snippet:-1, max-image-preview:large, max-video-preview:-1\" \/>\n<link rel=\"canonical\" href=\"https:\/\/www.rri.ro\/de\/aktuell\/newsflash-de\/nachrichten-07-09-2021-id633969.html\" \/>\n<meta property=\"og:locale\" content=\"de_DE\" \/>\n<meta property=\"og:type\" content=\"article\" \/>\n<meta property=\"og:title\" content=\"Nachrichten 07.09.2021 - Radio Rum\u00e4nien International\" \/>\n<meta property=\"og:description\" content=\"Die Meldungen des Tages im \u00dcberblick\" \/>\n<meta property=\"og:url\" content=\"https:\/\/www.rri.ro\/de\/aktuell\/newsflash-de\/nachrichten-07-09-2021-id633969.html\" \/>\n<meta property=\"og:site_name\" content=\"Radio Rum\u00e4nien International\" \/>\n<meta property=\"article:published_time\" content=\"2021-09-07T14:16:00+00:00\" \/>\n<meta property=\"og:image\" content=\"https:\/\/www.rri.ro\/wp-content\/uploads\/2024\/02\/stiri-germana-bleu.png\" \/>\n\t<meta property=\"og:image:width\" content=\"640\" \/>\n\t<meta property=\"og:image:height\" content=\"480\" \/>\n\t<meta property=\"og:image:type\" content=\"image\/png\" \/>\n<meta name=\"author\" content=\"Newsroom\" \/>\n<meta name=\"twitter:card\" content=\"summary_large_image\" \/>\n<meta name=\"twitter:label1\" content=\"Verfasst von\" \/>\n\t<meta name=\"twitter:data1\" content=\"Newsroom\" \/>\n\t<meta name=\"twitter:label2\" content=\"Gesch\u00e4tzte Lesezeit\" \/>\n\t<meta name=\"twitter:data2\" content=\"3\u00a0Minuten\" \/>\n\t<meta name=\"twitter:label3\" content=\"Written by\" \/>\n\t<meta name=\"twitter:data3\" content=\"Newsroom\" \/>\n<script type=\"application\/ld+json\" class=\"yoast-schema-graph\">{\"@context\":\"https:\\\/\\\/schema.org\",\"@graph\":[{\"@type\":\"Article\",\"@id\":\"https:\\\/\\\/www.rri.ro\\\/de\\\/aktuell\\\/newsflash-de\\\/nachrichten-07-09-2021-id633969.html#article\",\"isPartOf\":{\"@id\":\"https:\\\/\\\/www.rri.ro\\\/de\\\/aktuell\\\/newsflash-de\\\/nachrichten-07-09-2021-id633969.html\"},\"author\":{\"name\":\"Newsroom\",\"@id\":\"https:\\\/\\\/www.rri.ro\\\/#\\\/schema\\\/person\\\/4a479940371b9fdefd194f561e8a7f88\"},\"headline\":\"Nachrichten 07.09.2021\",\"datePublished\":\"2021-09-07T14:16:00+00:00\",\"mainEntityOfPage\":{\"@id\":\"https:\\\/\\\/www.rri.ro\\\/de\\\/aktuell\\\/newsflash-de\\\/nachrichten-07-09-2021-id633969.html\"},\"wordCount\":541,\"image\":{\"@id\":\"https:\\\/\\\/www.rri.ro\\\/de\\\/aktuell\\\/newsflash-de\\\/nachrichten-07-09-2021-id633969.html#primaryimage\"},\"thumbnailUrl\":\"https:\\\/\\\/www.rri.ro\\\/wp-content\\\/uploads\\\/2024\\\/02\\\/stiri-germana-bleu.png\",\"keywords\":[\"Bogdan Aurescu\",\"Dan Barna\",\"Florin Citu\",\"Guy Parmeli\",\"Intensivpatienten\",\"Neuinfektionen\",\"Regierungskoalition\",\"US Open\",\"USR-PLUS\"],\"articleSection\":[\"Newsflash\"],\"inLanguage\":\"de\"},{\"@type\":\"WebPage\",\"@id\":\"https:\\\/\\\/www.rri.ro\\\/de\\\/aktuell\\\/newsflash-de\\\/nachrichten-07-09-2021-id633969.html\",\"url\":\"https:\\\/\\\/www.rri.ro\\\/de\\\/aktuell\\\/newsflash-de\\\/nachrichten-07-09-2021-id633969.html\",\"name\":\"Nachrichten 07.09.2021 - Radio Rum\u00e4nien International\",\"isPartOf\":{\"@id\":\"https:\\\/\\\/www.rri.ro\\\/#website\"},\"primaryImageOfPage\":{\"@id\":\"https:\\\/\\\/www.rri.ro\\\/de\\\/aktuell\\\/newsflash-de\\\/nachrichten-07-09-2021-id633969.html#primaryimage\"},\"image\":{\"@id\":\"https:\\\/\\\/www.rri.ro\\\/de\\\/aktuell\\\/newsflash-de\\\/nachrichten-07-09-2021-id633969.html#primaryimage\"},\"thumbnailUrl\":\"https:\\\/\\\/www.rri.ro\\\/wp-content\\\/uploads\\\/2024\\\/02\\\/stiri-germana-bleu.png\",\"datePublished\":\"2021-09-07T14:16:00+00:00\",\"author\":{\"@id\":\"https:\\\/\\\/www.rri.ro\\\/#\\\/schema\\\/person\\\/4a479940371b9fdefd194f561e8a7f88\"},\"breadcrumb\":{\"@id\":\"https:\\\/\\\/www.rri.ro\\\/de\\\/aktuell\\\/newsflash-de\\\/nachrichten-07-09-2021-id633969.html#breadcrumb\"},\"inLanguage\":\"de\",\"potentialAction\":[{\"@type\":\"ReadAction\",\"target\":[\"https:\\\/\\\/www.rri.ro\\\/de\\\/aktuell\\\/newsflash-de\\\/nachrichten-07-09-2021-id633969.html\"]}]},{\"@type\":\"ImageObject\",\"inLanguage\":\"de\",\"@id\":\"https:\\\/\\\/www.rri.ro\\\/de\\\/aktuell\\\/newsflash-de\\\/nachrichten-07-09-2021-id633969.html#primaryimage\",\"url\":\"https:\\\/\\\/www.rri.ro\\\/wp-content\\\/uploads\\\/2024\\\/02\\\/stiri-germana-bleu.png\",\"contentUrl\":\"https:\\\/\\\/www.rri.ro\\\/wp-content\\\/uploads\\\/2024\\\/02\\\/stiri-germana-bleu.png\",\"width\":640,\"height\":480},{\"@type\":\"BreadcrumbList\",\"@id\":\"https:\\\/\\\/www.rri.ro\\\/de\\\/aktuell\\\/newsflash-de\\\/nachrichten-07-09-2021-id633969.html#breadcrumb\",\"itemListElement\":[{\"@type\":\"ListItem\",\"position\":1,\"name\":\"Startseite\",\"item\":\"https:\\\/\\\/www.rri.ro\\\/de\"},{\"@type\":\"ListItem\",\"position\":2,\"name\":\"Aktuell\",\"item\":\"https:\\\/\\\/www.rri.ro\\\/de\\\/aktuell\"},{\"@type\":\"ListItem\",\"position\":3,\"name\":\"Newsflash\",\"item\":\"https:\\\/\\\/www.rri.ro\\\/de\\\/aktuell\\\/newsflash-de\"},{\"@type\":\"ListItem\",\"position\":4,\"name\":\"Nachrichten 07.09.2021\"}]},{\"@type\":\"WebSite\",\"@id\":\"https:\\\/\\\/www.rri.ro\\\/#website\",\"url\":\"https:\\\/\\\/www.rri.ro\\\/\",\"name\":\"Radio Rum\u00e4nien International\",\"description\":\"Totul despre Rom\u00e2nia \u015fi rom\u00e2ni, \u00een 13 limbi\\\/dialecte!\",\"inLanguage\":\"de\"},{\"@type\":\"Person\",\"@id\":\"https:\\\/\\\/www.rri.ro\\\/#\\\/schema\\\/person\\\/4a479940371b9fdefd194f561e8a7f88\",\"name\":\"Newsroom\",\"url\":\"https:\\\/\\\/www.rri.ro\\\/de\\\/author\\\/newsroom\"}]}<\/script>\n<!-- \/ Yoast SEO plugin. -->","yoast_head_json":{"title":"Nachrichten 07.09.2021 - Radio Rum\u00e4nien International","robots":{"index":"index","follow":"follow","max-snippet":"max-snippet:-1","max-image-preview":"max-image-preview:large","max-video-preview":"max-video-preview:-1"},"canonical":"https:\/\/www.rri.ro\/de\/aktuell\/newsflash-de\/nachrichten-07-09-2021-id633969.html","og_locale":"de_DE","og_type":"article","og_title":"Nachrichten 07.09.2021 - Radio Rum\u00e4nien International","og_description":"Die Meldungen des Tages im \u00dcberblick","og_url":"https:\/\/www.rri.ro\/de\/aktuell\/newsflash-de\/nachrichten-07-09-2021-id633969.html","og_site_name":"Radio Rum\u00e4nien International","article_published_time":"2021-09-07T14:16:00+00:00","og_image":[{"width":640,"height":480,"url":"https:\/\/www.rri.ro\/wp-content\/uploads\/2024\/02\/stiri-germana-bleu.png","type":"image\/png"}],"author":"Newsroom","twitter_card":"summary_large_image","twitter_misc":{"Verfasst von":"Newsroom","Gesch\u00e4tzte Lesezeit":"3\u00a0Minuten","Written by":"Newsroom"},"schema":{"@context":"https:\/\/schema.org","@graph":[{"@type":"Article","@id":"https:\/\/www.rri.ro\/de\/aktuell\/newsflash-de\/nachrichten-07-09-2021-id633969.html#article","isPartOf":{"@id":"https:\/\/www.rri.ro\/de\/aktuell\/newsflash-de\/nachrichten-07-09-2021-id633969.html"},"author":{"name":"Newsroom","@id":"https:\/\/www.rri.ro\/#\/schema\/person\/4a479940371b9fdefd194f561e8a7f88"},"headline":"Nachrichten 07.09.2021","datePublished":"2021-09-07T14:16:00+00:00","mainEntityOfPage":{"@id":"https:\/\/www.rri.ro\/de\/aktuell\/newsflash-de\/nachrichten-07-09-2021-id633969.html"},"wordCount":541,"image":{"@id":"https:\/\/www.rri.ro\/de\/aktuell\/newsflash-de\/nachrichten-07-09-2021-id633969.html#primaryimage"},"thumbnailUrl":"https:\/\/www.rri.ro\/wp-content\/uploads\/2024\/02\/stiri-germana-bleu.png","keywords":["Bogdan Aurescu","Dan Barna","Florin Citu","Guy Parmeli","Intensivpatienten","Neuinfektionen","Regierungskoalition","US Open","USR-PLUS"],"articleSection":["Newsflash"],"inLanguage":"de"},{"@type":"WebPage","@id":"https:\/\/www.rri.ro\/de\/aktuell\/newsflash-de\/nachrichten-07-09-2021-id633969.html","url":"https:\/\/www.rri.ro\/de\/aktuell\/newsflash-de\/nachrichten-07-09-2021-id633969.html","name":"Nachrichten 07.09.2021 - Radio Rum\u00e4nien International","isPartOf":{"@id":"https:\/\/www.rri.ro\/#website"},"primaryImageOfPage":{"@id":"https:\/\/www.rri.ro\/de\/aktuell\/newsflash-de\/nachrichten-07-09-2021-id633969.html#primaryimage"},"image":{"@id":"https:\/\/www.rri.ro\/de\/aktuell\/newsflash-de\/nachrichten-07-09-2021-id633969.html#primaryimage"},"thumbnailUrl":"https:\/\/www.rri.ro\/wp-content\/uploads\/2024\/02\/stiri-germana-bleu.png","datePublished":"2021-09-07T14:16:00+00:00","author":{"@id":"https:\/\/www.rri.ro\/#\/schema\/person\/4a479940371b9fdefd194f561e8a7f88"},"breadcrumb":{"@id":"https:\/\/www.rri.ro\/de\/aktuell\/newsflash-de\/nachrichten-07-09-2021-id633969.html#breadcrumb"},"inLanguage":"de","potentialAction":[{"@type":"ReadAction","target":["https:\/\/www.rri.ro\/de\/aktuell\/newsflash-de\/nachrichten-07-09-2021-id633969.html"]}]},{"@type":"ImageObject","inLanguage":"de","@id":"https:\/\/www.rri.ro\/de\/aktuell\/newsflash-de\/nachrichten-07-09-2021-id633969.html#primaryimage","url":"https:\/\/www.rri.ro\/wp-content\/uploads\/2024\/02\/stiri-germana-bleu.png","contentUrl":"https:\/\/www.rri.ro\/wp-content\/uploads\/2024\/02\/stiri-germana-bleu.png","width":640,"height":480},{"@type":"BreadcrumbList","@id":"https:\/\/www.rri.ro\/de\/aktuell\/newsflash-de\/nachrichten-07-09-2021-id633969.html#breadcrumb","itemListElement":[{"@type":"ListItem","position":1,"name":"Startseite","item":"https:\/\/www.rri.ro\/de"},{"@type":"ListItem","position":2,"name":"Aktuell","item":"https:\/\/www.rri.ro\/de\/aktuell"},{"@type":"ListItem","position":3,"name":"Newsflash","item":"https:\/\/www.rri.ro\/de\/aktuell\/newsflash-de"},{"@type":"ListItem","position":4,"name":"Nachrichten 07.09.2021"}]},{"@type":"WebSite","@id":"https:\/\/www.rri.ro\/#website","url":"https:\/\/www.rri.ro\/","name":"Radio Rum\u00e4nien International","description":"Totul despre Rom\u00e2nia \u015fi rom\u00e2ni, \u00een 13 limbi\/dialecte!","inLanguage":"de"},{"@type":"Person","@id":"https:\/\/www.rri.ro\/#\/schema\/person\/4a479940371b9fdefd194f561e8a7f88","name":"Newsroom","url":"https:\/\/www.rri.ro\/de\/author\/newsroom"}]}},"_links":{"self":[{"href":"https:\/\/www.rri.ro\/de\/wp-json\/wp\/v2\/posts\/633969","targetHints":{"allow":["GET"]}}],"collection":[{"href":"https:\/\/www.rri.ro\/de\/wp-json\/wp\/v2\/posts"}],"about":[{"href":"https:\/\/www.rri.ro\/de\/wp-json\/wp\/v2\/types\/post"}],"author":[{"embeddable":true,"href":"https:\/\/www.rri.ro\/de\/wp-json\/wp\/v2\/users\/113"}],"replies":[{"embeddable":true,"href":"https:\/\/www.rri.ro\/de\/wp-json\/wp\/v2\/comments?post=633969"}],"version-history":[{"count":0,"href":"https:\/\/www.rri.ro\/de\/wp-json\/wp\/v2\/posts\/633969\/revisions"}],"wp:featuredmedia":[{"embeddable":true,"href":"https:\/\/www.rri.ro\/de\/wp-json\/wp\/v2\/media\/633917"}],"wp:attachment":[{"href":"https:\/\/www.rri.ro\/de\/wp-json\/wp\/v2\/media?parent=633969"}],"wp:term":[{"taxonomy":"category","embeddable":true,"href":"https:\/\/www.rri.ro\/de\/wp-json\/wp\/v2\/categories?post=633969"},{"taxonomy":"post_tag","embeddable":true,"href":"https:\/\/www.rri.ro\/de\/wp-json\/wp\/v2\/tags?post=633969"},{"taxonomy":"author","embeddable":true,"href":"https:\/\/www.rri.ro\/de\/wp-json\/wp\/v2\/coauthors?post=633969"}],"curies":[{"name":"wp","href":"https:\/\/api.w.org\/{rel}","templated":true}]}}