{"id":634004,"date":"2021-10-22T17:38:00","date_gmt":"2021-10-22T14:38:00","guid":{"rendered":"http:\/\/devrri.freshlemon.ro\/aktuell\/nachrichten-22-10-2021-id634004.html"},"modified":"2021-10-22T17:38:00","modified_gmt":"2021-10-22T14:38:00","slug":"nachrichten-22-10-2021","status":"publish","type":"post","link":"https:\/\/www.rri.ro\/de\/aktuell\/newsflash-de\/nachrichten-22-10-2021-id634004.html","title":{"rendered":"Nachrichten 22.10.2021"},"content":{"rendered":"<p>Die \u00dcbergangsregierung in Bukarest hat am Freitag \u00fcber neue Corona-Einschr\u00e4nkungen f\u00fcr Rum\u00e4nien, das sich seit dem Ausbruch der Pandemie in einer noch nie dagewesenen epidemiologischen Krise befindet, entschieden. Einige Ma\u00dfnahmen wurden bereits von Pr\u00e4sident Klaus Iohannis nach seinem Treffen mit Entscheidungstr\u00e4gern in dieser Woche angek\u00fcndigt. Ab Montag haben die rum\u00e4nischen Sch\u00fcler zwei Wochen Ferien,  die Impfpass-Pflicht wird ausgeweitet, die Maskenpflicht \u00fcberall drinnen und drau\u00dfen vorgeschrieben und f\u00fcr Ungeimpfte gilt ein Nachtausgangsverbot. Der Staatschef betonte, die einzige L\u00f6sung liege in der Impfung. Bis aber eine ausreichende Impfquote erreicht sei, seien Einschr\u00e4nkungen erforderlich. Laut amtlichen Angaben wurden in den letzten 24 Stunden 15.410 Corona-F\u00e4lle registriert und 357 Todesf\u00e4lle gemeldet wurden. 1848 Personen liegen auf der Intensivstation.<\/p>\n<p>&#13;<br \/>\n&#13;<\/p>\n<p>&#13;<br \/>\n&#13;<\/p>\n<p>Der am Donnerstag von Pr\u00e4sident Klaus Iohannis mit der Bildung einer neuen Regierung beauftragte Interimsverteidigungsminister Nicolae Ciuc\u0103 hat die Gespr\u00e4che mit den Vorsitzenden der im Parlament vertretenen Parteien aufgenommen. Ein erstes Treffen mit dem Vorsitzenden des Ungarn-Verbandes Kelemen Hunor hat am Freitag stattgefunden. . Er sagte, dass die UDMR weiterhin mit der PNL regieren werde, und f\u00fcgte hinzu, dass das Regierungsprogramm und die Verteilung der Ministerien in den kommenden Tagen besorochen werden. Die \u00f6ko-liberale USR wird versuchen, die PNL davon zu \u00fcberzeugen, einer Koalitionsregierung, die sich auf eine Mehrheit im Parlament st\u00fctzt, anzustreben. Die PSD erkl\u00e4rt, sie werde mit Nicolae Ciuc\u0103 \u00fcber die Bildung einer parlamentarischen Mehrheit zur Unterst\u00fctzung einer Minderheitsregierung diskutieren, w\u00e4hrend die ultranationalistische AUR erkl\u00e4rt, sie werde eine von Ciuc\u0103 gef\u00fchrte Regierung nicht unterst\u00fctzen. Der designierte Premierminister rief alle Parteien auf, die Bildung der neuen Exekutive zu unterst\u00fctzen, damit Rum\u00e4nien die aktuelle medizinische und wirtschaftliche Krise schnell \u00fcberwindet.  <\/p>\n<p>&#13;<br \/>\n&#13;<\/p>\n<p>&#13;<br \/>\n&#13;<\/p>\n<p>Der ehemalige Vorsitzende der Nationalliberalen Partei (PNL), der Vorsitzende der Abgeordnetenkammer Ludovic Orban, hat angek\u00fcndigt, dass er nicht f\u00fcr die Regierung Ciuc\u0103 stimmen und aus der liberalen Fraktion austreten werde. Er beschuldigte Pr\u00e4sident Klaus Iohannis und die derzeitige Parteif\u00fchrung die Interessen der Rum\u00e4nen verraten zu haben. Orban sagte, dass die Regierung, die keine parlamentarische Mehrheit hat, der PSD ausgeliefert sein werde und sich nicht mehr f\u00fcr die Modernisierung und Entwicklung erforderlichen Reformen werde einsetzen k\u00f6nnen.<\/p>\n<p>&#13;<br \/>\n&#13;<\/p>\n<p>&#13;<br \/>\n&#13;<\/p>\n<p>Der rum\u00e4nische Staatspr\u00e4sident Klaus Iohannis nimmt heute an der Tagung des Europ\u00e4ischen Rates in Br\u00fcssel teil. Im Mittelpunkt der Gespr\u00e4che stehen die Energiefrage, die Klimakrise und der Gr\u00fcne Deal. Wenn die Energiepreise weiter steigen, wird sich dies automatisch auch auf andere Preise auswirken, warnte er. Die Staats- und Regierungschefs der EU werden auch \u00fcber Migration, europ\u00e4ische Handelspolitik und Au\u00dfenbeziehungen sprechen. Zur Vorbereitung des Treffens nahm Klaus Iohannis am Montag an einer Videokonferenz mit dem Pr\u00e4sidenten des Europ\u00e4ischen Rates Charles Michel seinem litauischen Amtskollegen und den Premierministern Polens, der Slowakei und Sloweniens teil. Iohannis wies auf die Corona-Krise in Rum\u00e4nien hin und betonte, dass die niedrige Impfrate wesentlich zu dieser Situation beigetragen hat. Er erkl\u00e4rte, dass Rum\u00e4nien das europ\u00e4ische Katastrophenschutzverfahren aktiviert hat und dankte den Mitgliedstaaten, die das Land bereits unterst\u00fctzten. In Bezug auf die Energiepreise betonte Klaus Iohannis die Notwendigkeit, rasch wirksame kurzfristige L\u00f6sungen zu finden, da die derzeitige Energiekrise schwerwiegende Auswirkungen auf alle EU-L\u00e4nder haben werde, mit tiefgreifenden sozio\u00f6konomischen Folgen.<\/p>\n<p>&#13;<br \/>\n&#13;<\/p>\n<p>&#13;<br \/>\n&#13;<\/p>\n<p>Am Freitag hat das Parlament den Notstand im Zusammenhang mit der Gaskrise in der Republik Moldau f\u00fcr einen Zeitraum von 30 Tagen verh\u00e4ngt. Die Ma\u00dfnahme wurde von der Regierung von Chisinau beantragt, um Gas aus alternativen Quellen beziehen zu k\u00f6nnen, da das russische Unternehmen Gazprom nicht mehr ausreichende Mengen liefert, um den Verbrauch sicherzustellen, teilt Radio Chisinau mit. Dem Beschluss zufolge wird w\u00e4hrend des Notstands bis zum 20. November ein Sonderregime f\u00fcr die Beschaffung von Erdgas im Schnellverfahren eingef\u00fchrt. Bei Bedarf werden der Verbrauch von Erdgas und anderen Energietr\u00e4gern rationalisiert und schnelle Instrumente zur Einziehung von Zahlungen von Verbrauchern f\u00fcr verbrauchtes Erdgas geschaffen. Laut Radio Chisinau laufen die Verhandlungen mit dem russischen Riesen weiter, die Regierung ist inzwischen mit anderen Staaten wie der Ukraine, Rum\u00e4nien, Polen im Gespr\u00e4ch, Gas aus alternativen Quellen zu beziehen. Die Gaspreise sind in den letzten Monaten auf den internationalen M\u00e4rkten rasant gestiegen. Einige Beamte werfen Russland Energieerpressung vor.<\/p>\n<p>&#13;<br \/>\n&#13;<\/p>\n<p>&#13;<br \/>\n&#13;<\/p>\n<p>In West-, Mittel- und Nordrum\u00e4nien ist es k\u00fchler als am Vortag. Die Temperaturen  liegen um die Normalwerte f\u00fcr diese Jahreszeit. Der Himmel ist \u00fcberwiegend bew\u00f6lkt. Es regnet im Westen, \u00f6rtlich in der Landesmitte, im Nordwesten und in Gebirge. In den \u00fcbrigen Landesteilen ist es warm. Der Wind weht schwach bis m\u00e4\u00dfig. Die H\u00f6chsttemperaturen lagen am Freitag zwischen 14 und 25 Grad Celsius. In Bukarest wurden am Mittag 17 Grad Celsius gemessen.<\/p>\n<p>&#13;<\/p>\n","protected":false},"excerpt":{"rendered":"<p>Die \u00dcbergangsregierung in Bukarest hat am Freitag \u00fcber neue Corona-Einschr\u00e4nkungen f\u00fcr Rum\u00e4nien, das sich seit dem Ausbruch der Pandemie in einer noch nie dagewesenen epidemiologischen Krise befindet, entschieden. Einige Ma\u00dfnahmen wurden bereits von Pr\u00e4sident Klaus Iohannis nach seinem Treffen mit Entscheidungstr\u00e4gern in dieser Woche angek\u00fcndigt. Ab Montag haben die rum\u00e4nischen Sch\u00fcler zwei Wochen Ferien, die [&hellip;]<\/p>\n","protected":false},"author":113,"featured_media":633917,"comment_status":"closed","ping_status":"closed","sticky":false,"template":"","format":"standard","meta":{"_acf_changed":false,"footnotes":""},"categories":[116753],"tags":[128129,128130,154477,104950,102143,128131],"coauthors":[],"class_list":["post-634004","post","type-post","status-publish","format-standard","has-post-thumbnail","hentry","category-newsflash-de","tag-corona-einschraenkungen","tag-europaeische-katastrophenschutzverfahren","tag-gas-de","tag-notstand","tag-praesident-klaus-iohannis","tag-tagung-des-europaeischen-rates"],"acf":[],"yoast_head":"<!-- This site is optimized with the Yoast SEO plugin v27.3 - https:\/\/yoast.com\/product\/yoast-seo-wordpress\/ -->\n<title>Nachrichten 22.10.2021 - Radio Rum\u00e4nien International<\/title>\n<meta name=\"robots\" content=\"index, follow, max-snippet:-1, max-image-preview:large, max-video-preview:-1\" \/>\n<link rel=\"canonical\" href=\"https:\/\/www.rri.ro\/de\/aktuell\/newsflash-de\/nachrichten-22-10-2021-id634004.html\" \/>\n<meta property=\"og:locale\" content=\"de_DE\" \/>\n<meta property=\"og:type\" content=\"article\" \/>\n<meta property=\"og:title\" content=\"Nachrichten 22.10.2021 - Radio Rum\u00e4nien International\" \/>\n<meta property=\"og:description\" content=\"Die \u00dcbergangsregierung in Bukarest hat am Freitag \u00fcber neue Corona-Einschr\u00e4nkungen f\u00fcr Rum\u00e4nien, das sich seit dem Ausbruch der Pandemie in einer noch nie dagewesenen epidemiologischen Krise befindet, entschieden. Einige Ma\u00dfnahmen wurden bereits von Pr\u00e4sident Klaus Iohannis nach seinem Treffen mit Entscheidungstr\u00e4gern in dieser Woche angek\u00fcndigt. Ab Montag haben die rum\u00e4nischen Sch\u00fcler zwei Wochen Ferien, die [&hellip;]\" \/>\n<meta property=\"og:url\" content=\"https:\/\/www.rri.ro\/de\/aktuell\/newsflash-de\/nachrichten-22-10-2021-id634004.html\" \/>\n<meta property=\"og:site_name\" content=\"Radio Rum\u00e4nien International\" \/>\n<meta property=\"article:published_time\" content=\"2021-10-22T14:38:00+00:00\" \/>\n<meta property=\"og:image\" content=\"https:\/\/www.rri.ro\/wp-content\/uploads\/2024\/02\/stiri-germana-bleu.png\" \/>\n\t<meta property=\"og:image:width\" content=\"640\" \/>\n\t<meta property=\"og:image:height\" content=\"480\" \/>\n\t<meta property=\"og:image:type\" content=\"image\/png\" \/>\n<meta name=\"author\" content=\"Newsroom\" \/>\n<meta name=\"twitter:card\" content=\"summary_large_image\" \/>\n<meta name=\"twitter:label1\" content=\"Verfasst von\" \/>\n\t<meta name=\"twitter:data1\" content=\"Newsroom\" \/>\n\t<meta name=\"twitter:label2\" content=\"Gesch\u00e4tzte Lesezeit\" \/>\n\t<meta name=\"twitter:data2\" content=\"4\u00a0Minuten\" \/>\n\t<meta name=\"twitter:label3\" content=\"Written by\" \/>\n\t<meta name=\"twitter:data3\" content=\"Newsroom\" \/>\n<script type=\"application\/ld+json\" class=\"yoast-schema-graph\">{\"@context\":\"https:\\\/\\\/schema.org\",\"@graph\":[{\"@type\":\"Article\",\"@id\":\"https:\\\/\\\/www.rri.ro\\\/de\\\/aktuell\\\/newsflash-de\\\/nachrichten-22-10-2021-id634004.html#article\",\"isPartOf\":{\"@id\":\"https:\\\/\\\/www.rri.ro\\\/de\\\/aktuell\\\/newsflash-de\\\/nachrichten-22-10-2021-id634004.html\"},\"author\":{\"name\":\"Newsroom\",\"@id\":\"https:\\\/\\\/www.rri.ro\\\/#\\\/schema\\\/person\\\/4a479940371b9fdefd194f561e8a7f88\"},\"headline\":\"Nachrichten 22.10.2021\",\"datePublished\":\"2021-10-22T14:38:00+00:00\",\"mainEntityOfPage\":{\"@id\":\"https:\\\/\\\/www.rri.ro\\\/de\\\/aktuell\\\/newsflash-de\\\/nachrichten-22-10-2021-id634004.html\"},\"wordCount\":785,\"image\":{\"@id\":\"https:\\\/\\\/www.rri.ro\\\/de\\\/aktuell\\\/newsflash-de\\\/nachrichten-22-10-2021-id634004.html#primaryimage\"},\"thumbnailUrl\":\"https:\\\/\\\/www.rri.ro\\\/wp-content\\\/uploads\\\/2024\\\/02\\\/stiri-germana-bleu.png\",\"keywords\":[\"Corona-Einschr\u00e4nkungen\",\"europ\u00e4ische Katastrophenschutzverfahren\",\"GAS\",\"Notstand\",\"Pr\u00e4sident Klaus Iohannis\",\"Tagung des Europ\u00e4ischen Rates\"],\"articleSection\":[\"Newsflash\"],\"inLanguage\":\"de\"},{\"@type\":\"WebPage\",\"@id\":\"https:\\\/\\\/www.rri.ro\\\/de\\\/aktuell\\\/newsflash-de\\\/nachrichten-22-10-2021-id634004.html\",\"url\":\"https:\\\/\\\/www.rri.ro\\\/de\\\/aktuell\\\/newsflash-de\\\/nachrichten-22-10-2021-id634004.html\",\"name\":\"Nachrichten 22.10.2021 - Radio Rum\u00e4nien International\",\"isPartOf\":{\"@id\":\"https:\\\/\\\/www.rri.ro\\\/#website\"},\"primaryImageOfPage\":{\"@id\":\"https:\\\/\\\/www.rri.ro\\\/de\\\/aktuell\\\/newsflash-de\\\/nachrichten-22-10-2021-id634004.html#primaryimage\"},\"image\":{\"@id\":\"https:\\\/\\\/www.rri.ro\\\/de\\\/aktuell\\\/newsflash-de\\\/nachrichten-22-10-2021-id634004.html#primaryimage\"},\"thumbnailUrl\":\"https:\\\/\\\/www.rri.ro\\\/wp-content\\\/uploads\\\/2024\\\/02\\\/stiri-germana-bleu.png\",\"datePublished\":\"2021-10-22T14:38:00+00:00\",\"author\":{\"@id\":\"https:\\\/\\\/www.rri.ro\\\/#\\\/schema\\\/person\\\/4a479940371b9fdefd194f561e8a7f88\"},\"breadcrumb\":{\"@id\":\"https:\\\/\\\/www.rri.ro\\\/de\\\/aktuell\\\/newsflash-de\\\/nachrichten-22-10-2021-id634004.html#breadcrumb\"},\"inLanguage\":\"de\",\"potentialAction\":[{\"@type\":\"ReadAction\",\"target\":[\"https:\\\/\\\/www.rri.ro\\\/de\\\/aktuell\\\/newsflash-de\\\/nachrichten-22-10-2021-id634004.html\"]}]},{\"@type\":\"ImageObject\",\"inLanguage\":\"de\",\"@id\":\"https:\\\/\\\/www.rri.ro\\\/de\\\/aktuell\\\/newsflash-de\\\/nachrichten-22-10-2021-id634004.html#primaryimage\",\"url\":\"https:\\\/\\\/www.rri.ro\\\/wp-content\\\/uploads\\\/2024\\\/02\\\/stiri-germana-bleu.png\",\"contentUrl\":\"https:\\\/\\\/www.rri.ro\\\/wp-content\\\/uploads\\\/2024\\\/02\\\/stiri-germana-bleu.png\",\"width\":640,\"height\":480},{\"@type\":\"BreadcrumbList\",\"@id\":\"https:\\\/\\\/www.rri.ro\\\/de\\\/aktuell\\\/newsflash-de\\\/nachrichten-22-10-2021-id634004.html#breadcrumb\",\"itemListElement\":[{\"@type\":\"ListItem\",\"position\":1,\"name\":\"Startseite\",\"item\":\"https:\\\/\\\/www.rri.ro\\\/de\"},{\"@type\":\"ListItem\",\"position\":2,\"name\":\"Aktuell\",\"item\":\"https:\\\/\\\/www.rri.ro\\\/de\\\/aktuell\"},{\"@type\":\"ListItem\",\"position\":3,\"name\":\"Newsflash\",\"item\":\"https:\\\/\\\/www.rri.ro\\\/de\\\/aktuell\\\/newsflash-de\"},{\"@type\":\"ListItem\",\"position\":4,\"name\":\"Nachrichten 22.10.2021\"}]},{\"@type\":\"WebSite\",\"@id\":\"https:\\\/\\\/www.rri.ro\\\/#website\",\"url\":\"https:\\\/\\\/www.rri.ro\\\/\",\"name\":\"Radio Rum\u00e4nien International\",\"description\":\"Totul despre Rom\u00e2nia \u015fi rom\u00e2ni, \u00een 13 limbi\\\/dialecte!\",\"inLanguage\":\"de\"},{\"@type\":\"Person\",\"@id\":\"https:\\\/\\\/www.rri.ro\\\/#\\\/schema\\\/person\\\/4a479940371b9fdefd194f561e8a7f88\",\"name\":\"Newsroom\",\"url\":\"https:\\\/\\\/www.rri.ro\\\/de\\\/author\\\/newsroom\"}]}<\/script>\n<!-- \/ Yoast SEO plugin. -->","yoast_head_json":{"title":"Nachrichten 22.10.2021 - Radio Rum\u00e4nien International","robots":{"index":"index","follow":"follow","max-snippet":"max-snippet:-1","max-image-preview":"max-image-preview:large","max-video-preview":"max-video-preview:-1"},"canonical":"https:\/\/www.rri.ro\/de\/aktuell\/newsflash-de\/nachrichten-22-10-2021-id634004.html","og_locale":"de_DE","og_type":"article","og_title":"Nachrichten 22.10.2021 - Radio Rum\u00e4nien International","og_description":"Die \u00dcbergangsregierung in Bukarest hat am Freitag \u00fcber neue Corona-Einschr\u00e4nkungen f\u00fcr Rum\u00e4nien, das sich seit dem Ausbruch der Pandemie in einer noch nie dagewesenen epidemiologischen Krise befindet, entschieden. Einige Ma\u00dfnahmen wurden bereits von Pr\u00e4sident Klaus Iohannis nach seinem Treffen mit Entscheidungstr\u00e4gern in dieser Woche angek\u00fcndigt. Ab Montag haben die rum\u00e4nischen Sch\u00fcler zwei Wochen Ferien, die [&hellip;]","og_url":"https:\/\/www.rri.ro\/de\/aktuell\/newsflash-de\/nachrichten-22-10-2021-id634004.html","og_site_name":"Radio Rum\u00e4nien International","article_published_time":"2021-10-22T14:38:00+00:00","og_image":[{"width":640,"height":480,"url":"https:\/\/www.rri.ro\/wp-content\/uploads\/2024\/02\/stiri-germana-bleu.png","type":"image\/png"}],"author":"Newsroom","twitter_card":"summary_large_image","twitter_misc":{"Verfasst von":"Newsroom","Gesch\u00e4tzte Lesezeit":"4\u00a0Minuten","Written by":"Newsroom"},"schema":{"@context":"https:\/\/schema.org","@graph":[{"@type":"Article","@id":"https:\/\/www.rri.ro\/de\/aktuell\/newsflash-de\/nachrichten-22-10-2021-id634004.html#article","isPartOf":{"@id":"https:\/\/www.rri.ro\/de\/aktuell\/newsflash-de\/nachrichten-22-10-2021-id634004.html"},"author":{"name":"Newsroom","@id":"https:\/\/www.rri.ro\/#\/schema\/person\/4a479940371b9fdefd194f561e8a7f88"},"headline":"Nachrichten 22.10.2021","datePublished":"2021-10-22T14:38:00+00:00","mainEntityOfPage":{"@id":"https:\/\/www.rri.ro\/de\/aktuell\/newsflash-de\/nachrichten-22-10-2021-id634004.html"},"wordCount":785,"image":{"@id":"https:\/\/www.rri.ro\/de\/aktuell\/newsflash-de\/nachrichten-22-10-2021-id634004.html#primaryimage"},"thumbnailUrl":"https:\/\/www.rri.ro\/wp-content\/uploads\/2024\/02\/stiri-germana-bleu.png","keywords":["Corona-Einschr\u00e4nkungen","europ\u00e4ische Katastrophenschutzverfahren","GAS","Notstand","Pr\u00e4sident Klaus Iohannis","Tagung des Europ\u00e4ischen Rates"],"articleSection":["Newsflash"],"inLanguage":"de"},{"@type":"WebPage","@id":"https:\/\/www.rri.ro\/de\/aktuell\/newsflash-de\/nachrichten-22-10-2021-id634004.html","url":"https:\/\/www.rri.ro\/de\/aktuell\/newsflash-de\/nachrichten-22-10-2021-id634004.html","name":"Nachrichten 22.10.2021 - Radio Rum\u00e4nien International","isPartOf":{"@id":"https:\/\/www.rri.ro\/#website"},"primaryImageOfPage":{"@id":"https:\/\/www.rri.ro\/de\/aktuell\/newsflash-de\/nachrichten-22-10-2021-id634004.html#primaryimage"},"image":{"@id":"https:\/\/www.rri.ro\/de\/aktuell\/newsflash-de\/nachrichten-22-10-2021-id634004.html#primaryimage"},"thumbnailUrl":"https:\/\/www.rri.ro\/wp-content\/uploads\/2024\/02\/stiri-germana-bleu.png","datePublished":"2021-10-22T14:38:00+00:00","author":{"@id":"https:\/\/www.rri.ro\/#\/schema\/person\/4a479940371b9fdefd194f561e8a7f88"},"breadcrumb":{"@id":"https:\/\/www.rri.ro\/de\/aktuell\/newsflash-de\/nachrichten-22-10-2021-id634004.html#breadcrumb"},"inLanguage":"de","potentialAction":[{"@type":"ReadAction","target":["https:\/\/www.rri.ro\/de\/aktuell\/newsflash-de\/nachrichten-22-10-2021-id634004.html"]}]},{"@type":"ImageObject","inLanguage":"de","@id":"https:\/\/www.rri.ro\/de\/aktuell\/newsflash-de\/nachrichten-22-10-2021-id634004.html#primaryimage","url":"https:\/\/www.rri.ro\/wp-content\/uploads\/2024\/02\/stiri-germana-bleu.png","contentUrl":"https:\/\/www.rri.ro\/wp-content\/uploads\/2024\/02\/stiri-germana-bleu.png","width":640,"height":480},{"@type":"BreadcrumbList","@id":"https:\/\/www.rri.ro\/de\/aktuell\/newsflash-de\/nachrichten-22-10-2021-id634004.html#breadcrumb","itemListElement":[{"@type":"ListItem","position":1,"name":"Startseite","item":"https:\/\/www.rri.ro\/de"},{"@type":"ListItem","position":2,"name":"Aktuell","item":"https:\/\/www.rri.ro\/de\/aktuell"},{"@type":"ListItem","position":3,"name":"Newsflash","item":"https:\/\/www.rri.ro\/de\/aktuell\/newsflash-de"},{"@type":"ListItem","position":4,"name":"Nachrichten 22.10.2021"}]},{"@type":"WebSite","@id":"https:\/\/www.rri.ro\/#website","url":"https:\/\/www.rri.ro\/","name":"Radio Rum\u00e4nien International","description":"Totul despre Rom\u00e2nia \u015fi rom\u00e2ni, \u00een 13 limbi\/dialecte!","inLanguage":"de"},{"@type":"Person","@id":"https:\/\/www.rri.ro\/#\/schema\/person\/4a479940371b9fdefd194f561e8a7f88","name":"Newsroom","url":"https:\/\/www.rri.ro\/de\/author\/newsroom"}]}},"_links":{"self":[{"href":"https:\/\/www.rri.ro\/de\/wp-json\/wp\/v2\/posts\/634004","targetHints":{"allow":["GET"]}}],"collection":[{"href":"https:\/\/www.rri.ro\/de\/wp-json\/wp\/v2\/posts"}],"about":[{"href":"https:\/\/www.rri.ro\/de\/wp-json\/wp\/v2\/types\/post"}],"author":[{"embeddable":true,"href":"https:\/\/www.rri.ro\/de\/wp-json\/wp\/v2\/users\/113"}],"replies":[{"embeddable":true,"href":"https:\/\/www.rri.ro\/de\/wp-json\/wp\/v2\/comments?post=634004"}],"version-history":[{"count":0,"href":"https:\/\/www.rri.ro\/de\/wp-json\/wp\/v2\/posts\/634004\/revisions"}],"wp:featuredmedia":[{"embeddable":true,"href":"https:\/\/www.rri.ro\/de\/wp-json\/wp\/v2\/media\/633917"}],"wp:attachment":[{"href":"https:\/\/www.rri.ro\/de\/wp-json\/wp\/v2\/media?parent=634004"}],"wp:term":[{"taxonomy":"category","embeddable":true,"href":"https:\/\/www.rri.ro\/de\/wp-json\/wp\/v2\/categories?post=634004"},{"taxonomy":"post_tag","embeddable":true,"href":"https:\/\/www.rri.ro\/de\/wp-json\/wp\/v2\/tags?post=634004"},{"taxonomy":"author","embeddable":true,"href":"https:\/\/www.rri.ro\/de\/wp-json\/wp\/v2\/coauthors?post=634004"}],"curies":[{"name":"wp","href":"https:\/\/api.w.org\/{rel}","templated":true}]}}