{"id":634081,"date":"2022-02-01T17:38:00","date_gmt":"2022-02-01T15:38:00","guid":{"rendered":"http:\/\/devrri.freshlemon.ro\/aktuell\/nachrichten-01-02-2022-id634081.html"},"modified":"2022-02-01T17:38:00","modified_gmt":"2022-02-01T15:38:00","slug":"nachrichten-01-02-2022","status":"publish","type":"post","link":"https:\/\/www.rri.ro\/de\/aktuell\/newsflash-de\/nachrichten-01-02-2022-id634081.html","title":{"rendered":"Nachrichten 01.02.2022"},"content":{"rendered":"<p>Mit mehr als 40 000 Corona-Neuinfektionen innerhalb von 24 Stunden hat Rum\u00e4nien heute einen Rekord seit Beginn der Pandemie vor etwa zwei Jahren aufgestellt. Im gleichen Zeitraum wurden 97 Todesf\u00e4lle gemeldet. Gleichzeitig ist die Zahl der auf der Intensivstation aufgenommenen Personen auf 930 gestiegen. Die 14-Tage-Corona-Inzidenz in Bukarest liegt bei fast 22 F\u00e4llen je 1 000 Einwohner und ist damit so hoch wie nie zuvor in der Hauptstadt. Gesundheitsminister Alexandru Rafila sch\u00e4tzte, dass die Zahl der t\u00e4glichen Krankheitsf\u00e4lle nicht wesentlich die Schwelle von 40.000 \u00fcbersteigen werde. Laut Rafila k\u00f6nnte der Anstieg der Fallzahlen zwischen dem 10. und 15. Februar stagnieren. Rum\u00e4nien beschloss, die farbliche Klassifizierung der Staaten nach dem epidemiologischen Risiko aufzugeben. Alle Einreisenden, werden f\u00fcr f\u00fcnf Tage unter Quarant\u00e4ne gestellt, es sei denn, sie sind geimpft, genesen oder innerhalb der letzten 72 Stunden getestet. Der nationale Notfallausschuss beschloss desgleichen, dass Menschen, die in direkten Kontakt mit einer an Corona erkrankten Person gekommen sind, f\u00fcr f\u00fcnf Tage unter Quarant\u00e4ne gestellt werden, unabh\u00e4ngig davon, ob sie geimpft sind oder nicht.<\/p>\n<p>&#13;<br \/>\n&#13;<\/p>\n<p>&#13;<br \/>\n&#13;<\/p>\n<p>Der Senat und die Abgeordnetenkammer in Bukarest haben am Dienstag die erste ordentliche Parlamentssitzung dieses Jahres begonnen. Priorit\u00e4ten der laufenden Legislaturperiode stellen Gesetzesentw\u00fcrfe in Bereichen wie Energie, Justiz, Gesundheit und Wirtschaft dar. Vorrangig geht es derzeit um die Begrenzung und den Ausgleich von Strom- und Gasrechnungen. Es wird daher erwartet, dass die Legislative eine k\u00fcrzlich von der Regierung erlassene Notverordnung \u00fcber ein neues Unterst\u00fctzungsprogramm f\u00fcr die Bev\u00f6lkerung verabschiedet. Auch im Energiebereich k\u00f6nnte die \u00c4nderung des Offshore-Gesetzes, die eine Freigabe von Kohlenwasserstoff-F\u00f6rderprojekten im Schwarzen Meer vorsieht, in dieser Sitzungsperiode auf der Tagesordnung des Parlaments stehen. Im Justizbereich steht die auch von Br\u00fcssel geforderte Abschaffung der staatsanwaltliche Spezialabteilung f\u00fcr Verfahren gegen Richter und Staatsanw\u00e4lte auf der Tagesordnung.. USR, die Mitte-Rechts-Opposition, reichte einen einfachen Antrag gegen den Energieminister, den Liberalen Virgil Popescu, von der Regierungskoalition PSD, PNL, UDMR ein.<\/p>\n<p>&#13;<br \/>\n&#13;<\/p>\n<p>&#13;<br \/>\n&#13;<\/p>\n<p>In Rum\u00e4nien hat am Dienstag die erste Phase der Volks- und Wohnungsz\u00e4hlung, bei der bis zum 13. M\u00e4rz Daten aus der Verwaltung gesammelt und die erforderliche Datenbank erstellt wird, begonnen. Die zweite Phase der Volksz\u00e4hlung findet zwischen dem 14. M\u00e4rz und dem 15. Mai statt. Dabei ist eine digitale Selbstz\u00e4hlung m\u00f6glich.  In der dritten Phase findet die Datenerhebung durch Volksz\u00e4hler mittels pers\u00f6nlicher Befragung, zwischen dem 16. Mai und dem 17. Juli statt. Nach Angaben des nationalen Instituts f\u00fcr Statistik sind sowohl Datenerhebung also auch -verarbeitung vollst\u00e4ndig digitalisiert. Gleichzeitig haben die B\u00fcrgerinnen und B\u00fcrger zum ersten Mal in der rum\u00e4nischen Statistik die M\u00f6glichkeit, von jedem Smartphone, Tablet, Laptop oder Computer aus Selbstausk\u00fcnften zu geben. Aufgrund der durch das neue Coronavirus ausgel\u00f6sten Gesundheitskrise wurde die Z\u00e4hlung, die bisher alle zehn Jahre stattfand, um ein Jahr verschoben.<\/p>\n<p>&#13;<br \/>\n&#13;<\/p>\n<p>&#13;<br \/>\n&#13;<\/p>\n<p>Die Vereinigten Staaten haben Familienangeh\u00f6rige ihrer Regierungsmitarbeitenden in Belarus aufgefordert, das Land, das enge Beziehungen zu Russland unterh\u00e4lt, zu verlassen, und vor Reisen in das Land gewarnt. Grund daf\u00fcr sind Spannungen zwischen Washington und Moskau ausgehend von der Ukraine-Krise, schreibt Reuters heute. Nach Angaben des US-Au\u00dfenministeriums wurde die Entscheidung aufgrund einer ungew\u00f6hnlichen und besorgniserregenden Zunahme der russischen Milit\u00e4raktivit\u00e4ten in der N\u00e4he der Grenze zur Ukraine getroffen. Washington hatte bereits am 23. Januar die Familien der US-Diplomaten aufgefordert, Kiew zu verlassen. Andererseits wird Polen der Ukraine mit Gaslieferungen und Waffen helfen, da dem Nachbarstaat eine erneute russische Milit\u00e4rintervention droht, wie der polnische Ministerpr\u00e4sident Mateusz Morawiecki am Dienstag in Kiew sagte. Er f\u00fcgte hinzu, dass der Widerstand gegen Russland nicht nur f\u00fcr die Ukraine, sondern f\u00fcr ganz Europa und die NATO wichtig sei. Ebenfalls am Dienstag sagte der ungarische Ministerpr\u00e4sident Viktor Orban bei einem Treffen mit dem russischen Pr\u00e4sidenten Wladimir Putin in Moskau, dass kein europ\u00e4ischer F\u00fchrer Krieg will\u201c, und spielte damit auf die Spannungen um die Ukraine an.Medien zufolge versucht Orban, die wirtschaftliche Zusammenarbeit Ungarns mit Russland vor den entscheidenden Wahlen im April zu st\u00e4rken, bei denen die Opposition ihn von der Macht verdr\u00e4ngen k\u00f6nnte.<\/p>\n<p>&#13;<br \/>\n&#13;<\/p>\n<p>&#13;<br \/>\n&#13;<\/p>\n<p>Wetter &#8211; Die Temperaturen in Rum\u00e4nien liegen heute in den meisten Gebieten nahe den langj\u00e4hrigen Durchschnittswerten f\u00fcr Anfang Februar, im S\u00fcdosten etwas h\u00f6her. Die H\u00f6chsttemperaturen liegen zwischen minus 1 bis plus 8 Grad Celsius. Der Himmel ist gr\u00f6\u00dftenteils bew\u00f6lkt.<\/p>\n<p>&#13;<\/p>\n","protected":false},"excerpt":{"rendered":"<p>Mit mehr als 40 000 Corona-Neuinfektionen innerhalb von 24 Stunden hat Rum\u00e4nien heute einen Rekord seit Beginn der Pandemie vor etwa zwei Jahren aufgestellt. Im gleichen Zeitraum wurden 97 Todesf\u00e4lle gemeldet. Gleichzeitig ist die Zahl der auf der Intensivstation aufgenommenen Personen auf 930 gestiegen. Die 14-Tage-Corona-Inzidenz in Bukarest liegt bei fast 22 F\u00e4llen je 1 [&hellip;]<\/p>\n","protected":false},"author":113,"featured_media":633917,"comment_status":"closed","ping_status":"closed","sticky":false,"template":"","format":"standard","meta":{"_acf_changed":false,"footnotes":""},"categories":[116753],"tags":[100681,128110,128220,99900,99802,104913,99824,46837,28905,29826,128219],"coauthors":[],"class_list":["post-634081","post","type-post","status-publish","format-standard","has-post-thumbnail","hentry","category-newsflash-de","tag-abgeordnetenkammer","tag-corona-neuinfektionen","tag-legislaturperiode","tag-moskau","tag-polen","tag-quarantaene","tag-russland","tag-senat","tag-ukraine","tag-usa","tag-volks-und-wohnungszaehlung"],"acf":[],"yoast_head":"<!-- This site is optimized with the Yoast SEO plugin v27.5 - https:\/\/yoast.com\/product\/yoast-seo-wordpress\/ -->\n<title>Nachrichten 01.02.2022 - Radio Rum\u00e4nien International<\/title>\n<meta name=\"robots\" content=\"index, follow, max-snippet:-1, max-image-preview:large, max-video-preview:-1\" \/>\n<link rel=\"canonical\" href=\"https:\/\/www.rri.ro\/de\/aktuell\/newsflash-de\/nachrichten-01-02-2022-id634081.html\" \/>\n<meta property=\"og:locale\" content=\"de_DE\" \/>\n<meta property=\"og:type\" content=\"article\" \/>\n<meta property=\"og:title\" content=\"Nachrichten 01.02.2022 - Radio Rum\u00e4nien International\" \/>\n<meta property=\"og:description\" content=\"Mit mehr als 40 000 Corona-Neuinfektionen innerhalb von 24 Stunden hat Rum\u00e4nien heute einen Rekord seit Beginn der Pandemie vor etwa zwei Jahren aufgestellt. Im gleichen Zeitraum wurden 97 Todesf\u00e4lle gemeldet. Gleichzeitig ist die Zahl der auf der Intensivstation aufgenommenen Personen auf 930 gestiegen. Die 14-Tage-Corona-Inzidenz in Bukarest liegt bei fast 22 F\u00e4llen je 1 [&hellip;]\" \/>\n<meta property=\"og:url\" content=\"https:\/\/www.rri.ro\/de\/aktuell\/newsflash-de\/nachrichten-01-02-2022-id634081.html\" \/>\n<meta property=\"og:site_name\" content=\"Radio Rum\u00e4nien International\" \/>\n<meta property=\"article:published_time\" content=\"2022-02-01T15:38:00+00:00\" \/>\n<meta property=\"og:image\" content=\"https:\/\/www.rri.ro\/wp-content\/uploads\/2024\/02\/stiri-germana-bleu.png\" \/>\n\t<meta property=\"og:image:width\" content=\"640\" \/>\n\t<meta property=\"og:image:height\" content=\"480\" \/>\n\t<meta property=\"og:image:type\" content=\"image\/png\" \/>\n<meta name=\"author\" content=\"Newsroom\" \/>\n<meta name=\"twitter:card\" content=\"summary_large_image\" \/>\n<meta name=\"twitter:label1\" content=\"Verfasst von\" \/>\n\t<meta name=\"twitter:data1\" content=\"Newsroom\" \/>\n\t<meta name=\"twitter:label2\" content=\"Gesch\u00e4tzte Lesezeit\" \/>\n\t<meta name=\"twitter:data2\" content=\"4\u00a0Minuten\" \/>\n\t<meta name=\"twitter:label3\" content=\"Written by\" \/>\n\t<meta name=\"twitter:data3\" content=\"Newsroom\" \/>\n<script type=\"application\/ld+json\" class=\"yoast-schema-graph\">{\"@context\":\"https:\\\/\\\/schema.org\",\"@graph\":[{\"@type\":\"Article\",\"@id\":\"https:\\\/\\\/www.rri.ro\\\/de\\\/aktuell\\\/newsflash-de\\\/nachrichten-01-02-2022-id634081.html#article\",\"isPartOf\":{\"@id\":\"https:\\\/\\\/www.rri.ro\\\/de\\\/aktuell\\\/newsflash-de\\\/nachrichten-01-02-2022-id634081.html\"},\"author\":{\"name\":\"Newsroom\",\"@id\":\"https:\\\/\\\/www.rri.ro\\\/#\\\/schema\\\/person\\\/4a479940371b9fdefd194f561e8a7f88\"},\"headline\":\"Nachrichten 01.02.2022\",\"datePublished\":\"2022-02-01T15:38:00+00:00\",\"mainEntityOfPage\":{\"@id\":\"https:\\\/\\\/www.rri.ro\\\/de\\\/aktuell\\\/newsflash-de\\\/nachrichten-01-02-2022-id634081.html\"},\"wordCount\":726,\"image\":{\"@id\":\"https:\\\/\\\/www.rri.ro\\\/de\\\/aktuell\\\/newsflash-de\\\/nachrichten-01-02-2022-id634081.html#primaryimage\"},\"thumbnailUrl\":\"https:\\\/\\\/www.rri.ro\\\/wp-content\\\/uploads\\\/2024\\\/02\\\/stiri-germana-bleu.png\",\"keywords\":[\"Abgeordnetenkammer\",\"Corona-Neuinfektionen\",\"Legislaturperiode\",\"Moskau\",\"Polen\",\"Quarant\u00e4ne\",\"Russland\",\"Senat\",\"Ukraine\",\"usa\",\"Volks- und Wohnungsz\u00e4hlung\"],\"articleSection\":[\"Newsflash\"],\"inLanguage\":\"de\"},{\"@type\":\"WebPage\",\"@id\":\"https:\\\/\\\/www.rri.ro\\\/de\\\/aktuell\\\/newsflash-de\\\/nachrichten-01-02-2022-id634081.html\",\"url\":\"https:\\\/\\\/www.rri.ro\\\/de\\\/aktuell\\\/newsflash-de\\\/nachrichten-01-02-2022-id634081.html\",\"name\":\"Nachrichten 01.02.2022 - Radio Rum\u00e4nien International\",\"isPartOf\":{\"@id\":\"https:\\\/\\\/www.rri.ro\\\/#website\"},\"primaryImageOfPage\":{\"@id\":\"https:\\\/\\\/www.rri.ro\\\/de\\\/aktuell\\\/newsflash-de\\\/nachrichten-01-02-2022-id634081.html#primaryimage\"},\"image\":{\"@id\":\"https:\\\/\\\/www.rri.ro\\\/de\\\/aktuell\\\/newsflash-de\\\/nachrichten-01-02-2022-id634081.html#primaryimage\"},\"thumbnailUrl\":\"https:\\\/\\\/www.rri.ro\\\/wp-content\\\/uploads\\\/2024\\\/02\\\/stiri-germana-bleu.png\",\"datePublished\":\"2022-02-01T15:38:00+00:00\",\"author\":{\"@id\":\"https:\\\/\\\/www.rri.ro\\\/#\\\/schema\\\/person\\\/4a479940371b9fdefd194f561e8a7f88\"},\"breadcrumb\":{\"@id\":\"https:\\\/\\\/www.rri.ro\\\/de\\\/aktuell\\\/newsflash-de\\\/nachrichten-01-02-2022-id634081.html#breadcrumb\"},\"inLanguage\":\"de\",\"potentialAction\":[{\"@type\":\"ReadAction\",\"target\":[\"https:\\\/\\\/www.rri.ro\\\/de\\\/aktuell\\\/newsflash-de\\\/nachrichten-01-02-2022-id634081.html\"]}]},{\"@type\":\"ImageObject\",\"inLanguage\":\"de\",\"@id\":\"https:\\\/\\\/www.rri.ro\\\/de\\\/aktuell\\\/newsflash-de\\\/nachrichten-01-02-2022-id634081.html#primaryimage\",\"url\":\"https:\\\/\\\/www.rri.ro\\\/wp-content\\\/uploads\\\/2024\\\/02\\\/stiri-germana-bleu.png\",\"contentUrl\":\"https:\\\/\\\/www.rri.ro\\\/wp-content\\\/uploads\\\/2024\\\/02\\\/stiri-germana-bleu.png\",\"width\":640,\"height\":480},{\"@type\":\"BreadcrumbList\",\"@id\":\"https:\\\/\\\/www.rri.ro\\\/de\\\/aktuell\\\/newsflash-de\\\/nachrichten-01-02-2022-id634081.html#breadcrumb\",\"itemListElement\":[{\"@type\":\"ListItem\",\"position\":1,\"name\":\"Startseite\",\"item\":\"https:\\\/\\\/www.rri.ro\\\/de\"},{\"@type\":\"ListItem\",\"position\":2,\"name\":\"Aktuell\",\"item\":\"https:\\\/\\\/www.rri.ro\\\/de\\\/aktuell\"},{\"@type\":\"ListItem\",\"position\":3,\"name\":\"Newsflash\",\"item\":\"https:\\\/\\\/www.rri.ro\\\/de\\\/aktuell\\\/newsflash-de\"},{\"@type\":\"ListItem\",\"position\":4,\"name\":\"Nachrichten 01.02.2022\"}]},{\"@type\":\"WebSite\",\"@id\":\"https:\\\/\\\/www.rri.ro\\\/#website\",\"url\":\"https:\\\/\\\/www.rri.ro\\\/\",\"name\":\"Radio Rum\u00e4nien International\",\"description\":\"Totul despre Rom\u00e2nia \u015fi rom\u00e2ni, \u00een 13 limbi\\\/dialecte!\",\"inLanguage\":\"de\"},{\"@type\":\"Person\",\"@id\":\"https:\\\/\\\/www.rri.ro\\\/#\\\/schema\\\/person\\\/4a479940371b9fdefd194f561e8a7f88\",\"name\":\"Newsroom\",\"url\":\"https:\\\/\\\/www.rri.ro\\\/de\\\/author\\\/newsroom\"}]}<\/script>\n<!-- \/ Yoast SEO plugin. -->","yoast_head_json":{"title":"Nachrichten 01.02.2022 - Radio Rum\u00e4nien International","robots":{"index":"index","follow":"follow","max-snippet":"max-snippet:-1","max-image-preview":"max-image-preview:large","max-video-preview":"max-video-preview:-1"},"canonical":"https:\/\/www.rri.ro\/de\/aktuell\/newsflash-de\/nachrichten-01-02-2022-id634081.html","og_locale":"de_DE","og_type":"article","og_title":"Nachrichten 01.02.2022 - Radio Rum\u00e4nien International","og_description":"Mit mehr als 40 000 Corona-Neuinfektionen innerhalb von 24 Stunden hat Rum\u00e4nien heute einen Rekord seit Beginn der Pandemie vor etwa zwei Jahren aufgestellt. Im gleichen Zeitraum wurden 97 Todesf\u00e4lle gemeldet. Gleichzeitig ist die Zahl der auf der Intensivstation aufgenommenen Personen auf 930 gestiegen. Die 14-Tage-Corona-Inzidenz in Bukarest liegt bei fast 22 F\u00e4llen je 1 [&hellip;]","og_url":"https:\/\/www.rri.ro\/de\/aktuell\/newsflash-de\/nachrichten-01-02-2022-id634081.html","og_site_name":"Radio Rum\u00e4nien International","article_published_time":"2022-02-01T15:38:00+00:00","og_image":[{"width":640,"height":480,"url":"https:\/\/www.rri.ro\/wp-content\/uploads\/2024\/02\/stiri-germana-bleu.png","type":"image\/png"}],"author":"Newsroom","twitter_card":"summary_large_image","twitter_misc":{"Verfasst von":"Newsroom","Gesch\u00e4tzte Lesezeit":"4\u00a0Minuten","Written by":"Newsroom"},"schema":{"@context":"https:\/\/schema.org","@graph":[{"@type":"Article","@id":"https:\/\/www.rri.ro\/de\/aktuell\/newsflash-de\/nachrichten-01-02-2022-id634081.html#article","isPartOf":{"@id":"https:\/\/www.rri.ro\/de\/aktuell\/newsflash-de\/nachrichten-01-02-2022-id634081.html"},"author":{"name":"Newsroom","@id":"https:\/\/www.rri.ro\/#\/schema\/person\/4a479940371b9fdefd194f561e8a7f88"},"headline":"Nachrichten 01.02.2022","datePublished":"2022-02-01T15:38:00+00:00","mainEntityOfPage":{"@id":"https:\/\/www.rri.ro\/de\/aktuell\/newsflash-de\/nachrichten-01-02-2022-id634081.html"},"wordCount":726,"image":{"@id":"https:\/\/www.rri.ro\/de\/aktuell\/newsflash-de\/nachrichten-01-02-2022-id634081.html#primaryimage"},"thumbnailUrl":"https:\/\/www.rri.ro\/wp-content\/uploads\/2024\/02\/stiri-germana-bleu.png","keywords":["Abgeordnetenkammer","Corona-Neuinfektionen","Legislaturperiode","Moskau","Polen","Quarant\u00e4ne","Russland","Senat","Ukraine","usa","Volks- und Wohnungsz\u00e4hlung"],"articleSection":["Newsflash"],"inLanguage":"de"},{"@type":"WebPage","@id":"https:\/\/www.rri.ro\/de\/aktuell\/newsflash-de\/nachrichten-01-02-2022-id634081.html","url":"https:\/\/www.rri.ro\/de\/aktuell\/newsflash-de\/nachrichten-01-02-2022-id634081.html","name":"Nachrichten 01.02.2022 - Radio Rum\u00e4nien International","isPartOf":{"@id":"https:\/\/www.rri.ro\/#website"},"primaryImageOfPage":{"@id":"https:\/\/www.rri.ro\/de\/aktuell\/newsflash-de\/nachrichten-01-02-2022-id634081.html#primaryimage"},"image":{"@id":"https:\/\/www.rri.ro\/de\/aktuell\/newsflash-de\/nachrichten-01-02-2022-id634081.html#primaryimage"},"thumbnailUrl":"https:\/\/www.rri.ro\/wp-content\/uploads\/2024\/02\/stiri-germana-bleu.png","datePublished":"2022-02-01T15:38:00+00:00","author":{"@id":"https:\/\/www.rri.ro\/#\/schema\/person\/4a479940371b9fdefd194f561e8a7f88"},"breadcrumb":{"@id":"https:\/\/www.rri.ro\/de\/aktuell\/newsflash-de\/nachrichten-01-02-2022-id634081.html#breadcrumb"},"inLanguage":"de","potentialAction":[{"@type":"ReadAction","target":["https:\/\/www.rri.ro\/de\/aktuell\/newsflash-de\/nachrichten-01-02-2022-id634081.html"]}]},{"@type":"ImageObject","inLanguage":"de","@id":"https:\/\/www.rri.ro\/de\/aktuell\/newsflash-de\/nachrichten-01-02-2022-id634081.html#primaryimage","url":"https:\/\/www.rri.ro\/wp-content\/uploads\/2024\/02\/stiri-germana-bleu.png","contentUrl":"https:\/\/www.rri.ro\/wp-content\/uploads\/2024\/02\/stiri-germana-bleu.png","width":640,"height":480},{"@type":"BreadcrumbList","@id":"https:\/\/www.rri.ro\/de\/aktuell\/newsflash-de\/nachrichten-01-02-2022-id634081.html#breadcrumb","itemListElement":[{"@type":"ListItem","position":1,"name":"Startseite","item":"https:\/\/www.rri.ro\/de"},{"@type":"ListItem","position":2,"name":"Aktuell","item":"https:\/\/www.rri.ro\/de\/aktuell"},{"@type":"ListItem","position":3,"name":"Newsflash","item":"https:\/\/www.rri.ro\/de\/aktuell\/newsflash-de"},{"@type":"ListItem","position":4,"name":"Nachrichten 01.02.2022"}]},{"@type":"WebSite","@id":"https:\/\/www.rri.ro\/#website","url":"https:\/\/www.rri.ro\/","name":"Radio Rum\u00e4nien International","description":"Totul despre Rom\u00e2nia \u015fi rom\u00e2ni, \u00een 13 limbi\/dialecte!","inLanguage":"de"},{"@type":"Person","@id":"https:\/\/www.rri.ro\/#\/schema\/person\/4a479940371b9fdefd194f561e8a7f88","name":"Newsroom","url":"https:\/\/www.rri.ro\/de\/author\/newsroom"}]}},"_links":{"self":[{"href":"https:\/\/www.rri.ro\/de\/wp-json\/wp\/v2\/posts\/634081","targetHints":{"allow":["GET"]}}],"collection":[{"href":"https:\/\/www.rri.ro\/de\/wp-json\/wp\/v2\/posts"}],"about":[{"href":"https:\/\/www.rri.ro\/de\/wp-json\/wp\/v2\/types\/post"}],"author":[{"embeddable":true,"href":"https:\/\/www.rri.ro\/de\/wp-json\/wp\/v2\/users\/113"}],"replies":[{"embeddable":true,"href":"https:\/\/www.rri.ro\/de\/wp-json\/wp\/v2\/comments?post=634081"}],"version-history":[{"count":0,"href":"https:\/\/www.rri.ro\/de\/wp-json\/wp\/v2\/posts\/634081\/revisions"}],"wp:featuredmedia":[{"embeddable":true,"href":"https:\/\/www.rri.ro\/de\/wp-json\/wp\/v2\/media\/633917"}],"wp:attachment":[{"href":"https:\/\/www.rri.ro\/de\/wp-json\/wp\/v2\/media?parent=634081"}],"wp:term":[{"taxonomy":"category","embeddable":true,"href":"https:\/\/www.rri.ro\/de\/wp-json\/wp\/v2\/categories?post=634081"},{"taxonomy":"post_tag","embeddable":true,"href":"https:\/\/www.rri.ro\/de\/wp-json\/wp\/v2\/tags?post=634081"},{"taxonomy":"author","embeddable":true,"href":"https:\/\/www.rri.ro\/de\/wp-json\/wp\/v2\/coauthors?post=634081"}],"curies":[{"name":"wp","href":"https:\/\/api.w.org\/{rel}","templated":true}]}}