{"id":634205,"date":"2022-05-27T17:28:00","date_gmt":"2022-05-27T14:28:00","guid":{"rendered":"http:\/\/devrri.freshlemon.ro\/aktuell\/nachrichten-27-05-2022-id634205.html"},"modified":"2022-05-27T17:28:00","modified_gmt":"2022-05-27T14:28:00","slug":"nachrichten-27-05-2022","status":"publish","type":"post","link":"https:\/\/www.rri.ro\/de\/aktuell\/newsflash-de\/nachrichten-27-05-2022-id634205.html","title":{"rendered":"Nachrichten 27.05.2022"},"content":{"rendered":"<p>Der rum\u00e4nische Staatspr\u00e4sident Klaus Iohannis nimmt am Montag und Dienstag an der Sondertagung des EU-Rates zur aktuellen Sicherheitslage und den Folgen der russischen Aggression gegen die Ukraine teil. Die EU- Staats- und Regierungschefs sollen dabei besprechen, wie die politische Unterst\u00fctzung und die humanit\u00e4re, wirtschaftliche und finanzielle Hilfe f\u00fcr die Ukraine fortgesetzt werden k\u00f6nnen. Dabei soll auch die wichtige Rolle der Union bei den Wiederaufbaubem\u00fchungen nach dem Konflikt er\u00f6rtert werden, so das Pr\u00e4sidialamt am Freitag. Besprochen werden konkrete M\u00f6glichkeiten, wie die Lebensmittelexporte aus der Ukraine im Rahmen des Engagements der EU zur Gew\u00e4hrleistung der weltweiten Ern\u00e4hrungssicherheit weiterhin unterst\u00fctzt werden k\u00f6nnen. Ein weiteres Thema auf der Tagesordnung ist die Optimierung der Funktionsweise des europ\u00e4ischen Strombinnenmarktes, um die Preisschwankungen einzud\u00e4mmen und schwache Bev\u00f6lkerungsgruppen zu sch\u00fctzen, wie das Pr\u00e4sidialamt mitteilte.<\/p>\n<p>&#13;<br \/>\n&#13;<\/p>\n<p>&#13;<br \/>\n&#13;<\/p>\n<p>Die Parameter der Sicherheitsarchitektur in Europa und im euro-atlantischen Raum seien durch den illegalen Krieg Russlands gegen die Ukraine ernsthaft beeintr\u00e4chtigt worden, sagte der rum\u00e4nische Au\u00dfenminister Bogdan Aurescu am Freitag in Istanbul nach dem trilateralen Treffen zu Sicherheitsfragen zwischen Rum\u00e4nien, Polen und der T\u00fcrkei. Dies ist eine noch nie dagewesene Bedrohung, der wir uns stellen m\u00fcssen. Ich habe betont, dass das Wichtigste, was wir jetzt als Verb\u00fcndete tun m\u00fcssen, die langfristige St\u00e4rkung der euro-atlantischen Sicherheit ist, erkl\u00e4rte der rum\u00e4nische Diplomat. Er sprach auch \u00fcber die Unterst\u00fctzung der Ukraine und erinnerte daran, dass mehr als eine Million Menschen, die vor dem Krieg im Nachbarland geflohen sind, die Grenze nach Rum\u00e4nien \u00fcberquert haben, und dass die humanit\u00e4ren Anstrengungen wirklich betr\u00e4chtlich waren. Aurescu erw\u00e4hnte auch die Beteiligung Rum\u00e4niens am Transport von G\u00fctern aus der Ukraine, einschlie\u00dflich Getreide, \u00fcber die Donauh\u00e4fen und den Schwarzmeerhafen Constanta.<\/p>\n<p>&#13;<br \/>\n&#13;<\/p>\n<p>&#13;<br \/>\n&#13;<\/p>\n<p>Die rum\u00e4nische Arbeitslosenquote lag Ende April bei 2,57%, 0,07 Prozentpunkte niedriger als im Vormonat und 0,59 Prozentpunkte unter der Quote vom April 2021, so eine Pressemitteilung der Nationalen Agentur f\u00fcr Arbeit (ANOFM) vom Freitag. Die Gesamtzahl der Arbeitslosen lag Ende April 2022 bei 224.820 Personen. Was die Struktur der Arbeitslosigkeit nach Bildungsniveau betrifft, so haben die Arbeitslosen ohne Bildung und die Arbeitslosen mit Grundschulbildung einen erheblichen Anteil an der Gesamtzahl der Arbeitslosen.<\/p>\n<p>&#13;<br \/>\n&#13;<\/p>\n<p>&#13;<br \/>\n&#13;<\/p>\n<p>N\u00e4chste Woche wird erwartet, dass Rum\u00e4nien der Europ\u00e4ischen Kommission den ersten Finanzierungsantrag im Rahmen des Nationalen Wiederaufbauplans (PNRR) in H\u00f6he von 3 Mio. EUR vorlegen wird, nachdem die Regierung die letzte erforderliche Rechtsvorschrift verabschiedet hat, n\u00e4mlich einen Mechanismus, der dazu beitragen wird, die Misswirtschaft der Wiederaufbau-Mittel zu verhindern. Dies war die dritte Voraussetzung, die Rum\u00e4nien erf\u00fcllen musste, bevor es seinen Finanzierungsantrag einreichen konnte. Die erste Bedingung bezog sich auf \u00dcberpr\u00fcfungsverfahren f\u00fcr die Erf\u00fcllung der Meilensteine des Programms, w\u00e4hrend die zweite Bedingung darin bestand, Nachweise f\u00fcr die Erf\u00fcllung der 21 Meilensteine bis Ende 2021 zu liefern.<\/p>\n<p>&#13;<br \/>\n&#13;<\/p>\n<p>&#13;<br \/>\n&#13;<\/p>\n<p>Die Europ\u00e4ische Staatsanwaltschaft (EPPO) ermittelt gegen drei rum\u00e4nische Staatsangeh\u00f6rige wegen Betrugs mit Gemeinschaftsmitteln, der einen Schaden von sch\u00e4tzungsweise 3 Millionen EUR verursacht hat. Die Staatsanw\u00e4lte ordneten Durchsuchungen an 15 Orten im Donaudelta, in Bukarest sowie in den Kreisen Gorj und Giurgiu an. Die Personen werden verd\u00e4chtigt, \u00fcber sieben Unternehmen, von denen eines im benachbarten Bulgarien registriert ist, an Gelder im Donaudelta gelangt zu sein, die sie dann au\u00dferhalb des Finanzierungsrahmens verwendet haben. Die drei hatten \u00fcberbewertete Auktionen organisiert, um gro\u00dfe Mengen an EU-Geldern zu veruntreuen. Die Kaution wurde auf 1,7 Millionen EUR festgesetzt.<\/p>\n<p>&#13;<br \/>\n&#13;<\/p>\n<p>&#13;<br \/>\n&#13;<\/p>\n<p>Die Liberalen und die Sozial-Demokraten haben am Donnerstag einen \u00dcberblick \u00fcber die ersten sechs Monate ihrer Amtszeit gegeben. In getrennten Veranstaltungen sprachen die Vorsitzenden der PNL und der PSD \u00fcber das Wirtschaftswachstum, Ma\u00dfnahmen zur Eind\u00e4mmung der versch\u00e4rften Auswirkungen mehrerer Krisen, mit denen Rum\u00e4nien derzeit konfrontiert ist, und das Paket sozialer Ma\u00dfnahmen f\u00fcr sozial schwache Bev\u00f6lkerungsgruppen. Die Oppositionsparteien USR und AUR erkl\u00e4rten, Rum\u00e4nien stehe am Rande des Bankrotts, die Inflation steige rasant an, es gebe kaum Investitionen und keine Konjunkturprogramme.<\/p>\n<p>&#13;<br \/>\n&#13;<\/p>\n<p>&#13;<br \/>\n&#13;<\/p>\n<p>Die Zahl der ukrainischen Fl\u00fcchtlinge, die gestern nach Rum\u00e4nien eingereist sind, ist im Vergleich zum Vortag um 0,9 % gesunken, teilte die Grenzpolizei am Freitag mit. Innerhalb von 24 Stunden reisten etwa 93 Tausend Menschen nach Rum\u00e4nien ein, darunter etwa 9.000 ukrainische Staatsangeh\u00f6rige. Davon kamen \u00fcber 4.000 aus der Ukraine und 937 aus der Republik Moldau. Nachdem Russland am 24. Februar in die Ukraine einmarschiert war, kamen etwas mehr als 1 Million Ukrainer nach Rum\u00e4nien.<\/p>\n<p>&#13;<br \/>\n&#13;<\/p>\n<p>&#13;<br \/>\n&#13;<\/p>\n<p>Irina Begu spielt heute in der dritten Runde von Roland Garros gegen Leolia Jeanjean aus Frankreich. Gestern hatte Begu die Russin Ekaterina Alexandrova mit 6:7, 6:3, 6:4 besiegt. Begu ist die letzte Rum\u00e4nin im Hauptfeld, nachdem Simona Halep in der zweiten Runde gegen Qinwen Zheng aus China ausgeschieden ist. Halep gewann das Turnier im Jahr 2018 und stand 2014 und 2017 im Finale. Am Mittwoch verlor Sorana C\u00eerstea gegen Sloane Stephens aus den USA. Vier weitere rum\u00e4nische Tennisspielerinnen, Gabriela Ruse, Ana Bogdan, Irina Bara und Mihaela Buz\u0103rnescu, schieden in der ersten Runde aus. Irina Begu, Gabriela Ruse und Monica Niculescu sind im Damendoppel in die zweite Runde eingezogen.<\/p>\n<p>&#13;<\/p>\n","protected":false},"excerpt":{"rendered":"<p>Der rum\u00e4nische Staatspr\u00e4sident Klaus Iohannis nimmt am Montag und Dienstag an der Sondertagung des EU-Rates zur aktuellen Sicherheitslage und den Folgen der russischen Aggression gegen die Ukraine teil. Die EU- Staats- und Regierungschefs sollen dabei besprechen, wie die politische Unterst\u00fctzung und die humanit\u00e4re, wirtschaftliche und finanzielle Hilfe f\u00fcr die Ukraine fortgesetzt werden k\u00f6nnen. Dabei soll [&hellip;]<\/p>\n","protected":false},"author":113,"featured_media":633917,"comment_status":"closed","ping_status":"closed","sticky":false,"template":"","format":"standard","meta":{"_acf_changed":false,"footnotes":""},"categories":[116753],"tags":[104548,101106,102144,99974,116884,99801,128382,105794,128383],"coauthors":[],"class_list":["post-634205","post","type-post","status-publish","format-standard","has-post-thumbnail","hentry","category-newsflash-de","tag-europaeische-staatsanwaltschaft","tag-arbeitslosenquote","tag-aussenminister-bogdan-aurescu","tag-donaudelta","tag-ernaehrungssicherheit","tag-europaeische-kommission","tag-sicherheitsarchitektur","tag-staatspraesident-klaus-iohannis","tag-trilaterales-treffen-zu-sicherheitsfragen"],"acf":[],"yoast_head":"<!-- This site is optimized with the Yoast SEO plugin v27.5 - https:\/\/yoast.com\/product\/yoast-seo-wordpress\/ -->\n<title>Nachrichten 27.05.2022 - Radio Rum\u00e4nien International<\/title>\n<meta name=\"robots\" content=\"index, follow, max-snippet:-1, max-image-preview:large, max-video-preview:-1\" \/>\n<link rel=\"canonical\" href=\"https:\/\/www.rri.ro\/de\/aktuell\/newsflash-de\/nachrichten-27-05-2022-id634205.html\" \/>\n<meta property=\"og:locale\" content=\"de_DE\" \/>\n<meta property=\"og:type\" content=\"article\" \/>\n<meta property=\"og:title\" content=\"Nachrichten 27.05.2022 - Radio Rum\u00e4nien International\" \/>\n<meta property=\"og:description\" content=\"Der rum\u00e4nische Staatspr\u00e4sident Klaus Iohannis nimmt am Montag und Dienstag an der Sondertagung des EU-Rates zur aktuellen Sicherheitslage und den Folgen der russischen Aggression gegen die Ukraine teil. Die EU- Staats- und Regierungschefs sollen dabei besprechen, wie die politische Unterst\u00fctzung und die humanit\u00e4re, wirtschaftliche und finanzielle Hilfe f\u00fcr die Ukraine fortgesetzt werden k\u00f6nnen. Dabei soll [&hellip;]\" \/>\n<meta property=\"og:url\" content=\"https:\/\/www.rri.ro\/de\/aktuell\/newsflash-de\/nachrichten-27-05-2022-id634205.html\" \/>\n<meta property=\"og:site_name\" content=\"Radio Rum\u00e4nien International\" \/>\n<meta property=\"article:published_time\" content=\"2022-05-27T14:28:00+00:00\" \/>\n<meta property=\"og:image\" content=\"https:\/\/www.rri.ro\/wp-content\/uploads\/2024\/02\/stiri-germana-bleu.png\" \/>\n\t<meta property=\"og:image:width\" content=\"640\" \/>\n\t<meta property=\"og:image:height\" content=\"480\" \/>\n\t<meta property=\"og:image:type\" content=\"image\/png\" \/>\n<meta name=\"author\" content=\"Newsroom\" \/>\n<meta name=\"twitter:card\" content=\"summary_large_image\" \/>\n<meta name=\"twitter:label1\" content=\"Verfasst von\" \/>\n\t<meta name=\"twitter:data1\" content=\"Newsroom\" \/>\n\t<meta name=\"twitter:label2\" content=\"Gesch\u00e4tzte Lesezeit\" \/>\n\t<meta name=\"twitter:data2\" content=\"4\u00a0Minuten\" \/>\n\t<meta name=\"twitter:label3\" content=\"Written by\" \/>\n\t<meta name=\"twitter:data3\" content=\"Newsroom\" \/>\n<script type=\"application\/ld+json\" class=\"yoast-schema-graph\">{\"@context\":\"https:\\\/\\\/schema.org\",\"@graph\":[{\"@type\":\"Article\",\"@id\":\"https:\\\/\\\/www.rri.ro\\\/de\\\/aktuell\\\/newsflash-de\\\/nachrichten-27-05-2022-id634205.html#article\",\"isPartOf\":{\"@id\":\"https:\\\/\\\/www.rri.ro\\\/de\\\/aktuell\\\/newsflash-de\\\/nachrichten-27-05-2022-id634205.html\"},\"author\":{\"name\":\"Newsroom\",\"@id\":\"https:\\\/\\\/www.rri.ro\\\/#\\\/schema\\\/person\\\/4a479940371b9fdefd194f561e8a7f88\"},\"headline\":\"Nachrichten 27.05.2022\",\"datePublished\":\"2022-05-27T14:28:00+00:00\",\"mainEntityOfPage\":{\"@id\":\"https:\\\/\\\/www.rri.ro\\\/de\\\/aktuell\\\/newsflash-de\\\/nachrichten-27-05-2022-id634205.html\"},\"wordCount\":843,\"image\":{\"@id\":\"https:\\\/\\\/www.rri.ro\\\/de\\\/aktuell\\\/newsflash-de\\\/nachrichten-27-05-2022-id634205.html#primaryimage\"},\"thumbnailUrl\":\"https:\\\/\\\/www.rri.ro\\\/wp-content\\\/uploads\\\/2024\\\/02\\\/stiri-germana-bleu.png\",\"keywords\":[\"&#013; Europ\u00e4ische Staatsanwaltschaft\",\"Arbeitslosenquote\",\"Au\u00dfenminister Bogdan Aurescu\",\"Donaudelta\",\"Ern\u00e4hrungssicherheit\",\"Europ\u00e4ische Kommission\",\"Sicherheitsarchitektur\",\"Staatspr\u00e4sident Klaus Iohannis\",\"trilaterales Treffen zu Sicherheitsfragen\"],\"articleSection\":[\"Newsflash\"],\"inLanguage\":\"de\"},{\"@type\":\"WebPage\",\"@id\":\"https:\\\/\\\/www.rri.ro\\\/de\\\/aktuell\\\/newsflash-de\\\/nachrichten-27-05-2022-id634205.html\",\"url\":\"https:\\\/\\\/www.rri.ro\\\/de\\\/aktuell\\\/newsflash-de\\\/nachrichten-27-05-2022-id634205.html\",\"name\":\"Nachrichten 27.05.2022 - Radio Rum\u00e4nien International\",\"isPartOf\":{\"@id\":\"https:\\\/\\\/www.rri.ro\\\/#website\"},\"primaryImageOfPage\":{\"@id\":\"https:\\\/\\\/www.rri.ro\\\/de\\\/aktuell\\\/newsflash-de\\\/nachrichten-27-05-2022-id634205.html#primaryimage\"},\"image\":{\"@id\":\"https:\\\/\\\/www.rri.ro\\\/de\\\/aktuell\\\/newsflash-de\\\/nachrichten-27-05-2022-id634205.html#primaryimage\"},\"thumbnailUrl\":\"https:\\\/\\\/www.rri.ro\\\/wp-content\\\/uploads\\\/2024\\\/02\\\/stiri-germana-bleu.png\",\"datePublished\":\"2022-05-27T14:28:00+00:00\",\"author\":{\"@id\":\"https:\\\/\\\/www.rri.ro\\\/#\\\/schema\\\/person\\\/4a479940371b9fdefd194f561e8a7f88\"},\"breadcrumb\":{\"@id\":\"https:\\\/\\\/www.rri.ro\\\/de\\\/aktuell\\\/newsflash-de\\\/nachrichten-27-05-2022-id634205.html#breadcrumb\"},\"inLanguage\":\"de\",\"potentialAction\":[{\"@type\":\"ReadAction\",\"target\":[\"https:\\\/\\\/www.rri.ro\\\/de\\\/aktuell\\\/newsflash-de\\\/nachrichten-27-05-2022-id634205.html\"]}]},{\"@type\":\"ImageObject\",\"inLanguage\":\"de\",\"@id\":\"https:\\\/\\\/www.rri.ro\\\/de\\\/aktuell\\\/newsflash-de\\\/nachrichten-27-05-2022-id634205.html#primaryimage\",\"url\":\"https:\\\/\\\/www.rri.ro\\\/wp-content\\\/uploads\\\/2024\\\/02\\\/stiri-germana-bleu.png\",\"contentUrl\":\"https:\\\/\\\/www.rri.ro\\\/wp-content\\\/uploads\\\/2024\\\/02\\\/stiri-germana-bleu.png\",\"width\":640,\"height\":480},{\"@type\":\"BreadcrumbList\",\"@id\":\"https:\\\/\\\/www.rri.ro\\\/de\\\/aktuell\\\/newsflash-de\\\/nachrichten-27-05-2022-id634205.html#breadcrumb\",\"itemListElement\":[{\"@type\":\"ListItem\",\"position\":1,\"name\":\"Startseite\",\"item\":\"https:\\\/\\\/www.rri.ro\\\/de\"},{\"@type\":\"ListItem\",\"position\":2,\"name\":\"Aktuell\",\"item\":\"https:\\\/\\\/www.rri.ro\\\/de\\\/aktuell\"},{\"@type\":\"ListItem\",\"position\":3,\"name\":\"Newsflash\",\"item\":\"https:\\\/\\\/www.rri.ro\\\/de\\\/aktuell\\\/newsflash-de\"},{\"@type\":\"ListItem\",\"position\":4,\"name\":\"Nachrichten 27.05.2022\"}]},{\"@type\":\"WebSite\",\"@id\":\"https:\\\/\\\/www.rri.ro\\\/#website\",\"url\":\"https:\\\/\\\/www.rri.ro\\\/\",\"name\":\"Radio Rum\u00e4nien International\",\"description\":\"Totul despre Rom\u00e2nia \u015fi rom\u00e2ni, \u00een 13 limbi\\\/dialecte!\",\"inLanguage\":\"de\"},{\"@type\":\"Person\",\"@id\":\"https:\\\/\\\/www.rri.ro\\\/#\\\/schema\\\/person\\\/4a479940371b9fdefd194f561e8a7f88\",\"name\":\"Newsroom\",\"url\":\"https:\\\/\\\/www.rri.ro\\\/de\\\/author\\\/newsroom\"}]}<\/script>\n<!-- \/ Yoast SEO plugin. -->","yoast_head_json":{"title":"Nachrichten 27.05.2022 - Radio Rum\u00e4nien International","robots":{"index":"index","follow":"follow","max-snippet":"max-snippet:-1","max-image-preview":"max-image-preview:large","max-video-preview":"max-video-preview:-1"},"canonical":"https:\/\/www.rri.ro\/de\/aktuell\/newsflash-de\/nachrichten-27-05-2022-id634205.html","og_locale":"de_DE","og_type":"article","og_title":"Nachrichten 27.05.2022 - Radio Rum\u00e4nien International","og_description":"Der rum\u00e4nische Staatspr\u00e4sident Klaus Iohannis nimmt am Montag und Dienstag an der Sondertagung des EU-Rates zur aktuellen Sicherheitslage und den Folgen der russischen Aggression gegen die Ukraine teil. Die EU- Staats- und Regierungschefs sollen dabei besprechen, wie die politische Unterst\u00fctzung und die humanit\u00e4re, wirtschaftliche und finanzielle Hilfe f\u00fcr die Ukraine fortgesetzt werden k\u00f6nnen. Dabei soll [&hellip;]","og_url":"https:\/\/www.rri.ro\/de\/aktuell\/newsflash-de\/nachrichten-27-05-2022-id634205.html","og_site_name":"Radio Rum\u00e4nien International","article_published_time":"2022-05-27T14:28:00+00:00","og_image":[{"width":640,"height":480,"url":"https:\/\/www.rri.ro\/wp-content\/uploads\/2024\/02\/stiri-germana-bleu.png","type":"image\/png"}],"author":"Newsroom","twitter_card":"summary_large_image","twitter_misc":{"Verfasst von":"Newsroom","Gesch\u00e4tzte Lesezeit":"4\u00a0Minuten","Written by":"Newsroom"},"schema":{"@context":"https:\/\/schema.org","@graph":[{"@type":"Article","@id":"https:\/\/www.rri.ro\/de\/aktuell\/newsflash-de\/nachrichten-27-05-2022-id634205.html#article","isPartOf":{"@id":"https:\/\/www.rri.ro\/de\/aktuell\/newsflash-de\/nachrichten-27-05-2022-id634205.html"},"author":{"name":"Newsroom","@id":"https:\/\/www.rri.ro\/#\/schema\/person\/4a479940371b9fdefd194f561e8a7f88"},"headline":"Nachrichten 27.05.2022","datePublished":"2022-05-27T14:28:00+00:00","mainEntityOfPage":{"@id":"https:\/\/www.rri.ro\/de\/aktuell\/newsflash-de\/nachrichten-27-05-2022-id634205.html"},"wordCount":843,"image":{"@id":"https:\/\/www.rri.ro\/de\/aktuell\/newsflash-de\/nachrichten-27-05-2022-id634205.html#primaryimage"},"thumbnailUrl":"https:\/\/www.rri.ro\/wp-content\/uploads\/2024\/02\/stiri-germana-bleu.png","keywords":["&#013; Europ\u00e4ische Staatsanwaltschaft","Arbeitslosenquote","Au\u00dfenminister Bogdan Aurescu","Donaudelta","Ern\u00e4hrungssicherheit","Europ\u00e4ische Kommission","Sicherheitsarchitektur","Staatspr\u00e4sident Klaus Iohannis","trilaterales Treffen zu Sicherheitsfragen"],"articleSection":["Newsflash"],"inLanguage":"de"},{"@type":"WebPage","@id":"https:\/\/www.rri.ro\/de\/aktuell\/newsflash-de\/nachrichten-27-05-2022-id634205.html","url":"https:\/\/www.rri.ro\/de\/aktuell\/newsflash-de\/nachrichten-27-05-2022-id634205.html","name":"Nachrichten 27.05.2022 - Radio Rum\u00e4nien International","isPartOf":{"@id":"https:\/\/www.rri.ro\/#website"},"primaryImageOfPage":{"@id":"https:\/\/www.rri.ro\/de\/aktuell\/newsflash-de\/nachrichten-27-05-2022-id634205.html#primaryimage"},"image":{"@id":"https:\/\/www.rri.ro\/de\/aktuell\/newsflash-de\/nachrichten-27-05-2022-id634205.html#primaryimage"},"thumbnailUrl":"https:\/\/www.rri.ro\/wp-content\/uploads\/2024\/02\/stiri-germana-bleu.png","datePublished":"2022-05-27T14:28:00+00:00","author":{"@id":"https:\/\/www.rri.ro\/#\/schema\/person\/4a479940371b9fdefd194f561e8a7f88"},"breadcrumb":{"@id":"https:\/\/www.rri.ro\/de\/aktuell\/newsflash-de\/nachrichten-27-05-2022-id634205.html#breadcrumb"},"inLanguage":"de","potentialAction":[{"@type":"ReadAction","target":["https:\/\/www.rri.ro\/de\/aktuell\/newsflash-de\/nachrichten-27-05-2022-id634205.html"]}]},{"@type":"ImageObject","inLanguage":"de","@id":"https:\/\/www.rri.ro\/de\/aktuell\/newsflash-de\/nachrichten-27-05-2022-id634205.html#primaryimage","url":"https:\/\/www.rri.ro\/wp-content\/uploads\/2024\/02\/stiri-germana-bleu.png","contentUrl":"https:\/\/www.rri.ro\/wp-content\/uploads\/2024\/02\/stiri-germana-bleu.png","width":640,"height":480},{"@type":"BreadcrumbList","@id":"https:\/\/www.rri.ro\/de\/aktuell\/newsflash-de\/nachrichten-27-05-2022-id634205.html#breadcrumb","itemListElement":[{"@type":"ListItem","position":1,"name":"Startseite","item":"https:\/\/www.rri.ro\/de"},{"@type":"ListItem","position":2,"name":"Aktuell","item":"https:\/\/www.rri.ro\/de\/aktuell"},{"@type":"ListItem","position":3,"name":"Newsflash","item":"https:\/\/www.rri.ro\/de\/aktuell\/newsflash-de"},{"@type":"ListItem","position":4,"name":"Nachrichten 27.05.2022"}]},{"@type":"WebSite","@id":"https:\/\/www.rri.ro\/#website","url":"https:\/\/www.rri.ro\/","name":"Radio Rum\u00e4nien International","description":"Totul despre Rom\u00e2nia \u015fi rom\u00e2ni, \u00een 13 limbi\/dialecte!","inLanguage":"de"},{"@type":"Person","@id":"https:\/\/www.rri.ro\/#\/schema\/person\/4a479940371b9fdefd194f561e8a7f88","name":"Newsroom","url":"https:\/\/www.rri.ro\/de\/author\/newsroom"}]}},"_links":{"self":[{"href":"https:\/\/www.rri.ro\/de\/wp-json\/wp\/v2\/posts\/634205","targetHints":{"allow":["GET"]}}],"collection":[{"href":"https:\/\/www.rri.ro\/de\/wp-json\/wp\/v2\/posts"}],"about":[{"href":"https:\/\/www.rri.ro\/de\/wp-json\/wp\/v2\/types\/post"}],"author":[{"embeddable":true,"href":"https:\/\/www.rri.ro\/de\/wp-json\/wp\/v2\/users\/113"}],"replies":[{"embeddable":true,"href":"https:\/\/www.rri.ro\/de\/wp-json\/wp\/v2\/comments?post=634205"}],"version-history":[{"count":0,"href":"https:\/\/www.rri.ro\/de\/wp-json\/wp\/v2\/posts\/634205\/revisions"}],"wp:featuredmedia":[{"embeddable":true,"href":"https:\/\/www.rri.ro\/de\/wp-json\/wp\/v2\/media\/633917"}],"wp:attachment":[{"href":"https:\/\/www.rri.ro\/de\/wp-json\/wp\/v2\/media?parent=634205"}],"wp:term":[{"taxonomy":"category","embeddable":true,"href":"https:\/\/www.rri.ro\/de\/wp-json\/wp\/v2\/categories?post=634205"},{"taxonomy":"post_tag","embeddable":true,"href":"https:\/\/www.rri.ro\/de\/wp-json\/wp\/v2\/tags?post=634205"},{"taxonomy":"author","embeddable":true,"href":"https:\/\/www.rri.ro\/de\/wp-json\/wp\/v2\/coauthors?post=634205"}],"curies":[{"name":"wp","href":"https:\/\/api.w.org\/{rel}","templated":true}]}}