{"id":634409,"date":"2023-01-24T16:34:00","date_gmt":"2023-01-24T14:34:00","guid":{"rendered":"http:\/\/devrri.freshlemon.ro\/aktuell\/nachrichten-24-01-2023-id634409.html"},"modified":"2023-01-24T16:34:00","modified_gmt":"2023-01-24T14:34:00","slug":"nachrichten-24-01-2023","status":"publish","type":"post","link":"https:\/\/www.rri.ro\/de\/aktuell\/newsflash-de\/nachrichten-24-01-2023-id634409.html","title":{"rendered":"Nachrichten 24.01.2023"},"content":{"rendered":"<p>Am 24. Januar, feiern die Rum\u00e4nen die Vereinigung Moldawiens mit der Walachei, ein politisches Ereignis, das vor 164 Jahren, im Jahr 1859, unter der F\u00fchrung von Alexandru Ioan Cuza stattfand. Historisch gesehen handelt es sich um die erste Etappe der Gr\u00fcndung des modernen rum\u00e4nischen Einheitsstaates, die 1918 abgeschlossen wurde. Milit\u00e4rische und religi\u00f6se Zeremonien wurden vom Ministerium f\u00fcr Nationale Verteidigung zusammen mit den zentralen und lokalen Beh\u00f6rden in allen Garnisonen geplant, in denen Denkm\u00e4ler f\u00fcr die Union der rum\u00e4nischen F\u00fcrstent\u00fcmer errichtet wurden. In der Hauptstadt wurden am Grab des Unbekannten Soldaten Kr\u00e4nze niedergelegt. Staatsp\u00e4sident Klaus Iohannis, der an der Veranstaltung teilnahm, sagte, dass die Erfolge von 1859 eine Lektion in Sachen Verantwortung f\u00fcr all diejenigen sind, die weiterhin am Aufbau eines modernen und demokratischen europ\u00e4ischen Rum\u00e4niens arbeiten. Er rief erneut dazu auf, alle verf\u00fcgbaren Instrumente zu nutzen, um die notwendigen Reformen in Rum\u00e4nien zu vollenden und die Missst\u00e4nde zu beseitigen, die sich schon zu lange hinziehen. In Ia\u0219i (Ost) nahmen Tausende von Menschen an den Veranstaltungen teil, darunter Premierminister Nicolae Ciuc\u0103 und der Pr\u00e4sident der Abgeordnetenkammer, Marcel Ciolacu. In einer Botschaft vom 24. Januar sagte Premierminister Ciuc\u0103, dass die Wurzeln des europ\u00e4ischen Rum\u00e4niens in der Union von vor 164 Jahren zu finden seien &#8211; ein echtes Beispiel f\u00fcr die Einigkeit des Willens der Rum\u00e4nen, die den Weg f\u00fcr die Emanzipation und Modernisierung des Staates ebnete. Seiner Meinung nach liegt es in der Verantwortung der politischen Klasse und der staatlichen Institutionen, diesen Akt der Einigung der rum\u00e4nischen Nation zu w\u00fcrdigen. In den orthodoxen Kirchen des Landes wurde der 164. Jahrestag der Vereinigung der rum\u00e4nischen F\u00fcrstent\u00fcmer mit Te Deum-Gottesdiensten begangen, an deren Ende die Glocken eine Minute lang l\u00e4uteten.<\/p>\n<p>&#13;<br \/>\n&#13;<\/p>\n<p>&#13;<br \/>\n&#13;<\/p>\n<p>H\u00e4usliche Gewalt ist ein Ph\u00e4nomen, mit dem einige Rum\u00e4nen tagt\u00e4glich konfrontiert sind, und die Folgen sind katastophal: 42 Frauen und 4 Kinder starben im vergangenen Jahr an den Folgen von Schl\u00e4gen und Misshandlungen in der Familie, und fast 40.000 Frauen und 9.000 Kinder wurden Opfer von Aggressionen. Es wurden mehr als 11.000 Schutzanordnungen und mehr als 20.000 vorl\u00e4ufige Schutzbefehle erlassen, teilte die Familienministerin auf einer Social-Media-Seite mit. Gabriela Firea erkl\u00e4rte, dass ihr Ministerium und Frauenrechtsorganisationen ihre Bem\u00fchungen zur Verhinderung und Bek\u00e4mpfung dieses schwerwiegenden Ph\u00e4nomens fortsetzen werden. Sie ist der Meinung, dass mehr Information, auch in den Schulen, notwenig ist.<\/p>\n<p>&#13;<br \/>\n&#13;<\/p>\n<p>&#13;<br \/>\n&#13;<\/p>\n<p>Der t\u00fcrkische Pr\u00e4sident Recep Tayyip Erdogan hat Schweden gewarnt, nicht mit der Unterst\u00fctzung seines Landes f\u00fcr die NATO-Mitgliedschaft zu rechnen, nachdem k\u00fcrzlich in Stockholm eine Demonstration stattfand, bei der ein Koran verbrannt wurde. Der Beitritt Schwedens zum Nordatlantischen B\u00fcndnis muss von allen Mitgliedstaaten ratifiziert werden, aber die Spannungen zwischen Ankara und Stockholm haben in den letzten Wochen zugenommen. Schweden und Finnland haben im vergangenen Mai nach dem Einmarsch Russlands in die Ukraine einen Antrag auf NATO-Mitgliedschaft gestellt. Die Mitgliedschaft der beiden nordischen L\u00e4nder muss nur noch von der T\u00fcrkei und Ungarn ratifiziert werden. Die T\u00fcrkei wirft Schweden jedoch vor, Gruppen zu unterst\u00fctzen, die von der Regierung in Ankara als terroristisch eingestuft werden. Am Dienstag hat Finnland durch seinen Au\u00dfenminister Pekka Haavisto zum ersten Mal erkl\u00e4rt, dass es die Option eines NATO-Beitritts ohne Schweden in Betracht ziehen sollte.<\/p>\n<p>&#13;<br \/>\n&#13;<\/p>\n<p>&#13;<br \/>\n&#13;<\/p>\n<p>In der Ukraine sind f\u00fcnf Regionalgouverneure und vier stellvertretende Minister entlassen worden. Das gab die Regierung in Kiew am Dienstag nach einem Skandal um angebliche Korruption im Milit\u00e4r w\u00e4hrend des russischen Einmarsches bekannt. Zwei stellvertretende Leiter des ukrainischen See- und Binnenschifffahrtsdienstes wurden ebenfalls entlassen. Zuvor hatte auch der stellvertretende Generalstaatsanwalt Oleksi Simonenko seinen R\u00fccktritt angek\u00fcndigt, m\u00f6glicherweise im Zusammenhang mit den Enth\u00fcllungen \u00fcber einen Neujahrsurlaub, den er mit seiner Familie in Spanien verbracht hatte, als das Kriegsrecht die Ein- und Ausreise aus dem Land verhinderte. Korruptionsf\u00e4lle in der Ukraine waren vor der russischen Invasion an der Tagesordnung &#8211; stellt AFP fest. Der aktuelle Skandal kommt zu einem Zeitpunkt, an dem Kiew seine westlichen Verb\u00fcndeten, deren milit\u00e4rische und finanzielle Unterst\u00fctzung von entscheidender Bedeutung ist, um die Entsendung von Hunderten von Panzern zur Konfrontation mit Moskau bittet. Dar\u00fcber hinaus ist die Bek\u00e4mpfung der Korruption eine der wichtigsten Voraussetzungen f\u00fcr die Aufnahme des Landes in die Europ\u00e4ische Union.<\/p>\n<p>&#13;<\/p>\n","protected":false},"excerpt":{"rendered":"<p>Am 24. Januar, feiern die Rum\u00e4nen die Vereinigung Moldawiens mit der Walachei, ein politisches Ereignis, das vor 164 Jahren, im Jahr 1859, unter der F\u00fchrung von Alexandru Ioan Cuza stattfand. Historisch gesehen handelt es sich um die erste Etappe der Gr\u00fcndung des modernen rum\u00e4nischen Einheitsstaates, die 1918 abgeschlossen wurde. Milit\u00e4rische und religi\u00f6se Zeremonien wurden vom [&hellip;]<\/p>\n","protected":false},"author":113,"featured_media":633915,"comment_status":"closed","ping_status":"closed","sticky":false,"template":"","format":"standard","meta":{"_acf_changed":false,"footnotes":""},"categories":[116753],"tags":[102279,119661,125660,105407,100933,128678,128679,134268,128677],"coauthors":[],"class_list":["post-634409","post","type-post","status-publish","format-standard","has-post-thumbnail","hentry","category-newsflash-de","tag-bekaempfung-der-korruption","tag-haeusliche-gewalt","tag-nato-mitgliedschaft","tag-premierminister-nicolae-ciuca","tag-ruecktritt","tag-staatspaesident-klaus-iohannis","tag-tuerkischer-praesident-recep-tayyip-erdogan","tag-ukraine-de","tag-vereinigung-moldawiens-mit-der-walachei"],"acf":[],"yoast_head":"<!-- This site is optimized with the Yoast SEO plugin v27.3 - https:\/\/yoast.com\/product\/yoast-seo-wordpress\/ -->\n<title>Nachrichten 24.01.2023 - Radio Rum\u00e4nien International<\/title>\n<meta name=\"robots\" content=\"index, follow, max-snippet:-1, max-image-preview:large, max-video-preview:-1\" \/>\n<link rel=\"canonical\" href=\"https:\/\/www.rri.ro\/de\/aktuell\/newsflash-de\/nachrichten-24-01-2023-id634409.html\" \/>\n<meta property=\"og:locale\" content=\"de_DE\" \/>\n<meta property=\"og:type\" content=\"article\" \/>\n<meta property=\"og:title\" content=\"Nachrichten 24.01.2023 - Radio Rum\u00e4nien International\" \/>\n<meta property=\"og:description\" content=\"Am 24. Januar, feiern die Rum\u00e4nen die Vereinigung Moldawiens mit der Walachei, ein politisches Ereignis, das vor 164 Jahren, im Jahr 1859, unter der F\u00fchrung von Alexandru Ioan Cuza stattfand. Historisch gesehen handelt es sich um die erste Etappe der Gr\u00fcndung des modernen rum\u00e4nischen Einheitsstaates, die 1918 abgeschlossen wurde. Milit\u00e4rische und religi\u00f6se Zeremonien wurden vom [&hellip;]\" \/>\n<meta property=\"og:url\" content=\"https:\/\/www.rri.ro\/de\/aktuell\/newsflash-de\/nachrichten-24-01-2023-id634409.html\" \/>\n<meta property=\"og:site_name\" content=\"Radio Rum\u00e4nien International\" \/>\n<meta property=\"article:published_time\" content=\"2023-01-24T14:34:00+00:00\" \/>\n<meta property=\"og:image\" content=\"https:\/\/www.rri.ro\/wp-content\/uploads\/2024\/02\/stiri-germana-alb.png\" \/>\n\t<meta property=\"og:image:width\" content=\"640\" \/>\n\t<meta property=\"og:image:height\" content=\"480\" \/>\n\t<meta property=\"og:image:type\" content=\"image\/png\" \/>\n<meta name=\"author\" content=\"Newsroom\" \/>\n<meta name=\"twitter:card\" content=\"summary_large_image\" \/>\n<meta name=\"twitter:label1\" content=\"Verfasst von\" \/>\n\t<meta name=\"twitter:data1\" content=\"Newsroom\" \/>\n\t<meta name=\"twitter:label2\" content=\"Gesch\u00e4tzte Lesezeit\" \/>\n\t<meta name=\"twitter:data2\" content=\"4\u00a0Minuten\" \/>\n\t<meta name=\"twitter:label3\" content=\"Written by\" \/>\n\t<meta name=\"twitter:data3\" content=\"Newsroom\" \/>\n<script type=\"application\/ld+json\" class=\"yoast-schema-graph\">{\"@context\":\"https:\\\/\\\/schema.org\",\"@graph\":[{\"@type\":\"Article\",\"@id\":\"https:\\\/\\\/www.rri.ro\\\/de\\\/aktuell\\\/newsflash-de\\\/nachrichten-24-01-2023-id634409.html#article\",\"isPartOf\":{\"@id\":\"https:\\\/\\\/www.rri.ro\\\/de\\\/aktuell\\\/newsflash-de\\\/nachrichten-24-01-2023-id634409.html\"},\"author\":{\"name\":\"Newsroom\",\"@id\":\"https:\\\/\\\/www.rri.ro\\\/#\\\/schema\\\/person\\\/4a479940371b9fdefd194f561e8a7f88\"},\"headline\":\"Nachrichten 24.01.2023\",\"datePublished\":\"2023-01-24T14:34:00+00:00\",\"mainEntityOfPage\":{\"@id\":\"https:\\\/\\\/www.rri.ro\\\/de\\\/aktuell\\\/newsflash-de\\\/nachrichten-24-01-2023-id634409.html\"},\"wordCount\":724,\"image\":{\"@id\":\"https:\\\/\\\/www.rri.ro\\\/de\\\/aktuell\\\/newsflash-de\\\/nachrichten-24-01-2023-id634409.html#primaryimage\"},\"thumbnailUrl\":\"https:\\\/\\\/www.rri.ro\\\/wp-content\\\/uploads\\\/2024\\\/02\\\/stiri-germana-alb.png\",\"keywords\":[\"Bek\u00e4mpfung der Korruption\",\"h\u00e4usliche Gewalt\",\"NATO-Mitgliedschaft\",\"Premierminister Nicolae Ciuca\",\"R\u00fccktritt\",\"Staatsp\u00e4sident Klaus Iohannis\",\"t\u00fcrkischer Pr\u00e4sident Recep Tayyip Erdogan\",\"Ukraine\",\"Vereinigung Moldawiens mit der Walachei\"],\"articleSection\":[\"Newsflash\"],\"inLanguage\":\"de\"},{\"@type\":\"WebPage\",\"@id\":\"https:\\\/\\\/www.rri.ro\\\/de\\\/aktuell\\\/newsflash-de\\\/nachrichten-24-01-2023-id634409.html\",\"url\":\"https:\\\/\\\/www.rri.ro\\\/de\\\/aktuell\\\/newsflash-de\\\/nachrichten-24-01-2023-id634409.html\",\"name\":\"Nachrichten 24.01.2023 - Radio Rum\u00e4nien International\",\"isPartOf\":{\"@id\":\"https:\\\/\\\/www.rri.ro\\\/#website\"},\"primaryImageOfPage\":{\"@id\":\"https:\\\/\\\/www.rri.ro\\\/de\\\/aktuell\\\/newsflash-de\\\/nachrichten-24-01-2023-id634409.html#primaryimage\"},\"image\":{\"@id\":\"https:\\\/\\\/www.rri.ro\\\/de\\\/aktuell\\\/newsflash-de\\\/nachrichten-24-01-2023-id634409.html#primaryimage\"},\"thumbnailUrl\":\"https:\\\/\\\/www.rri.ro\\\/wp-content\\\/uploads\\\/2024\\\/02\\\/stiri-germana-alb.png\",\"datePublished\":\"2023-01-24T14:34:00+00:00\",\"author\":{\"@id\":\"https:\\\/\\\/www.rri.ro\\\/#\\\/schema\\\/person\\\/4a479940371b9fdefd194f561e8a7f88\"},\"breadcrumb\":{\"@id\":\"https:\\\/\\\/www.rri.ro\\\/de\\\/aktuell\\\/newsflash-de\\\/nachrichten-24-01-2023-id634409.html#breadcrumb\"},\"inLanguage\":\"de\",\"potentialAction\":[{\"@type\":\"ReadAction\",\"target\":[\"https:\\\/\\\/www.rri.ro\\\/de\\\/aktuell\\\/newsflash-de\\\/nachrichten-24-01-2023-id634409.html\"]}]},{\"@type\":\"ImageObject\",\"inLanguage\":\"de\",\"@id\":\"https:\\\/\\\/www.rri.ro\\\/de\\\/aktuell\\\/newsflash-de\\\/nachrichten-24-01-2023-id634409.html#primaryimage\",\"url\":\"https:\\\/\\\/www.rri.ro\\\/wp-content\\\/uploads\\\/2024\\\/02\\\/stiri-germana-alb.png\",\"contentUrl\":\"https:\\\/\\\/www.rri.ro\\\/wp-content\\\/uploads\\\/2024\\\/02\\\/stiri-germana-alb.png\",\"width\":640,\"height\":480},{\"@type\":\"BreadcrumbList\",\"@id\":\"https:\\\/\\\/www.rri.ro\\\/de\\\/aktuell\\\/newsflash-de\\\/nachrichten-24-01-2023-id634409.html#breadcrumb\",\"itemListElement\":[{\"@type\":\"ListItem\",\"position\":1,\"name\":\"Startseite\",\"item\":\"https:\\\/\\\/www.rri.ro\\\/de\"},{\"@type\":\"ListItem\",\"position\":2,\"name\":\"Aktuell\",\"item\":\"https:\\\/\\\/www.rri.ro\\\/de\\\/aktuell\"},{\"@type\":\"ListItem\",\"position\":3,\"name\":\"Newsflash\",\"item\":\"https:\\\/\\\/www.rri.ro\\\/de\\\/aktuell\\\/newsflash-de\"},{\"@type\":\"ListItem\",\"position\":4,\"name\":\"Nachrichten 24.01.2023\"}]},{\"@type\":\"WebSite\",\"@id\":\"https:\\\/\\\/www.rri.ro\\\/#website\",\"url\":\"https:\\\/\\\/www.rri.ro\\\/\",\"name\":\"Radio Rum\u00e4nien International\",\"description\":\"Totul despre Rom\u00e2nia \u015fi rom\u00e2ni, \u00een 13 limbi\\\/dialecte!\",\"inLanguage\":\"de\"},{\"@type\":\"Person\",\"@id\":\"https:\\\/\\\/www.rri.ro\\\/#\\\/schema\\\/person\\\/4a479940371b9fdefd194f561e8a7f88\",\"name\":\"Newsroom\",\"url\":\"https:\\\/\\\/www.rri.ro\\\/de\\\/author\\\/newsroom\"}]}<\/script>\n<!-- \/ Yoast SEO plugin. -->","yoast_head_json":{"title":"Nachrichten 24.01.2023 - Radio Rum\u00e4nien International","robots":{"index":"index","follow":"follow","max-snippet":"max-snippet:-1","max-image-preview":"max-image-preview:large","max-video-preview":"max-video-preview:-1"},"canonical":"https:\/\/www.rri.ro\/de\/aktuell\/newsflash-de\/nachrichten-24-01-2023-id634409.html","og_locale":"de_DE","og_type":"article","og_title":"Nachrichten 24.01.2023 - Radio Rum\u00e4nien International","og_description":"Am 24. Januar, feiern die Rum\u00e4nen die Vereinigung Moldawiens mit der Walachei, ein politisches Ereignis, das vor 164 Jahren, im Jahr 1859, unter der F\u00fchrung von Alexandru Ioan Cuza stattfand. Historisch gesehen handelt es sich um die erste Etappe der Gr\u00fcndung des modernen rum\u00e4nischen Einheitsstaates, die 1918 abgeschlossen wurde. Milit\u00e4rische und religi\u00f6se Zeremonien wurden vom [&hellip;]","og_url":"https:\/\/www.rri.ro\/de\/aktuell\/newsflash-de\/nachrichten-24-01-2023-id634409.html","og_site_name":"Radio Rum\u00e4nien International","article_published_time":"2023-01-24T14:34:00+00:00","og_image":[{"width":640,"height":480,"url":"https:\/\/www.rri.ro\/wp-content\/uploads\/2024\/02\/stiri-germana-alb.png","type":"image\/png"}],"author":"Newsroom","twitter_card":"summary_large_image","twitter_misc":{"Verfasst von":"Newsroom","Gesch\u00e4tzte Lesezeit":"4\u00a0Minuten","Written by":"Newsroom"},"schema":{"@context":"https:\/\/schema.org","@graph":[{"@type":"Article","@id":"https:\/\/www.rri.ro\/de\/aktuell\/newsflash-de\/nachrichten-24-01-2023-id634409.html#article","isPartOf":{"@id":"https:\/\/www.rri.ro\/de\/aktuell\/newsflash-de\/nachrichten-24-01-2023-id634409.html"},"author":{"name":"Newsroom","@id":"https:\/\/www.rri.ro\/#\/schema\/person\/4a479940371b9fdefd194f561e8a7f88"},"headline":"Nachrichten 24.01.2023","datePublished":"2023-01-24T14:34:00+00:00","mainEntityOfPage":{"@id":"https:\/\/www.rri.ro\/de\/aktuell\/newsflash-de\/nachrichten-24-01-2023-id634409.html"},"wordCount":724,"image":{"@id":"https:\/\/www.rri.ro\/de\/aktuell\/newsflash-de\/nachrichten-24-01-2023-id634409.html#primaryimage"},"thumbnailUrl":"https:\/\/www.rri.ro\/wp-content\/uploads\/2024\/02\/stiri-germana-alb.png","keywords":["Bek\u00e4mpfung der Korruption","h\u00e4usliche Gewalt","NATO-Mitgliedschaft","Premierminister Nicolae Ciuca","R\u00fccktritt","Staatsp\u00e4sident Klaus Iohannis","t\u00fcrkischer Pr\u00e4sident Recep Tayyip Erdogan","Ukraine","Vereinigung Moldawiens mit der Walachei"],"articleSection":["Newsflash"],"inLanguage":"de"},{"@type":"WebPage","@id":"https:\/\/www.rri.ro\/de\/aktuell\/newsflash-de\/nachrichten-24-01-2023-id634409.html","url":"https:\/\/www.rri.ro\/de\/aktuell\/newsflash-de\/nachrichten-24-01-2023-id634409.html","name":"Nachrichten 24.01.2023 - Radio Rum\u00e4nien International","isPartOf":{"@id":"https:\/\/www.rri.ro\/#website"},"primaryImageOfPage":{"@id":"https:\/\/www.rri.ro\/de\/aktuell\/newsflash-de\/nachrichten-24-01-2023-id634409.html#primaryimage"},"image":{"@id":"https:\/\/www.rri.ro\/de\/aktuell\/newsflash-de\/nachrichten-24-01-2023-id634409.html#primaryimage"},"thumbnailUrl":"https:\/\/www.rri.ro\/wp-content\/uploads\/2024\/02\/stiri-germana-alb.png","datePublished":"2023-01-24T14:34:00+00:00","author":{"@id":"https:\/\/www.rri.ro\/#\/schema\/person\/4a479940371b9fdefd194f561e8a7f88"},"breadcrumb":{"@id":"https:\/\/www.rri.ro\/de\/aktuell\/newsflash-de\/nachrichten-24-01-2023-id634409.html#breadcrumb"},"inLanguage":"de","potentialAction":[{"@type":"ReadAction","target":["https:\/\/www.rri.ro\/de\/aktuell\/newsflash-de\/nachrichten-24-01-2023-id634409.html"]}]},{"@type":"ImageObject","inLanguage":"de","@id":"https:\/\/www.rri.ro\/de\/aktuell\/newsflash-de\/nachrichten-24-01-2023-id634409.html#primaryimage","url":"https:\/\/www.rri.ro\/wp-content\/uploads\/2024\/02\/stiri-germana-alb.png","contentUrl":"https:\/\/www.rri.ro\/wp-content\/uploads\/2024\/02\/stiri-germana-alb.png","width":640,"height":480},{"@type":"BreadcrumbList","@id":"https:\/\/www.rri.ro\/de\/aktuell\/newsflash-de\/nachrichten-24-01-2023-id634409.html#breadcrumb","itemListElement":[{"@type":"ListItem","position":1,"name":"Startseite","item":"https:\/\/www.rri.ro\/de"},{"@type":"ListItem","position":2,"name":"Aktuell","item":"https:\/\/www.rri.ro\/de\/aktuell"},{"@type":"ListItem","position":3,"name":"Newsflash","item":"https:\/\/www.rri.ro\/de\/aktuell\/newsflash-de"},{"@type":"ListItem","position":4,"name":"Nachrichten 24.01.2023"}]},{"@type":"WebSite","@id":"https:\/\/www.rri.ro\/#website","url":"https:\/\/www.rri.ro\/","name":"Radio Rum\u00e4nien International","description":"Totul despre Rom\u00e2nia \u015fi rom\u00e2ni, \u00een 13 limbi\/dialecte!","inLanguage":"de"},{"@type":"Person","@id":"https:\/\/www.rri.ro\/#\/schema\/person\/4a479940371b9fdefd194f561e8a7f88","name":"Newsroom","url":"https:\/\/www.rri.ro\/de\/author\/newsroom"}]}},"_links":{"self":[{"href":"https:\/\/www.rri.ro\/de\/wp-json\/wp\/v2\/posts\/634409","targetHints":{"allow":["GET"]}}],"collection":[{"href":"https:\/\/www.rri.ro\/de\/wp-json\/wp\/v2\/posts"}],"about":[{"href":"https:\/\/www.rri.ro\/de\/wp-json\/wp\/v2\/types\/post"}],"author":[{"embeddable":true,"href":"https:\/\/www.rri.ro\/de\/wp-json\/wp\/v2\/users\/113"}],"replies":[{"embeddable":true,"href":"https:\/\/www.rri.ro\/de\/wp-json\/wp\/v2\/comments?post=634409"}],"version-history":[{"count":0,"href":"https:\/\/www.rri.ro\/de\/wp-json\/wp\/v2\/posts\/634409\/revisions"}],"wp:featuredmedia":[{"embeddable":true,"href":"https:\/\/www.rri.ro\/de\/wp-json\/wp\/v2\/media\/633915"}],"wp:attachment":[{"href":"https:\/\/www.rri.ro\/de\/wp-json\/wp\/v2\/media?parent=634409"}],"wp:term":[{"taxonomy":"category","embeddable":true,"href":"https:\/\/www.rri.ro\/de\/wp-json\/wp\/v2\/categories?post=634409"},{"taxonomy":"post_tag","embeddable":true,"href":"https:\/\/www.rri.ro\/de\/wp-json\/wp\/v2\/tags?post=634409"},{"taxonomy":"author","embeddable":true,"href":"https:\/\/www.rri.ro\/de\/wp-json\/wp\/v2\/coauthors?post=634409"}],"curies":[{"name":"wp","href":"https:\/\/api.w.org\/{rel}","templated":true}]}}