{"id":634444,"date":"2023-03-03T17:49:00","date_gmt":"2023-03-03T15:49:00","guid":{"rendered":"http:\/\/devrri.freshlemon.ro\/aktuell\/nachrichten-03-03-2023-id634444.html"},"modified":"2023-03-03T17:49:00","modified_gmt":"2023-03-03T15:49:00","slug":"nachrichten-03-03-2023","status":"publish","type":"post","link":"https:\/\/www.rri.ro\/de\/aktuell\/newsflash-de\/nachrichten-03-03-2023-id634444.html","title":{"rendered":"Nachrichten 03.03.2023"},"content":{"rendered":"<p>N\u00e4chste Woche wird der rum\u00e4nische Staatschef Klaus Iohannis einen offiziellen Besuch in Japan und der Republik Singapur abstatten. Der rum\u00e4nische Pr\u00e4sident wird zwischen dem 6. und 8. M\u00e4rz Japan besuchen und dort mit Kaiser Naruhito und Premierminister Fumio Kishida zusammentreffen. Dabei sollen die Gespr\u00e4chspartner eine gemeinsame Erkl\u00e4rung zur Gr\u00fcndung einer strategischen Partnerschaft zwischen den beiden L\u00e4ndern unterzeichnen. Der japanische Staat ist der gr\u00f6\u00dfte asiatische Investor in Rum\u00e4nien. Der Staatsbesuch des rum\u00e4nischen Pr\u00e4sidenten in Singapur findet am 9. und 10. M\u00e4rz statt und ist der erste eines rum\u00e4nischen Pr\u00e4sidenten in den letzten 20 Jahren. Klaus Iohannis wird offizielle Gespr\u00e4che mit seiner Amtskollegin Halimah Yacob und mit Premierminister Lee Hsien Loong f\u00fchren. Ziel des Besuchs ist der Ausbau der bilateralen Beziehungen, insbesondere in den Bereichen Wirtschaft und Investitionen.<\/p>\n<p>&#13;<br \/>\n&#13;<\/p>\n<p>&#13;<br \/>\n&#13;<\/p>\n<p>Am Donnerstag haben im ostrum\u00e4nischen Ia\u0219i eine Reihe von Protestaktionen von Bildungsgewerkschaftern gegen die Lohnpolitik der Regierung begonnen. \u00c4hnliche Aktionen werden in der n\u00e4chsten Zeit im ganzen Land angek\u00fcndigt. Die Gewerkschafter sind unzufrieden mit den niedrigen Geh\u00e4ltern, den fehlenden Zulagen und den Problemen im Zusammenhang mit der Bezahlung von \u00dcberstunden. Die Bildungsministerin Ligia Deca erkl\u00e4rt, dass sich die Beschwerden auf die derzeitige Gesetzgebung beziehen, und verspricht, dass in dem k\u00fcnftigen Gesetz, an dem derzeit gearbeitet wird, die Geh\u00e4lter progressiv sein werden, ausgehend von dem Durchschnittsgehalt auf nationaler Ebene.<\/p>\n<p>&#13;<br \/>\n&#13;<\/p>\n<p>&#13;<br \/>\n&#13;<\/p>\n<p>Rum\u00e4nien wird am 15. M\u00e4rz mit Messungen am Chilia-Arm und am Bastroe-Kanal beginnen, um widerspr\u00fcchliche Informationen \u00fcber deren Ausbaggerung durch die Ukrainer zu kl\u00e4ren. Der Zeitplan f\u00fcr die Arbeiten wird am Montag festgelegt, und die Aktion wird voraussichtlich etwa 10 Tage dauern. Dies teilte das Verkehrsministerium in Bukarest am Freitag nach einem Treffen zwischen rum\u00e4nischen und ukrainischen Experten mit, bei dem vereinbart wurde, dass Experten aus Kiew sowie dritte Institutionen an den Messungen teilnehmen werden. Die ukrainische Seite wird die Sicherheit der rum\u00e4nischen Schiffe und des Personals w\u00e4hrend dieser Ma\u00dfnahmen gew\u00e4hrleisten. Das Treffen war das erste zwischen Fachleuten aus beiden L\u00e4ndern, nachdem Rum\u00e4nien die Ukraine beschuldigt hatte, den Kanal zu vertiefen, was auf das \u00d6kosystem des Donaudeltas negative Folgen habe.<\/p>\n<p>&#13;<br \/>\n&#13;<\/p>\n<p>&#13;<br \/>\n&#13;<\/p>\n<p>Direktor des Rum\u00e4nischen Geheimdienstes Eduard Hellvig stattete den USA einen Arbeitsbesuch ab, bei dem er mit Avril Haines, Direktorin der US National Intelligence Community, und William J. Burns, Direktor der CIA, zusammentraf. Laut einer am Freitag ver\u00f6ffentlichten SRI-Pressemitteilung konzentrierten sich die Gespr\u00e4che auf die regionale und globale Sicherheitslage im aktuellen Kontext und die Dynamik der operativen Situation. Die Bedeutung der Zusammenarbeit und des Informationsaustauschs zwischen dem SRI und den US-Diensten, die erzielten Ergebnisse und die M\u00f6glichkeiten zur Fortsetzung der strategischen Partnerschaft in den besprochenen Bereichen wurden hervorgehoben. Die SRI-F\u00fchrung und die Leiter der US-Geheimdienststrukturen bekr\u00e4ftigten ihre feste Entschlossenheit, weiterhin zusammenzuarbeiten, um Aggressionen zu verhindern und zu bek\u00e4mpfen, die die nationale und regionale Sicherheit bedrohen, einschlie\u00dflich solcher mit globalen Auswirkungen.<\/p>\n<p>&#13;<br \/>\n&#13;<\/p>\n<p>&#13;<br \/>\n&#13;<\/p>\n<p>Der Gesetzentwurf \u00fcber die Ersetzung des Ausdrucks moldauische Sprache durch rum\u00e4nische Sprache in allen Gesetzen der Republik Moldau, einschlie\u00dflich der Verfassung, wurde am Donnerstag im Parlament von Chisinau verabschiedet. Das Dokument wurde genau an dem Tag verabschiedet, an dem 31 Jahre seit dem Ausbruch des Dnjestr-Krieges vergangen sind, in dessen Folge sich die russischsprachige Region Transnistrien von der Republik Moldau abspaltete. Nach Angaben von Radio Chisinau protestierten die kommunistischen und sozialistischen Abgeordneten vehement gegen den Gesetzentwurf.<\/p>\n<p>&#13;<br \/>\n&#13;<\/p>\n<p>&#13;<br \/>\n&#13;<\/p>\n<p>350.000 Rum\u00e4nen werden in den n\u00e4chsten Tagen Energieausweise erhalten, nachdem das Ministerium f\u00fcr Investitionen und europ\u00e4ische Projekte die Situation der Menschen gekl\u00e4rt hat, die nicht von Anfang an auf den Listen aufgef\u00fchrt waren. In den F\u00e4llen, in denen nicht festgestellt werden konnte, wie viele Personen in einem Haus leben, wurden eidesstattliche Erkl\u00e4rungen vorgelegt, aus denen hervorging, dass die Voraussetzungen f\u00fcr den Erhalt der jeweiligen finanziellen Unterst\u00fctzung erf\u00fcllt waren.  Bisher haben bereits 1,7 Millionen Menschen die Karten erhalten, aber fast 600.000 Bescheide wurden ausgestellt, weil sie die Voraussetzungen f\u00fcr den Erhalt der Hilfe nicht erf\u00fcllten, d.h. den Schwellenwert von 2.000 Lei (etwa 400 Euro) \u00fcberschritten. Nach Angaben des Ministeriums wurden seit dem 20. Februar \u00fcber 225.000 Zahlungen in H\u00f6he von insgesamt \u00fcber 71 Millionen Lei (\u00fcber 14 Millionen Euro) geleistet. Die Beihilfe wird in zwei Raten zu je 700 Lei (ca. 140 Euro) gew\u00e4hrt und kann f\u00fcr die Bezahlung von Strom, Gas, thermischer Energie in einem Zentralheizungssystem, Brennholz, Heiz\u00f6l und anderen Arten von Heizmaterialien verwendet werden.<\/p>\n<p>&#13;<\/p>\n","protected":false},"excerpt":{"rendered":"<p>N\u00e4chste Woche wird der rum\u00e4nische Staatschef Klaus Iohannis einen offiziellen Besuch in Japan und der Republik Singapur abstatten. Der rum\u00e4nische Pr\u00e4sident wird zwischen dem 6. und 8. M\u00e4rz Japan besuchen und dort mit Kaiser Naruhito und Premierminister Fumio Kishida zusammentreffen. Dabei sollen die Gespr\u00e4chspartner eine gemeinsame Erkl\u00e4rung zur Gr\u00fcndung einer strategischen Partnerschaft zwischen den beiden [&hellip;]<\/p>\n","protected":false},"author":113,"featured_media":633915,"comment_status":"closed","ping_status":"closed","sticky":false,"template":"","format":"standard","meta":{"_acf_changed":false,"footnotes":""},"categories":[116753],"tags":[128749,128525,99974,28973,154080,100641,100105,128748,102345],"coauthors":[],"class_list":["post-634444","post","type-post","status-publish","format-standard","has-post-thumbnail","hentry","category-newsflash-de","tag-bildungsgewerkschaftern","tag-bildungsministerin-ligia-deca","tag-donaudelta","tag-eduard-hellvig","tag-japan-de","tag-moldauische-sprache","tag-protestaktionen","tag-republik-singapur","tag-staatschef-klaus-iohannis"],"acf":[],"yoast_head":"<!-- This site is optimized with the Yoast SEO plugin v27.5 - https:\/\/yoast.com\/product\/yoast-seo-wordpress\/ -->\n<title>Nachrichten 03.03.2023 - Radio Rum\u00e4nien International<\/title>\n<meta name=\"robots\" content=\"index, follow, max-snippet:-1, max-image-preview:large, max-video-preview:-1\" \/>\n<link rel=\"canonical\" href=\"https:\/\/www.rri.ro\/de\/aktuell\/newsflash-de\/nachrichten-03-03-2023-id634444.html\" \/>\n<meta property=\"og:locale\" content=\"de_DE\" \/>\n<meta property=\"og:type\" content=\"article\" \/>\n<meta property=\"og:title\" content=\"Nachrichten 03.03.2023 - Radio Rum\u00e4nien International\" \/>\n<meta property=\"og:description\" content=\"N\u00e4chste Woche wird der rum\u00e4nische Staatschef Klaus Iohannis einen offiziellen Besuch in Japan und der Republik Singapur abstatten. Der rum\u00e4nische Pr\u00e4sident wird zwischen dem 6. und 8. M\u00e4rz Japan besuchen und dort mit Kaiser Naruhito und Premierminister Fumio Kishida zusammentreffen. Dabei sollen die Gespr\u00e4chspartner eine gemeinsame Erkl\u00e4rung zur Gr\u00fcndung einer strategischen Partnerschaft zwischen den beiden [&hellip;]\" \/>\n<meta property=\"og:url\" content=\"https:\/\/www.rri.ro\/de\/aktuell\/newsflash-de\/nachrichten-03-03-2023-id634444.html\" \/>\n<meta property=\"og:site_name\" content=\"Radio Rum\u00e4nien International\" \/>\n<meta property=\"article:published_time\" content=\"2023-03-03T15:49:00+00:00\" \/>\n<meta property=\"og:image\" content=\"https:\/\/www.rri.ro\/wp-content\/uploads\/2024\/02\/stiri-germana-alb.png\" \/>\n\t<meta property=\"og:image:width\" content=\"640\" \/>\n\t<meta property=\"og:image:height\" content=\"480\" \/>\n\t<meta property=\"og:image:type\" content=\"image\/png\" \/>\n<meta name=\"author\" content=\"Newsroom\" \/>\n<meta name=\"twitter:card\" content=\"summary_large_image\" \/>\n<meta name=\"twitter:label1\" content=\"Verfasst von\" \/>\n\t<meta name=\"twitter:data1\" content=\"Newsroom\" \/>\n\t<meta name=\"twitter:label2\" content=\"Gesch\u00e4tzte Lesezeit\" \/>\n\t<meta name=\"twitter:data2\" content=\"4\u00a0Minuten\" \/>\n\t<meta name=\"twitter:label3\" content=\"Written by\" \/>\n\t<meta name=\"twitter:data3\" content=\"Newsroom\" \/>\n<script type=\"application\/ld+json\" class=\"yoast-schema-graph\">{\"@context\":\"https:\\\/\\\/schema.org\",\"@graph\":[{\"@type\":\"Article\",\"@id\":\"https:\\\/\\\/www.rri.ro\\\/de\\\/aktuell\\\/newsflash-de\\\/nachrichten-03-03-2023-id634444.html#article\",\"isPartOf\":{\"@id\":\"https:\\\/\\\/www.rri.ro\\\/de\\\/aktuell\\\/newsflash-de\\\/nachrichten-03-03-2023-id634444.html\"},\"author\":{\"name\":\"Newsroom\",\"@id\":\"https:\\\/\\\/www.rri.ro\\\/#\\\/schema\\\/person\\\/4a479940371b9fdefd194f561e8a7f88\"},\"headline\":\"Nachrichten 03.03.2023\",\"datePublished\":\"2023-03-03T15:49:00+00:00\",\"mainEntityOfPage\":{\"@id\":\"https:\\\/\\\/www.rri.ro\\\/de\\\/aktuell\\\/newsflash-de\\\/nachrichten-03-03-2023-id634444.html\"},\"wordCount\":742,\"image\":{\"@id\":\"https:\\\/\\\/www.rri.ro\\\/de\\\/aktuell\\\/newsflash-de\\\/nachrichten-03-03-2023-id634444.html#primaryimage\"},\"thumbnailUrl\":\"https:\\\/\\\/www.rri.ro\\\/wp-content\\\/uploads\\\/2024\\\/02\\\/stiri-germana-alb.png\",\"keywords\":[\"Bildungsgewerkschaftern\",\"Bildungsministerin Ligia Deca\",\"Donaudelta\",\"Eduard Hellvig\",\"Japan\",\"moldauische Sprache\",\"Protestaktionen\",\"Republik Singapur\",\"Staatschef Klaus Iohannis\"],\"articleSection\":[\"Newsflash\"],\"inLanguage\":\"de\"},{\"@type\":\"WebPage\",\"@id\":\"https:\\\/\\\/www.rri.ro\\\/de\\\/aktuell\\\/newsflash-de\\\/nachrichten-03-03-2023-id634444.html\",\"url\":\"https:\\\/\\\/www.rri.ro\\\/de\\\/aktuell\\\/newsflash-de\\\/nachrichten-03-03-2023-id634444.html\",\"name\":\"Nachrichten 03.03.2023 - Radio Rum\u00e4nien International\",\"isPartOf\":{\"@id\":\"https:\\\/\\\/www.rri.ro\\\/#website\"},\"primaryImageOfPage\":{\"@id\":\"https:\\\/\\\/www.rri.ro\\\/de\\\/aktuell\\\/newsflash-de\\\/nachrichten-03-03-2023-id634444.html#primaryimage\"},\"image\":{\"@id\":\"https:\\\/\\\/www.rri.ro\\\/de\\\/aktuell\\\/newsflash-de\\\/nachrichten-03-03-2023-id634444.html#primaryimage\"},\"thumbnailUrl\":\"https:\\\/\\\/www.rri.ro\\\/wp-content\\\/uploads\\\/2024\\\/02\\\/stiri-germana-alb.png\",\"datePublished\":\"2023-03-03T15:49:00+00:00\",\"author\":{\"@id\":\"https:\\\/\\\/www.rri.ro\\\/#\\\/schema\\\/person\\\/4a479940371b9fdefd194f561e8a7f88\"},\"breadcrumb\":{\"@id\":\"https:\\\/\\\/www.rri.ro\\\/de\\\/aktuell\\\/newsflash-de\\\/nachrichten-03-03-2023-id634444.html#breadcrumb\"},\"inLanguage\":\"de\",\"potentialAction\":[{\"@type\":\"ReadAction\",\"target\":[\"https:\\\/\\\/www.rri.ro\\\/de\\\/aktuell\\\/newsflash-de\\\/nachrichten-03-03-2023-id634444.html\"]}]},{\"@type\":\"ImageObject\",\"inLanguage\":\"de\",\"@id\":\"https:\\\/\\\/www.rri.ro\\\/de\\\/aktuell\\\/newsflash-de\\\/nachrichten-03-03-2023-id634444.html#primaryimage\",\"url\":\"https:\\\/\\\/www.rri.ro\\\/wp-content\\\/uploads\\\/2024\\\/02\\\/stiri-germana-alb.png\",\"contentUrl\":\"https:\\\/\\\/www.rri.ro\\\/wp-content\\\/uploads\\\/2024\\\/02\\\/stiri-germana-alb.png\",\"width\":640,\"height\":480},{\"@type\":\"BreadcrumbList\",\"@id\":\"https:\\\/\\\/www.rri.ro\\\/de\\\/aktuell\\\/newsflash-de\\\/nachrichten-03-03-2023-id634444.html#breadcrumb\",\"itemListElement\":[{\"@type\":\"ListItem\",\"position\":1,\"name\":\"Startseite\",\"item\":\"https:\\\/\\\/www.rri.ro\\\/de\"},{\"@type\":\"ListItem\",\"position\":2,\"name\":\"Aktuell\",\"item\":\"https:\\\/\\\/www.rri.ro\\\/de\\\/aktuell\"},{\"@type\":\"ListItem\",\"position\":3,\"name\":\"Newsflash\",\"item\":\"https:\\\/\\\/www.rri.ro\\\/de\\\/aktuell\\\/newsflash-de\"},{\"@type\":\"ListItem\",\"position\":4,\"name\":\"Nachrichten 03.03.2023\"}]},{\"@type\":\"WebSite\",\"@id\":\"https:\\\/\\\/www.rri.ro\\\/#website\",\"url\":\"https:\\\/\\\/www.rri.ro\\\/\",\"name\":\"Radio Rum\u00e4nien International\",\"description\":\"Totul despre Rom\u00e2nia \u015fi rom\u00e2ni, \u00een 13 limbi\\\/dialecte!\",\"inLanguage\":\"de\"},{\"@type\":\"Person\",\"@id\":\"https:\\\/\\\/www.rri.ro\\\/#\\\/schema\\\/person\\\/4a479940371b9fdefd194f561e8a7f88\",\"name\":\"Newsroom\",\"url\":\"https:\\\/\\\/www.rri.ro\\\/de\\\/author\\\/newsroom\"}]}<\/script>\n<!-- \/ Yoast SEO plugin. -->","yoast_head_json":{"title":"Nachrichten 03.03.2023 - Radio Rum\u00e4nien International","robots":{"index":"index","follow":"follow","max-snippet":"max-snippet:-1","max-image-preview":"max-image-preview:large","max-video-preview":"max-video-preview:-1"},"canonical":"https:\/\/www.rri.ro\/de\/aktuell\/newsflash-de\/nachrichten-03-03-2023-id634444.html","og_locale":"de_DE","og_type":"article","og_title":"Nachrichten 03.03.2023 - Radio Rum\u00e4nien International","og_description":"N\u00e4chste Woche wird der rum\u00e4nische Staatschef Klaus Iohannis einen offiziellen Besuch in Japan und der Republik Singapur abstatten. Der rum\u00e4nische Pr\u00e4sident wird zwischen dem 6. und 8. M\u00e4rz Japan besuchen und dort mit Kaiser Naruhito und Premierminister Fumio Kishida zusammentreffen. Dabei sollen die Gespr\u00e4chspartner eine gemeinsame Erkl\u00e4rung zur Gr\u00fcndung einer strategischen Partnerschaft zwischen den beiden [&hellip;]","og_url":"https:\/\/www.rri.ro\/de\/aktuell\/newsflash-de\/nachrichten-03-03-2023-id634444.html","og_site_name":"Radio Rum\u00e4nien International","article_published_time":"2023-03-03T15:49:00+00:00","og_image":[{"width":640,"height":480,"url":"https:\/\/www.rri.ro\/wp-content\/uploads\/2024\/02\/stiri-germana-alb.png","type":"image\/png"}],"author":"Newsroom","twitter_card":"summary_large_image","twitter_misc":{"Verfasst von":"Newsroom","Gesch\u00e4tzte Lesezeit":"4\u00a0Minuten","Written by":"Newsroom"},"schema":{"@context":"https:\/\/schema.org","@graph":[{"@type":"Article","@id":"https:\/\/www.rri.ro\/de\/aktuell\/newsflash-de\/nachrichten-03-03-2023-id634444.html#article","isPartOf":{"@id":"https:\/\/www.rri.ro\/de\/aktuell\/newsflash-de\/nachrichten-03-03-2023-id634444.html"},"author":{"name":"Newsroom","@id":"https:\/\/www.rri.ro\/#\/schema\/person\/4a479940371b9fdefd194f561e8a7f88"},"headline":"Nachrichten 03.03.2023","datePublished":"2023-03-03T15:49:00+00:00","mainEntityOfPage":{"@id":"https:\/\/www.rri.ro\/de\/aktuell\/newsflash-de\/nachrichten-03-03-2023-id634444.html"},"wordCount":742,"image":{"@id":"https:\/\/www.rri.ro\/de\/aktuell\/newsflash-de\/nachrichten-03-03-2023-id634444.html#primaryimage"},"thumbnailUrl":"https:\/\/www.rri.ro\/wp-content\/uploads\/2024\/02\/stiri-germana-alb.png","keywords":["Bildungsgewerkschaftern","Bildungsministerin Ligia Deca","Donaudelta","Eduard Hellvig","Japan","moldauische Sprache","Protestaktionen","Republik Singapur","Staatschef Klaus Iohannis"],"articleSection":["Newsflash"],"inLanguage":"de"},{"@type":"WebPage","@id":"https:\/\/www.rri.ro\/de\/aktuell\/newsflash-de\/nachrichten-03-03-2023-id634444.html","url":"https:\/\/www.rri.ro\/de\/aktuell\/newsflash-de\/nachrichten-03-03-2023-id634444.html","name":"Nachrichten 03.03.2023 - Radio Rum\u00e4nien International","isPartOf":{"@id":"https:\/\/www.rri.ro\/#website"},"primaryImageOfPage":{"@id":"https:\/\/www.rri.ro\/de\/aktuell\/newsflash-de\/nachrichten-03-03-2023-id634444.html#primaryimage"},"image":{"@id":"https:\/\/www.rri.ro\/de\/aktuell\/newsflash-de\/nachrichten-03-03-2023-id634444.html#primaryimage"},"thumbnailUrl":"https:\/\/www.rri.ro\/wp-content\/uploads\/2024\/02\/stiri-germana-alb.png","datePublished":"2023-03-03T15:49:00+00:00","author":{"@id":"https:\/\/www.rri.ro\/#\/schema\/person\/4a479940371b9fdefd194f561e8a7f88"},"breadcrumb":{"@id":"https:\/\/www.rri.ro\/de\/aktuell\/newsflash-de\/nachrichten-03-03-2023-id634444.html#breadcrumb"},"inLanguage":"de","potentialAction":[{"@type":"ReadAction","target":["https:\/\/www.rri.ro\/de\/aktuell\/newsflash-de\/nachrichten-03-03-2023-id634444.html"]}]},{"@type":"ImageObject","inLanguage":"de","@id":"https:\/\/www.rri.ro\/de\/aktuell\/newsflash-de\/nachrichten-03-03-2023-id634444.html#primaryimage","url":"https:\/\/www.rri.ro\/wp-content\/uploads\/2024\/02\/stiri-germana-alb.png","contentUrl":"https:\/\/www.rri.ro\/wp-content\/uploads\/2024\/02\/stiri-germana-alb.png","width":640,"height":480},{"@type":"BreadcrumbList","@id":"https:\/\/www.rri.ro\/de\/aktuell\/newsflash-de\/nachrichten-03-03-2023-id634444.html#breadcrumb","itemListElement":[{"@type":"ListItem","position":1,"name":"Startseite","item":"https:\/\/www.rri.ro\/de"},{"@type":"ListItem","position":2,"name":"Aktuell","item":"https:\/\/www.rri.ro\/de\/aktuell"},{"@type":"ListItem","position":3,"name":"Newsflash","item":"https:\/\/www.rri.ro\/de\/aktuell\/newsflash-de"},{"@type":"ListItem","position":4,"name":"Nachrichten 03.03.2023"}]},{"@type":"WebSite","@id":"https:\/\/www.rri.ro\/#website","url":"https:\/\/www.rri.ro\/","name":"Radio Rum\u00e4nien International","description":"Totul despre Rom\u00e2nia \u015fi rom\u00e2ni, \u00een 13 limbi\/dialecte!","inLanguage":"de"},{"@type":"Person","@id":"https:\/\/www.rri.ro\/#\/schema\/person\/4a479940371b9fdefd194f561e8a7f88","name":"Newsroom","url":"https:\/\/www.rri.ro\/de\/author\/newsroom"}]}},"_links":{"self":[{"href":"https:\/\/www.rri.ro\/de\/wp-json\/wp\/v2\/posts\/634444","targetHints":{"allow":["GET"]}}],"collection":[{"href":"https:\/\/www.rri.ro\/de\/wp-json\/wp\/v2\/posts"}],"about":[{"href":"https:\/\/www.rri.ro\/de\/wp-json\/wp\/v2\/types\/post"}],"author":[{"embeddable":true,"href":"https:\/\/www.rri.ro\/de\/wp-json\/wp\/v2\/users\/113"}],"replies":[{"embeddable":true,"href":"https:\/\/www.rri.ro\/de\/wp-json\/wp\/v2\/comments?post=634444"}],"version-history":[{"count":0,"href":"https:\/\/www.rri.ro\/de\/wp-json\/wp\/v2\/posts\/634444\/revisions"}],"wp:featuredmedia":[{"embeddable":true,"href":"https:\/\/www.rri.ro\/de\/wp-json\/wp\/v2\/media\/633915"}],"wp:attachment":[{"href":"https:\/\/www.rri.ro\/de\/wp-json\/wp\/v2\/media?parent=634444"}],"wp:term":[{"taxonomy":"category","embeddable":true,"href":"https:\/\/www.rri.ro\/de\/wp-json\/wp\/v2\/categories?post=634444"},{"taxonomy":"post_tag","embeddable":true,"href":"https:\/\/www.rri.ro\/de\/wp-json\/wp\/v2\/tags?post=634444"},{"taxonomy":"author","embeddable":true,"href":"https:\/\/www.rri.ro\/de\/wp-json\/wp\/v2\/coauthors?post=634444"}],"curies":[{"name":"wp","href":"https:\/\/api.w.org\/{rel}","templated":true}]}}