{"id":634449,"date":"2023-03-10T18:10:00","date_gmt":"2023-03-10T16:10:00","guid":{"rendered":"http:\/\/devrri.freshlemon.ro\/aktuell\/nachrichten-10-03-2023-id634449.html"},"modified":"2023-03-10T18:10:00","modified_gmt":"2023-03-10T16:10:00","slug":"nachrichten-10-03-2023","status":"publish","type":"post","link":"https:\/\/www.rri.ro\/de\/aktuell\/newsflash-de\/nachrichten-10-03-2023-id634449.html","title":{"rendered":"Nachrichten 10.03.2023"},"content":{"rendered":"<p>Nach seinem Besuch in Japan reiste der rum\u00e4nische Pr\u00e4sident Klaus Iohannis nach Singapur, wo er Gespr\u00e4che mit seiner Amtskollegin Halimah Yacob f\u00fchrte. Iohannis betonte das Ziel Rum\u00e4niens, die bilateralen Beziehungen mit der Republik Singapur zu verbessern und eine neue Entwicklungsstufe zu erreichen. Er erw\u00e4hnte auch eine Reihe gemeinsamer Ziele, die beide Pr\u00e4sidenten verfolgen, wie die Eingliederungspolitik, die wirtschaftliche und soziale Entwicklung und den gr\u00fcnen \u00dcbergang. Pr\u00e4sident Iohannis bekundete sein besonderes Interesse daran, die bilateralen Beziehungen entsprechend ihrem Potenzial auszubauen, vor allem im Bereich der Wirtschaftsinvestitionen. Er unterstrich das Ziel Bukarests, Investitionen aus Singapur anzuziehen, und wies darauf hin, dass Rum\u00e4nien der drittgr\u00f6\u00dfte EU-Lieferant von IT-Dienstleistungen f\u00fcr Singapur ist. Die Pr\u00e4sidentin der Republik Singapur, Halimah Yacob, unterstrich das \u00e4u\u00dferst wichtige Potenzial der bilateralen Beziehungen vor dem Hintergrund der wachsenden Rolle und Bedeutung Rum\u00e4niens in der EU und der NATO sowie auf regionaler Ebene, auch im aktuellen geopolitischen Kontext, der durch die Auswirkungen des Krieges in der Ukraine entsteht. Sie betonte die Bedeutung einer Steigerung der bilateralen Investitionen und des bilateralen Handels angesichts der M\u00f6glichkeiten, die Sektoren wie IT&#038;C, Cybersicherheit und Tourismus bieten. Das rum\u00e4nische Staatsoberhaupt sprach auch mit dem singapurischen Premierminister Lee Hsien Loong, der die Konvergenz der Positionen und Interessen der beiden L\u00e4nder im aktuellen geopolitischen Kontext und die Bedeutung der Einhaltung der auf Regeln basierenden internationalen Ordnung mit der UN-Charta hervorhob.<\/p>\n<p>&#13;<br \/>\n&#13;<\/p>\n<p>&#13;<br \/>\n&#13;<\/p>\n<p>Die biologische Vielfalt des Donaudeltas wird derzeit nicht durch die Ausbaggerung des Bistroe-Kanals beeintr\u00e4chtigt, und die Durchflussmenge des Flusses hat sich im Vergleich zu den Statistiken der letzten Jahre f\u00fcr das betreffende Gebiet nicht ver\u00e4ndert. Diese Klarstellungen wurden vom rum\u00e4nischen Umweltminister Tanczos Barna nach den ersten Messungen am Donauarm Chilia und an den Abschnitten des Flusses, die zu den rum\u00e4nischen Gew\u00e4ssern geh\u00f6ren. Nun wird auf die schriftliche Zustimmung der ukrainischen Seite gewartet, damit die drei Schiffe des rum\u00e4nischen Verkehrsministeriums die Tiefenmessungen im gesamten Donauarm Chilia abschlie\u00dfen und die Durchflussmengen neu berechnen k\u00f6nnen, um die endg\u00fcltigen Schlussfolgerungen zu ziehen. Die rum\u00e4nischen und ukrainischen Beh\u00f6rden hatten vereinbart, die Tiefe der Donaukan\u00e4le zu \u00fcberpr\u00fcfen, nachdem Ger\u00fcchte aufgekommen waren, dass die Ukraine im Bistroe-Kanal Baggerarbeiten durchf\u00fchrt. Bukarest m\u00f6chte sicherstellen, dass die von der ukrainischen Seite begonnenen Arbeiten das \u00d6kosystem des Donaudeltas nicht beeintr\u00e4chtigen. Dieses Gebiet ist einzigartig in Europa und ein Biosph\u00e4renreservat, das zum UNESCO-Weltkulturerbe geh\u00f6rt.<\/p>\n<p>&#13;<br \/>\n&#13;<\/p>\n<p>&#13;<br \/>\n&#13;<\/p>\n<p>Am Freitag wurde im Technischen Gymnasium Edmond Nicolau in Bukarest ein Zentrum f\u00fcr ukrainische Fl\u00fcchtlinge eingeweiht. Es wurde von der Stadtverwaltung des 2. Bezirks in Zusammenarbeit mit UNICEF und Habitat for Humanity gebaut und verf\u00fcgt \u00fcber eine Fl\u00e4che von 2.000 Quadratmetern, drei Stockwerke und eine Kapazit\u00e4t von 100 Personen. Nach Angaben des B\u00fcrgermeisters des Bezirks k\u00f6nnen die Fl\u00fcchtlinge hier wohnen, f\u00fcr sich selbst kochen, haben einen Sozialraum und k\u00f6nnen ihre Hausaufgaben machen.<\/p>\n<p>&#13;<br \/>\n&#13;<\/p>\n<p>&#13;<br \/>\n&#13;<\/p>\n<p>In Rum\u00e4nien leben mehr als 91.000 Menschen mit einem Verm\u00f6gen von \u00fcber einer Million US-Dollar. Dies geht aus einer Studie des Global Wealth Sizing Model hervor, die von der Beratungsfirma im Immobilienbereich Knight Frank Rum\u00e4nien durchgef\u00fchrt wurde. Von diesen Personen gelten 1.828 Rum\u00e4nen mit einem Verm\u00f6gen von mehr als 30 Millionen US-Dollar als sehr wohlhabend. \u00dcbrigens hat sich die Zahl der als sehr reich geltenden Personen in Rum\u00e4nien zwischen 2016 und 2021 verdoppelt. Sch\u00e4tzungen f\u00fcr 2026 gehen von fast 700 weiteren Rum\u00e4nen aus, deren Verm\u00f6gen die Schwelle von 30 Millionen US-Dollar \u00fcberschreiten wird. Tats\u00e4chlich lebten 2021 die meisten der reichsten Menschen der Region in Rum\u00e4nien, sogar mehr als in Polen, wo die Bev\u00f6lkerung doppelt so gro\u00df ist. In Polen waren es 1.067, 600 &#8211; in der Tschechischen Republik, 484 &#8211; in Griechenland und 235 &#8211; in Ungarn. Laut der nesagten Studie, weltweit gesehen leben die meisten Reichen in den USA, China, Japan, Frankreich und Deutschland.<\/p>\n<p>&#13;<br \/>\n&#13;<\/p>\n<p>&#13;<br \/>\n&#13;<\/p>\n<p>Das Internationale Theaterfestival im mittelrum\u00e4nischen Sibiu wird am Freitag im Rahmen einer Zeremonie in Spanien mit dem Castello-Preis f\u00fcr Kultur und Festivals ausgezeichnet. Laut dem Pr\u00e4sidenten des Festivals, Constantin Chiriac, wurde diese Auszeichnung in der Vergangenheit bereits dem Karneval von Venedig, dem Oktoberfest in M\u00fcnchen sowie dem Festival des lumi\u00e8res in Lyon verliehen. Dieses Jahr findet das 30. Internationale Theaterfestival in Sibiu zwischen dem 23. Juni und dem 2. Juli statt.<\/p>\n<p>&#13;<br \/>\n&#13;<\/p>\n<p>&#13;<br \/>\n&#13;<\/p>\n<p>&#13;<\/p>\n","protected":false},"excerpt":{"rendered":"<p>Nach seinem Besuch in Japan reiste der rum\u00e4nische Pr\u00e4sident Klaus Iohannis nach Singapur, wo er Gespr\u00e4che mit seiner Amtskollegin Halimah Yacob f\u00fchrte. Iohannis betonte das Ziel Rum\u00e4niens, die bilateralen Beziehungen mit der Republik Singapur zu verbessern und eine neue Entwicklungsstufe zu erreichen. Er erw\u00e4hnte auch eine Reihe gemeinsamer Ziele, die beide Pr\u00e4sidenten verfolgen, wie die [&hellip;]<\/p>\n","protected":false},"author":113,"featured_media":633915,"comment_status":"closed","ping_status":"closed","sticky":false,"template":"","format":"standard","meta":{"_acf_changed":false,"footnotes":""},"categories":[116753],"tags":[128761,99974,128760,102723,102143,128263,104265],"coauthors":[],"class_list":["post-634449","post","type-post","status-publish","format-standard","has-post-thumbnail","hentry","category-newsflash-de","tag-bistroe-kanal","tag-donaudelta","tag-halimah-yacob","tag-internationales-theaterfestival","tag-praesident-klaus-iohannis","tag-ukrainische-fluechtlinge","tag-vermoegen"],"acf":[],"yoast_head":"<!-- This site is optimized with the Yoast SEO plugin v27.5 - https:\/\/yoast.com\/product\/yoast-seo-wordpress\/ -->\n<title>Nachrichten 10.03.2023 - Radio Rum\u00e4nien International<\/title>\n<meta name=\"robots\" content=\"index, follow, max-snippet:-1, max-image-preview:large, max-video-preview:-1\" \/>\n<link rel=\"canonical\" href=\"https:\/\/www.rri.ro\/de\/aktuell\/newsflash-de\/nachrichten-10-03-2023-id634449.html\" \/>\n<meta property=\"og:locale\" content=\"de_DE\" \/>\n<meta property=\"og:type\" content=\"article\" \/>\n<meta property=\"og:title\" content=\"Nachrichten 10.03.2023 - Radio Rum\u00e4nien International\" \/>\n<meta property=\"og:description\" content=\"Nach seinem Besuch in Japan reiste der rum\u00e4nische Pr\u00e4sident Klaus Iohannis nach Singapur, wo er Gespr\u00e4che mit seiner Amtskollegin Halimah Yacob f\u00fchrte. Iohannis betonte das Ziel Rum\u00e4niens, die bilateralen Beziehungen mit der Republik Singapur zu verbessern und eine neue Entwicklungsstufe zu erreichen. Er erw\u00e4hnte auch eine Reihe gemeinsamer Ziele, die beide Pr\u00e4sidenten verfolgen, wie die [&hellip;]\" \/>\n<meta property=\"og:url\" content=\"https:\/\/www.rri.ro\/de\/aktuell\/newsflash-de\/nachrichten-10-03-2023-id634449.html\" \/>\n<meta property=\"og:site_name\" content=\"Radio Rum\u00e4nien International\" \/>\n<meta property=\"article:published_time\" content=\"2023-03-10T16:10:00+00:00\" \/>\n<meta property=\"og:image\" content=\"https:\/\/www.rri.ro\/wp-content\/uploads\/2024\/02\/stiri-germana-alb.png\" \/>\n\t<meta property=\"og:image:width\" content=\"640\" \/>\n\t<meta property=\"og:image:height\" content=\"480\" \/>\n\t<meta property=\"og:image:type\" content=\"image\/png\" \/>\n<meta name=\"author\" content=\"Newsroom\" \/>\n<meta name=\"twitter:card\" content=\"summary_large_image\" \/>\n<meta name=\"twitter:label1\" content=\"Verfasst von\" \/>\n\t<meta name=\"twitter:data1\" content=\"Newsroom\" \/>\n\t<meta name=\"twitter:label2\" content=\"Gesch\u00e4tzte Lesezeit\" \/>\n\t<meta name=\"twitter:data2\" content=\"4\u00a0Minuten\" \/>\n\t<meta name=\"twitter:label3\" content=\"Written by\" \/>\n\t<meta name=\"twitter:data3\" content=\"Newsroom\" \/>\n<script type=\"application\/ld+json\" class=\"yoast-schema-graph\">{\"@context\":\"https:\\\/\\\/schema.org\",\"@graph\":[{\"@type\":\"Article\",\"@id\":\"https:\\\/\\\/www.rri.ro\\\/de\\\/aktuell\\\/newsflash-de\\\/nachrichten-10-03-2023-id634449.html#article\",\"isPartOf\":{\"@id\":\"https:\\\/\\\/www.rri.ro\\\/de\\\/aktuell\\\/newsflash-de\\\/nachrichten-10-03-2023-id634449.html\"},\"author\":{\"name\":\"Newsroom\",\"@id\":\"https:\\\/\\\/www.rri.ro\\\/#\\\/schema\\\/person\\\/4a479940371b9fdefd194f561e8a7f88\"},\"headline\":\"Nachrichten 10.03.2023\",\"datePublished\":\"2023-03-10T16:10:00+00:00\",\"mainEntityOfPage\":{\"@id\":\"https:\\\/\\\/www.rri.ro\\\/de\\\/aktuell\\\/newsflash-de\\\/nachrichten-10-03-2023-id634449.html\"},\"wordCount\":723,\"image\":{\"@id\":\"https:\\\/\\\/www.rri.ro\\\/de\\\/aktuell\\\/newsflash-de\\\/nachrichten-10-03-2023-id634449.html#primaryimage\"},\"thumbnailUrl\":\"https:\\\/\\\/www.rri.ro\\\/wp-content\\\/uploads\\\/2024\\\/02\\\/stiri-germana-alb.png\",\"keywords\":[\"Bistroe-Kanal\",\"Donaudelta\",\"Halimah Yacob\",\"Internationales Theaterfestival\",\"Pr\u00e4sident Klaus Iohannis\",\"ukrainische Fl\u00fcchtlinge\",\"Verm\u00f6gen\"],\"articleSection\":[\"Newsflash\"],\"inLanguage\":\"de\"},{\"@type\":\"WebPage\",\"@id\":\"https:\\\/\\\/www.rri.ro\\\/de\\\/aktuell\\\/newsflash-de\\\/nachrichten-10-03-2023-id634449.html\",\"url\":\"https:\\\/\\\/www.rri.ro\\\/de\\\/aktuell\\\/newsflash-de\\\/nachrichten-10-03-2023-id634449.html\",\"name\":\"Nachrichten 10.03.2023 - Radio Rum\u00e4nien International\",\"isPartOf\":{\"@id\":\"https:\\\/\\\/www.rri.ro\\\/#website\"},\"primaryImageOfPage\":{\"@id\":\"https:\\\/\\\/www.rri.ro\\\/de\\\/aktuell\\\/newsflash-de\\\/nachrichten-10-03-2023-id634449.html#primaryimage\"},\"image\":{\"@id\":\"https:\\\/\\\/www.rri.ro\\\/de\\\/aktuell\\\/newsflash-de\\\/nachrichten-10-03-2023-id634449.html#primaryimage\"},\"thumbnailUrl\":\"https:\\\/\\\/www.rri.ro\\\/wp-content\\\/uploads\\\/2024\\\/02\\\/stiri-germana-alb.png\",\"datePublished\":\"2023-03-10T16:10:00+00:00\",\"author\":{\"@id\":\"https:\\\/\\\/www.rri.ro\\\/#\\\/schema\\\/person\\\/4a479940371b9fdefd194f561e8a7f88\"},\"breadcrumb\":{\"@id\":\"https:\\\/\\\/www.rri.ro\\\/de\\\/aktuell\\\/newsflash-de\\\/nachrichten-10-03-2023-id634449.html#breadcrumb\"},\"inLanguage\":\"de\",\"potentialAction\":[{\"@type\":\"ReadAction\",\"target\":[\"https:\\\/\\\/www.rri.ro\\\/de\\\/aktuell\\\/newsflash-de\\\/nachrichten-10-03-2023-id634449.html\"]}]},{\"@type\":\"ImageObject\",\"inLanguage\":\"de\",\"@id\":\"https:\\\/\\\/www.rri.ro\\\/de\\\/aktuell\\\/newsflash-de\\\/nachrichten-10-03-2023-id634449.html#primaryimage\",\"url\":\"https:\\\/\\\/www.rri.ro\\\/wp-content\\\/uploads\\\/2024\\\/02\\\/stiri-germana-alb.png\",\"contentUrl\":\"https:\\\/\\\/www.rri.ro\\\/wp-content\\\/uploads\\\/2024\\\/02\\\/stiri-germana-alb.png\",\"width\":640,\"height\":480},{\"@type\":\"BreadcrumbList\",\"@id\":\"https:\\\/\\\/www.rri.ro\\\/de\\\/aktuell\\\/newsflash-de\\\/nachrichten-10-03-2023-id634449.html#breadcrumb\",\"itemListElement\":[{\"@type\":\"ListItem\",\"position\":1,\"name\":\"Startseite\",\"item\":\"https:\\\/\\\/www.rri.ro\\\/de\"},{\"@type\":\"ListItem\",\"position\":2,\"name\":\"Aktuell\",\"item\":\"https:\\\/\\\/www.rri.ro\\\/de\\\/aktuell\"},{\"@type\":\"ListItem\",\"position\":3,\"name\":\"Newsflash\",\"item\":\"https:\\\/\\\/www.rri.ro\\\/de\\\/aktuell\\\/newsflash-de\"},{\"@type\":\"ListItem\",\"position\":4,\"name\":\"Nachrichten 10.03.2023\"}]},{\"@type\":\"WebSite\",\"@id\":\"https:\\\/\\\/www.rri.ro\\\/#website\",\"url\":\"https:\\\/\\\/www.rri.ro\\\/\",\"name\":\"Radio Rum\u00e4nien International\",\"description\":\"Totul despre Rom\u00e2nia \u015fi rom\u00e2ni, \u00een 13 limbi\\\/dialecte!\",\"inLanguage\":\"de\"},{\"@type\":\"Person\",\"@id\":\"https:\\\/\\\/www.rri.ro\\\/#\\\/schema\\\/person\\\/4a479940371b9fdefd194f561e8a7f88\",\"name\":\"Newsroom\",\"url\":\"https:\\\/\\\/www.rri.ro\\\/de\\\/author\\\/newsroom\"}]}<\/script>\n<!-- \/ Yoast SEO plugin. -->","yoast_head_json":{"title":"Nachrichten 10.03.2023 - Radio Rum\u00e4nien International","robots":{"index":"index","follow":"follow","max-snippet":"max-snippet:-1","max-image-preview":"max-image-preview:large","max-video-preview":"max-video-preview:-1"},"canonical":"https:\/\/www.rri.ro\/de\/aktuell\/newsflash-de\/nachrichten-10-03-2023-id634449.html","og_locale":"de_DE","og_type":"article","og_title":"Nachrichten 10.03.2023 - Radio Rum\u00e4nien International","og_description":"Nach seinem Besuch in Japan reiste der rum\u00e4nische Pr\u00e4sident Klaus Iohannis nach Singapur, wo er Gespr\u00e4che mit seiner Amtskollegin Halimah Yacob f\u00fchrte. Iohannis betonte das Ziel Rum\u00e4niens, die bilateralen Beziehungen mit der Republik Singapur zu verbessern und eine neue Entwicklungsstufe zu erreichen. Er erw\u00e4hnte auch eine Reihe gemeinsamer Ziele, die beide Pr\u00e4sidenten verfolgen, wie die [&hellip;]","og_url":"https:\/\/www.rri.ro\/de\/aktuell\/newsflash-de\/nachrichten-10-03-2023-id634449.html","og_site_name":"Radio Rum\u00e4nien International","article_published_time":"2023-03-10T16:10:00+00:00","og_image":[{"width":640,"height":480,"url":"https:\/\/www.rri.ro\/wp-content\/uploads\/2024\/02\/stiri-germana-alb.png","type":"image\/png"}],"author":"Newsroom","twitter_card":"summary_large_image","twitter_misc":{"Verfasst von":"Newsroom","Gesch\u00e4tzte Lesezeit":"4\u00a0Minuten","Written by":"Newsroom"},"schema":{"@context":"https:\/\/schema.org","@graph":[{"@type":"Article","@id":"https:\/\/www.rri.ro\/de\/aktuell\/newsflash-de\/nachrichten-10-03-2023-id634449.html#article","isPartOf":{"@id":"https:\/\/www.rri.ro\/de\/aktuell\/newsflash-de\/nachrichten-10-03-2023-id634449.html"},"author":{"name":"Newsroom","@id":"https:\/\/www.rri.ro\/#\/schema\/person\/4a479940371b9fdefd194f561e8a7f88"},"headline":"Nachrichten 10.03.2023","datePublished":"2023-03-10T16:10:00+00:00","mainEntityOfPage":{"@id":"https:\/\/www.rri.ro\/de\/aktuell\/newsflash-de\/nachrichten-10-03-2023-id634449.html"},"wordCount":723,"image":{"@id":"https:\/\/www.rri.ro\/de\/aktuell\/newsflash-de\/nachrichten-10-03-2023-id634449.html#primaryimage"},"thumbnailUrl":"https:\/\/www.rri.ro\/wp-content\/uploads\/2024\/02\/stiri-germana-alb.png","keywords":["Bistroe-Kanal","Donaudelta","Halimah Yacob","Internationales Theaterfestival","Pr\u00e4sident Klaus Iohannis","ukrainische Fl\u00fcchtlinge","Verm\u00f6gen"],"articleSection":["Newsflash"],"inLanguage":"de"},{"@type":"WebPage","@id":"https:\/\/www.rri.ro\/de\/aktuell\/newsflash-de\/nachrichten-10-03-2023-id634449.html","url":"https:\/\/www.rri.ro\/de\/aktuell\/newsflash-de\/nachrichten-10-03-2023-id634449.html","name":"Nachrichten 10.03.2023 - Radio Rum\u00e4nien International","isPartOf":{"@id":"https:\/\/www.rri.ro\/#website"},"primaryImageOfPage":{"@id":"https:\/\/www.rri.ro\/de\/aktuell\/newsflash-de\/nachrichten-10-03-2023-id634449.html#primaryimage"},"image":{"@id":"https:\/\/www.rri.ro\/de\/aktuell\/newsflash-de\/nachrichten-10-03-2023-id634449.html#primaryimage"},"thumbnailUrl":"https:\/\/www.rri.ro\/wp-content\/uploads\/2024\/02\/stiri-germana-alb.png","datePublished":"2023-03-10T16:10:00+00:00","author":{"@id":"https:\/\/www.rri.ro\/#\/schema\/person\/4a479940371b9fdefd194f561e8a7f88"},"breadcrumb":{"@id":"https:\/\/www.rri.ro\/de\/aktuell\/newsflash-de\/nachrichten-10-03-2023-id634449.html#breadcrumb"},"inLanguage":"de","potentialAction":[{"@type":"ReadAction","target":["https:\/\/www.rri.ro\/de\/aktuell\/newsflash-de\/nachrichten-10-03-2023-id634449.html"]}]},{"@type":"ImageObject","inLanguage":"de","@id":"https:\/\/www.rri.ro\/de\/aktuell\/newsflash-de\/nachrichten-10-03-2023-id634449.html#primaryimage","url":"https:\/\/www.rri.ro\/wp-content\/uploads\/2024\/02\/stiri-germana-alb.png","contentUrl":"https:\/\/www.rri.ro\/wp-content\/uploads\/2024\/02\/stiri-germana-alb.png","width":640,"height":480},{"@type":"BreadcrumbList","@id":"https:\/\/www.rri.ro\/de\/aktuell\/newsflash-de\/nachrichten-10-03-2023-id634449.html#breadcrumb","itemListElement":[{"@type":"ListItem","position":1,"name":"Startseite","item":"https:\/\/www.rri.ro\/de"},{"@type":"ListItem","position":2,"name":"Aktuell","item":"https:\/\/www.rri.ro\/de\/aktuell"},{"@type":"ListItem","position":3,"name":"Newsflash","item":"https:\/\/www.rri.ro\/de\/aktuell\/newsflash-de"},{"@type":"ListItem","position":4,"name":"Nachrichten 10.03.2023"}]},{"@type":"WebSite","@id":"https:\/\/www.rri.ro\/#website","url":"https:\/\/www.rri.ro\/","name":"Radio Rum\u00e4nien International","description":"Totul despre Rom\u00e2nia \u015fi rom\u00e2ni, \u00een 13 limbi\/dialecte!","inLanguage":"de"},{"@type":"Person","@id":"https:\/\/www.rri.ro\/#\/schema\/person\/4a479940371b9fdefd194f561e8a7f88","name":"Newsroom","url":"https:\/\/www.rri.ro\/de\/author\/newsroom"}]}},"_links":{"self":[{"href":"https:\/\/www.rri.ro\/de\/wp-json\/wp\/v2\/posts\/634449","targetHints":{"allow":["GET"]}}],"collection":[{"href":"https:\/\/www.rri.ro\/de\/wp-json\/wp\/v2\/posts"}],"about":[{"href":"https:\/\/www.rri.ro\/de\/wp-json\/wp\/v2\/types\/post"}],"author":[{"embeddable":true,"href":"https:\/\/www.rri.ro\/de\/wp-json\/wp\/v2\/users\/113"}],"replies":[{"embeddable":true,"href":"https:\/\/www.rri.ro\/de\/wp-json\/wp\/v2\/comments?post=634449"}],"version-history":[{"count":0,"href":"https:\/\/www.rri.ro\/de\/wp-json\/wp\/v2\/posts\/634449\/revisions"}],"wp:featuredmedia":[{"embeddable":true,"href":"https:\/\/www.rri.ro\/de\/wp-json\/wp\/v2\/media\/633915"}],"wp:attachment":[{"href":"https:\/\/www.rri.ro\/de\/wp-json\/wp\/v2\/media?parent=634449"}],"wp:term":[{"taxonomy":"category","embeddable":true,"href":"https:\/\/www.rri.ro\/de\/wp-json\/wp\/v2\/categories?post=634449"},{"taxonomy":"post_tag","embeddable":true,"href":"https:\/\/www.rri.ro\/de\/wp-json\/wp\/v2\/tags?post=634449"},{"taxonomy":"author","embeddable":true,"href":"https:\/\/www.rri.ro\/de\/wp-json\/wp\/v2\/coauthors?post=634449"}],"curies":[{"name":"wp","href":"https:\/\/api.w.org\/{rel}","templated":true}]}}