{"id":634456,"date":"2023-03-17T17:54:00","date_gmt":"2023-03-17T15:54:00","guid":{"rendered":"http:\/\/devrri.freshlemon.ro\/aktuell\/nachrichten-17-03-2023-id634456.html"},"modified":"2023-03-17T17:54:00","modified_gmt":"2023-03-17T15:54:00","slug":"nachrichten-17-03-2023","status":"publish","type":"post","link":"https:\/\/www.rri.ro\/de\/aktuell\/newsflash-de\/nachrichten-17-03-2023-id634456.html","title":{"rendered":"Nachrichten 17.03.2023"},"content":{"rendered":"<p>Der t\u00fcrkische Pr\u00e4sident Recep Tayyip Erdogan hat dem Beitritt Finnlands zum Nordatlantischen B\u00fcndnis endg\u00fcltig zugestimmt, nicht aber dem Schwedens. Wir haben beschlossen, den Prozess f\u00fcr den Beitritt Finnlands zur NATO in unserem Parlament einzuleiten, sagte Erdogan nach einem Treffen mit seinem finnischen Amtskollegen Sauli Niinisto am Freitag in Ankara. Zu Schweden sagte der t\u00fcrkische Staatschef, er werde die Gespr\u00e4che mit Schweden fortsetzen. Auch Ungarn, das als einziges Land neben der T\u00fcrkei den NATO-Beitritt Finnlands und Schwedens noch nicht ratifiziert hat, k\u00fcndigte an, dies am 27. M\u00e4rz f\u00fcr Finnland zu tun. Die Aufnahme der beiden L\u00e4nder in das B\u00fcndnis wurde bisher von der T\u00fcrkei abgelehnt, die ihnen vorwirft, in ihrem Hoheitsgebiet Terroristen zu beherbergen, ein Begriff, mit dem Ankara insbesondere Mitglieder der Arbeiterpartei Kurdistans (PKK) bezeichnet.<\/p>\n<p>&#13;<br \/>\n&#13;<\/p>\n<p>&#13;<br \/>\n&#13;<\/p>\n<p>Die Formulierung rum\u00e4nische Sprache wird die moldauische Sprache in allen Rechtsakten der Republik Moldau ersetzen, nachdem das Parlament des Landes ein entsprechendes Gesetz verabschiedet hat. Das Gesetz setzt ein Urteil des Verfassungsgerichts aus dem Jahr 2013 um, demzufolge die moldauische Unabh\u00e4ngigkeitserkl\u00e4rung von 1991, in der Rum\u00e4nisch als Amtssprache festgelegt ist, die Autorit\u00e4t eines Verfassungstextes hat und zusammen mit der Verfassung eine Einheit bildet.<\/p>\n<p>&#13;<br \/>\n&#13;<\/p>\n<p>&#13;<br \/>\n&#13;<\/p>\n<p>Das Europ\u00e4ische Kompetenzzentrum f\u00fcr Cybersicherheit (ECCC) wird am 9. Mai, dem Europatag, in Bukarest an der Polytechnischen Universit\u00e4t eingeweiht, erkl\u00e4rte Rektor Mihnea Costoiu gegen\u00fcber Radio Rum\u00e4nien. Er sagte auch, dass dies die erste europ\u00e4ische Agentur mit Sitz in der rum\u00e4nischen Hauptstadt sei. Die ECCC verf\u00fcgt \u00fcber ein Budget von 4,5 Milliarden Euro f\u00fcr Investitionen. Bukarest k\u00f6nnte somit zu einem Hotspot f\u00fcr weltweit f\u00fchrende Unternehmen im Bereich der Cybersicherheit werden, da die EU gro\u00dfen Wert auf die digitale Wirtschaft und den Schutz von Unternehmen und B\u00fcrgern in der Online-Umgebung legt. Das ECCC zielt darauf ab, die europ\u00e4ischen Kapazit\u00e4ten und die Wettbewerbsf\u00e4higkeit im Bereich der Cybersicherheit zu erh\u00f6hen, indem es mit einem Netzwerk nationaler Koordinationszentren (NCCs) zusammenarbeitet, um eine starke Cybersicherheitsgemeinschaft aufzubauen.<\/p>\n<p>&#13;<br \/>\n&#13;<\/p>\n<p>&#13;<br \/>\n&#13;<\/p>\n<p>Der rum\u00e4nische Au\u00dfenminister Bogdan Aurescu betonte am Donnerstagabend in Bukarest w\u00e4hrend einer Gala anl\u00e4sslich des 30-j\u00e4hrigen Bestehens der Internationalen Organisation der Frankophonie (OIF) die Rolle der Organisation als institutioneller Mechanismus f\u00fcr die politische, erzieherische, wissenschaftliche, wirtschaftliche und kulturelle Zusammenarbeit. Aurescu wies darauf hin, dass Rum\u00e4nien einen wesentlichen Beitrag zu den Programmen der OIF leiste, einer Gemeinschaft von 88 L\u00e4ndern auf f\u00fcnf Kontinenten, in der die franz\u00f6sische Sprache im Mittelpunkt stehe. Angesichts der regionalen und globalen Auswirkungen des russischen Krieges gegen die Ukraine seien die Ziele der Frankophonie, n\u00e4mlich Frieden, Demokratie, Achtung der Menschenrechte und Bildung f\u00fcr nachhaltige Entwicklung, wichtiger denn je.<\/p>\n<p>&#13;<br \/>\n&#13;<\/p>\n<p>&#13;<br \/>\n&#13;<\/p>\n<p>Die Nominierungen f\u00fcr die Gopo Awards, eine j\u00e4hrliche Veranstaltung, die dem rum\u00e4nischen Kino gewidmet ist, wurden ver\u00f6ffentlicht. Der Film Metronom des Regisseurs Alexandru Belc erhielt die meisten Nominierungen, neben Immaculate und Men of Deeds mit jeweils 10 Nominierungen. Die Preisverleihung findet am 25. April in Bukarest statt.<\/p>\n<p>&#13;<br \/>\n&#13;<\/p>\n<p>&#13;<br \/>\n&#13;<\/p>\n<p>Die Arbeitslosenquote in Rum\u00e4nien ist im letzten Quartal 2022 um 0,4 % auf 5,8 % gestiegen, wie das Nationale Statistikinstitut in Bukarest mitteilte. Die h\u00f6chste Arbeitslosenquote wurde unter den jungen Menschen gemeldet &#8211; fast 23%. Die Quote ist bei M\u00e4nnern um 1,2 % h\u00f6her als bei Frauen und in l\u00e4ndlichen Gebieten dreimal so hoch wie in st\u00e4dtischen Gebieten. Nach Angaben des INS sind rund 7,8 Millionen Menschen in Rum\u00e4nien besch\u00e4ftigt.<\/p>\n<p>&#13;<br \/>\n&#13;<\/p>\n<p>&#13;<\/p>\n","protected":false},"excerpt":{"rendered":"<p>Der t\u00fcrkische Pr\u00e4sident Recep Tayyip Erdogan hat dem Beitritt Finnlands zum Nordatlantischen B\u00fcndnis endg\u00fcltig zugestimmt, nicht aber dem Schwedens. Wir haben beschlossen, den Prozess f\u00fcr den Beitritt Finnlands zur NATO in unserem Parlament einzuleiten, sagte Erdogan nach einem Treffen mit seinem finnischen Amtskollegen Sauli Niinisto am Freitag in Ankara. Zu Schweden sagte der t\u00fcrkische Staatschef, [&hellip;]<\/p>\n","protected":false},"author":113,"featured_media":633915,"comment_status":"closed","ping_status":"closed","sticky":false,"template":"","format":"standard","meta":{"_acf_changed":false,"footnotes":""},"categories":[116753],"tags":[101106,102144,128768,128769,33330,105760,137227,147949,100115,125858],"coauthors":[],"class_list":["post-634456","post","type-post","status-publish","format-standard","has-post-thumbnail","hentry","category-newsflash-de","tag-arbeitslosenquote","tag-aussenminister-bogdan-aurescu","tag-beitritt-finnlands","tag-europaeisches-kompetenzzentrum-fuer-cybersicherheit","tag-gopo-awards","tag-internationale-organisation-der-frankophonie","tag-nato-de","tag-recep-tayyip-erdogan-de","tag-republik-moldau","tag-rumaenische-sprache"],"acf":[],"yoast_head":"<!-- This site is optimized with the Yoast SEO plugin v27.3 - https:\/\/yoast.com\/product\/yoast-seo-wordpress\/ -->\n<title>Nachrichten 17.03.2023 - Radio Rum\u00e4nien International<\/title>\n<meta name=\"robots\" content=\"index, follow, max-snippet:-1, max-image-preview:large, max-video-preview:-1\" \/>\n<link rel=\"canonical\" href=\"https:\/\/www.rri.ro\/de\/aktuell\/newsflash-de\/nachrichten-17-03-2023-id634456.html\" \/>\n<meta property=\"og:locale\" content=\"de_DE\" \/>\n<meta property=\"og:type\" content=\"article\" \/>\n<meta property=\"og:title\" content=\"Nachrichten 17.03.2023 - Radio Rum\u00e4nien International\" \/>\n<meta property=\"og:description\" content=\"Der t\u00fcrkische Pr\u00e4sident Recep Tayyip Erdogan hat dem Beitritt Finnlands zum Nordatlantischen B\u00fcndnis endg\u00fcltig zugestimmt, nicht aber dem Schwedens. Wir haben beschlossen, den Prozess f\u00fcr den Beitritt Finnlands zur NATO in unserem Parlament einzuleiten, sagte Erdogan nach einem Treffen mit seinem finnischen Amtskollegen Sauli Niinisto am Freitag in Ankara. Zu Schweden sagte der t\u00fcrkische Staatschef, [&hellip;]\" \/>\n<meta property=\"og:url\" content=\"https:\/\/www.rri.ro\/de\/aktuell\/newsflash-de\/nachrichten-17-03-2023-id634456.html\" \/>\n<meta property=\"og:site_name\" content=\"Radio Rum\u00e4nien International\" \/>\n<meta property=\"article:published_time\" content=\"2023-03-17T15:54:00+00:00\" \/>\n<meta property=\"og:image\" content=\"https:\/\/www.rri.ro\/wp-content\/uploads\/2024\/02\/stiri-germana-alb.png\" \/>\n\t<meta property=\"og:image:width\" content=\"640\" \/>\n\t<meta property=\"og:image:height\" content=\"480\" \/>\n\t<meta property=\"og:image:type\" content=\"image\/png\" \/>\n<meta name=\"author\" content=\"Newsroom\" \/>\n<meta name=\"twitter:card\" content=\"summary_large_image\" \/>\n<meta name=\"twitter:label1\" content=\"Verfasst von\" \/>\n\t<meta name=\"twitter:data1\" content=\"Newsroom\" \/>\n\t<meta name=\"twitter:label2\" content=\"Gesch\u00e4tzte Lesezeit\" \/>\n\t<meta name=\"twitter:data2\" content=\"3\u00a0Minuten\" \/>\n\t<meta name=\"twitter:label3\" content=\"Written by\" \/>\n\t<meta name=\"twitter:data3\" content=\"Newsroom\" \/>\n<script type=\"application\/ld+json\" class=\"yoast-schema-graph\">{\"@context\":\"https:\\\/\\\/schema.org\",\"@graph\":[{\"@type\":\"Article\",\"@id\":\"https:\\\/\\\/www.rri.ro\\\/de\\\/aktuell\\\/newsflash-de\\\/nachrichten-17-03-2023-id634456.html#article\",\"isPartOf\":{\"@id\":\"https:\\\/\\\/www.rri.ro\\\/de\\\/aktuell\\\/newsflash-de\\\/nachrichten-17-03-2023-id634456.html\"},\"author\":{\"name\":\"Newsroom\",\"@id\":\"https:\\\/\\\/www.rri.ro\\\/#\\\/schema\\\/person\\\/4a479940371b9fdefd194f561e8a7f88\"},\"headline\":\"Nachrichten 17.03.2023\",\"datePublished\":\"2023-03-17T15:54:00+00:00\",\"mainEntityOfPage\":{\"@id\":\"https:\\\/\\\/www.rri.ro\\\/de\\\/aktuell\\\/newsflash-de\\\/nachrichten-17-03-2023-id634456.html\"},\"wordCount\":572,\"image\":{\"@id\":\"https:\\\/\\\/www.rri.ro\\\/de\\\/aktuell\\\/newsflash-de\\\/nachrichten-17-03-2023-id634456.html#primaryimage\"},\"thumbnailUrl\":\"https:\\\/\\\/www.rri.ro\\\/wp-content\\\/uploads\\\/2024\\\/02\\\/stiri-germana-alb.png\",\"keywords\":[\"Arbeitslosenquote\",\"Au\u00dfenminister Bogdan Aurescu\",\"Beitritt Finnlands\",\"Europ\u00e4isches Kompetenzzentrum f\u00fcr Cybersicherheit\",\"Gopo Awards\",\"Internationale Organisation der Frankophonie\",\"NATO\",\"Recep Tayyip Erdogan\",\"Republik Moldau\",\"rum\u00e4nische Sprache\"],\"articleSection\":[\"Newsflash\"],\"inLanguage\":\"de\"},{\"@type\":\"WebPage\",\"@id\":\"https:\\\/\\\/www.rri.ro\\\/de\\\/aktuell\\\/newsflash-de\\\/nachrichten-17-03-2023-id634456.html\",\"url\":\"https:\\\/\\\/www.rri.ro\\\/de\\\/aktuell\\\/newsflash-de\\\/nachrichten-17-03-2023-id634456.html\",\"name\":\"Nachrichten 17.03.2023 - Radio Rum\u00e4nien International\",\"isPartOf\":{\"@id\":\"https:\\\/\\\/www.rri.ro\\\/#website\"},\"primaryImageOfPage\":{\"@id\":\"https:\\\/\\\/www.rri.ro\\\/de\\\/aktuell\\\/newsflash-de\\\/nachrichten-17-03-2023-id634456.html#primaryimage\"},\"image\":{\"@id\":\"https:\\\/\\\/www.rri.ro\\\/de\\\/aktuell\\\/newsflash-de\\\/nachrichten-17-03-2023-id634456.html#primaryimage\"},\"thumbnailUrl\":\"https:\\\/\\\/www.rri.ro\\\/wp-content\\\/uploads\\\/2024\\\/02\\\/stiri-germana-alb.png\",\"datePublished\":\"2023-03-17T15:54:00+00:00\",\"author\":{\"@id\":\"https:\\\/\\\/www.rri.ro\\\/#\\\/schema\\\/person\\\/4a479940371b9fdefd194f561e8a7f88\"},\"breadcrumb\":{\"@id\":\"https:\\\/\\\/www.rri.ro\\\/de\\\/aktuell\\\/newsflash-de\\\/nachrichten-17-03-2023-id634456.html#breadcrumb\"},\"inLanguage\":\"de\",\"potentialAction\":[{\"@type\":\"ReadAction\",\"target\":[\"https:\\\/\\\/www.rri.ro\\\/de\\\/aktuell\\\/newsflash-de\\\/nachrichten-17-03-2023-id634456.html\"]}]},{\"@type\":\"ImageObject\",\"inLanguage\":\"de\",\"@id\":\"https:\\\/\\\/www.rri.ro\\\/de\\\/aktuell\\\/newsflash-de\\\/nachrichten-17-03-2023-id634456.html#primaryimage\",\"url\":\"https:\\\/\\\/www.rri.ro\\\/wp-content\\\/uploads\\\/2024\\\/02\\\/stiri-germana-alb.png\",\"contentUrl\":\"https:\\\/\\\/www.rri.ro\\\/wp-content\\\/uploads\\\/2024\\\/02\\\/stiri-germana-alb.png\",\"width\":640,\"height\":480},{\"@type\":\"BreadcrumbList\",\"@id\":\"https:\\\/\\\/www.rri.ro\\\/de\\\/aktuell\\\/newsflash-de\\\/nachrichten-17-03-2023-id634456.html#breadcrumb\",\"itemListElement\":[{\"@type\":\"ListItem\",\"position\":1,\"name\":\"Startseite\",\"item\":\"https:\\\/\\\/www.rri.ro\\\/de\"},{\"@type\":\"ListItem\",\"position\":2,\"name\":\"Aktuell\",\"item\":\"https:\\\/\\\/www.rri.ro\\\/de\\\/aktuell\"},{\"@type\":\"ListItem\",\"position\":3,\"name\":\"Newsflash\",\"item\":\"https:\\\/\\\/www.rri.ro\\\/de\\\/aktuell\\\/newsflash-de\"},{\"@type\":\"ListItem\",\"position\":4,\"name\":\"Nachrichten 17.03.2023\"}]},{\"@type\":\"WebSite\",\"@id\":\"https:\\\/\\\/www.rri.ro\\\/#website\",\"url\":\"https:\\\/\\\/www.rri.ro\\\/\",\"name\":\"Radio Rum\u00e4nien International\",\"description\":\"Totul despre Rom\u00e2nia \u015fi rom\u00e2ni, \u00een 13 limbi\\\/dialecte!\",\"inLanguage\":\"de\"},{\"@type\":\"Person\",\"@id\":\"https:\\\/\\\/www.rri.ro\\\/#\\\/schema\\\/person\\\/4a479940371b9fdefd194f561e8a7f88\",\"name\":\"Newsroom\",\"url\":\"https:\\\/\\\/www.rri.ro\\\/de\\\/author\\\/newsroom\"}]}<\/script>\n<!-- \/ Yoast SEO plugin. -->","yoast_head_json":{"title":"Nachrichten 17.03.2023 - Radio Rum\u00e4nien International","robots":{"index":"index","follow":"follow","max-snippet":"max-snippet:-1","max-image-preview":"max-image-preview:large","max-video-preview":"max-video-preview:-1"},"canonical":"https:\/\/www.rri.ro\/de\/aktuell\/newsflash-de\/nachrichten-17-03-2023-id634456.html","og_locale":"de_DE","og_type":"article","og_title":"Nachrichten 17.03.2023 - Radio Rum\u00e4nien International","og_description":"Der t\u00fcrkische Pr\u00e4sident Recep Tayyip Erdogan hat dem Beitritt Finnlands zum Nordatlantischen B\u00fcndnis endg\u00fcltig zugestimmt, nicht aber dem Schwedens. Wir haben beschlossen, den Prozess f\u00fcr den Beitritt Finnlands zur NATO in unserem Parlament einzuleiten, sagte Erdogan nach einem Treffen mit seinem finnischen Amtskollegen Sauli Niinisto am Freitag in Ankara. Zu Schweden sagte der t\u00fcrkische Staatschef, [&hellip;]","og_url":"https:\/\/www.rri.ro\/de\/aktuell\/newsflash-de\/nachrichten-17-03-2023-id634456.html","og_site_name":"Radio Rum\u00e4nien International","article_published_time":"2023-03-17T15:54:00+00:00","og_image":[{"width":640,"height":480,"url":"https:\/\/www.rri.ro\/wp-content\/uploads\/2024\/02\/stiri-germana-alb.png","type":"image\/png"}],"author":"Newsroom","twitter_card":"summary_large_image","twitter_misc":{"Verfasst von":"Newsroom","Gesch\u00e4tzte Lesezeit":"3\u00a0Minuten","Written by":"Newsroom"},"schema":{"@context":"https:\/\/schema.org","@graph":[{"@type":"Article","@id":"https:\/\/www.rri.ro\/de\/aktuell\/newsflash-de\/nachrichten-17-03-2023-id634456.html#article","isPartOf":{"@id":"https:\/\/www.rri.ro\/de\/aktuell\/newsflash-de\/nachrichten-17-03-2023-id634456.html"},"author":{"name":"Newsroom","@id":"https:\/\/www.rri.ro\/#\/schema\/person\/4a479940371b9fdefd194f561e8a7f88"},"headline":"Nachrichten 17.03.2023","datePublished":"2023-03-17T15:54:00+00:00","mainEntityOfPage":{"@id":"https:\/\/www.rri.ro\/de\/aktuell\/newsflash-de\/nachrichten-17-03-2023-id634456.html"},"wordCount":572,"image":{"@id":"https:\/\/www.rri.ro\/de\/aktuell\/newsflash-de\/nachrichten-17-03-2023-id634456.html#primaryimage"},"thumbnailUrl":"https:\/\/www.rri.ro\/wp-content\/uploads\/2024\/02\/stiri-germana-alb.png","keywords":["Arbeitslosenquote","Au\u00dfenminister Bogdan Aurescu","Beitritt Finnlands","Europ\u00e4isches Kompetenzzentrum f\u00fcr Cybersicherheit","Gopo Awards","Internationale Organisation der Frankophonie","NATO","Recep Tayyip Erdogan","Republik Moldau","rum\u00e4nische Sprache"],"articleSection":["Newsflash"],"inLanguage":"de"},{"@type":"WebPage","@id":"https:\/\/www.rri.ro\/de\/aktuell\/newsflash-de\/nachrichten-17-03-2023-id634456.html","url":"https:\/\/www.rri.ro\/de\/aktuell\/newsflash-de\/nachrichten-17-03-2023-id634456.html","name":"Nachrichten 17.03.2023 - Radio Rum\u00e4nien International","isPartOf":{"@id":"https:\/\/www.rri.ro\/#website"},"primaryImageOfPage":{"@id":"https:\/\/www.rri.ro\/de\/aktuell\/newsflash-de\/nachrichten-17-03-2023-id634456.html#primaryimage"},"image":{"@id":"https:\/\/www.rri.ro\/de\/aktuell\/newsflash-de\/nachrichten-17-03-2023-id634456.html#primaryimage"},"thumbnailUrl":"https:\/\/www.rri.ro\/wp-content\/uploads\/2024\/02\/stiri-germana-alb.png","datePublished":"2023-03-17T15:54:00+00:00","author":{"@id":"https:\/\/www.rri.ro\/#\/schema\/person\/4a479940371b9fdefd194f561e8a7f88"},"breadcrumb":{"@id":"https:\/\/www.rri.ro\/de\/aktuell\/newsflash-de\/nachrichten-17-03-2023-id634456.html#breadcrumb"},"inLanguage":"de","potentialAction":[{"@type":"ReadAction","target":["https:\/\/www.rri.ro\/de\/aktuell\/newsflash-de\/nachrichten-17-03-2023-id634456.html"]}]},{"@type":"ImageObject","inLanguage":"de","@id":"https:\/\/www.rri.ro\/de\/aktuell\/newsflash-de\/nachrichten-17-03-2023-id634456.html#primaryimage","url":"https:\/\/www.rri.ro\/wp-content\/uploads\/2024\/02\/stiri-germana-alb.png","contentUrl":"https:\/\/www.rri.ro\/wp-content\/uploads\/2024\/02\/stiri-germana-alb.png","width":640,"height":480},{"@type":"BreadcrumbList","@id":"https:\/\/www.rri.ro\/de\/aktuell\/newsflash-de\/nachrichten-17-03-2023-id634456.html#breadcrumb","itemListElement":[{"@type":"ListItem","position":1,"name":"Startseite","item":"https:\/\/www.rri.ro\/de"},{"@type":"ListItem","position":2,"name":"Aktuell","item":"https:\/\/www.rri.ro\/de\/aktuell"},{"@type":"ListItem","position":3,"name":"Newsflash","item":"https:\/\/www.rri.ro\/de\/aktuell\/newsflash-de"},{"@type":"ListItem","position":4,"name":"Nachrichten 17.03.2023"}]},{"@type":"WebSite","@id":"https:\/\/www.rri.ro\/#website","url":"https:\/\/www.rri.ro\/","name":"Radio Rum\u00e4nien International","description":"Totul despre Rom\u00e2nia \u015fi rom\u00e2ni, \u00een 13 limbi\/dialecte!","inLanguage":"de"},{"@type":"Person","@id":"https:\/\/www.rri.ro\/#\/schema\/person\/4a479940371b9fdefd194f561e8a7f88","name":"Newsroom","url":"https:\/\/www.rri.ro\/de\/author\/newsroom"}]}},"_links":{"self":[{"href":"https:\/\/www.rri.ro\/de\/wp-json\/wp\/v2\/posts\/634456","targetHints":{"allow":["GET"]}}],"collection":[{"href":"https:\/\/www.rri.ro\/de\/wp-json\/wp\/v2\/posts"}],"about":[{"href":"https:\/\/www.rri.ro\/de\/wp-json\/wp\/v2\/types\/post"}],"author":[{"embeddable":true,"href":"https:\/\/www.rri.ro\/de\/wp-json\/wp\/v2\/users\/113"}],"replies":[{"embeddable":true,"href":"https:\/\/www.rri.ro\/de\/wp-json\/wp\/v2\/comments?post=634456"}],"version-history":[{"count":0,"href":"https:\/\/www.rri.ro\/de\/wp-json\/wp\/v2\/posts\/634456\/revisions"}],"wp:featuredmedia":[{"embeddable":true,"href":"https:\/\/www.rri.ro\/de\/wp-json\/wp\/v2\/media\/633915"}],"wp:attachment":[{"href":"https:\/\/www.rri.ro\/de\/wp-json\/wp\/v2\/media?parent=634456"}],"wp:term":[{"taxonomy":"category","embeddable":true,"href":"https:\/\/www.rri.ro\/de\/wp-json\/wp\/v2\/categories?post=634456"},{"taxonomy":"post_tag","embeddable":true,"href":"https:\/\/www.rri.ro\/de\/wp-json\/wp\/v2\/tags?post=634456"},{"taxonomy":"author","embeddable":true,"href":"https:\/\/www.rri.ro\/de\/wp-json\/wp\/v2\/coauthors?post=634456"}],"curies":[{"name":"wp","href":"https:\/\/api.w.org\/{rel}","templated":true}]}}